{"id":103135,"date":"2020-03-04T14:32:10","date_gmt":"2020-03-04T17:32:10","guid":{"rendered":"https:\/\/experienciadevida.com.ar\/portalurbano\/?p=103135"},"modified":"2020-03-04T14:32:38","modified_gmt":"2020-03-04T17:32:38","slug":"coronavirus-en-argentina-6-personas-que-viajaron-con-el-infectado-fueron-aisladas","status":"publish","type":"post","link":"https:\/\/experienciadevida.com.ar\/portalurbano\/coronavirus-en-argentina-6-personas-que-viajaron-con-el-infectado-fueron-aisladas\/","title":{"rendered":"Coronavirus en Argentina: 6 personas que viajaron con el infectado fueron aisladas"},"content":{"rendered":"<p class=\"interiorCopete\">Media docena de los pasajeros que compartieron avi\u00f3n con el enfermo que se encuentra internado fueron recluidas en sus hogares por orden del Ministerio de Salud de la Naci\u00f3n.<\/p>\n<p>Seis personas que compartieron el vuelo con el hombre que se contagi\u00f3 coronavirus el pasado domingo, as\u00ed como su hermano, quien lo busc\u00f3 en el aeropuerto de Ezeiza, fueron contactados por el Ministerio de Salud de la Naci\u00f3n que les solicit\u00f3 que se mantuvieran aislados en sus domicilios.<\/p>\n<p>Aunque no presentan s\u00edntomas, a las siete personas se les realizar\u00e1 un hisopado esta tarde y las muestras se enviar\u00e1n al Instituto Nacional de Microbiolog\u00eda Malbr\u00e1n, de donde se espera estar\u00e1n los resultados en un m\u00e1ximo de 48 horas, informaron hoy a T\u00e9lam fuentes de la cartera de Salud porte\u00f1a.<\/p>\n<p>El equipo de contingencia de la Ciudad realizar\u00e1 un seguimiento diario de esas personas a trav\u00e9s de videollamadas y contactos telef\u00f3nicos, aunque si es necesario se los visitar\u00e1 diariamente para verificar su estado de salud.<\/p>\n<p>Los siete est\u00e1n vinculados con el primer caso confirmado de coronavirus COVID-19 en la Argentina, el de un hombre de 43 a\u00f1os que lleg\u00f3 el pasado domingo a Ezeiza en un vuelo de Alitalia procedente de Mil\u00e1n, y quien hab\u00eda viajado por el norte de Italia y Espa\u00f1a, que se acerc\u00f3 a una guardia de un centro m\u00e9dico privado porte\u00f1o por temor a haber contra\u00eddo el virus que surgi\u00f3 en la ciudad china de Wuhan.<\/p>\n<p>Ayer fue confirmado como el primer caso de coronavirus en el pa\u00eds y tras permanecer alojado inicialmente en el Swiss Medical Center, fue trasladado al Sanatorio Agote, donde se mantiene aislado y en buen estado de salud.<\/p>\n<p>El ministro de Salud de la Ciudad, Fern\u00e1n Quir\u00f3s, dijo que la posibilidad de que este hombre contagie a otras personas \u201ces muy baja\u201d porque no ten\u00eda s\u00edntomas cuando tom\u00f3 contacto con los pasajeros en el sector de primera clase donde viajaba y tampoco tuvo v\u00ednculos sociales a su llegada.<\/p>\n<p>&#8220;Cada persona que estuvo en contacto con este hombre fue categorizada seg\u00fan el riesgo y est\u00e1n aisladas en sus domicilios y las recomendaciones son hacerle un seguimiento cl\u00ednico cotidiano\u201d, indic\u00f3 el funcionario.<\/p>\n<div id=\"div-gpt-ad-nota-398352\" class=\"banner-90\" data-mapping=\"mapping9\" data-google-query-id=\"CNLh6fingegCFQcFuQYduh4Opg\">\n<article id=\"article-post\">\n<div class=\"cuerpo\" data-twitter-link=\"https:\/\/twitter.com\/intent\/tweet?url=https:\/\/www.diariopopular.com.ar\/\/c463219&amp;via=poopulardiario&amp;related=Diario Popular&amp;text=\">\n<p>En referencia al COVID-19, el ministro dijo que hay que \u0093ocuparse\u0094 y que el Estado debe organizar el sistema de salud para definir los protocolos y realizar la detecci\u00f3n precoz y el aislamiento oportuno.<\/p>\n<p>&#8220;Cada ciudadano debe cuidar su higiene y su comportamiento\u0094, se\u00f1al\u00f3 el ministro, que calific\u00f3 como \u201cejemplar\u201d el comportamiento del hombre que se contagi\u00f3 el coronavirus por su r\u00e1pido ingreso al centro m\u00e9dico.<\/p>\n<p>Respecto a los cuidados, Quir\u00f3s indic\u00f3 que hay que \u201cevitar estar cerca de una persona que estornuda o est\u00e1 enferma y siempre que uno est\u00e9 con fiebre o tos, quedarse en su casa y no concurrir a lugares con mucha gente, adem\u00e1s de estornudar en el pliego del brazo\u201d.<\/p>\n<p>&#8220;Y lo segundo, es que cuando uno toca con la palma de la mano donde est\u00e1 el virus y se la lleva a la boca, nariz u ojos, se contagia, por eso, hay que lavar permanentemente las manos y evitar tocarse la cara\u201d, remarc\u00f3.<\/p>\n<\/div>\n<\/article>\n<div class=\"object-important-people\"><\/div>\n<\/div>\n","protected":false},"excerpt":{"rendered":"<p>Media docena de los pasajeros que compartieron avi\u00f3n con el enfermo que se encuentra internado&#8230;<\/p>\n","protected":false},"author":1,"featured_media":103136,"comment_status":"open","ping_status":"open","sticky":false,"template":"","format":"standard","meta":{"content-type":""},"categories":[39],"tags":[],"nelio_content":{"isAutoShareEnabled":false,"autoShareEndMode":"default","automationSources":{"useContentSentences":true,"useSocialTemplates":true,"useCustomSentences":false,"customSentences":[]},"followers":[1],"suggestedReferences":[],"includedReferences":[],"efiUrl":"","efiAlt":"","highlights":[]},"yoast_head":"<!-- This site is optimized with the Yoast SEO plugin v20.7 - https:\/\/yoast.com\/wordpress\/plugins\/seo\/ -->\n<title>Coronavirus en Argentina: 6 personas que viajaron con el infectado fueron aisladas -<\/title>\n<meta name=\"robots\" content=\"index, follow, max-snippet:-1, max-image-preview:large, max-video-preview:-1\" \/>\n<link rel=\"canonical\" href=\"https:\/\/experienciadevida.com.ar\/portalurbano\/coronavirus-en-argentina-6-personas-que-viajaron-con-el-infectado-fueron-aisladas\/\" \/>\n<meta property=\"og:locale\" content=\"es_ES\" \/>\n<meta property=\"og:type\" content=\"article\" \/>\n<meta property=\"og:title\" content=\"Coronavirus en Argentina: 6 personas que viajaron con el infectado fueron aisladas -\" \/>\n<meta property=\"og:description\" content=\"Media docena de los pasajeros que compartieron avi\u00f3n con el enfermo que se encuentra internado...\" \/>\n<meta property=\"og:url\" content=\"https:\/\/experienciadevida.com.ar\/portalurbano\/coronavirus-en-argentina-6-personas-que-viajaron-con-el-infectado-fueron-aisladas\/\" \/>\n<meta property=\"article:publisher\" content=\"https:\/\/www.facebook.com\/Portal-Urbano-171542830093757\/\" \/>\n<meta property=\"article:published_time\" content=\"2020-03-04T17:32:10+00:00\" \/>\n<meta property=\"article:modified_time\" content=\"2020-03-04T17:32:38+00:00\" \/>\n<meta property=\"og:image\" content=\"https:\/\/experienciadevida.com.ar\/portalurbano\/wp-content\/uploads\/2020\/03\/AISLAMIENTO-e1583342940607.jpg\" \/>\n\t<meta property=\"og:image:width\" content=\"765\" \/>\n\t<meta property=\"og:image:height\" content=\"459\" \/>\n\t<meta property=\"og:image:type\" content=\"image\/jpeg\" \/>\n<meta name=\"author\" content=\"admpu17wp\" \/>\n<meta name=\"twitter:card\" content=\"summary_large_image\" \/>\n<meta name=\"twitter:creator\" content=\"@portalurbanook\" \/>\n<meta name=\"twitter:site\" content=\"@portalurbanook\" \/>\n<meta name=\"twitter:label1\" content=\"Escrito por\" \/>\n\t<meta name=\"twitter:data1\" content=\"admpu17wp\" \/>\n\t<meta name=\"twitter:label2\" content=\"Tiempo de lectura\" \/>\n\t<meta name=\"twitter:data2\" content=\"3 minutos\" \/>\n<script type=\"application\/ld+json\" class=\"yoast-schema-graph\">{\"@context\":\"https:\/\/schema.org\",\"@graph\":[{\"@type\":\"Article\",\"@id\":\"https:\/\/experienciadevida.com.ar\/portalurbano\/coronavirus-en-argentina-6-personas-que-viajaron-con-el-infectado-fueron-aisladas\/#article\",\"isPartOf\":{\"@id\":\"https:\/\/experienciadevida.com.ar\/portalurbano\/coronavirus-en-argentina-6-personas-que-viajaron-con-el-infectado-fueron-aisladas\/\"},\"author\":{\"name\":\"admpu17wp\",\"@id\":\"https:\/\/experienciadevida.com.ar\/portalurbano\/#\/schema\/person\/02dd326b1c4b056e9cc972486934a3a7\"},\"headline\":\"Coronavirus en Argentina: 6 personas que viajaron con el infectado fueron aisladas\",\"datePublished\":\"2020-03-04T17:32:10+00:00\",\"dateModified\":\"2020-03-04T17:32:38+00:00\",\"mainEntityOfPage\":{\"@id\":\"https:\/\/experienciadevida.com.ar\/portalurbano\/coronavirus-en-argentina-6-personas-que-viajaron-con-el-infectado-fueron-aisladas\/\"},\"wordCount\":560,\"commentCount\":0,\"publisher\":{\"@id\":\"https:\/\/experienciadevida.com.ar\/portalurbano\/#organization\"},\"articleSection\":[\"Naci\u00f3n\"],\"inLanguage\":\"es\",\"potentialAction\":[{\"@type\":\"CommentAction\",\"name\":\"Comment\",\"target\":[\"https:\/\/experienciadevida.com.ar\/portalurbano\/coronavirus-en-argentina-6-personas-que-viajaron-con-el-infectado-fueron-aisladas\/#respond\"]}]},{\"@type\":\"WebPage\",\"@id\":\"https:\/\/experienciadevida.com.ar\/portalurbano\/coronavirus-en-argentina-6-personas-que-viajaron-con-el-infectado-fueron-aisladas\/\",\"url\":\"https:\/\/experienciadevida.com.ar\/portalurbano\/coronavirus-en-argentina-6-personas-que-viajaron-con-el-infectado-fueron-aisladas\/\",\"name\":\"Coronavirus en Argentina: 6 personas que viajaron con el infectado fueron aisladas -\",\"isPartOf\":{\"@id\":\"https:\/\/experienciadevida.com.ar\/portalurbano\/#website\"},\"datePublished\":\"2020-03-04T17:32:10+00:00\",\"dateModified\":\"2020-03-04T17:32:38+00:00\",\"breadcrumb\":{\"@id\":\"https:\/\/experienciadevida.com.ar\/portalurbano\/coronavirus-en-argentina-6-personas-que-viajaron-con-el-infectado-fueron-aisladas\/#breadcrumb\"},\"inLanguage\":\"es\",\"potentialAction\":[{\"@type\":\"ReadAction\",\"target\":[\"https:\/\/experienciadevida.com.ar\/portalurbano\/coronavirus-en-argentina-6-personas-que-viajaron-con-el-infectado-fueron-aisladas\/\"]}]},{\"@type\":\"BreadcrumbList\",\"@id\":\"https:\/\/experienciadevida.com.ar\/portalurbano\/coronavirus-en-argentina-6-personas-que-viajaron-con-el-infectado-fueron-aisladas\/#breadcrumb\",\"itemListElement\":[{\"@type\":\"ListItem\",\"position\":1,\"name\":\"Portada\",\"item\":\"https:\/\/experienciadevida.com.ar\/portalurbano\/\"},{\"@type\":\"ListItem\",\"position\":2,\"name\":\"Coronavirus en Argentina: 6 personas que viajaron con el infectado fueron aisladas\"}]},{\"@type\":\"WebSite\",\"@id\":\"https:\/\/experienciadevida.com.ar\/portalurbano\/#website\",\"url\":\"https:\/\/experienciadevida.com.ar\/portalurbano\/\",\"name\":\"\",\"description\":\"\",\"publisher\":{\"@id\":\"https:\/\/experienciadevida.com.ar\/portalurbano\/#organization\"},\"potentialAction\":[{\"@type\":\"SearchAction\",\"target\":{\"@type\":\"EntryPoint\",\"urlTemplate\":\"https:\/\/experienciadevida.com.ar\/portalurbano\/?s={search_term_string}\"},\"query-input\":\"required name=search_term_string\"}],\"inLanguage\":\"es\"},{\"@type\":\"Organization\",\"@id\":\"https:\/\/experienciadevida.com.ar\/portalurbano\/#organization\",\"name\":\"Portal Urbano\",\"url\":\"https:\/\/experienciadevida.com.ar\/portalurbano\/\",\"logo\":{\"@type\":\"ImageObject\",\"inLanguage\":\"es\",\"@id\":\"https:\/\/experienciadevida.com.ar\/portalurbano\/#\/schema\/logo\/image\/\",\"url\":\"https:\/\/experienciadevida.com.ar\/portalurbano\/wp-content\/uploads\/2019\/09\/Logo-Original.png\",\"contentUrl\":\"https:\/\/experienciadevida.com.ar\/portalurbano\/wp-content\/uploads\/2019\/09\/Logo-Original.png\",\"width\":2236,\"height\":1216,\"caption\":\"Portal Urbano\"},\"image\":{\"@id\":\"https:\/\/experienciadevida.com.ar\/portalurbano\/#\/schema\/logo\/image\/\"},\"sameAs\":[\"https:\/\/www.facebook.com\/Portal-Urbano-171542830093757\/\",\"https:\/\/twitter.com\/portalurbanook\",\"https:\/\/www.instagram.com\/_portalurbano\/\",\"https:\/\/www.youtube.com\/channel\/UCXhagIfszH8KxFiOok79zbA?view_as=subscriber\"]},{\"@type\":\"Person\",\"@id\":\"https:\/\/experienciadevida.com.ar\/portalurbano\/#\/schema\/person\/02dd326b1c4b056e9cc972486934a3a7\",\"name\":\"admpu17wp\",\"image\":{\"@type\":\"ImageObject\",\"inLanguage\":\"es\",\"@id\":\"https:\/\/experienciadevida.com.ar\/portalurbano\/#\/schema\/person\/image\/\",\"url\":\"https:\/\/secure.gravatar.com\/avatar\/830d4c57adaae6630765e449a6908047?s=96&d=mm&r=g\",\"contentUrl\":\"https:\/\/secure.gravatar.com\/avatar\/830d4c57adaae6630765e449a6908047?s=96&d=mm&r=g\",\"caption\":\"admpu17wp\"}}]}<\/script>\n<!-- \/ Yoast SEO plugin. -->","yoast_head_json":{"title":"Coronavirus en Argentina: 6 personas que viajaron con el infectado fueron aisladas -","robots":{"index":"index","follow":"follow","max-snippet":"max-snippet:-1","max-image-preview":"max-image-preview:large","max-video-preview":"max-video-preview:-1"},"canonical":"https:\/\/experienciadevida.com.ar\/portalurbano\/coronavirus-en-argentina-6-personas-que-viajaron-con-el-infectado-fueron-aisladas\/","og_locale":"es_ES","og_type":"article","og_title":"Coronavirus en Argentina: 6 personas que viajaron con el infectado fueron aisladas -","og_description":"Media docena de los pasajeros que compartieron avi\u00f3n con el enfermo que se encuentra internado...","og_url":"https:\/\/experienciadevida.com.ar\/portalurbano\/coronavirus-en-argentina-6-personas-que-viajaron-con-el-infectado-fueron-aisladas\/","article_publisher":"https:\/\/www.facebook.com\/Portal-Urbano-171542830093757\/","article_published_time":"2020-03-04T17:32:10+00:00","article_modified_time":"2020-03-04T17:32:38+00:00","og_image":[{"width":765,"height":459,"url":"https:\/\/experienciadevida.com.ar\/portalurbano\/wp-content\/uploads\/2020\/03\/AISLAMIENTO-e1583342940607.jpg","type":"image\/jpeg"}],"author":"admpu17wp","twitter_card":"summary_large_image","twitter_creator":"@portalurbanook","twitter_site":"@portalurbanook","twitter_misc":{"Escrito por":"admpu17wp","Tiempo de lectura":"3 minutos"},"schema":{"@context":"https:\/\/schema.org","@graph":[{"@type":"Article","@id":"https:\/\/experienciadevida.com.ar\/portalurbano\/coronavirus-en-argentina-6-personas-que-viajaron-con-el-infectado-fueron-aisladas\/#article","isPartOf":{"@id":"https:\/\/experienciadevida.com.ar\/portalurbano\/coronavirus-en-argentina-6-personas-que-viajaron-con-el-infectado-fueron-aisladas\/"},"author":{"name":"admpu17wp","@id":"https:\/\/experienciadevida.com.ar\/portalurbano\/#\/schema\/person\/02dd326b1c4b056e9cc972486934a3a7"},"headline":"Coronavirus en Argentina: 6 personas que viajaron con el infectado fueron aisladas","datePublished":"2020-03-04T17:32:10+00:00","dateModified":"2020-03-04T17:32:38+00:00","mainEntityOfPage":{"@id":"https:\/\/experienciadevida.com.ar\/portalurbano\/coronavirus-en-argentina-6-personas-que-viajaron-con-el-infectado-fueron-aisladas\/"},"wordCount":560,"commentCount":0,"publisher":{"@id":"https:\/\/experienciadevida.com.ar\/portalurbano\/#organization"},"articleSection":["Naci\u00f3n"],"inLanguage":"es","potentialAction":[{"@type":"CommentAction","name":"Comment","target":["https:\/\/experienciadevida.com.ar\/portalurbano\/coronavirus-en-argentina-6-personas-que-viajaron-con-el-infectado-fueron-aisladas\/#respond"]}]},{"@type":"WebPage","@id":"https:\/\/experienciadevida.com.ar\/portalurbano\/coronavirus-en-argentina-6-personas-que-viajaron-con-el-infectado-fueron-aisladas\/","url":"https:\/\/experienciadevida.com.ar\/portalurbano\/coronavirus-en-argentina-6-personas-que-viajaron-con-el-infectado-fueron-aisladas\/","name":"Coronavirus en Argentina: 6 personas que viajaron con el infectado fueron aisladas -","isPartOf":{"@id":"https:\/\/experienciadevida.com.ar\/portalurbano\/#website"},"datePublished":"2020-03-04T17:32:10+00:00","dateModified":"2020-03-04T17:32:38+00:00","breadcrumb":{"@id":"https:\/\/experienciadevida.com.ar\/portalurbano\/coronavirus-en-argentina-6-personas-que-viajaron-con-el-infectado-fueron-aisladas\/#breadcrumb"},"inLanguage":"es","potentialAction":[{"@type":"ReadAction","target":["https:\/\/experienciadevida.com.ar\/portalurbano\/coronavirus-en-argentina-6-personas-que-viajaron-con-el-infectado-fueron-aisladas\/"]}]},{"@type":"BreadcrumbList","@id":"https:\/\/experienciadevida.com.ar\/portalurbano\/coronavirus-en-argentina-6-personas-que-viajaron-con-el-infectado-fueron-aisladas\/#breadcrumb","itemListElement":[{"@type":"ListItem","position":1,"name":"Portada","item":"https:\/\/experienciadevida.com.ar\/portalurbano\/"},{"@type":"ListItem","position":2,"name":"Coronavirus en Argentina: 6 personas que viajaron con el infectado fueron aisladas"}]},{"@type":"WebSite","@id":"https:\/\/experienciadevida.com.ar\/portalurbano\/#website","url":"https:\/\/experienciadevida.com.ar\/portalurbano\/","name":"","description":"","publisher":{"@id":"https:\/\/experienciadevida.com.ar\/portalurbano\/#organization"},"potentialAction":[{"@type":"SearchAction","target":{"@type":"EntryPoint","urlTemplate":"https:\/\/experienciadevida.com.ar\/portalurbano\/?s={search_term_string}"},"query-input":"required name=search_term_string"}],"inLanguage":"es"},{"@type":"Organization","@id":"https:\/\/experienciadevida.com.ar\/portalurbano\/#organization","name":"Portal Urbano","url":"https:\/\/experienciadevida.com.ar\/portalurbano\/","logo":{"@type":"ImageObject","inLanguage":"es","@id":"https:\/\/experienciadevida.com.ar\/portalurbano\/#\/schema\/logo\/image\/","url":"https:\/\/experienciadevida.com.ar\/portalurbano\/wp-content\/uploads\/2019\/09\/Logo-Original.png","contentUrl":"https:\/\/experienciadevida.com.ar\/portalurbano\/wp-content\/uploads\/2019\/09\/Logo-Original.png","width":2236,"height":1216,"caption":"Portal Urbano"},"image":{"@id":"https:\/\/experienciadevida.com.ar\/portalurbano\/#\/schema\/logo\/image\/"},"sameAs":["https:\/\/www.facebook.com\/Portal-Urbano-171542830093757\/","https:\/\/twitter.com\/portalurbanook","https:\/\/www.instagram.com\/_portalurbano\/","https:\/\/www.youtube.com\/channel\/UCXhagIfszH8KxFiOok79zbA?view_as=subscriber"]},{"@type":"Person","@id":"https:\/\/experienciadevida.com.ar\/portalurbano\/#\/schema\/person\/02dd326b1c4b056e9cc972486934a3a7","name":"admpu17wp","image":{"@type":"ImageObject","inLanguage":"es","@id":"https:\/\/experienciadevida.com.ar\/portalurbano\/#\/schema\/person\/image\/","url":"https:\/\/secure.gravatar.com\/avatar\/830d4c57adaae6630765e449a6908047?s=96&d=mm&r=g","contentUrl":"https:\/\/secure.gravatar.com\/avatar\/830d4c57adaae6630765e449a6908047?s=96&d=mm&r=g","caption":"admpu17wp"}}]}},"featured_image_urls":{"full":["https:\/\/experienciadevida.com.ar\/portalurbano\/wp-content\/uploads\/2020\/03\/AISLAMIENTO-e1583342940607.jpg",765,459,false],"thumbnail":["https:\/\/experienciadevida.com.ar\/portalurbano\/wp-content\/uploads\/2020\/03\/AISLAMIENTO-150x150.jpg",150,150,true],"medium":["https:\/\/experienciadevida.com.ar\/portalurbano\/wp-content\/uploads\/2020\/03\/AISLAMIENTO-300x180.jpg",300,180,true],"medium_large":["https:\/\/experienciadevida.com.ar\/portalurbano\/wp-content\/uploads\/2020\/03\/AISLAMIENTO-768x461.jpg",640,384,true],"large":["https:\/\/experienciadevida.com.ar\/portalurbano\/wp-content\/uploads\/2020\/03\/AISLAMIENTO-1024x614.jpg",640,384,true],"ug_big":["https:\/\/experienciadevida.com.ar\/portalurbano\/wp-content\/uploads\/2020\/03\/AISLAMIENTO-768x461.jpg",768,461,true],"1536x1536":["https:\/\/experienciadevida.com.ar\/portalurbano\/wp-content\/uploads\/2020\/03\/AISLAMIENTO-e1583342940607.jpg",765,459,false],"2048x2048":["https:\/\/experienciadevida.com.ar\/portalurbano\/wp-content\/uploads\/2020\/03\/AISLAMIENTO-e1583342940607.jpg",765,459,false],"newsever-slider-full":["https:\/\/experienciadevida.com.ar\/portalurbano\/wp-content\/uploads\/2020\/03\/AISLAMIENTO-e1583342940607.jpg",765,459,false],"newsever-featured":["https:\/\/experienciadevida.com.ar\/portalurbano\/wp-content\/uploads\/2020\/03\/AISLAMIENTO-e1583342940607.jpg",765,459,false],"newsever-medium":["https:\/\/experienciadevida.com.ar\/portalurbano\/wp-content\/uploads\/2020\/03\/AISLAMIENTO-e1583342940607.jpg",720,432,false],"web-stories-poster-portrait":["https:\/\/experienciadevida.com.ar\/portalurbano\/wp-content\/uploads\/2020\/03\/AISLAMIENTO-e1583342940607.jpg",640,384,false],"web-stories-publisher-logo":["https:\/\/experienciadevida.com.ar\/portalurbano\/wp-content\/uploads\/2020\/03\/AISLAMIENTO-e1583342940607.jpg",96,58,false],"web-stories-thumbnail":["https:\/\/experienciadevida.com.ar\/portalurbano\/wp-content\/uploads\/2020\/03\/AISLAMIENTO-e1583342940607.jpg",150,90,false]},"author_info":{"display_name":"admpu17wp","author_link":"https:\/\/experienciadevida.com.ar\/portalurbano\/author\/admpu17wp\/"},"category_info":"<a href=\"https:\/\/experienciadevida.com.ar\/portalurbano\/category\/nacion\/\" rel=\"category tag\">Naci\u00f3n<\/a>","tag_info":"Naci\u00f3n","comment_count":"0","amp_enabled":true,"_links":{"self":[{"href":"https:\/\/experienciadevida.com.ar\/portalurbano\/wp-json\/wp\/v2\/posts\/103135"}],"collection":[{"href":"https:\/\/experienciadevida.com.ar\/portalurbano\/wp-json\/wp\/v2\/posts"}],"about":[{"href":"https:\/\/experienciadevida.com.ar\/portalurbano\/wp-json\/wp\/v2\/types\/post"}],"author":[{"embeddable":true,"href":"https:\/\/experienciadevida.com.ar\/portalurbano\/wp-json\/wp\/v2\/users\/1"}],"replies":[{"embeddable":true,"href":"https:\/\/experienciadevida.com.ar\/portalurbano\/wp-json\/wp\/v2\/comments?post=103135"}],"version-history":[{"count":1,"href":"https:\/\/experienciadevida.com.ar\/portalurbano\/wp-json\/wp\/v2\/posts\/103135\/revisions"}],"predecessor-version":[{"id":103137,"href":"https:\/\/experienciadevida.com.ar\/portalurbano\/wp-json\/wp\/v2\/posts\/103135\/revisions\/103137"}],"wp:featuredmedia":[{"embeddable":true,"href":"https:\/\/experienciadevida.com.ar\/portalurbano\/wp-json\/wp\/v2\/media\/103136"}],"wp:attachment":[{"href":"https:\/\/experienciadevida.com.ar\/portalurbano\/wp-json\/wp\/v2\/media?parent=103135"}],"wp:term":[{"taxonomy":"category","embeddable":true,"href":"https:\/\/experienciadevida.com.ar\/portalurbano\/wp-json\/wp\/v2\/categories?post=103135"},{"taxonomy":"post_tag","embeddable":true,"href":"https:\/\/experienciadevida.com.ar\/portalurbano\/wp-json\/wp\/v2\/tags?post=103135"}],"curies":[{"name":"wp","href":"https:\/\/api.w.org\/{rel}","templated":true}]}}