{"id":102995,"date":"2020-03-03T10:54:31","date_gmt":"2020-03-03T13:54:31","guid":{"rendered":"https:\/\/experienciadevida.com.ar\/portalurbano\/?p=102995"},"modified":"2020-03-03T10:54:51","modified_gmt":"2020-03-03T13:54:51","slug":"ara-san-juan-decretaron-el-ascenso-post-mortem-de-los-44-tripulantes","status":"publish","type":"post","link":"https:\/\/experienciadevida.com.ar\/portalurbano\/ara-san-juan-decretaron-el-ascenso-post-mortem-de-los-44-tripulantes\/","title":{"rendered":"Ara San Juan: decretaron el ascenso &#8220;post mortem&#8221; de los 44 tripulantes"},"content":{"rendered":"<p class=\"interiorCopete\">La medida de Alberto Fern\u00e1ndez fue anunciada\u00a0 en el Bolet\u00edn Oficial, tal como lo hab\u00eda anunciado el domingo en su discurso ante la Asamblea Legislativa.<\/p>\n<p>El presidente\u00a0Alberto Fern\u00e1ndez\u00a0decret\u00f3 hoy el\u00a0ascenso \u201cpost mortem\u201d de los 44 marinos\u00a0que murieron en el hundimiento del submarino\u00a0ARA San Juan, tal como hab\u00eda adelantado el domingo en su discurso ante la Asamblea Legislativa.<\/p>\n<div id=\"div-gpt-ad-nota-786909\" class=\"banner-90\" data-mapping=\"mapping9\" data-google-query-id=\"CNW3s9e3_ucCFbMC1AodZ7QAgg\">\n<p>As\u00ed lo determin\u00f3 a trav\u00e9s del decreto 212 publicado hoy en el Bolet\u00edn Oficial, que lleva la firma del mandatario; del jefe de Gabinete, Santiago Cafiero, y del ministro de Defensa, Agust\u00edn Rossi.<\/p>\n<p>&#8220;El hundimiento del sumbarino ARA San Juan en ocasi\u00f3n del desarrollo de tareas de patrullaje y control del mar en la Zona Econ\u00f3mica Exclusiva de la Argentina el d\u00eda 15 de noviembre de 2017 result\u00f3 en la p\u00e9rdida de la totalidad de la tripulaci\u00f3n, formada por 44 oficiales y suboficiales de la Armada\u201d, se remarca en los considerandos de la norma.<\/p>\n<p>Asimismo, se destaca que \u201cla informaci\u00f3n disponible permite concluir que el personal militar que integraba su tripulaci\u00f3n se comport\u00f3 con elevada vocaci\u00f3n de servicio y disposici\u00f3n para afrontar los rigores a los que se vieron sometidos, cumpliendo cabalmente los deberes del servicio en pos de la protecci\u00f3n de la integridad territorial, la soberan\u00eda nacional y el bienestar de los habitantes de la Argentina\u201d.<\/p>\n<article id=\"article-post\">\n<div class=\"cuerpo\" data-twitter-link=\"https:\/\/twitter.com\/intent\/tweet?url=https:\/\/www.diariopopular.com.ar\/\/c462991&amp;via=poopulardiario&amp;related=Diario Popular&amp;text=\">\n<p>&#8220;Vamos a honrar y mantener viva la memoria de los submarinistas ordenando el ascenso post mortem de cada uno de ellos&#8221;, hab\u00eda dicho Fern\u00e1ndez el domingo, al hablar ante la Asamblea Legislativa al inaugurar el 138 per\u00edodo de sesiones ordinarias del Congreso de la Naci\u00f3n.<\/p>\n<p>El jefe de Estado remarc\u00f3 que la p\u00e9rdida del submarino fue &#8220;un hecho traum\u00e1tico que no solo ha generado un fuerte impacto al interior de la Armada Argentina&#8221;.<\/p>\n<\/div>\n<\/article>\n<div class=\"object-important-people\"><\/div>\n<p>&nbsp;<\/p>\n<\/div>\n","protected":false},"excerpt":{"rendered":"<p>La medida de Alberto Fern\u00e1ndez fue anunciada\u00a0 en el Bolet\u00edn Oficial, tal como lo hab\u00eda&#8230;<\/p>\n","protected":false},"author":1,"featured_media":93182,"comment_status":"open","ping_status":"open","sticky":false,"template":"","format":"standard","meta":{"content-type":""},"categories":[39],"tags":[],"nelio_content":{"isAutoShareEnabled":false,"autoShareEndMode":"default","automationSources":{"useContentSentences":true,"useSocialTemplates":true,"useCustomSentences":false,"customSentences":[]},"followers":[1],"suggestedReferences":[],"includedReferences":[],"efiUrl":"","efiAlt":"","highlights":[]},"yoast_head":"<!-- This site is optimized with the Yoast SEO plugin v20.7 - https:\/\/yoast.com\/wordpress\/plugins\/seo\/ -->\n<title>Ara San Juan: decretaron el ascenso &quot;post mortem&quot; de los 44 tripulantes -<\/title>\n<meta name=\"robots\" content=\"index, follow, max-snippet:-1, max-image-preview:large, max-video-preview:-1\" \/>\n<link rel=\"canonical\" href=\"https:\/\/experienciadevida.com.ar\/portalurbano\/ara-san-juan-decretaron-el-ascenso-post-mortem-de-los-44-tripulantes\/\" \/>\n<meta property=\"og:locale\" content=\"es_ES\" \/>\n<meta property=\"og:type\" content=\"article\" \/>\n<meta property=\"og:title\" content=\"Ara San Juan: decretaron el ascenso &quot;post mortem&quot; de los 44 tripulantes -\" \/>\n<meta property=\"og:description\" content=\"La medida de Alberto Fern\u00e1ndez fue anunciada\u00a0 en el Bolet\u00edn Oficial, tal como lo hab\u00eda...\" \/>\n<meta property=\"og:url\" content=\"https:\/\/experienciadevida.com.ar\/portalurbano\/ara-san-juan-decretaron-el-ascenso-post-mortem-de-los-44-tripulantes\/\" \/>\n<meta property=\"article:publisher\" content=\"https:\/\/www.facebook.com\/Portal-Urbano-171542830093757\/\" \/>\n<meta property=\"article:published_time\" content=\"2020-03-03T13:54:31+00:00\" \/>\n<meta property=\"article:modified_time\" content=\"2020-03-03T13:54:51+00:00\" \/>\n<meta property=\"og:image\" content=\"https:\/\/experienciadevida.com.ar\/portalurbano\/wp-content\/uploads\/2019\/11\/SANJUAN-1.jpg\" \/>\n\t<meta property=\"og:image:width\" content=\"756\" \/>\n\t<meta property=\"og:image:height\" content=\"567\" \/>\n\t<meta property=\"og:image:type\" content=\"image\/jpeg\" \/>\n<meta name=\"author\" content=\"admpu17wp\" \/>\n<meta name=\"twitter:card\" content=\"summary_large_image\" \/>\n<meta name=\"twitter:creator\" content=\"@portalurbanook\" \/>\n<meta name=\"twitter:site\" content=\"@portalurbanook\" \/>\n<meta name=\"twitter:label1\" content=\"Escrito por\" \/>\n\t<meta name=\"twitter:data1\" content=\"admpu17wp\" \/>\n\t<meta name=\"twitter:label2\" content=\"Tiempo de lectura\" \/>\n\t<meta name=\"twitter:data2\" content=\"2 minutos\" \/>\n<script type=\"application\/ld+json\" class=\"yoast-schema-graph\">{\"@context\":\"https:\/\/schema.org\",\"@graph\":[{\"@type\":\"Article\",\"@id\":\"https:\/\/experienciadevida.com.ar\/portalurbano\/ara-san-juan-decretaron-el-ascenso-post-mortem-de-los-44-tripulantes\/#article\",\"isPartOf\":{\"@id\":\"https:\/\/experienciadevida.com.ar\/portalurbano\/ara-san-juan-decretaron-el-ascenso-post-mortem-de-los-44-tripulantes\/\"},\"author\":{\"name\":\"admpu17wp\",\"@id\":\"https:\/\/experienciadevida.com.ar\/portalurbano\/#\/schema\/person\/02dd326b1c4b056e9cc972486934a3a7\"},\"headline\":\"Ara San Juan: decretaron el ascenso &#8220;post mortem&#8221; de los 44 tripulantes\",\"datePublished\":\"2020-03-03T13:54:31+00:00\",\"dateModified\":\"2020-03-03T13:54:51+00:00\",\"mainEntityOfPage\":{\"@id\":\"https:\/\/experienciadevida.com.ar\/portalurbano\/ara-san-juan-decretaron-el-ascenso-post-mortem-de-los-44-tripulantes\/\"},\"wordCount\":323,\"commentCount\":0,\"publisher\":{\"@id\":\"https:\/\/experienciadevida.com.ar\/portalurbano\/#organization\"},\"articleSection\":[\"Naci\u00f3n\"],\"inLanguage\":\"es\",\"potentialAction\":[{\"@type\":\"CommentAction\",\"name\":\"Comment\",\"target\":[\"https:\/\/experienciadevida.com.ar\/portalurbano\/ara-san-juan-decretaron-el-ascenso-post-mortem-de-los-44-tripulantes\/#respond\"]}]},{\"@type\":\"WebPage\",\"@id\":\"https:\/\/experienciadevida.com.ar\/portalurbano\/ara-san-juan-decretaron-el-ascenso-post-mortem-de-los-44-tripulantes\/\",\"url\":\"https:\/\/experienciadevida.com.ar\/portalurbano\/ara-san-juan-decretaron-el-ascenso-post-mortem-de-los-44-tripulantes\/\",\"name\":\"Ara San Juan: decretaron el ascenso \\\"post mortem\\\" de los 44 tripulantes -\",\"isPartOf\":{\"@id\":\"https:\/\/experienciadevida.com.ar\/portalurbano\/#website\"},\"datePublished\":\"2020-03-03T13:54:31+00:00\",\"dateModified\":\"2020-03-03T13:54:51+00:00\",\"breadcrumb\":{\"@id\":\"https:\/\/experienciadevida.com.ar\/portalurbano\/ara-san-juan-decretaron-el-ascenso-post-mortem-de-los-44-tripulantes\/#breadcrumb\"},\"inLanguage\":\"es\",\"potentialAction\":[{\"@type\":\"ReadAction\",\"target\":[\"https:\/\/experienciadevida.com.ar\/portalurbano\/ara-san-juan-decretaron-el-ascenso-post-mortem-de-los-44-tripulantes\/\"]}]},{\"@type\":\"BreadcrumbList\",\"@id\":\"https:\/\/experienciadevida.com.ar\/portalurbano\/ara-san-juan-decretaron-el-ascenso-post-mortem-de-los-44-tripulantes\/#breadcrumb\",\"itemListElement\":[{\"@type\":\"ListItem\",\"position\":1,\"name\":\"Portada\",\"item\":\"https:\/\/experienciadevida.com.ar\/portalurbano\/\"},{\"@type\":\"ListItem\",\"position\":2,\"name\":\"Ara San Juan: decretaron el ascenso \u00abpost mortem\u00bb de los 44 tripulantes\"}]},{\"@type\":\"WebSite\",\"@id\":\"https:\/\/experienciadevida.com.ar\/portalurbano\/#website\",\"url\":\"https:\/\/experienciadevida.com.ar\/portalurbano\/\",\"name\":\"\",\"description\":\"\",\"publisher\":{\"@id\":\"https:\/\/experienciadevida.com.ar\/portalurbano\/#organization\"},\"potentialAction\":[{\"@type\":\"SearchAction\",\"target\":{\"@type\":\"EntryPoint\",\"urlTemplate\":\"https:\/\/experienciadevida.com.ar\/portalurbano\/?s={search_term_string}\"},\"query-input\":\"required name=search_term_string\"}],\"inLanguage\":\"es\"},{\"@type\":\"Organization\",\"@id\":\"https:\/\/experienciadevida.com.ar\/portalurbano\/#organization\",\"name\":\"Portal Urbano\",\"url\":\"https:\/\/experienciadevida.com.ar\/portalurbano\/\",\"logo\":{\"@type\":\"ImageObject\",\"inLanguage\":\"es\",\"@id\":\"https:\/\/experienciadevida.com.ar\/portalurbano\/#\/schema\/logo\/image\/\",\"url\":\"https:\/\/experienciadevida.com.ar\/portalurbano\/wp-content\/uploads\/2019\/09\/Logo-Original.png\",\"contentUrl\":\"https:\/\/experienciadevida.com.ar\/portalurbano\/wp-content\/uploads\/2019\/09\/Logo-Original.png\",\"width\":2236,\"height\":1216,\"caption\":\"Portal Urbano\"},\"image\":{\"@id\":\"https:\/\/experienciadevida.com.ar\/portalurbano\/#\/schema\/logo\/image\/\"},\"sameAs\":[\"https:\/\/www.facebook.com\/Portal-Urbano-171542830093757\/\",\"https:\/\/twitter.com\/portalurbanook\",\"https:\/\/www.instagram.com\/_portalurbano\/\",\"https:\/\/www.youtube.com\/channel\/UCXhagIfszH8KxFiOok79zbA?view_as=subscriber\"]},{\"@type\":\"Person\",\"@id\":\"https:\/\/experienciadevida.com.ar\/portalurbano\/#\/schema\/person\/02dd326b1c4b056e9cc972486934a3a7\",\"name\":\"admpu17wp\",\"image\":{\"@type\":\"ImageObject\",\"inLanguage\":\"es\",\"@id\":\"https:\/\/experienciadevida.com.ar\/portalurbano\/#\/schema\/person\/image\/\",\"url\":\"https:\/\/secure.gravatar.com\/avatar\/830d4c57adaae6630765e449a6908047?s=96&d=mm&r=g\",\"contentUrl\":\"https:\/\/secure.gravatar.com\/avatar\/830d4c57adaae6630765e449a6908047?s=96&d=mm&r=g\",\"caption\":\"admpu17wp\"}}]}<\/script>\n<!-- \/ Yoast SEO plugin. -->","yoast_head_json":{"title":"Ara San Juan: decretaron el ascenso \"post mortem\" de los 44 tripulantes -","robots":{"index":"index","follow":"follow","max-snippet":"max-snippet:-1","max-image-preview":"max-image-preview:large","max-video-preview":"max-video-preview:-1"},"canonical":"https:\/\/experienciadevida.com.ar\/portalurbano\/ara-san-juan-decretaron-el-ascenso-post-mortem-de-los-44-tripulantes\/","og_locale":"es_ES","og_type":"article","og_title":"Ara San Juan: decretaron el ascenso \"post mortem\" de los 44 tripulantes -","og_description":"La medida de Alberto Fern\u00e1ndez fue anunciada\u00a0 en el Bolet\u00edn Oficial, tal como lo hab\u00eda...","og_url":"https:\/\/experienciadevida.com.ar\/portalurbano\/ara-san-juan-decretaron-el-ascenso-post-mortem-de-los-44-tripulantes\/","article_publisher":"https:\/\/www.facebook.com\/Portal-Urbano-171542830093757\/","article_published_time":"2020-03-03T13:54:31+00:00","article_modified_time":"2020-03-03T13:54:51+00:00","og_image":[{"width":756,"height":567,"url":"https:\/\/experienciadevida.com.ar\/portalurbano\/wp-content\/uploads\/2019\/11\/SANJUAN-1.jpg","type":"image\/jpeg"}],"author":"admpu17wp","twitter_card":"summary_large_image","twitter_creator":"@portalurbanook","twitter_site":"@portalurbanook","twitter_misc":{"Escrito por":"admpu17wp","Tiempo de lectura":"2 minutos"},"schema":{"@context":"https:\/\/schema.org","@graph":[{"@type":"Article","@id":"https:\/\/experienciadevida.com.ar\/portalurbano\/ara-san-juan-decretaron-el-ascenso-post-mortem-de-los-44-tripulantes\/#article","isPartOf":{"@id":"https:\/\/experienciadevida.com.ar\/portalurbano\/ara-san-juan-decretaron-el-ascenso-post-mortem-de-los-44-tripulantes\/"},"author":{"name":"admpu17wp","@id":"https:\/\/experienciadevida.com.ar\/portalurbano\/#\/schema\/person\/02dd326b1c4b056e9cc972486934a3a7"},"headline":"Ara San Juan: decretaron el ascenso &#8220;post mortem&#8221; de los 44 tripulantes","datePublished":"2020-03-03T13:54:31+00:00","dateModified":"2020-03-03T13:54:51+00:00","mainEntityOfPage":{"@id":"https:\/\/experienciadevida.com.ar\/portalurbano\/ara-san-juan-decretaron-el-ascenso-post-mortem-de-los-44-tripulantes\/"},"wordCount":323,"commentCount":0,"publisher":{"@id":"https:\/\/experienciadevida.com.ar\/portalurbano\/#organization"},"articleSection":["Naci\u00f3n"],"inLanguage":"es","potentialAction":[{"@type":"CommentAction","name":"Comment","target":["https:\/\/experienciadevida.com.ar\/portalurbano\/ara-san-juan-decretaron-el-ascenso-post-mortem-de-los-44-tripulantes\/#respond"]}]},{"@type":"WebPage","@id":"https:\/\/experienciadevida.com.ar\/portalurbano\/ara-san-juan-decretaron-el-ascenso-post-mortem-de-los-44-tripulantes\/","url":"https:\/\/experienciadevida.com.ar\/portalurbano\/ara-san-juan-decretaron-el-ascenso-post-mortem-de-los-44-tripulantes\/","name":"Ara San Juan: decretaron el ascenso \"post mortem\" de los 44 tripulantes -","isPartOf":{"@id":"https:\/\/experienciadevida.com.ar\/portalurbano\/#website"},"datePublished":"2020-03-03T13:54:31+00:00","dateModified":"2020-03-03T13:54:51+00:00","breadcrumb":{"@id":"https:\/\/experienciadevida.com.ar\/portalurbano\/ara-san-juan-decretaron-el-ascenso-post-mortem-de-los-44-tripulantes\/#breadcrumb"},"inLanguage":"es","potentialAction":[{"@type":"ReadAction","target":["https:\/\/experienciadevida.com.ar\/portalurbano\/ara-san-juan-decretaron-el-ascenso-post-mortem-de-los-44-tripulantes\/"]}]},{"@type":"BreadcrumbList","@id":"https:\/\/experienciadevida.com.ar\/portalurbano\/ara-san-juan-decretaron-el-ascenso-post-mortem-de-los-44-tripulantes\/#breadcrumb","itemListElement":[{"@type":"ListItem","position":1,"name":"Portada","item":"https:\/\/experienciadevida.com.ar\/portalurbano\/"},{"@type":"ListItem","position":2,"name":"Ara San Juan: decretaron el ascenso \u00abpost mortem\u00bb de los 44 tripulantes"}]},{"@type":"WebSite","@id":"https:\/\/experienciadevida.com.ar\/portalurbano\/#website","url":"https:\/\/experienciadevida.com.ar\/portalurbano\/","name":"","description":"","publisher":{"@id":"https:\/\/experienciadevida.com.ar\/portalurbano\/#organization"},"potentialAction":[{"@type":"SearchAction","target":{"@type":"EntryPoint","urlTemplate":"https:\/\/experienciadevida.com.ar\/portalurbano\/?s={search_term_string}"},"query-input":"required name=search_term_string"}],"inLanguage":"es"},{"@type":"Organization","@id":"https:\/\/experienciadevida.com.ar\/portalurbano\/#organization","name":"Portal Urbano","url":"https:\/\/experienciadevida.com.ar\/portalurbano\/","logo":{"@type":"ImageObject","inLanguage":"es","@id":"https:\/\/experienciadevida.com.ar\/portalurbano\/#\/schema\/logo\/image\/","url":"https:\/\/experienciadevida.com.ar\/portalurbano\/wp-content\/uploads\/2019\/09\/Logo-Original.png","contentUrl":"https:\/\/experienciadevida.com.ar\/portalurbano\/wp-content\/uploads\/2019\/09\/Logo-Original.png","width":2236,"height":1216,"caption":"Portal Urbano"},"image":{"@id":"https:\/\/experienciadevida.com.ar\/portalurbano\/#\/schema\/logo\/image\/"},"sameAs":["https:\/\/www.facebook.com\/Portal-Urbano-171542830093757\/","https:\/\/twitter.com\/portalurbanook","https:\/\/www.instagram.com\/_portalurbano\/","https:\/\/www.youtube.com\/channel\/UCXhagIfszH8KxFiOok79zbA?view_as=subscriber"]},{"@type":"Person","@id":"https:\/\/experienciadevida.com.ar\/portalurbano\/#\/schema\/person\/02dd326b1c4b056e9cc972486934a3a7","name":"admpu17wp","image":{"@type":"ImageObject","inLanguage":"es","@id":"https:\/\/experienciadevida.com.ar\/portalurbano\/#\/schema\/person\/image\/","url":"https:\/\/secure.gravatar.com\/avatar\/830d4c57adaae6630765e449a6908047?s=96&d=mm&r=g","contentUrl":"https:\/\/secure.gravatar.com\/avatar\/830d4c57adaae6630765e449a6908047?s=96&d=mm&r=g","caption":"admpu17wp"}}]}},"featured_image_urls":{"full":["https:\/\/experienciadevida.com.ar\/portalurbano\/wp-content\/uploads\/2019\/11\/SANJUAN-1.jpg",756,567,false],"thumbnail":["https:\/\/experienciadevida.com.ar\/portalurbano\/wp-content\/uploads\/2019\/11\/SANJUAN-1-150x150.jpg",150,150,true],"medium":["https:\/\/experienciadevida.com.ar\/portalurbano\/wp-content\/uploads\/2019\/11\/SANJUAN-1-300x225.jpg",300,225,true],"medium_large":["https:\/\/experienciadevida.com.ar\/portalurbano\/wp-content\/uploads\/2019\/11\/SANJUAN-1.jpg",640,480,false],"large":["https:\/\/experienciadevida.com.ar\/portalurbano\/wp-content\/uploads\/2019\/11\/SANJUAN-1.jpg",640,480,false],"ug_big":["https:\/\/experienciadevida.com.ar\/portalurbano\/wp-content\/uploads\/2019\/11\/SANJUAN-1.jpg",756,567,false],"1536x1536":["https:\/\/experienciadevida.com.ar\/portalurbano\/wp-content\/uploads\/2019\/11\/SANJUAN-1.jpg",756,567,false],"2048x2048":["https:\/\/experienciadevida.com.ar\/portalurbano\/wp-content\/uploads\/2019\/11\/SANJUAN-1.jpg",756,567,false],"newsever-slider-full":["https:\/\/experienciadevida.com.ar\/portalurbano\/wp-content\/uploads\/2019\/11\/SANJUAN-1.jpg",756,567,false],"newsever-featured":["https:\/\/experienciadevida.com.ar\/portalurbano\/wp-content\/uploads\/2019\/11\/SANJUAN-1.jpg",756,567,false],"newsever-medium":["https:\/\/experienciadevida.com.ar\/portalurbano\/wp-content\/uploads\/2019\/11\/SANJUAN-1.jpg",633,475,false],"web-stories-poster-portrait":["https:\/\/experienciadevida.com.ar\/portalurbano\/wp-content\/uploads\/2019\/11\/SANJUAN-1.jpg",640,480,false],"web-stories-publisher-logo":["https:\/\/experienciadevida.com.ar\/portalurbano\/wp-content\/uploads\/2019\/11\/SANJUAN-1.jpg",96,72,false],"web-stories-thumbnail":["https:\/\/experienciadevida.com.ar\/portalurbano\/wp-content\/uploads\/2019\/11\/SANJUAN-1.jpg",150,113,false]},"author_info":{"display_name":"admpu17wp","author_link":"https:\/\/experienciadevida.com.ar\/portalurbano\/author\/admpu17wp\/"},"category_info":"<a href=\"https:\/\/experienciadevida.com.ar\/portalurbano\/category\/nacion\/\" rel=\"category tag\">Naci\u00f3n<\/a>","tag_info":"Naci\u00f3n","comment_count":"0","amp_enabled":true,"_links":{"self":[{"href":"https:\/\/experienciadevida.com.ar\/portalurbano\/wp-json\/wp\/v2\/posts\/102995"}],"collection":[{"href":"https:\/\/experienciadevida.com.ar\/portalurbano\/wp-json\/wp\/v2\/posts"}],"about":[{"href":"https:\/\/experienciadevida.com.ar\/portalurbano\/wp-json\/wp\/v2\/types\/post"}],"author":[{"embeddable":true,"href":"https:\/\/experienciadevida.com.ar\/portalurbano\/wp-json\/wp\/v2\/users\/1"}],"replies":[{"embeddable":true,"href":"https:\/\/experienciadevida.com.ar\/portalurbano\/wp-json\/wp\/v2\/comments?post=102995"}],"version-history":[{"count":1,"href":"https:\/\/experienciadevida.com.ar\/portalurbano\/wp-json\/wp\/v2\/posts\/102995\/revisions"}],"predecessor-version":[{"id":102996,"href":"https:\/\/experienciadevida.com.ar\/portalurbano\/wp-json\/wp\/v2\/posts\/102995\/revisions\/102996"}],"wp:featuredmedia":[{"embeddable":true,"href":"https:\/\/experienciadevida.com.ar\/portalurbano\/wp-json\/wp\/v2\/media\/93182"}],"wp:attachment":[{"href":"https:\/\/experienciadevida.com.ar\/portalurbano\/wp-json\/wp\/v2\/media?parent=102995"}],"wp:term":[{"taxonomy":"category","embeddable":true,"href":"https:\/\/experienciadevida.com.ar\/portalurbano\/wp-json\/wp\/v2\/categories?post=102995"},{"taxonomy":"post_tag","embeddable":true,"href":"https:\/\/experienciadevida.com.ar\/portalurbano\/wp-json\/wp\/v2\/tags?post=102995"}],"curies":[{"name":"wp","href":"https:\/\/api.w.org\/{rel}","templated":true}]}}