{"id":102921,"date":"2020-03-02T11:23:26","date_gmt":"2020-03-02T14:23:26","guid":{"rendered":"https:\/\/experienciadevida.com.ar\/portalurbano\/?p=102921"},"modified":"2020-03-02T11:23:52","modified_gmt":"2020-03-02T14:23:52","slug":"deuda-aborto-y-reforma-judicial-los-ejes-del-mensaje-de-alberto-fernandez","status":"publish","type":"post","link":"https:\/\/experienciadevida.com.ar\/portalurbano\/deuda-aborto-y-reforma-judicial-los-ejes-del-mensaje-de-alberto-fernandez\/","title":{"rendered":"Deuda, aborto y reforma judicial, los ejes del mensaje de Alberto Fern\u00e1ndez"},"content":{"rendered":"<p class=\"interiorCopete\">El presidente hizo su diagn\u00f3stico sobre la situaci\u00f3n econ\u00f3mica y social del pa\u00eds, adem\u00e1s de trazar los principales ejes de su plan legislativo y pol\u00edtico para el a\u00f1o. Se destaca el proyecto de la despenalizaci\u00f3n del aborto.<\/p>\n<p>El presidente\u00a0Alberto\u00a0Fern\u00e1ndez\u00a0inaugur\u00f3 hoy el 138 per\u00edodo de sesiones ordinarias del Congreso Nacional, con un mensaje de unidad, en el que llam\u00f3 a todos los sectores a trabajar para sacar a la Argentina &#8220;de la postraci\u00f3n&#8221;.<\/p>\n<p>Ante la Asamblea Legislativa y con cr\u00edticas al gobierno de Mauricio Macri,\u00a0el jefe de Estado hizo su diagn\u00f3stico sobre la situaci\u00f3n econ\u00f3mica y social del pa\u00eds, adem\u00e1s de trazar los principales ejes de su plan legislativo y pol\u00edtico para el a\u00f1o.<\/p>\n<p>La\u00a0Asamblea Legislativa\u00a0tuvo su apertura formal, a cargo de la presidenta del\u00a0Senado, Cristina Kirchner<strong>,<\/strong>\u00a0alrededor de las 11.20 y Alberto Fern\u00e1ndez inici\u00f3 su discurso a las 12. En la\u00a0Plaza del Congreso\u00a0gremios, movimientos sociales y partidos del Frente de Todos realizaron una movilizaci\u00f3n para apoyarlo.<\/p>\n<p>&#8220;En la Argentina de hoy la palabra se ha devaluado peligrosamente. Me resisto a seguir transitando esa l\u00f3gica, necesito que la palabra recupere el valor que alguna vez tuvo entre nosotros&#8221;, fueron las primeras frases del Jefe de Estado ante la Asamblea.<\/p>\n<div id=\"div-gpt-ad-nota-534772\" class=\"banner-90\" data-mapping=\"mapping9\" data-google-query-id=\"CMed19T7--cCFToGuQYd-vIGaA\">\n<p>La deuda externa estuvo entre los puntos centrales de su mensaje\u00a0y, al respecto, reiter\u00f3 que su gobierno buscar\u00e1 alcanzar una &#8220;resoluci\u00f3n ordenada&#8221;, con &#8220;compromisos que se puedan cumplir&#8221;.<\/p>\n<\/div>\n<div id=\"embed34_wrap\" class=\"embed_cont type_freetext no-epigrafe no-copyright\">\n<div id=\"embed34_content\" class=\"embed_content\">\n<p>&#8220;Nunca m\u00e1s a un endeudamiento insostenible&#8221;, lanz\u00f3 el Presidente, y prometi\u00f3 que el Estado investigar\u00e1 la forma en que la Argentina se endeud\u00f3 en los \u00faltimos a\u00f1os.<\/p>\n<p>Fern\u00e1ndez reiter\u00f3, en tanto, que su gesti\u00f3n eligi\u00f3 &#8220;la solidaridad como v\u00eda maestra de la reconstrucci\u00f3n nacional&#8221;.<\/p>\n<p>&#8220;Lo dije al jurar como Presidente de la Argentina: comencemos por los \u00faltimos para llegar a todos&#8221;, sostuvo el mandatario, sentado entre la vicepresidenta Cristina Kirchner y el presidente de la C\u00e1mara de Diputados, Sergio Massa.<\/p>\n<p>Entre los principales anuncios que hizo el mandatario estuvieron la reforma de la justicia federal, el aborto legal, y la desclasificaci\u00f3n de los documentos secretos de la Agencia Federal de Inteligencia (AFI) sobre el atentado a la AMIA, entre otros.<\/p>\n<p>Fern\u00e1ndez anunci\u00f3 el env\u00edo al Congreso de un proyecto de reforma de la justicia federal que \u201cimpida para siempre que la discrecionalidad judicial reemplace a las normas del derecho&#8221; y que incluir\u00e1, entre sus puntos centrales, la creaci\u00f3n de un nuevo Fuero Federal Penal que ponga fin a la \u201cconcentraci\u00f3n de procesos que el oligopolio de los jueces federales ha permitido\u201d.<\/p>\n<\/div>\n<\/div>\n<div id=\"div-gpt-ad-nota-760047\" class=\"banner-90\" data-mapping=\"mapping9\" data-google-query-id=\"CKCC2dT7--cCFToGuQYd-vIGaA\">\n<p>&#8220;En este tiempo de la Argentina en el que nos toca gobernar, venimos a ponerle fin a la designaci\u00f3n de jueces amigos, a la manipulaci\u00f3n judicial, a la utilizaci\u00f3n pol\u00edtica de la Justicia y al nombramiento de jueces dependientes de poderes inconfesables de cualquier naturaleza&#8221;, sostuvo el Presidente al anunciar el paquete de iniciativas que pretende un &#8220;reordenamiento&#8221; de la justicia federal, al hablar ante la Asamblea Legislativa.<\/p>\n<p>En tanto,\u00a0anticip\u00f3 que ordenar\u00e1 a la AFI &#8220;declasificar los testimonios secretos brindados por agentes de inteligencia en los juicios en los que fuera investigado el atentado a la AMIA&#8221;, a 26 a\u00f1os del ataque.<\/p>\n<div id=\"div-gpt-ad-nota-699864\" class=\"banner-90\" data-mapping=\"mapping9\" data-google-query-id=\"CO6F2dT7--cCFToGuQYd-vIGaA\">\n<p>El proyecto que gener\u00f3 los mayores aplausos fue el de aborto legal, que -seg\u00fan anunci\u00f3- ser\u00e1 presentado en los &#8220;pr\u00f3ximos diez d\u00edas&#8221;.<\/p>\n<p>Asimismo,\u00a0Fern\u00e1ndez anunci\u00f3 que el Ejecutivo presentar\u00e1 un proyecto para la creaci\u00f3n del Consejo Econ\u00f3mico y Social para el desarrollo, aunque esa iniciativa suponga \u201cuna delegaci\u00f3n de sus facultades\u201d.<\/p>\n<p>\u201cDesde este Consejo tenemos que ser capaces de dise\u00f1ar la agenda del futuro\u201d, recalc\u00f3 el jefe de Estado y tambi\u00e9n adelant\u00f3 que enviar\u00e1 una iniciativa para desarrollar el sector de hidrocarburos y gas. \u201cSer\u00e1n la palanca para el desarrollo productivo de nuestro pa\u00eds\u201d, confi\u00f3.<\/p>\n<p>Fern\u00e1ndez arrib\u00f3 al Congreso poco antes del mediod\u00eda, luego de realizar una caravana a escasa velocidad entre la Casa Rosada y el Parlamento, para poder saludar a los simpatizantes que lo aguardaban sobre la Avenida de Mayo.<\/p>\n<p>En el autom\u00f3vil oficial, el Presidente estuvo acompa\u00f1ado por la primera dama, Fabiola Y\u00e1\u00f1ez.<\/p>\n<p>En el Congreso fue recibido por una comitiva de diputados y senadores del oficialismo y la oposici\u00f3n, antes de pasar al recinto, donde lo esperaban ministros del Gabinete, gobernadores, jueces, intendentes, funcionarios, legisladores, referentes de derechos humanos y dirigentes sindicales, adem\u00e1s de invitados especiales como el conductor televisivo Marcelo Tinelli, entre otros.<\/p>\n<\/div>\n<\/div>\n","protected":false},"excerpt":{"rendered":"<p>El presidente hizo su diagn\u00f3stico sobre la situaci\u00f3n econ\u00f3mica y social del pa\u00eds, adem\u00e1s de&#8230;<\/p>\n","protected":false},"author":1,"featured_media":102922,"comment_status":"open","ping_status":"open","sticky":false,"template":"","format":"standard","meta":{"content-type":""},"categories":[39],"tags":[],"nelio_content":{"isAutoShareEnabled":false,"autoShareEndMode":"default","automationSources":{"useContentSentences":true,"useSocialTemplates":true,"useCustomSentences":false,"customSentences":[]},"followers":[1],"suggestedReferences":[],"includedReferences":[],"efiUrl":"","efiAlt":"","highlights":[]},"yoast_head":"<!-- This site is optimized with the Yoast SEO plugin v20.7 - https:\/\/yoast.com\/wordpress\/plugins\/seo\/ -->\n<title>Deuda, aborto y reforma judicial, los ejes del mensaje de Alberto Fern\u00e1ndez -<\/title>\n<meta name=\"robots\" content=\"index, follow, max-snippet:-1, max-image-preview:large, max-video-preview:-1\" \/>\n<link rel=\"canonical\" href=\"https:\/\/experienciadevida.com.ar\/portalurbano\/deuda-aborto-y-reforma-judicial-los-ejes-del-mensaje-de-alberto-fernandez\/\" \/>\n<meta property=\"og:locale\" content=\"es_ES\" \/>\n<meta property=\"og:type\" content=\"article\" \/>\n<meta property=\"og:title\" content=\"Deuda, aborto y reforma judicial, los ejes del mensaje de Alberto Fern\u00e1ndez -\" \/>\n<meta property=\"og:description\" content=\"El presidente hizo su diagn\u00f3stico sobre la situaci\u00f3n econ\u00f3mica y social del pa\u00eds, adem\u00e1s de...\" \/>\n<meta property=\"og:url\" content=\"https:\/\/experienciadevida.com.ar\/portalurbano\/deuda-aborto-y-reforma-judicial-los-ejes-del-mensaje-de-alberto-fernandez\/\" \/>\n<meta property=\"article:publisher\" content=\"https:\/\/www.facebook.com\/Portal-Urbano-171542830093757\/\" \/>\n<meta property=\"article:published_time\" content=\"2020-03-02T14:23:26+00:00\" \/>\n<meta property=\"article:modified_time\" content=\"2020-03-02T14:23:52+00:00\" \/>\n<meta property=\"og:image\" content=\"https:\/\/experienciadevida.com.ar\/portalurbano\/wp-content\/uploads\/2020\/03\/NACION.png\" \/>\n\t<meta property=\"og:image:width\" content=\"710\" \/>\n\t<meta property=\"og:image:height\" content=\"422\" \/>\n\t<meta property=\"og:image:type\" content=\"image\/png\" \/>\n<meta name=\"author\" content=\"admpu17wp\" \/>\n<meta name=\"twitter:card\" content=\"summary_large_image\" \/>\n<meta name=\"twitter:creator\" content=\"@portalurbanook\" \/>\n<meta name=\"twitter:site\" content=\"@portalurbanook\" \/>\n<meta name=\"twitter:label1\" content=\"Escrito por\" \/>\n\t<meta name=\"twitter:data1\" content=\"admpu17wp\" \/>\n\t<meta name=\"twitter:label2\" content=\"Tiempo de lectura\" \/>\n\t<meta name=\"twitter:data2\" content=\"4 minutos\" \/>\n<script type=\"application\/ld+json\" class=\"yoast-schema-graph\">{\"@context\":\"https:\/\/schema.org\",\"@graph\":[{\"@type\":\"Article\",\"@id\":\"https:\/\/experienciadevida.com.ar\/portalurbano\/deuda-aborto-y-reforma-judicial-los-ejes-del-mensaje-de-alberto-fernandez\/#article\",\"isPartOf\":{\"@id\":\"https:\/\/experienciadevida.com.ar\/portalurbano\/deuda-aborto-y-reforma-judicial-los-ejes-del-mensaje-de-alberto-fernandez\/\"},\"author\":{\"name\":\"admpu17wp\",\"@id\":\"https:\/\/experienciadevida.com.ar\/portalurbano\/#\/schema\/person\/02dd326b1c4b056e9cc972486934a3a7\"},\"headline\":\"Deuda, aborto y reforma judicial, los ejes del mensaje de Alberto Fern\u00e1ndez\",\"datePublished\":\"2020-03-02T14:23:26+00:00\",\"dateModified\":\"2020-03-02T14:23:52+00:00\",\"mainEntityOfPage\":{\"@id\":\"https:\/\/experienciadevida.com.ar\/portalurbano\/deuda-aborto-y-reforma-judicial-los-ejes-del-mensaje-de-alberto-fernandez\/\"},\"wordCount\":786,\"commentCount\":0,\"publisher\":{\"@id\":\"https:\/\/experienciadevida.com.ar\/portalurbano\/#organization\"},\"articleSection\":[\"Naci\u00f3n\"],\"inLanguage\":\"es\",\"potentialAction\":[{\"@type\":\"CommentAction\",\"name\":\"Comment\",\"target\":[\"https:\/\/experienciadevida.com.ar\/portalurbano\/deuda-aborto-y-reforma-judicial-los-ejes-del-mensaje-de-alberto-fernandez\/#respond\"]}]},{\"@type\":\"WebPage\",\"@id\":\"https:\/\/experienciadevida.com.ar\/portalurbano\/deuda-aborto-y-reforma-judicial-los-ejes-del-mensaje-de-alberto-fernandez\/\",\"url\":\"https:\/\/experienciadevida.com.ar\/portalurbano\/deuda-aborto-y-reforma-judicial-los-ejes-del-mensaje-de-alberto-fernandez\/\",\"name\":\"Deuda, aborto y reforma judicial, los ejes del mensaje de Alberto Fern\u00e1ndez -\",\"isPartOf\":{\"@id\":\"https:\/\/experienciadevida.com.ar\/portalurbano\/#website\"},\"datePublished\":\"2020-03-02T14:23:26+00:00\",\"dateModified\":\"2020-03-02T14:23:52+00:00\",\"breadcrumb\":{\"@id\":\"https:\/\/experienciadevida.com.ar\/portalurbano\/deuda-aborto-y-reforma-judicial-los-ejes-del-mensaje-de-alberto-fernandez\/#breadcrumb\"},\"inLanguage\":\"es\",\"potentialAction\":[{\"@type\":\"ReadAction\",\"target\":[\"https:\/\/experienciadevida.com.ar\/portalurbano\/deuda-aborto-y-reforma-judicial-los-ejes-del-mensaje-de-alberto-fernandez\/\"]}]},{\"@type\":\"BreadcrumbList\",\"@id\":\"https:\/\/experienciadevida.com.ar\/portalurbano\/deuda-aborto-y-reforma-judicial-los-ejes-del-mensaje-de-alberto-fernandez\/#breadcrumb\",\"itemListElement\":[{\"@type\":\"ListItem\",\"position\":1,\"name\":\"Portada\",\"item\":\"https:\/\/experienciadevida.com.ar\/portalurbano\/\"},{\"@type\":\"ListItem\",\"position\":2,\"name\":\"Deuda, aborto y reforma judicial, los ejes del mensaje de Alberto Fern\u00e1ndez\"}]},{\"@type\":\"WebSite\",\"@id\":\"https:\/\/experienciadevida.com.ar\/portalurbano\/#website\",\"url\":\"https:\/\/experienciadevida.com.ar\/portalurbano\/\",\"name\":\"\",\"description\":\"\",\"publisher\":{\"@id\":\"https:\/\/experienciadevida.com.ar\/portalurbano\/#organization\"},\"potentialAction\":[{\"@type\":\"SearchAction\",\"target\":{\"@type\":\"EntryPoint\",\"urlTemplate\":\"https:\/\/experienciadevida.com.ar\/portalurbano\/?s={search_term_string}\"},\"query-input\":\"required name=search_term_string\"}],\"inLanguage\":\"es\"},{\"@type\":\"Organization\",\"@id\":\"https:\/\/experienciadevida.com.ar\/portalurbano\/#organization\",\"name\":\"Portal Urbano\",\"url\":\"https:\/\/experienciadevida.com.ar\/portalurbano\/\",\"logo\":{\"@type\":\"ImageObject\",\"inLanguage\":\"es\",\"@id\":\"https:\/\/experienciadevida.com.ar\/portalurbano\/#\/schema\/logo\/image\/\",\"url\":\"https:\/\/experienciadevida.com.ar\/portalurbano\/wp-content\/uploads\/2019\/09\/Logo-Original.png\",\"contentUrl\":\"https:\/\/experienciadevida.com.ar\/portalurbano\/wp-content\/uploads\/2019\/09\/Logo-Original.png\",\"width\":2236,\"height\":1216,\"caption\":\"Portal Urbano\"},\"image\":{\"@id\":\"https:\/\/experienciadevida.com.ar\/portalurbano\/#\/schema\/logo\/image\/\"},\"sameAs\":[\"https:\/\/www.facebook.com\/Portal-Urbano-171542830093757\/\",\"https:\/\/twitter.com\/portalurbanook\",\"https:\/\/www.instagram.com\/_portalurbano\/\",\"https:\/\/www.youtube.com\/channel\/UCXhagIfszH8KxFiOok79zbA?view_as=subscriber\"]},{\"@type\":\"Person\",\"@id\":\"https:\/\/experienciadevida.com.ar\/portalurbano\/#\/schema\/person\/02dd326b1c4b056e9cc972486934a3a7\",\"name\":\"admpu17wp\",\"image\":{\"@type\":\"ImageObject\",\"inLanguage\":\"es\",\"@id\":\"https:\/\/experienciadevida.com.ar\/portalurbano\/#\/schema\/person\/image\/\",\"url\":\"https:\/\/secure.gravatar.com\/avatar\/830d4c57adaae6630765e449a6908047?s=96&d=mm&r=g\",\"contentUrl\":\"https:\/\/secure.gravatar.com\/avatar\/830d4c57adaae6630765e449a6908047?s=96&d=mm&r=g\",\"caption\":\"admpu17wp\"}}]}<\/script>\n<!-- \/ Yoast SEO plugin. -->","yoast_head_json":{"title":"Deuda, aborto y reforma judicial, los ejes del mensaje de Alberto Fern\u00e1ndez -","robots":{"index":"index","follow":"follow","max-snippet":"max-snippet:-1","max-image-preview":"max-image-preview:large","max-video-preview":"max-video-preview:-1"},"canonical":"https:\/\/experienciadevida.com.ar\/portalurbano\/deuda-aborto-y-reforma-judicial-los-ejes-del-mensaje-de-alberto-fernandez\/","og_locale":"es_ES","og_type":"article","og_title":"Deuda, aborto y reforma judicial, los ejes del mensaje de Alberto Fern\u00e1ndez -","og_description":"El presidente hizo su diagn\u00f3stico sobre la situaci\u00f3n econ\u00f3mica y social del pa\u00eds, adem\u00e1s de...","og_url":"https:\/\/experienciadevida.com.ar\/portalurbano\/deuda-aborto-y-reforma-judicial-los-ejes-del-mensaje-de-alberto-fernandez\/","article_publisher":"https:\/\/www.facebook.com\/Portal-Urbano-171542830093757\/","article_published_time":"2020-03-02T14:23:26+00:00","article_modified_time":"2020-03-02T14:23:52+00:00","og_image":[{"width":710,"height":422,"url":"https:\/\/experienciadevida.com.ar\/portalurbano\/wp-content\/uploads\/2020\/03\/NACION.png","type":"image\/png"}],"author":"admpu17wp","twitter_card":"summary_large_image","twitter_creator":"@portalurbanook","twitter_site":"@portalurbanook","twitter_misc":{"Escrito por":"admpu17wp","Tiempo de lectura":"4 minutos"},"schema":{"@context":"https:\/\/schema.org","@graph":[{"@type":"Article","@id":"https:\/\/experienciadevida.com.ar\/portalurbano\/deuda-aborto-y-reforma-judicial-los-ejes-del-mensaje-de-alberto-fernandez\/#article","isPartOf":{"@id":"https:\/\/experienciadevida.com.ar\/portalurbano\/deuda-aborto-y-reforma-judicial-los-ejes-del-mensaje-de-alberto-fernandez\/"},"author":{"name":"admpu17wp","@id":"https:\/\/experienciadevida.com.ar\/portalurbano\/#\/schema\/person\/02dd326b1c4b056e9cc972486934a3a7"},"headline":"Deuda, aborto y reforma judicial, los ejes del mensaje de Alberto Fern\u00e1ndez","datePublished":"2020-03-02T14:23:26+00:00","dateModified":"2020-03-02T14:23:52+00:00","mainEntityOfPage":{"@id":"https:\/\/experienciadevida.com.ar\/portalurbano\/deuda-aborto-y-reforma-judicial-los-ejes-del-mensaje-de-alberto-fernandez\/"},"wordCount":786,"commentCount":0,"publisher":{"@id":"https:\/\/experienciadevida.com.ar\/portalurbano\/#organization"},"articleSection":["Naci\u00f3n"],"inLanguage":"es","potentialAction":[{"@type":"CommentAction","name":"Comment","target":["https:\/\/experienciadevida.com.ar\/portalurbano\/deuda-aborto-y-reforma-judicial-los-ejes-del-mensaje-de-alberto-fernandez\/#respond"]}]},{"@type":"WebPage","@id":"https:\/\/experienciadevida.com.ar\/portalurbano\/deuda-aborto-y-reforma-judicial-los-ejes-del-mensaje-de-alberto-fernandez\/","url":"https:\/\/experienciadevida.com.ar\/portalurbano\/deuda-aborto-y-reforma-judicial-los-ejes-del-mensaje-de-alberto-fernandez\/","name":"Deuda, aborto y reforma judicial, los ejes del mensaje de Alberto Fern\u00e1ndez -","isPartOf":{"@id":"https:\/\/experienciadevida.com.ar\/portalurbano\/#website"},"datePublished":"2020-03-02T14:23:26+00:00","dateModified":"2020-03-02T14:23:52+00:00","breadcrumb":{"@id":"https:\/\/experienciadevida.com.ar\/portalurbano\/deuda-aborto-y-reforma-judicial-los-ejes-del-mensaje-de-alberto-fernandez\/#breadcrumb"},"inLanguage":"es","potentialAction":[{"@type":"ReadAction","target":["https:\/\/experienciadevida.com.ar\/portalurbano\/deuda-aborto-y-reforma-judicial-los-ejes-del-mensaje-de-alberto-fernandez\/"]}]},{"@type":"BreadcrumbList","@id":"https:\/\/experienciadevida.com.ar\/portalurbano\/deuda-aborto-y-reforma-judicial-los-ejes-del-mensaje-de-alberto-fernandez\/#breadcrumb","itemListElement":[{"@type":"ListItem","position":1,"name":"Portada","item":"https:\/\/experienciadevida.com.ar\/portalurbano\/"},{"@type":"ListItem","position":2,"name":"Deuda, aborto y reforma judicial, los ejes del mensaje de Alberto Fern\u00e1ndez"}]},{"@type":"WebSite","@id":"https:\/\/experienciadevida.com.ar\/portalurbano\/#website","url":"https:\/\/experienciadevida.com.ar\/portalurbano\/","name":"","description":"","publisher":{"@id":"https:\/\/experienciadevida.com.ar\/portalurbano\/#organization"},"potentialAction":[{"@type":"SearchAction","target":{"@type":"EntryPoint","urlTemplate":"https:\/\/experienciadevida.com.ar\/portalurbano\/?s={search_term_string}"},"query-input":"required name=search_term_string"}],"inLanguage":"es"},{"@type":"Organization","@id":"https:\/\/experienciadevida.com.ar\/portalurbano\/#organization","name":"Portal Urbano","url":"https:\/\/experienciadevida.com.ar\/portalurbano\/","logo":{"@type":"ImageObject","inLanguage":"es","@id":"https:\/\/experienciadevida.com.ar\/portalurbano\/#\/schema\/logo\/image\/","url":"https:\/\/experienciadevida.com.ar\/portalurbano\/wp-content\/uploads\/2019\/09\/Logo-Original.png","contentUrl":"https:\/\/experienciadevida.com.ar\/portalurbano\/wp-content\/uploads\/2019\/09\/Logo-Original.png","width":2236,"height":1216,"caption":"Portal Urbano"},"image":{"@id":"https:\/\/experienciadevida.com.ar\/portalurbano\/#\/schema\/logo\/image\/"},"sameAs":["https:\/\/www.facebook.com\/Portal-Urbano-171542830093757\/","https:\/\/twitter.com\/portalurbanook","https:\/\/www.instagram.com\/_portalurbano\/","https:\/\/www.youtube.com\/channel\/UCXhagIfszH8KxFiOok79zbA?view_as=subscriber"]},{"@type":"Person","@id":"https:\/\/experienciadevida.com.ar\/portalurbano\/#\/schema\/person\/02dd326b1c4b056e9cc972486934a3a7","name":"admpu17wp","image":{"@type":"ImageObject","inLanguage":"es","@id":"https:\/\/experienciadevida.com.ar\/portalurbano\/#\/schema\/person\/image\/","url":"https:\/\/secure.gravatar.com\/avatar\/830d4c57adaae6630765e449a6908047?s=96&d=mm&r=g","contentUrl":"https:\/\/secure.gravatar.com\/avatar\/830d4c57adaae6630765e449a6908047?s=96&d=mm&r=g","caption":"admpu17wp"}}]}},"featured_image_urls":{"full":["https:\/\/experienciadevida.com.ar\/portalurbano\/wp-content\/uploads\/2020\/03\/NACION.png",710,422,false],"thumbnail":["https:\/\/experienciadevida.com.ar\/portalurbano\/wp-content\/uploads\/2020\/03\/NACION-150x150.png",150,150,true],"medium":["https:\/\/experienciadevida.com.ar\/portalurbano\/wp-content\/uploads\/2020\/03\/NACION-300x178.png",300,178,true],"medium_large":["https:\/\/experienciadevida.com.ar\/portalurbano\/wp-content\/uploads\/2020\/03\/NACION.png",640,380,false],"large":["https:\/\/experienciadevida.com.ar\/portalurbano\/wp-content\/uploads\/2020\/03\/NACION.png",640,380,false],"ug_big":["https:\/\/experienciadevida.com.ar\/portalurbano\/wp-content\/uploads\/2020\/03\/NACION.png",710,422,false],"1536x1536":["https:\/\/experienciadevida.com.ar\/portalurbano\/wp-content\/uploads\/2020\/03\/NACION.png",710,422,false],"2048x2048":["https:\/\/experienciadevida.com.ar\/portalurbano\/wp-content\/uploads\/2020\/03\/NACION.png",710,422,false],"newsever-slider-full":["https:\/\/experienciadevida.com.ar\/portalurbano\/wp-content\/uploads\/2020\/03\/NACION.png",710,422,false],"newsever-featured":["https:\/\/experienciadevida.com.ar\/portalurbano\/wp-content\/uploads\/2020\/03\/NACION.png",710,422,false],"newsever-medium":["https:\/\/experienciadevida.com.ar\/portalurbano\/wp-content\/uploads\/2020\/03\/NACION.png",710,422,false],"web-stories-poster-portrait":["https:\/\/experienciadevida.com.ar\/portalurbano\/wp-content\/uploads\/2020\/03\/NACION.png",640,380,false],"web-stories-publisher-logo":["https:\/\/experienciadevida.com.ar\/portalurbano\/wp-content\/uploads\/2020\/03\/NACION.png",96,57,false],"web-stories-thumbnail":["https:\/\/experienciadevida.com.ar\/portalurbano\/wp-content\/uploads\/2020\/03\/NACION.png",150,89,false]},"author_info":{"display_name":"admpu17wp","author_link":"https:\/\/experienciadevida.com.ar\/portalurbano\/author\/admpu17wp\/"},"category_info":"<a href=\"https:\/\/experienciadevida.com.ar\/portalurbano\/category\/nacion\/\" rel=\"category tag\">Naci\u00f3n<\/a>","tag_info":"Naci\u00f3n","comment_count":"0","amp_enabled":true,"_links":{"self":[{"href":"https:\/\/experienciadevida.com.ar\/portalurbano\/wp-json\/wp\/v2\/posts\/102921"}],"collection":[{"href":"https:\/\/experienciadevida.com.ar\/portalurbano\/wp-json\/wp\/v2\/posts"}],"about":[{"href":"https:\/\/experienciadevida.com.ar\/portalurbano\/wp-json\/wp\/v2\/types\/post"}],"author":[{"embeddable":true,"href":"https:\/\/experienciadevida.com.ar\/portalurbano\/wp-json\/wp\/v2\/users\/1"}],"replies":[{"embeddable":true,"href":"https:\/\/experienciadevida.com.ar\/portalurbano\/wp-json\/wp\/v2\/comments?post=102921"}],"version-history":[{"count":2,"href":"https:\/\/experienciadevida.com.ar\/portalurbano\/wp-json\/wp\/v2\/posts\/102921\/revisions"}],"predecessor-version":[{"id":102924,"href":"https:\/\/experienciadevida.com.ar\/portalurbano\/wp-json\/wp\/v2\/posts\/102921\/revisions\/102924"}],"wp:featuredmedia":[{"embeddable":true,"href":"https:\/\/experienciadevida.com.ar\/portalurbano\/wp-json\/wp\/v2\/media\/102922"}],"wp:attachment":[{"href":"https:\/\/experienciadevida.com.ar\/portalurbano\/wp-json\/wp\/v2\/media?parent=102921"}],"wp:term":[{"taxonomy":"category","embeddable":true,"href":"https:\/\/experienciadevida.com.ar\/portalurbano\/wp-json\/wp\/v2\/categories?post=102921"},{"taxonomy":"post_tag","embeddable":true,"href":"https:\/\/experienciadevida.com.ar\/portalurbano\/wp-json\/wp\/v2\/tags?post=102921"}],"curies":[{"name":"wp","href":"https:\/\/api.w.org\/{rel}","templated":true}]}}