{"id":102849,"date":"2020-03-01T11:36:15","date_gmt":"2020-03-01T14:36:15","guid":{"rendered":"https:\/\/experienciadevida.com.ar\/portalurbano\/?p=102849"},"modified":"2020-03-01T11:36:15","modified_gmt":"2020-03-01T14:36:15","slug":"el-horror-en-numeros-sesenta-y-tres-femicidios-en-dos-meses","status":"publish","type":"post","link":"https:\/\/experienciadevida.com.ar\/portalurbano\/el-horror-en-numeros-sesenta-y-tres-femicidios-en-dos-meses\/","title":{"rendered":"El horror en n\u00fameros: sesenta y tres femicidios en dos meses"},"content":{"rendered":"<p><strong>Seg\u00fan la estad\u00edstica aportada por el Observatorio &#8220;Ahora que s\u00ed nos ven&#8221;, una mujer es asesinada cada veintitr\u00e9s horas. &#8220;En el 66% de los casos fueron v\u00edctimas de quienes dijeron amarlas&#8221;, se se\u00f1al\u00f3<\/strong><\/p>\n<p>En los 60 d\u00edas que van de este 2020 se cometieron<strong>\u00a063 femicidios<\/strong>\u00a0en todo el pa\u00eds y en base a esta estad\u00edstica, una mujer es asesinada cada 23 horas producto de la violencia machista, seg\u00fan los datos proporcionados por el\u00a0<strong>Observatorio &#8220;Ahora que s\u00ed nos ven&#8221;<\/strong>, que preside\u00a0<strong>Raquel Vivanco.<\/strong><\/p>\n<p>De acuerdo al\u00a0<strong>Registro Nacional de Femicidios 2020<\/strong>\u00a0que lleva adelante esa organizaci\u00f3n, los femicidios ocurrieron entre el 1 de enero y el 29 de febrero y las estad\u00edsticas son elaboradas en base &#8220;al an\u00e1lisis de medios gr\u00e1ficos y digitales de todo el pa\u00eds&#8221;.<\/p>\n<p>Sobre el mes de febrero, fueron relevados 29 femicidios y en el 66 por ciento de los casos\u00a0<strong>&#8220;las mujeres fueron v\u00edctimas de quienes dijeron amarlas&#8221;<\/strong>, revel\u00f3 Vivanco, quien agreg\u00f3 que, seg\u00fan estas mediciones, el v\u00ednculo de la victima con el agresor es, en un 49 por ciento de pareja, en un 17 por ciento de ex pareja, un 5 por ciento familiar y de un 28 por ciento no se obtuvieron los datos.<\/p>\n<p>En relaci\u00f3n al modo en que se ejecut\u00f3 el crimen, se dio a conocer que en un 23 por ciento fue con arma de fuego, 18 por ciento fue con arma blanca, un 14 por ciento a golpes, un 11 por ciento resultaron quemadas y un 6 por ciento por asfixia.<\/p>\n<p>La provincia de\u00a0<strong>Buenos Aires encabeza con la mayor cantidades de femicidios<\/strong>\u00a0por regi\u00f3n con 19 en lo que va del 2020, seguida por Santa Fe con 10, Santa Cruz con 6, y C\u00f3rdoba con 5.<\/p>\n<p>Con respecto al lugar f\u00edsico donde ocurrieron, un 59 por ciento fue en la vivienda de la v\u00edctima, el 27 por ciento en la v\u00eda p\u00fablica y un 2 por ciento en la vivienda del agresor.<\/p>\n<p>&#8220;El hogar sigue siendo el lugar m\u00e1s peligroso para las mujeres. El 59 por ciento de los femicidios se dieron dentro de la vivienda de la v\u00edctima. Esto nos obliga a repensar bajo que mandatos construimos y sostenemos relaciones desiguales y violentas&#8221;, asegur\u00f3 Raquel Vivanco, la titular del Observatorio de las Violencias de G\u00e9nero &#8220;Ahora que s\u00ed nos Ven&#8221;.<\/p>\n<p>De los 63 femicidios registrados en lo que va de este a\u00f1os, 15 mujeres hicieron denuncia previa y tres ten\u00edan medidas judiciales. Como consecuencia de estas muertes violentas de mujeres, hay 88 hijos y\/o hijas que quedaron hu\u00e9rfanos y deber\u00edan acceder a Ley Brisa.<\/p>\n","protected":false},"excerpt":{"rendered":"<p>Seg\u00fan la estad\u00edstica aportada por el Observatorio &#8220;Ahora que s\u00ed nos ven&#8221;, una mujer es&#8230;<\/p>\n","protected":false},"author":1,"featured_media":102850,"comment_status":"open","ping_status":"open","sticky":false,"template":"","format":"standard","meta":{"content-type":""},"categories":[39,44],"tags":[],"nelio_content":{"isAutoShareEnabled":false,"autoShareEndMode":"default","automationSources":{"useContentSentences":true,"useSocialTemplates":true,"useCustomSentences":false,"customSentences":[]},"followers":[1],"suggestedReferences":[],"includedReferences":[],"efiUrl":"","efiAlt":"","highlights":[]},"yoast_head":"<!-- This site is optimized with the Yoast SEO plugin v20.7 - https:\/\/yoast.com\/wordpress\/plugins\/seo\/ -->\n<title>El horror en n\u00fameros: sesenta y tres femicidios en dos meses -<\/title>\n<meta name=\"robots\" content=\"index, follow, max-snippet:-1, max-image-preview:large, max-video-preview:-1\" \/>\n<link rel=\"canonical\" href=\"https:\/\/experienciadevida.com.ar\/portalurbano\/el-horror-en-numeros-sesenta-y-tres-femicidios-en-dos-meses\/\" \/>\n<meta property=\"og:locale\" content=\"es_ES\" \/>\n<meta property=\"og:type\" content=\"article\" \/>\n<meta property=\"og:title\" content=\"El horror en n\u00fameros: sesenta y tres femicidios en dos meses -\" \/>\n<meta property=\"og:description\" content=\"Seg\u00fan la estad\u00edstica aportada por el Observatorio &#8220;Ahora que s\u00ed nos ven&#8221;, una mujer es...\" \/>\n<meta property=\"og:url\" content=\"https:\/\/experienciadevida.com.ar\/portalurbano\/el-horror-en-numeros-sesenta-y-tres-femicidios-en-dos-meses\/\" \/>\n<meta property=\"article:publisher\" content=\"https:\/\/www.facebook.com\/Portal-Urbano-171542830093757\/\" \/>\n<meta property=\"article:published_time\" content=\"2020-03-01T14:36:15+00:00\" \/>\n<meta property=\"og:image\" content=\"https:\/\/experienciadevida.com.ar\/portalurbano\/wp-content\/uploads\/2020\/03\/0006606647-e1583073322439.jpg\" \/>\n\t<meta property=\"og:image:width\" content=\"800\" \/>\n\t<meta property=\"og:image:height\" content=\"572\" \/>\n\t<meta property=\"og:image:type\" content=\"image\/jpeg\" \/>\n<meta name=\"author\" content=\"admpu17wp\" \/>\n<meta name=\"twitter:card\" content=\"summary_large_image\" \/>\n<meta name=\"twitter:creator\" content=\"@portalurbanook\" \/>\n<meta name=\"twitter:site\" content=\"@portalurbanook\" \/>\n<meta name=\"twitter:label1\" content=\"Escrito por\" \/>\n\t<meta name=\"twitter:data1\" content=\"admpu17wp\" \/>\n\t<meta name=\"twitter:label2\" content=\"Tiempo de lectura\" \/>\n\t<meta name=\"twitter:data2\" content=\"2 minutos\" \/>\n<script type=\"application\/ld+json\" class=\"yoast-schema-graph\">{\"@context\":\"https:\/\/schema.org\",\"@graph\":[{\"@type\":\"Article\",\"@id\":\"https:\/\/experienciadevida.com.ar\/portalurbano\/el-horror-en-numeros-sesenta-y-tres-femicidios-en-dos-meses\/#article\",\"isPartOf\":{\"@id\":\"https:\/\/experienciadevida.com.ar\/portalurbano\/el-horror-en-numeros-sesenta-y-tres-femicidios-en-dos-meses\/\"},\"author\":{\"name\":\"admpu17wp\",\"@id\":\"https:\/\/experienciadevida.com.ar\/portalurbano\/#\/schema\/person\/02dd326b1c4b056e9cc972486934a3a7\"},\"headline\":\"El horror en n\u00fameros: sesenta y tres femicidios en dos meses\",\"datePublished\":\"2020-03-01T14:36:15+00:00\",\"dateModified\":\"2020-03-01T14:36:15+00:00\",\"mainEntityOfPage\":{\"@id\":\"https:\/\/experienciadevida.com.ar\/portalurbano\/el-horror-en-numeros-sesenta-y-tres-femicidios-en-dos-meses\/\"},\"wordCount\":441,\"commentCount\":0,\"publisher\":{\"@id\":\"https:\/\/experienciadevida.com.ar\/portalurbano\/#organization\"},\"articleSection\":[\"Naci\u00f3n\",\"Provincia\"],\"inLanguage\":\"es\",\"potentialAction\":[{\"@type\":\"CommentAction\",\"name\":\"Comment\",\"target\":[\"https:\/\/experienciadevida.com.ar\/portalurbano\/el-horror-en-numeros-sesenta-y-tres-femicidios-en-dos-meses\/#respond\"]}]},{\"@type\":\"WebPage\",\"@id\":\"https:\/\/experienciadevida.com.ar\/portalurbano\/el-horror-en-numeros-sesenta-y-tres-femicidios-en-dos-meses\/\",\"url\":\"https:\/\/experienciadevida.com.ar\/portalurbano\/el-horror-en-numeros-sesenta-y-tres-femicidios-en-dos-meses\/\",\"name\":\"El horror en n\u00fameros: sesenta y tres femicidios en dos meses -\",\"isPartOf\":{\"@id\":\"https:\/\/experienciadevida.com.ar\/portalurbano\/#website\"},\"datePublished\":\"2020-03-01T14:36:15+00:00\",\"dateModified\":\"2020-03-01T14:36:15+00:00\",\"breadcrumb\":{\"@id\":\"https:\/\/experienciadevida.com.ar\/portalurbano\/el-horror-en-numeros-sesenta-y-tres-femicidios-en-dos-meses\/#breadcrumb\"},\"inLanguage\":\"es\",\"potentialAction\":[{\"@type\":\"ReadAction\",\"target\":[\"https:\/\/experienciadevida.com.ar\/portalurbano\/el-horror-en-numeros-sesenta-y-tres-femicidios-en-dos-meses\/\"]}]},{\"@type\":\"BreadcrumbList\",\"@id\":\"https:\/\/experienciadevida.com.ar\/portalurbano\/el-horror-en-numeros-sesenta-y-tres-femicidios-en-dos-meses\/#breadcrumb\",\"itemListElement\":[{\"@type\":\"ListItem\",\"position\":1,\"name\":\"Portada\",\"item\":\"https:\/\/experienciadevida.com.ar\/portalurbano\/\"},{\"@type\":\"ListItem\",\"position\":2,\"name\":\"El horror en n\u00fameros: sesenta y tres femicidios en dos meses\"}]},{\"@type\":\"WebSite\",\"@id\":\"https:\/\/experienciadevida.com.ar\/portalurbano\/#website\",\"url\":\"https:\/\/experienciadevida.com.ar\/portalurbano\/\",\"name\":\"\",\"description\":\"\",\"publisher\":{\"@id\":\"https:\/\/experienciadevida.com.ar\/portalurbano\/#organization\"},\"potentialAction\":[{\"@type\":\"SearchAction\",\"target\":{\"@type\":\"EntryPoint\",\"urlTemplate\":\"https:\/\/experienciadevida.com.ar\/portalurbano\/?s={search_term_string}\"},\"query-input\":\"required name=search_term_string\"}],\"inLanguage\":\"es\"},{\"@type\":\"Organization\",\"@id\":\"https:\/\/experienciadevida.com.ar\/portalurbano\/#organization\",\"name\":\"Portal Urbano\",\"url\":\"https:\/\/experienciadevida.com.ar\/portalurbano\/\",\"logo\":{\"@type\":\"ImageObject\",\"inLanguage\":\"es\",\"@id\":\"https:\/\/experienciadevida.com.ar\/portalurbano\/#\/schema\/logo\/image\/\",\"url\":\"https:\/\/experienciadevida.com.ar\/portalurbano\/wp-content\/uploads\/2019\/09\/Logo-Original.png\",\"contentUrl\":\"https:\/\/experienciadevida.com.ar\/portalurbano\/wp-content\/uploads\/2019\/09\/Logo-Original.png\",\"width\":2236,\"height\":1216,\"caption\":\"Portal Urbano\"},\"image\":{\"@id\":\"https:\/\/experienciadevida.com.ar\/portalurbano\/#\/schema\/logo\/image\/\"},\"sameAs\":[\"https:\/\/www.facebook.com\/Portal-Urbano-171542830093757\/\",\"https:\/\/twitter.com\/portalurbanook\",\"https:\/\/www.instagram.com\/_portalurbano\/\",\"https:\/\/www.youtube.com\/channel\/UCXhagIfszH8KxFiOok79zbA?view_as=subscriber\"]},{\"@type\":\"Person\",\"@id\":\"https:\/\/experienciadevida.com.ar\/portalurbano\/#\/schema\/person\/02dd326b1c4b056e9cc972486934a3a7\",\"name\":\"admpu17wp\",\"image\":{\"@type\":\"ImageObject\",\"inLanguage\":\"es\",\"@id\":\"https:\/\/experienciadevida.com.ar\/portalurbano\/#\/schema\/person\/image\/\",\"url\":\"https:\/\/secure.gravatar.com\/avatar\/830d4c57adaae6630765e449a6908047?s=96&d=mm&r=g\",\"contentUrl\":\"https:\/\/secure.gravatar.com\/avatar\/830d4c57adaae6630765e449a6908047?s=96&d=mm&r=g\",\"caption\":\"admpu17wp\"}}]}<\/script>\n<!-- \/ Yoast SEO plugin. -->","yoast_head_json":{"title":"El horror en n\u00fameros: sesenta y tres femicidios en dos meses -","robots":{"index":"index","follow":"follow","max-snippet":"max-snippet:-1","max-image-preview":"max-image-preview:large","max-video-preview":"max-video-preview:-1"},"canonical":"https:\/\/experienciadevida.com.ar\/portalurbano\/el-horror-en-numeros-sesenta-y-tres-femicidios-en-dos-meses\/","og_locale":"es_ES","og_type":"article","og_title":"El horror en n\u00fameros: sesenta y tres femicidios en dos meses -","og_description":"Seg\u00fan la estad\u00edstica aportada por el Observatorio &#8220;Ahora que s\u00ed nos ven&#8221;, una mujer es...","og_url":"https:\/\/experienciadevida.com.ar\/portalurbano\/el-horror-en-numeros-sesenta-y-tres-femicidios-en-dos-meses\/","article_publisher":"https:\/\/www.facebook.com\/Portal-Urbano-171542830093757\/","article_published_time":"2020-03-01T14:36:15+00:00","og_image":[{"width":800,"height":572,"url":"https:\/\/experienciadevida.com.ar\/portalurbano\/wp-content\/uploads\/2020\/03\/0006606647-e1583073322439.jpg","type":"image\/jpeg"}],"author":"admpu17wp","twitter_card":"summary_large_image","twitter_creator":"@portalurbanook","twitter_site":"@portalurbanook","twitter_misc":{"Escrito por":"admpu17wp","Tiempo de lectura":"2 minutos"},"schema":{"@context":"https:\/\/schema.org","@graph":[{"@type":"Article","@id":"https:\/\/experienciadevida.com.ar\/portalurbano\/el-horror-en-numeros-sesenta-y-tres-femicidios-en-dos-meses\/#article","isPartOf":{"@id":"https:\/\/experienciadevida.com.ar\/portalurbano\/el-horror-en-numeros-sesenta-y-tres-femicidios-en-dos-meses\/"},"author":{"name":"admpu17wp","@id":"https:\/\/experienciadevida.com.ar\/portalurbano\/#\/schema\/person\/02dd326b1c4b056e9cc972486934a3a7"},"headline":"El horror en n\u00fameros: sesenta y tres femicidios en dos meses","datePublished":"2020-03-01T14:36:15+00:00","dateModified":"2020-03-01T14:36:15+00:00","mainEntityOfPage":{"@id":"https:\/\/experienciadevida.com.ar\/portalurbano\/el-horror-en-numeros-sesenta-y-tres-femicidios-en-dos-meses\/"},"wordCount":441,"commentCount":0,"publisher":{"@id":"https:\/\/experienciadevida.com.ar\/portalurbano\/#organization"},"articleSection":["Naci\u00f3n","Provincia"],"inLanguage":"es","potentialAction":[{"@type":"CommentAction","name":"Comment","target":["https:\/\/experienciadevida.com.ar\/portalurbano\/el-horror-en-numeros-sesenta-y-tres-femicidios-en-dos-meses\/#respond"]}]},{"@type":"WebPage","@id":"https:\/\/experienciadevida.com.ar\/portalurbano\/el-horror-en-numeros-sesenta-y-tres-femicidios-en-dos-meses\/","url":"https:\/\/experienciadevida.com.ar\/portalurbano\/el-horror-en-numeros-sesenta-y-tres-femicidios-en-dos-meses\/","name":"El horror en n\u00fameros: sesenta y tres femicidios en dos meses -","isPartOf":{"@id":"https:\/\/experienciadevida.com.ar\/portalurbano\/#website"},"datePublished":"2020-03-01T14:36:15+00:00","dateModified":"2020-03-01T14:36:15+00:00","breadcrumb":{"@id":"https:\/\/experienciadevida.com.ar\/portalurbano\/el-horror-en-numeros-sesenta-y-tres-femicidios-en-dos-meses\/#breadcrumb"},"inLanguage":"es","potentialAction":[{"@type":"ReadAction","target":["https:\/\/experienciadevida.com.ar\/portalurbano\/el-horror-en-numeros-sesenta-y-tres-femicidios-en-dos-meses\/"]}]},{"@type":"BreadcrumbList","@id":"https:\/\/experienciadevida.com.ar\/portalurbano\/el-horror-en-numeros-sesenta-y-tres-femicidios-en-dos-meses\/#breadcrumb","itemListElement":[{"@type":"ListItem","position":1,"name":"Portada","item":"https:\/\/experienciadevida.com.ar\/portalurbano\/"},{"@type":"ListItem","position":2,"name":"El horror en n\u00fameros: sesenta y tres femicidios en dos meses"}]},{"@type":"WebSite","@id":"https:\/\/experienciadevida.com.ar\/portalurbano\/#website","url":"https:\/\/experienciadevida.com.ar\/portalurbano\/","name":"","description":"","publisher":{"@id":"https:\/\/experienciadevida.com.ar\/portalurbano\/#organization"},"potentialAction":[{"@type":"SearchAction","target":{"@type":"EntryPoint","urlTemplate":"https:\/\/experienciadevida.com.ar\/portalurbano\/?s={search_term_string}"},"query-input":"required name=search_term_string"}],"inLanguage":"es"},{"@type":"Organization","@id":"https:\/\/experienciadevida.com.ar\/portalurbano\/#organization","name":"Portal Urbano","url":"https:\/\/experienciadevida.com.ar\/portalurbano\/","logo":{"@type":"ImageObject","inLanguage":"es","@id":"https:\/\/experienciadevida.com.ar\/portalurbano\/#\/schema\/logo\/image\/","url":"https:\/\/experienciadevida.com.ar\/portalurbano\/wp-content\/uploads\/2019\/09\/Logo-Original.png","contentUrl":"https:\/\/experienciadevida.com.ar\/portalurbano\/wp-content\/uploads\/2019\/09\/Logo-Original.png","width":2236,"height":1216,"caption":"Portal Urbano"},"image":{"@id":"https:\/\/experienciadevida.com.ar\/portalurbano\/#\/schema\/logo\/image\/"},"sameAs":["https:\/\/www.facebook.com\/Portal-Urbano-171542830093757\/","https:\/\/twitter.com\/portalurbanook","https:\/\/www.instagram.com\/_portalurbano\/","https:\/\/www.youtube.com\/channel\/UCXhagIfszH8KxFiOok79zbA?view_as=subscriber"]},{"@type":"Person","@id":"https:\/\/experienciadevida.com.ar\/portalurbano\/#\/schema\/person\/02dd326b1c4b056e9cc972486934a3a7","name":"admpu17wp","image":{"@type":"ImageObject","inLanguage":"es","@id":"https:\/\/experienciadevida.com.ar\/portalurbano\/#\/schema\/person\/image\/","url":"https:\/\/secure.gravatar.com\/avatar\/830d4c57adaae6630765e449a6908047?s=96&d=mm&r=g","contentUrl":"https:\/\/secure.gravatar.com\/avatar\/830d4c57adaae6630765e449a6908047?s=96&d=mm&r=g","caption":"admpu17wp"}}]}},"featured_image_urls":{"full":["https:\/\/experienciadevida.com.ar\/portalurbano\/wp-content\/uploads\/2020\/03\/0006606647-e1583073322439.jpg",800,572,false],"thumbnail":["https:\/\/experienciadevida.com.ar\/portalurbano\/wp-content\/uploads\/2020\/03\/0006606647-150x150.jpg",150,150,true],"medium":["https:\/\/experienciadevida.com.ar\/portalurbano\/wp-content\/uploads\/2020\/03\/0006606647-300x214.jpg",300,214,true],"medium_large":["https:\/\/experienciadevida.com.ar\/portalurbano\/wp-content\/uploads\/2020\/03\/0006606647-768x549.jpg",640,458,true],"large":["https:\/\/experienciadevida.com.ar\/portalurbano\/wp-content\/uploads\/2020\/03\/0006606647-1024x732.jpg",640,458,true],"ug_big":["https:\/\/experienciadevida.com.ar\/portalurbano\/wp-content\/uploads\/2020\/03\/0006606647-768x549.jpg",768,549,true],"1536x1536":["https:\/\/experienciadevida.com.ar\/portalurbano\/wp-content\/uploads\/2020\/03\/0006606647-e1583073322439.jpg",800,572,false],"2048x2048":["https:\/\/experienciadevida.com.ar\/portalurbano\/wp-content\/uploads\/2020\/03\/0006606647-e1583073322439.jpg",800,572,false],"newsever-slider-full":["https:\/\/experienciadevida.com.ar\/portalurbano\/wp-content\/uploads\/2020\/03\/0006606647-e1583073322439.jpg",800,572,false],"newsever-featured":["https:\/\/experienciadevida.com.ar\/portalurbano\/wp-content\/uploads\/2020\/03\/0006606647-e1583073322439.jpg",800,572,false],"newsever-medium":["https:\/\/experienciadevida.com.ar\/portalurbano\/wp-content\/uploads\/2020\/03\/0006606647-e1583073322439.jpg",664,475,false],"web-stories-poster-portrait":["https:\/\/experienciadevida.com.ar\/portalurbano\/wp-content\/uploads\/2020\/03\/0006606647-e1583073322439.jpg",640,458,false],"web-stories-publisher-logo":["https:\/\/experienciadevida.com.ar\/portalurbano\/wp-content\/uploads\/2020\/03\/0006606647-e1583073322439.jpg",96,69,false],"web-stories-thumbnail":["https:\/\/experienciadevida.com.ar\/portalurbano\/wp-content\/uploads\/2020\/03\/0006606647-e1583073322439.jpg",150,107,false]},"author_info":{"display_name":"admpu17wp","author_link":"https:\/\/experienciadevida.com.ar\/portalurbano\/author\/admpu17wp\/"},"category_info":"<a href=\"https:\/\/experienciadevida.com.ar\/portalurbano\/category\/nacion\/\" rel=\"category tag\">Naci\u00f3n<\/a> <a href=\"https:\/\/experienciadevida.com.ar\/portalurbano\/category\/provincia\/\" rel=\"category tag\">Provincia<\/a>","tag_info":"Provincia","comment_count":"0","amp_enabled":true,"_links":{"self":[{"href":"https:\/\/experienciadevida.com.ar\/portalurbano\/wp-json\/wp\/v2\/posts\/102849"}],"collection":[{"href":"https:\/\/experienciadevida.com.ar\/portalurbano\/wp-json\/wp\/v2\/posts"}],"about":[{"href":"https:\/\/experienciadevida.com.ar\/portalurbano\/wp-json\/wp\/v2\/types\/post"}],"author":[{"embeddable":true,"href":"https:\/\/experienciadevida.com.ar\/portalurbano\/wp-json\/wp\/v2\/users\/1"}],"replies":[{"embeddable":true,"href":"https:\/\/experienciadevida.com.ar\/portalurbano\/wp-json\/wp\/v2\/comments?post=102849"}],"version-history":[{"count":1,"href":"https:\/\/experienciadevida.com.ar\/portalurbano\/wp-json\/wp\/v2\/posts\/102849\/revisions"}],"predecessor-version":[{"id":102851,"href":"https:\/\/experienciadevida.com.ar\/portalurbano\/wp-json\/wp\/v2\/posts\/102849\/revisions\/102851"}],"wp:featuredmedia":[{"embeddable":true,"href":"https:\/\/experienciadevida.com.ar\/portalurbano\/wp-json\/wp\/v2\/media\/102850"}],"wp:attachment":[{"href":"https:\/\/experienciadevida.com.ar\/portalurbano\/wp-json\/wp\/v2\/media?parent=102849"}],"wp:term":[{"taxonomy":"category","embeddable":true,"href":"https:\/\/experienciadevida.com.ar\/portalurbano\/wp-json\/wp\/v2\/categories?post=102849"},{"taxonomy":"post_tag","embeddable":true,"href":"https:\/\/experienciadevida.com.ar\/portalurbano\/wp-json\/wp\/v2\/tags?post=102849"}],"curies":[{"name":"wp","href":"https:\/\/api.w.org\/{rel}","templated":true}]}}