{"id":102572,"date":"2020-02-27T12:23:20","date_gmt":"2020-02-27T15:23:20","guid":{"rendered":"https:\/\/experienciadevida.com.ar\/portalurbano\/?p=102572"},"modified":"2020-02-27T12:24:28","modified_gmt":"2020-02-27T15:24:28","slug":"coronavirus-activan-protocolo-de-salud-y-analizan-cuatro-casos-sospechosos","status":"publish","type":"post","link":"https:\/\/experienciadevida.com.ar\/portalurbano\/coronavirus-activan-protocolo-de-salud-y-analizan-cuatro-casos-sospechosos\/","title":{"rendered":"Coronavirus: activan protocolo de salud y analizan cuatro casos sospechosos"},"content":{"rendered":"<p>El temor por el coronavirus lleg\u00f3 a Buenos Aires, hay tres casos sospechosos de Covid- 19 en territorio Argentino y se activ\u00f3 el protocolo sanitario en el pa\u00eds: dos en la Provincia de Buenos Aires y uno en Tierra del Fuego.<\/p>\n<p>Seg\u00fan informaron fuentes sanitarias de la Provincia de Buenos Aires, uno es un chico de 18 a\u00f1os internado en Ezeiza, que present\u00f3 s\u00edntomas compatibles con el coronavirus aunque se cree que no estar\u00eda infectado.<\/p>\n<p>El\u00a0 otro caso corresponde a un hombre de 59 a\u00f1os que est\u00e1 siendo atendido en un sanatorio de San Isidro. Ambos estuvieron de viaje por Europa.<\/p>\n<p>En el d\u00eda de ayer se intensificaron los protocolos vinculados con el coronavirus en varios hospitales Bonaerenses\u00a0 y m\u00e1s all\u00e1 de los casos informados, hay otros que son analizados por pacientes con problemas respiratorios que no tendr\u00edan que ver con el Covid-19 pero que ante la crisis mundial se prefiere descartar sin generar p\u00e1nico a la poblaci\u00f3n.<\/p>\n<p>El tercer caso que se analiza es en Tierra del fuego y se trata de un hombre que lleg\u00f3 al pa\u00eds procedente de Taiw\u00e1n a Ushuaia para participar de un crucero, previa escala en Buenos Aires.<\/p>\n<p>Por otra parte, m\u00e1s all\u00e1 de estos an\u00e1lisis, el Ministro de Salud de la naci\u00f3n, Gin\u00e9s Gonz\u00e1lez Garc\u00eda, subray\u00f3 que todav\u00eda no hay casos confirmados de coronavirus en Argentina y brind\u00f3 detalles de los protocolos que se est\u00e1n poniendo en marcha ante la ola de infecciones por el virus a nivel mundial.<\/p>\n<p>Ayer el Funcionario dijo que &#8220;en este momento no hay casos confirmados de coroanvirus en el pa\u00eds, estamos trabajando para prevenir&#8221;.<\/p>\n<p>Adem\u00e1s dijo que se est\u00e1 cumpliendo rigurosamente con los protocolos de control e insisti\u00f3 en que le teme &#8220;m\u00e1s al dengue que est\u00e1 en el pa\u00eds y est\u00e1 sucediendo ahora&#8221;.<\/p>\n<p>&#8220;Estamos tranquilos porque tenemos todos los mecanismos de alerta vigentes, y adem\u00e1s el riesgo de que el coronavirus llegue a Argentina es bajo por distancia, porque es verano\u00a0 y\u00a0 por muchos factores m\u00e1s&#8221;, explic\u00f3.<\/p>\n<p>Adem\u00e1s Gonz\u00e1lez Garc\u00eda Gin\u00e9s resalt\u00f3 que &#8220;si alguien cree tener alg\u00fan s\u00edntoma como tos o fiebre intensa, es importante que asista a un m\u00e9dico&#8221;.<\/p>\n","protected":false},"excerpt":{"rendered":"<p>El temor por el coronavirus lleg\u00f3 a Buenos Aires, hay tres casos sospechosos de Covid-&#8230;<\/p>\n","protected":false},"author":1,"featured_media":102573,"comment_status":"open","ping_status":"open","sticky":false,"template":"","format":"standard","meta":{"content-type":""},"categories":[39],"tags":[],"nelio_content":{"isAutoShareEnabled":false,"autoShareEndMode":"default","automationSources":{"useContentSentences":true,"useSocialTemplates":true,"useCustomSentences":false,"customSentences":[]},"followers":[1],"suggestedReferences":[],"includedReferences":[],"efiUrl":"","efiAlt":"","highlights":[]},"yoast_head":"<!-- This site is optimized with the Yoast SEO plugin v20.7 - https:\/\/yoast.com\/wordpress\/plugins\/seo\/ -->\n<title>Coronavirus: activan protocolo de salud y analizan cuatro casos sospechosos -<\/title>\n<meta name=\"robots\" content=\"index, follow, max-snippet:-1, max-image-preview:large, max-video-preview:-1\" \/>\n<link rel=\"canonical\" href=\"https:\/\/experienciadevida.com.ar\/portalurbano\/coronavirus-activan-protocolo-de-salud-y-analizan-cuatro-casos-sospechosos\/\" \/>\n<meta property=\"og:locale\" content=\"es_ES\" \/>\n<meta property=\"og:type\" content=\"article\" \/>\n<meta property=\"og:title\" content=\"Coronavirus: activan protocolo de salud y analizan cuatro casos sospechosos -\" \/>\n<meta property=\"og:description\" content=\"El temor por el coronavirus lleg\u00f3 a Buenos Aires, hay tres casos sospechosos de Covid-...\" \/>\n<meta property=\"og:url\" content=\"https:\/\/experienciadevida.com.ar\/portalurbano\/coronavirus-activan-protocolo-de-salud-y-analizan-cuatro-casos-sospechosos\/\" \/>\n<meta property=\"article:publisher\" content=\"https:\/\/www.facebook.com\/Portal-Urbano-171542830093757\/\" \/>\n<meta property=\"article:published_time\" content=\"2020-02-27T15:23:20+00:00\" \/>\n<meta property=\"article:modified_time\" content=\"2020-02-27T15:24:28+00:00\" \/>\n<meta property=\"og:image\" content=\"https:\/\/experienciadevida.com.ar\/portalurbano\/wp-content\/uploads\/2020\/02\/CORONAVIRUS1.png\" \/>\n\t<meta property=\"og:image:width\" content=\"783\" \/>\n\t<meta property=\"og:image:height\" content=\"470\" \/>\n\t<meta property=\"og:image:type\" content=\"image\/png\" \/>\n<meta name=\"author\" content=\"admpu17wp\" \/>\n<meta name=\"twitter:card\" content=\"summary_large_image\" \/>\n<meta name=\"twitter:creator\" content=\"@portalurbanook\" \/>\n<meta name=\"twitter:site\" content=\"@portalurbanook\" \/>\n<meta name=\"twitter:label1\" content=\"Escrito por\" \/>\n\t<meta name=\"twitter:data1\" content=\"admpu17wp\" \/>\n\t<meta name=\"twitter:label2\" content=\"Tiempo de lectura\" \/>\n\t<meta name=\"twitter:data2\" content=\"2 minutos\" \/>\n<script type=\"application\/ld+json\" class=\"yoast-schema-graph\">{\"@context\":\"https:\/\/schema.org\",\"@graph\":[{\"@type\":\"Article\",\"@id\":\"https:\/\/experienciadevida.com.ar\/portalurbano\/coronavirus-activan-protocolo-de-salud-y-analizan-cuatro-casos-sospechosos\/#article\",\"isPartOf\":{\"@id\":\"https:\/\/experienciadevida.com.ar\/portalurbano\/coronavirus-activan-protocolo-de-salud-y-analizan-cuatro-casos-sospechosos\/\"},\"author\":{\"name\":\"admpu17wp\",\"@id\":\"https:\/\/experienciadevida.com.ar\/portalurbano\/#\/schema\/person\/02dd326b1c4b056e9cc972486934a3a7\"},\"headline\":\"Coronavirus: activan protocolo de salud y analizan cuatro casos sospechosos\",\"datePublished\":\"2020-02-27T15:23:20+00:00\",\"dateModified\":\"2020-02-27T15:24:28+00:00\",\"mainEntityOfPage\":{\"@id\":\"https:\/\/experienciadevida.com.ar\/portalurbano\/coronavirus-activan-protocolo-de-salud-y-analizan-cuatro-casos-sospechosos\/\"},\"wordCount\":396,\"commentCount\":0,\"publisher\":{\"@id\":\"https:\/\/experienciadevida.com.ar\/portalurbano\/#organization\"},\"articleSection\":[\"Naci\u00f3n\"],\"inLanguage\":\"es\",\"potentialAction\":[{\"@type\":\"CommentAction\",\"name\":\"Comment\",\"target\":[\"https:\/\/experienciadevida.com.ar\/portalurbano\/coronavirus-activan-protocolo-de-salud-y-analizan-cuatro-casos-sospechosos\/#respond\"]}]},{\"@type\":\"WebPage\",\"@id\":\"https:\/\/experienciadevida.com.ar\/portalurbano\/coronavirus-activan-protocolo-de-salud-y-analizan-cuatro-casos-sospechosos\/\",\"url\":\"https:\/\/experienciadevida.com.ar\/portalurbano\/coronavirus-activan-protocolo-de-salud-y-analizan-cuatro-casos-sospechosos\/\",\"name\":\"Coronavirus: activan protocolo de salud y analizan cuatro casos sospechosos -\",\"isPartOf\":{\"@id\":\"https:\/\/experienciadevida.com.ar\/portalurbano\/#website\"},\"datePublished\":\"2020-02-27T15:23:20+00:00\",\"dateModified\":\"2020-02-27T15:24:28+00:00\",\"breadcrumb\":{\"@id\":\"https:\/\/experienciadevida.com.ar\/portalurbano\/coronavirus-activan-protocolo-de-salud-y-analizan-cuatro-casos-sospechosos\/#breadcrumb\"},\"inLanguage\":\"es\",\"potentialAction\":[{\"@type\":\"ReadAction\",\"target\":[\"https:\/\/experienciadevida.com.ar\/portalurbano\/coronavirus-activan-protocolo-de-salud-y-analizan-cuatro-casos-sospechosos\/\"]}]},{\"@type\":\"BreadcrumbList\",\"@id\":\"https:\/\/experienciadevida.com.ar\/portalurbano\/coronavirus-activan-protocolo-de-salud-y-analizan-cuatro-casos-sospechosos\/#breadcrumb\",\"itemListElement\":[{\"@type\":\"ListItem\",\"position\":1,\"name\":\"Portada\",\"item\":\"https:\/\/experienciadevida.com.ar\/portalurbano\/\"},{\"@type\":\"ListItem\",\"position\":2,\"name\":\"Coronavirus: activan protocolo de salud y analizan cuatro casos sospechosos\"}]},{\"@type\":\"WebSite\",\"@id\":\"https:\/\/experienciadevida.com.ar\/portalurbano\/#website\",\"url\":\"https:\/\/experienciadevida.com.ar\/portalurbano\/\",\"name\":\"\",\"description\":\"\",\"publisher\":{\"@id\":\"https:\/\/experienciadevida.com.ar\/portalurbano\/#organization\"},\"potentialAction\":[{\"@type\":\"SearchAction\",\"target\":{\"@type\":\"EntryPoint\",\"urlTemplate\":\"https:\/\/experienciadevida.com.ar\/portalurbano\/?s={search_term_string}\"},\"query-input\":\"required name=search_term_string\"}],\"inLanguage\":\"es\"},{\"@type\":\"Organization\",\"@id\":\"https:\/\/experienciadevida.com.ar\/portalurbano\/#organization\",\"name\":\"Portal Urbano\",\"url\":\"https:\/\/experienciadevida.com.ar\/portalurbano\/\",\"logo\":{\"@type\":\"ImageObject\",\"inLanguage\":\"es\",\"@id\":\"https:\/\/experienciadevida.com.ar\/portalurbano\/#\/schema\/logo\/image\/\",\"url\":\"https:\/\/experienciadevida.com.ar\/portalurbano\/wp-content\/uploads\/2019\/09\/Logo-Original.png\",\"contentUrl\":\"https:\/\/experienciadevida.com.ar\/portalurbano\/wp-content\/uploads\/2019\/09\/Logo-Original.png\",\"width\":2236,\"height\":1216,\"caption\":\"Portal Urbano\"},\"image\":{\"@id\":\"https:\/\/experienciadevida.com.ar\/portalurbano\/#\/schema\/logo\/image\/\"},\"sameAs\":[\"https:\/\/www.facebook.com\/Portal-Urbano-171542830093757\/\",\"https:\/\/twitter.com\/portalurbanook\",\"https:\/\/www.instagram.com\/_portalurbano\/\",\"https:\/\/www.youtube.com\/channel\/UCXhagIfszH8KxFiOok79zbA?view_as=subscriber\"]},{\"@type\":\"Person\",\"@id\":\"https:\/\/experienciadevida.com.ar\/portalurbano\/#\/schema\/person\/02dd326b1c4b056e9cc972486934a3a7\",\"name\":\"admpu17wp\",\"image\":{\"@type\":\"ImageObject\",\"inLanguage\":\"es\",\"@id\":\"https:\/\/experienciadevida.com.ar\/portalurbano\/#\/schema\/person\/image\/\",\"url\":\"https:\/\/secure.gravatar.com\/avatar\/830d4c57adaae6630765e449a6908047?s=96&d=mm&r=g\",\"contentUrl\":\"https:\/\/secure.gravatar.com\/avatar\/830d4c57adaae6630765e449a6908047?s=96&d=mm&r=g\",\"caption\":\"admpu17wp\"}}]}<\/script>\n<!-- \/ Yoast SEO plugin. -->","yoast_head_json":{"title":"Coronavirus: activan protocolo de salud y analizan cuatro casos sospechosos -","robots":{"index":"index","follow":"follow","max-snippet":"max-snippet:-1","max-image-preview":"max-image-preview:large","max-video-preview":"max-video-preview:-1"},"canonical":"https:\/\/experienciadevida.com.ar\/portalurbano\/coronavirus-activan-protocolo-de-salud-y-analizan-cuatro-casos-sospechosos\/","og_locale":"es_ES","og_type":"article","og_title":"Coronavirus: activan protocolo de salud y analizan cuatro casos sospechosos -","og_description":"El temor por el coronavirus lleg\u00f3 a Buenos Aires, hay tres casos sospechosos de Covid-...","og_url":"https:\/\/experienciadevida.com.ar\/portalurbano\/coronavirus-activan-protocolo-de-salud-y-analizan-cuatro-casos-sospechosos\/","article_publisher":"https:\/\/www.facebook.com\/Portal-Urbano-171542830093757\/","article_published_time":"2020-02-27T15:23:20+00:00","article_modified_time":"2020-02-27T15:24:28+00:00","og_image":[{"width":783,"height":470,"url":"https:\/\/experienciadevida.com.ar\/portalurbano\/wp-content\/uploads\/2020\/02\/CORONAVIRUS1.png","type":"image\/png"}],"author":"admpu17wp","twitter_card":"summary_large_image","twitter_creator":"@portalurbanook","twitter_site":"@portalurbanook","twitter_misc":{"Escrito por":"admpu17wp","Tiempo de lectura":"2 minutos"},"schema":{"@context":"https:\/\/schema.org","@graph":[{"@type":"Article","@id":"https:\/\/experienciadevida.com.ar\/portalurbano\/coronavirus-activan-protocolo-de-salud-y-analizan-cuatro-casos-sospechosos\/#article","isPartOf":{"@id":"https:\/\/experienciadevida.com.ar\/portalurbano\/coronavirus-activan-protocolo-de-salud-y-analizan-cuatro-casos-sospechosos\/"},"author":{"name":"admpu17wp","@id":"https:\/\/experienciadevida.com.ar\/portalurbano\/#\/schema\/person\/02dd326b1c4b056e9cc972486934a3a7"},"headline":"Coronavirus: activan protocolo de salud y analizan cuatro casos sospechosos","datePublished":"2020-02-27T15:23:20+00:00","dateModified":"2020-02-27T15:24:28+00:00","mainEntityOfPage":{"@id":"https:\/\/experienciadevida.com.ar\/portalurbano\/coronavirus-activan-protocolo-de-salud-y-analizan-cuatro-casos-sospechosos\/"},"wordCount":396,"commentCount":0,"publisher":{"@id":"https:\/\/experienciadevida.com.ar\/portalurbano\/#organization"},"articleSection":["Naci\u00f3n"],"inLanguage":"es","potentialAction":[{"@type":"CommentAction","name":"Comment","target":["https:\/\/experienciadevida.com.ar\/portalurbano\/coronavirus-activan-protocolo-de-salud-y-analizan-cuatro-casos-sospechosos\/#respond"]}]},{"@type":"WebPage","@id":"https:\/\/experienciadevida.com.ar\/portalurbano\/coronavirus-activan-protocolo-de-salud-y-analizan-cuatro-casos-sospechosos\/","url":"https:\/\/experienciadevida.com.ar\/portalurbano\/coronavirus-activan-protocolo-de-salud-y-analizan-cuatro-casos-sospechosos\/","name":"Coronavirus: activan protocolo de salud y analizan cuatro casos sospechosos -","isPartOf":{"@id":"https:\/\/experienciadevida.com.ar\/portalurbano\/#website"},"datePublished":"2020-02-27T15:23:20+00:00","dateModified":"2020-02-27T15:24:28+00:00","breadcrumb":{"@id":"https:\/\/experienciadevida.com.ar\/portalurbano\/coronavirus-activan-protocolo-de-salud-y-analizan-cuatro-casos-sospechosos\/#breadcrumb"},"inLanguage":"es","potentialAction":[{"@type":"ReadAction","target":["https:\/\/experienciadevida.com.ar\/portalurbano\/coronavirus-activan-protocolo-de-salud-y-analizan-cuatro-casos-sospechosos\/"]}]},{"@type":"BreadcrumbList","@id":"https:\/\/experienciadevida.com.ar\/portalurbano\/coronavirus-activan-protocolo-de-salud-y-analizan-cuatro-casos-sospechosos\/#breadcrumb","itemListElement":[{"@type":"ListItem","position":1,"name":"Portada","item":"https:\/\/experienciadevida.com.ar\/portalurbano\/"},{"@type":"ListItem","position":2,"name":"Coronavirus: activan protocolo de salud y analizan cuatro casos sospechosos"}]},{"@type":"WebSite","@id":"https:\/\/experienciadevida.com.ar\/portalurbano\/#website","url":"https:\/\/experienciadevida.com.ar\/portalurbano\/","name":"","description":"","publisher":{"@id":"https:\/\/experienciadevida.com.ar\/portalurbano\/#organization"},"potentialAction":[{"@type":"SearchAction","target":{"@type":"EntryPoint","urlTemplate":"https:\/\/experienciadevida.com.ar\/portalurbano\/?s={search_term_string}"},"query-input":"required name=search_term_string"}],"inLanguage":"es"},{"@type":"Organization","@id":"https:\/\/experienciadevida.com.ar\/portalurbano\/#organization","name":"Portal Urbano","url":"https:\/\/experienciadevida.com.ar\/portalurbano\/","logo":{"@type":"ImageObject","inLanguage":"es","@id":"https:\/\/experienciadevida.com.ar\/portalurbano\/#\/schema\/logo\/image\/","url":"https:\/\/experienciadevida.com.ar\/portalurbano\/wp-content\/uploads\/2019\/09\/Logo-Original.png","contentUrl":"https:\/\/experienciadevida.com.ar\/portalurbano\/wp-content\/uploads\/2019\/09\/Logo-Original.png","width":2236,"height":1216,"caption":"Portal Urbano"},"image":{"@id":"https:\/\/experienciadevida.com.ar\/portalurbano\/#\/schema\/logo\/image\/"},"sameAs":["https:\/\/www.facebook.com\/Portal-Urbano-171542830093757\/","https:\/\/twitter.com\/portalurbanook","https:\/\/www.instagram.com\/_portalurbano\/","https:\/\/www.youtube.com\/channel\/UCXhagIfszH8KxFiOok79zbA?view_as=subscriber"]},{"@type":"Person","@id":"https:\/\/experienciadevida.com.ar\/portalurbano\/#\/schema\/person\/02dd326b1c4b056e9cc972486934a3a7","name":"admpu17wp","image":{"@type":"ImageObject","inLanguage":"es","@id":"https:\/\/experienciadevida.com.ar\/portalurbano\/#\/schema\/person\/image\/","url":"https:\/\/secure.gravatar.com\/avatar\/830d4c57adaae6630765e449a6908047?s=96&d=mm&r=g","contentUrl":"https:\/\/secure.gravatar.com\/avatar\/830d4c57adaae6630765e449a6908047?s=96&d=mm&r=g","caption":"admpu17wp"}}]}},"featured_image_urls":{"full":["https:\/\/experienciadevida.com.ar\/portalurbano\/wp-content\/uploads\/2020\/02\/CORONAVIRUS1.png",783,470,false],"thumbnail":["https:\/\/experienciadevida.com.ar\/portalurbano\/wp-content\/uploads\/2020\/02\/CORONAVIRUS1-150x150.png",150,150,true],"medium":["https:\/\/experienciadevida.com.ar\/portalurbano\/wp-content\/uploads\/2020\/02\/CORONAVIRUS1-300x180.png",300,180,true],"medium_large":["https:\/\/experienciadevida.com.ar\/portalurbano\/wp-content\/uploads\/2020\/02\/CORONAVIRUS1-768x461.png",640,384,true],"large":["https:\/\/experienciadevida.com.ar\/portalurbano\/wp-content\/uploads\/2020\/02\/CORONAVIRUS1.png",640,384,false],"ug_big":["https:\/\/experienciadevida.com.ar\/portalurbano\/wp-content\/uploads\/2020\/02\/CORONAVIRUS1-768x461.png",768,461,true],"1536x1536":["https:\/\/experienciadevida.com.ar\/portalurbano\/wp-content\/uploads\/2020\/02\/CORONAVIRUS1.png",783,470,false],"2048x2048":["https:\/\/experienciadevida.com.ar\/portalurbano\/wp-content\/uploads\/2020\/02\/CORONAVIRUS1.png",783,470,false],"newsever-slider-full":["https:\/\/experienciadevida.com.ar\/portalurbano\/wp-content\/uploads\/2020\/02\/CORONAVIRUS1.png",783,470,false],"newsever-featured":["https:\/\/experienciadevida.com.ar\/portalurbano\/wp-content\/uploads\/2020\/02\/CORONAVIRUS1.png",783,470,false],"newsever-medium":["https:\/\/experienciadevida.com.ar\/portalurbano\/wp-content\/uploads\/2020\/02\/CORONAVIRUS1.png",720,432,false],"web-stories-poster-portrait":["https:\/\/experienciadevida.com.ar\/portalurbano\/wp-content\/uploads\/2020\/02\/CORONAVIRUS1.png",640,384,false],"web-stories-publisher-logo":["https:\/\/experienciadevida.com.ar\/portalurbano\/wp-content\/uploads\/2020\/02\/CORONAVIRUS1.png",96,58,false],"web-stories-thumbnail":["https:\/\/experienciadevida.com.ar\/portalurbano\/wp-content\/uploads\/2020\/02\/CORONAVIRUS1.png",150,90,false]},"author_info":{"display_name":"admpu17wp","author_link":"https:\/\/experienciadevida.com.ar\/portalurbano\/author\/admpu17wp\/"},"category_info":"<a href=\"https:\/\/experienciadevida.com.ar\/portalurbano\/category\/nacion\/\" rel=\"category tag\">Naci\u00f3n<\/a>","tag_info":"Naci\u00f3n","comment_count":"0","amp_enabled":true,"_links":{"self":[{"href":"https:\/\/experienciadevida.com.ar\/portalurbano\/wp-json\/wp\/v2\/posts\/102572"}],"collection":[{"href":"https:\/\/experienciadevida.com.ar\/portalurbano\/wp-json\/wp\/v2\/posts"}],"about":[{"href":"https:\/\/experienciadevida.com.ar\/portalurbano\/wp-json\/wp\/v2\/types\/post"}],"author":[{"embeddable":true,"href":"https:\/\/experienciadevida.com.ar\/portalurbano\/wp-json\/wp\/v2\/users\/1"}],"replies":[{"embeddable":true,"href":"https:\/\/experienciadevida.com.ar\/portalurbano\/wp-json\/wp\/v2\/comments?post=102572"}],"version-history":[{"count":1,"href":"https:\/\/experienciadevida.com.ar\/portalurbano\/wp-json\/wp\/v2\/posts\/102572\/revisions"}],"predecessor-version":[{"id":102574,"href":"https:\/\/experienciadevida.com.ar\/portalurbano\/wp-json\/wp\/v2\/posts\/102572\/revisions\/102574"}],"wp:featuredmedia":[{"embeddable":true,"href":"https:\/\/experienciadevida.com.ar\/portalurbano\/wp-json\/wp\/v2\/media\/102573"}],"wp:attachment":[{"href":"https:\/\/experienciadevida.com.ar\/portalurbano\/wp-json\/wp\/v2\/media?parent=102572"}],"wp:term":[{"taxonomy":"category","embeddable":true,"href":"https:\/\/experienciadevida.com.ar\/portalurbano\/wp-json\/wp\/v2\/categories?post=102572"},{"taxonomy":"post_tag","embeddable":true,"href":"https:\/\/experienciadevida.com.ar\/portalurbano\/wp-json\/wp\/v2\/tags?post=102572"}],"curies":[{"name":"wp","href":"https:\/\/api.w.org\/{rel}","templated":true}]}}