{"id":102546,"date":"2020-02-27T11:08:28","date_gmt":"2020-02-27T14:08:28","guid":{"rendered":"https:\/\/experienciadevida.com.ar\/portalurbano\/?p=102546"},"modified":"2020-02-27T21:18:51","modified_gmt":"2020-02-28T00:18:51","slug":"paritaria-docente-2020-cinco-gremios-acordaron-un-salario-inicial-de-23-mil-en-marzo","status":"publish","type":"post","link":"https:\/\/experienciadevida.com.ar\/portalurbano\/paritaria-docente-2020-cinco-gremios-acordaron-un-salario-inicial-de-23-mil-en-marzo\/","title":{"rendered":"Paritaria docente 2020: cinco gremios acordaron un salario inicial de $23 mil en marzo"},"content":{"rendered":"<p class=\"interiorCopete\">Adem\u00e1s, se convino una suma extraordinaria no remunerativa de 4.840 pesos, que se abonar\u00e1 en cuatro cuotas de 1.210 cada una.<\/p>\n<p>Los cinco gremios docentes con representaci\u00f3n nacional y los funcionarios de los Ministerios de Educaci\u00f3n y Trabajo acordaron hoy\u00a0un salario m\u00ednimo inicial de 23 mil pesos\u00a0a partir del 1\u00b0 de marzo y de 25 mil pesos desde el 1\u00b0 de julio pr\u00f3ximo, inform\u00f3 el ministro de Educaci\u00f3n, Nicol\u00e1s Trotta, quien asegur\u00f3 que tambi\u00e9n se convino una suma extraordinaria no remunerativa de 4.840 pesos, que se abonar\u00e1 en cuatro cuotas de 1.210 cada una, por lo que el acuerdo garantiz\u00f3 el inicio del ciclo lectivo de este a\u00f1o.<\/p>\n<p>En un encuentro realizado en la sede educativa nacional, en el que tambi\u00e9n particip\u00f3 el titular de la cartera laboral, Claudio Moroni; funcionarios del Consejo Federal de Educaci\u00f3n y los sindicatos con representaci\u00f3n nacional, se acord\u00f3 que esas sumas no remunerativas sean abonadas consecutivamente en los meses de abril, mayo, junio y julio, explic\u00f3 el titular de la Uni\u00f3n Docentes Argentinos (UDA), Sergio Romero.<\/p>\n<p>El sindicalista, uno de los referentes de los cinco gremios nacionales, tambi\u00e9n explic\u00f3 que gobierno y dirigentes\u00a0ratificaron la vigencia del pago de los 1.210 pesos por cargo\u00a0-hasta dos- en concepto del Fondo Nacional de Incentivo Docente (Fonid), detall\u00f3.<\/p>\n<p>&#8220;Ese dinero en concepto del Fonid no se toca. Continuar\u00e1 siendo abonado como hasta ahora&#8221;, precis\u00f3 Romero. De ahora en m\u00e1s habr\u00e1 que comenzar a trabajar en &#8220;el pago de sumas remunerativas, para lo cual se impone la continuidad de las reuniones, en especial de la Comisi\u00f3n del Salario, ya que fue solo el puntapi\u00e9 inicial, luego de la destrucci\u00f3n operada durante los \u00faltimos cuatro a\u00f1os\u0094 de macrismo.<\/p>\n<p>Romero tambi\u00e9n detall\u00f3 que\u00a0el alza del m\u00ednimo inicial a 23 mil pesos en marzo y a 25 mil en julio pr\u00f3ximo represent\u00f3 una mejora salarial del 13 y el 16 por ciento, respectivamente.<\/p>\n<p>Luego de cuatro a\u00f1os sin Paritaria Federal -que determina el piso m\u00ednimo inicial referencial para que lo analicen y negocien en paritarias los gremios de las provincias los sindicatos acordaron el ingreso inicial luego de apenas dos encuentros en el ministerio de educaci\u00f3n.<\/p>\n<p>La paritaria hab\u00eda sido inaugurada de manera formal el30 de enero \u00faltimo\u00a0y, la semana anterior, hab\u00edan comenzado a deliberar las comisiones t\u00e9cnicas pedag\u00f3gicas y formativas.<\/p>\n<div id=\"div-gpt-ad-nota-717090\" class=\"banner-90\" data-mapping=\"mapping9\" data-google-query-id=\"CK2VyOLw8ecCFUMC1Aodcc8B2Q\">\n<p>Trotta fue el encargado de anunciar la mejora salarial en una conferencia de prensa ofrecida inmediatamente despu\u00e9s de firmado el acuerdo con los sindicatos. El ministro detall\u00f3 que las cuatro cuotas no remunerativas de 1.210 pesos ser\u00e1n &#8220;iguales, mensuales y consecutivas&#8221; y precis\u00f3 que &#8220;la decisi\u00f3n oficial de convocar a la paritaria nacional docente es una etapa de consenso que procura dejar atr\u00e1s los desencuentros&#8221;.<\/p>\n<p>En ese sentido, el funcionario expres\u00f3 que &#8220;esta primera reuni\u00f3n se relacion\u00f3 con el desaf\u00edo que debe enfrentar la Argentina respecto del progresivo proceso de inversi\u00f3n educativo&#8221;, en tanto Moroni celebr\u00f3 &#8220;la apertura, discusi\u00f3n y acuerdo&#8221; y\u00a0realz\u00f3 &#8220;la posibilidad de alcanzar convenios en circunstancias complejas como la actual&#8221;.<\/p>\n<p>El encuentro se realiz\u00f3 en el Palacio Sarmiento y participaron los delegados paritarios de la\u00a0Confederaci\u00f3n de Trabajadores de la Educaci\u00f3n (Ctera), la UDA, la Confederaci\u00f3n de Educadores Argentinos (CEA), el Sindicato Argentino de Docentes Privados (Sadop) y la Asociaci\u00f3n del Magisterio de Ense\u00f1anza T\u00e9cnica (AMET).<\/p>\n<\/div>\n<div id=\"div-gpt-ad-nota-966114\" class=\"banner-90\" data-mapping=\"mapping9\" data-google-query-id=\"CL2UyOLw8ecCFUMC1Aodcc8B2Q\">\n<article id=\"article-post\">\n<div class=\"cuerpo\" data-twitter-link=\"https:\/\/twitter.com\/intent\/tweet?url=https:\/\/www.diariopopular.com.ar\/\/c461696&amp;via=poopulardiario&amp;related=Diario Popular&amp;text=\">\n<p>El dato relevante fue la reinserci\u00f3n del\u00a0Sadop\u00a0-que conduce Jorge Kalinger- en la Paritaria Federal, ya que hab\u00eda sido aislado de la negociaci\u00f3n hace varios a\u00f1os por el ex ministro Esteban Bullrich por considerarlo &#8220;ajeno&#8221; a la discusi\u00f3n salarial con el Estado Nacional.<\/p>\n<\/div>\n<\/article>\n<div class=\"object-important-people\"><\/div>\n<\/div>\n","protected":false},"excerpt":{"rendered":"<p>Adem\u00e1s, se convino una suma extraordinaria no remunerativa de 4.840 pesos, que se abonar\u00e1 en&#8230;<\/p>\n","protected":false},"author":1,"featured_media":102547,"comment_status":"open","ping_status":"open","sticky":false,"template":"","format":"standard","meta":{"content-type":""},"categories":[39],"tags":[],"nelio_content":{"isAutoShareEnabled":false,"autoShareEndMode":"default","automationSources":{"useContentSentences":true,"useSocialTemplates":true,"useCustomSentences":false,"customSentences":[]},"followers":[1],"suggestedReferences":[],"includedReferences":[],"efiUrl":"","efiAlt":"","highlights":[]},"yoast_head":"<!-- This site is optimized with the Yoast SEO plugin v20.7 - https:\/\/yoast.com\/wordpress\/plugins\/seo\/ -->\n<title>Paritaria docente 2020: cinco gremios acordaron un salario inicial de $23 mil en marzo -<\/title>\n<meta name=\"robots\" content=\"index, follow, max-snippet:-1, max-image-preview:large, max-video-preview:-1\" \/>\n<link rel=\"canonical\" href=\"https:\/\/experienciadevida.com.ar\/portalurbano\/paritaria-docente-2020-cinco-gremios-acordaron-un-salario-inicial-de-23-mil-en-marzo\/\" \/>\n<meta property=\"og:locale\" content=\"es_ES\" \/>\n<meta property=\"og:type\" content=\"article\" \/>\n<meta property=\"og:title\" content=\"Paritaria docente 2020: cinco gremios acordaron un salario inicial de $23 mil en marzo -\" \/>\n<meta property=\"og:description\" content=\"Adem\u00e1s, se convino una suma extraordinaria no remunerativa de 4.840 pesos, que se abonar\u00e1 en...\" \/>\n<meta property=\"og:url\" content=\"https:\/\/experienciadevida.com.ar\/portalurbano\/paritaria-docente-2020-cinco-gremios-acordaron-un-salario-inicial-de-23-mil-en-marzo\/\" \/>\n<meta property=\"article:publisher\" content=\"https:\/\/www.facebook.com\/Portal-Urbano-171542830093757\/\" \/>\n<meta property=\"article:published_time\" content=\"2020-02-27T14:08:28+00:00\" \/>\n<meta property=\"article:modified_time\" content=\"2020-02-28T00:18:51+00:00\" \/>\n<meta property=\"og:image\" content=\"https:\/\/experienciadevida.com.ar\/portalurbano\/wp-content\/uploads\/2020\/02\/PARITARIA-e1582811755520.jpg\" \/>\n\t<meta property=\"og:image:width\" content=\"765\" \/>\n\t<meta property=\"og:image:height\" content=\"451\" \/>\n\t<meta property=\"og:image:type\" content=\"image\/jpeg\" \/>\n<meta name=\"author\" content=\"admpu17wp\" \/>\n<meta name=\"twitter:card\" content=\"summary_large_image\" \/>\n<meta name=\"twitter:creator\" content=\"@portalurbanook\" \/>\n<meta name=\"twitter:site\" content=\"@portalurbanook\" \/>\n<meta name=\"twitter:label1\" content=\"Escrito por\" \/>\n\t<meta name=\"twitter:data1\" content=\"admpu17wp\" \/>\n\t<meta name=\"twitter:label2\" content=\"Tiempo de lectura\" \/>\n\t<meta name=\"twitter:data2\" content=\"3 minutos\" \/>\n<script type=\"application\/ld+json\" class=\"yoast-schema-graph\">{\"@context\":\"https:\/\/schema.org\",\"@graph\":[{\"@type\":\"Article\",\"@id\":\"https:\/\/experienciadevida.com.ar\/portalurbano\/paritaria-docente-2020-cinco-gremios-acordaron-un-salario-inicial-de-23-mil-en-marzo\/#article\",\"isPartOf\":{\"@id\":\"https:\/\/experienciadevida.com.ar\/portalurbano\/paritaria-docente-2020-cinco-gremios-acordaron-un-salario-inicial-de-23-mil-en-marzo\/\"},\"author\":{\"name\":\"admpu17wp\",\"@id\":\"https:\/\/experienciadevida.com.ar\/portalurbano\/#\/schema\/person\/02dd326b1c4b056e9cc972486934a3a7\"},\"headline\":\"Paritaria docente 2020: cinco gremios acordaron un salario inicial de $23 mil en marzo\",\"datePublished\":\"2020-02-27T14:08:28+00:00\",\"dateModified\":\"2020-02-28T00:18:51+00:00\",\"mainEntityOfPage\":{\"@id\":\"https:\/\/experienciadevida.com.ar\/portalurbano\/paritaria-docente-2020-cinco-gremios-acordaron-un-salario-inicial-de-23-mil-en-marzo\/\"},\"wordCount\":634,\"commentCount\":0,\"publisher\":{\"@id\":\"https:\/\/experienciadevida.com.ar\/portalurbano\/#organization\"},\"articleSection\":[\"Naci\u00f3n\"],\"inLanguage\":\"es\",\"potentialAction\":[{\"@type\":\"CommentAction\",\"name\":\"Comment\",\"target\":[\"https:\/\/experienciadevida.com.ar\/portalurbano\/paritaria-docente-2020-cinco-gremios-acordaron-un-salario-inicial-de-23-mil-en-marzo\/#respond\"]}]},{\"@type\":\"WebPage\",\"@id\":\"https:\/\/experienciadevida.com.ar\/portalurbano\/paritaria-docente-2020-cinco-gremios-acordaron-un-salario-inicial-de-23-mil-en-marzo\/\",\"url\":\"https:\/\/experienciadevida.com.ar\/portalurbano\/paritaria-docente-2020-cinco-gremios-acordaron-un-salario-inicial-de-23-mil-en-marzo\/\",\"name\":\"Paritaria docente 2020: cinco gremios acordaron un salario inicial de $23 mil en marzo -\",\"isPartOf\":{\"@id\":\"https:\/\/experienciadevida.com.ar\/portalurbano\/#website\"},\"datePublished\":\"2020-02-27T14:08:28+00:00\",\"dateModified\":\"2020-02-28T00:18:51+00:00\",\"breadcrumb\":{\"@id\":\"https:\/\/experienciadevida.com.ar\/portalurbano\/paritaria-docente-2020-cinco-gremios-acordaron-un-salario-inicial-de-23-mil-en-marzo\/#breadcrumb\"},\"inLanguage\":\"es\",\"potentialAction\":[{\"@type\":\"ReadAction\",\"target\":[\"https:\/\/experienciadevida.com.ar\/portalurbano\/paritaria-docente-2020-cinco-gremios-acordaron-un-salario-inicial-de-23-mil-en-marzo\/\"]}]},{\"@type\":\"BreadcrumbList\",\"@id\":\"https:\/\/experienciadevida.com.ar\/portalurbano\/paritaria-docente-2020-cinco-gremios-acordaron-un-salario-inicial-de-23-mil-en-marzo\/#breadcrumb\",\"itemListElement\":[{\"@type\":\"ListItem\",\"position\":1,\"name\":\"Portada\",\"item\":\"https:\/\/experienciadevida.com.ar\/portalurbano\/\"},{\"@type\":\"ListItem\",\"position\":2,\"name\":\"Paritaria docente 2020: cinco gremios acordaron un salario inicial de $23 mil en marzo\"}]},{\"@type\":\"WebSite\",\"@id\":\"https:\/\/experienciadevida.com.ar\/portalurbano\/#website\",\"url\":\"https:\/\/experienciadevida.com.ar\/portalurbano\/\",\"name\":\"\",\"description\":\"\",\"publisher\":{\"@id\":\"https:\/\/experienciadevida.com.ar\/portalurbano\/#organization\"},\"potentialAction\":[{\"@type\":\"SearchAction\",\"target\":{\"@type\":\"EntryPoint\",\"urlTemplate\":\"https:\/\/experienciadevida.com.ar\/portalurbano\/?s={search_term_string}\"},\"query-input\":\"required name=search_term_string\"}],\"inLanguage\":\"es\"},{\"@type\":\"Organization\",\"@id\":\"https:\/\/experienciadevida.com.ar\/portalurbano\/#organization\",\"name\":\"Portal Urbano\",\"url\":\"https:\/\/experienciadevida.com.ar\/portalurbano\/\",\"logo\":{\"@type\":\"ImageObject\",\"inLanguage\":\"es\",\"@id\":\"https:\/\/experienciadevida.com.ar\/portalurbano\/#\/schema\/logo\/image\/\",\"url\":\"https:\/\/experienciadevida.com.ar\/portalurbano\/wp-content\/uploads\/2019\/09\/Logo-Original.png\",\"contentUrl\":\"https:\/\/experienciadevida.com.ar\/portalurbano\/wp-content\/uploads\/2019\/09\/Logo-Original.png\",\"width\":2236,\"height\":1216,\"caption\":\"Portal Urbano\"},\"image\":{\"@id\":\"https:\/\/experienciadevida.com.ar\/portalurbano\/#\/schema\/logo\/image\/\"},\"sameAs\":[\"https:\/\/www.facebook.com\/Portal-Urbano-171542830093757\/\",\"https:\/\/twitter.com\/portalurbanook\",\"https:\/\/www.instagram.com\/_portalurbano\/\",\"https:\/\/www.youtube.com\/channel\/UCXhagIfszH8KxFiOok79zbA?view_as=subscriber\"]},{\"@type\":\"Person\",\"@id\":\"https:\/\/experienciadevida.com.ar\/portalurbano\/#\/schema\/person\/02dd326b1c4b056e9cc972486934a3a7\",\"name\":\"admpu17wp\",\"image\":{\"@type\":\"ImageObject\",\"inLanguage\":\"es\",\"@id\":\"https:\/\/experienciadevida.com.ar\/portalurbano\/#\/schema\/person\/image\/\",\"url\":\"https:\/\/secure.gravatar.com\/avatar\/830d4c57adaae6630765e449a6908047?s=96&d=mm&r=g\",\"contentUrl\":\"https:\/\/secure.gravatar.com\/avatar\/830d4c57adaae6630765e449a6908047?s=96&d=mm&r=g\",\"caption\":\"admpu17wp\"}}]}<\/script>\n<!-- \/ Yoast SEO plugin. -->","yoast_head_json":{"title":"Paritaria docente 2020: cinco gremios acordaron un salario inicial de $23 mil en marzo -","robots":{"index":"index","follow":"follow","max-snippet":"max-snippet:-1","max-image-preview":"max-image-preview:large","max-video-preview":"max-video-preview:-1"},"canonical":"https:\/\/experienciadevida.com.ar\/portalurbano\/paritaria-docente-2020-cinco-gremios-acordaron-un-salario-inicial-de-23-mil-en-marzo\/","og_locale":"es_ES","og_type":"article","og_title":"Paritaria docente 2020: cinco gremios acordaron un salario inicial de $23 mil en marzo -","og_description":"Adem\u00e1s, se convino una suma extraordinaria no remunerativa de 4.840 pesos, que se abonar\u00e1 en...","og_url":"https:\/\/experienciadevida.com.ar\/portalurbano\/paritaria-docente-2020-cinco-gremios-acordaron-un-salario-inicial-de-23-mil-en-marzo\/","article_publisher":"https:\/\/www.facebook.com\/Portal-Urbano-171542830093757\/","article_published_time":"2020-02-27T14:08:28+00:00","article_modified_time":"2020-02-28T00:18:51+00:00","og_image":[{"width":765,"height":451,"url":"https:\/\/experienciadevida.com.ar\/portalurbano\/wp-content\/uploads\/2020\/02\/PARITARIA-e1582811755520.jpg","type":"image\/jpeg"}],"author":"admpu17wp","twitter_card":"summary_large_image","twitter_creator":"@portalurbanook","twitter_site":"@portalurbanook","twitter_misc":{"Escrito por":"admpu17wp","Tiempo de lectura":"3 minutos"},"schema":{"@context":"https:\/\/schema.org","@graph":[{"@type":"Article","@id":"https:\/\/experienciadevida.com.ar\/portalurbano\/paritaria-docente-2020-cinco-gremios-acordaron-un-salario-inicial-de-23-mil-en-marzo\/#article","isPartOf":{"@id":"https:\/\/experienciadevida.com.ar\/portalurbano\/paritaria-docente-2020-cinco-gremios-acordaron-un-salario-inicial-de-23-mil-en-marzo\/"},"author":{"name":"admpu17wp","@id":"https:\/\/experienciadevida.com.ar\/portalurbano\/#\/schema\/person\/02dd326b1c4b056e9cc972486934a3a7"},"headline":"Paritaria docente 2020: cinco gremios acordaron un salario inicial de $23 mil en marzo","datePublished":"2020-02-27T14:08:28+00:00","dateModified":"2020-02-28T00:18:51+00:00","mainEntityOfPage":{"@id":"https:\/\/experienciadevida.com.ar\/portalurbano\/paritaria-docente-2020-cinco-gremios-acordaron-un-salario-inicial-de-23-mil-en-marzo\/"},"wordCount":634,"commentCount":0,"publisher":{"@id":"https:\/\/experienciadevida.com.ar\/portalurbano\/#organization"},"articleSection":["Naci\u00f3n"],"inLanguage":"es","potentialAction":[{"@type":"CommentAction","name":"Comment","target":["https:\/\/experienciadevida.com.ar\/portalurbano\/paritaria-docente-2020-cinco-gremios-acordaron-un-salario-inicial-de-23-mil-en-marzo\/#respond"]}]},{"@type":"WebPage","@id":"https:\/\/experienciadevida.com.ar\/portalurbano\/paritaria-docente-2020-cinco-gremios-acordaron-un-salario-inicial-de-23-mil-en-marzo\/","url":"https:\/\/experienciadevida.com.ar\/portalurbano\/paritaria-docente-2020-cinco-gremios-acordaron-un-salario-inicial-de-23-mil-en-marzo\/","name":"Paritaria docente 2020: cinco gremios acordaron un salario inicial de $23 mil en marzo -","isPartOf":{"@id":"https:\/\/experienciadevida.com.ar\/portalurbano\/#website"},"datePublished":"2020-02-27T14:08:28+00:00","dateModified":"2020-02-28T00:18:51+00:00","breadcrumb":{"@id":"https:\/\/experienciadevida.com.ar\/portalurbano\/paritaria-docente-2020-cinco-gremios-acordaron-un-salario-inicial-de-23-mil-en-marzo\/#breadcrumb"},"inLanguage":"es","potentialAction":[{"@type":"ReadAction","target":["https:\/\/experienciadevida.com.ar\/portalurbano\/paritaria-docente-2020-cinco-gremios-acordaron-un-salario-inicial-de-23-mil-en-marzo\/"]}]},{"@type":"BreadcrumbList","@id":"https:\/\/experienciadevida.com.ar\/portalurbano\/paritaria-docente-2020-cinco-gremios-acordaron-un-salario-inicial-de-23-mil-en-marzo\/#breadcrumb","itemListElement":[{"@type":"ListItem","position":1,"name":"Portada","item":"https:\/\/experienciadevida.com.ar\/portalurbano\/"},{"@type":"ListItem","position":2,"name":"Paritaria docente 2020: cinco gremios acordaron un salario inicial de $23 mil en marzo"}]},{"@type":"WebSite","@id":"https:\/\/experienciadevida.com.ar\/portalurbano\/#website","url":"https:\/\/experienciadevida.com.ar\/portalurbano\/","name":"","description":"","publisher":{"@id":"https:\/\/experienciadevida.com.ar\/portalurbano\/#organization"},"potentialAction":[{"@type":"SearchAction","target":{"@type":"EntryPoint","urlTemplate":"https:\/\/experienciadevida.com.ar\/portalurbano\/?s={search_term_string}"},"query-input":"required name=search_term_string"}],"inLanguage":"es"},{"@type":"Organization","@id":"https:\/\/experienciadevida.com.ar\/portalurbano\/#organization","name":"Portal Urbano","url":"https:\/\/experienciadevida.com.ar\/portalurbano\/","logo":{"@type":"ImageObject","inLanguage":"es","@id":"https:\/\/experienciadevida.com.ar\/portalurbano\/#\/schema\/logo\/image\/","url":"https:\/\/experienciadevida.com.ar\/portalurbano\/wp-content\/uploads\/2019\/09\/Logo-Original.png","contentUrl":"https:\/\/experienciadevida.com.ar\/portalurbano\/wp-content\/uploads\/2019\/09\/Logo-Original.png","width":2236,"height":1216,"caption":"Portal Urbano"},"image":{"@id":"https:\/\/experienciadevida.com.ar\/portalurbano\/#\/schema\/logo\/image\/"},"sameAs":["https:\/\/www.facebook.com\/Portal-Urbano-171542830093757\/","https:\/\/twitter.com\/portalurbanook","https:\/\/www.instagram.com\/_portalurbano\/","https:\/\/www.youtube.com\/channel\/UCXhagIfszH8KxFiOok79zbA?view_as=subscriber"]},{"@type":"Person","@id":"https:\/\/experienciadevida.com.ar\/portalurbano\/#\/schema\/person\/02dd326b1c4b056e9cc972486934a3a7","name":"admpu17wp","image":{"@type":"ImageObject","inLanguage":"es","@id":"https:\/\/experienciadevida.com.ar\/portalurbano\/#\/schema\/person\/image\/","url":"https:\/\/secure.gravatar.com\/avatar\/830d4c57adaae6630765e449a6908047?s=96&d=mm&r=g","contentUrl":"https:\/\/secure.gravatar.com\/avatar\/830d4c57adaae6630765e449a6908047?s=96&d=mm&r=g","caption":"admpu17wp"}}]}},"featured_image_urls":{"full":["https:\/\/experienciadevida.com.ar\/portalurbano\/wp-content\/uploads\/2020\/02\/PARITARIA-e1582811755520.jpg",765,451,false],"thumbnail":["https:\/\/experienciadevida.com.ar\/portalurbano\/wp-content\/uploads\/2020\/02\/PARITARIA-150x150.jpg",150,150,true],"medium":["https:\/\/experienciadevida.com.ar\/portalurbano\/wp-content\/uploads\/2020\/02\/PARITARIA-300x177.jpg",300,177,true],"medium_large":["https:\/\/experienciadevida.com.ar\/portalurbano\/wp-content\/uploads\/2020\/02\/PARITARIA-768x453.jpg",640,378,true],"large":["https:\/\/experienciadevida.com.ar\/portalurbano\/wp-content\/uploads\/2020\/02\/PARITARIA-1024x604.jpg",640,378,true],"ug_big":["https:\/\/experienciadevida.com.ar\/portalurbano\/wp-content\/uploads\/2020\/02\/PARITARIA-768x453.jpg",768,453,true],"1536x1536":["https:\/\/experienciadevida.com.ar\/portalurbano\/wp-content\/uploads\/2020\/02\/PARITARIA-e1582811755520.jpg",765,451,false],"2048x2048":["https:\/\/experienciadevida.com.ar\/portalurbano\/wp-content\/uploads\/2020\/02\/PARITARIA-e1582811755520.jpg",765,451,false],"newsever-slider-full":["https:\/\/experienciadevida.com.ar\/portalurbano\/wp-content\/uploads\/2020\/02\/PARITARIA-e1582811755520.jpg",765,451,false],"newsever-featured":["https:\/\/experienciadevida.com.ar\/portalurbano\/wp-content\/uploads\/2020\/02\/PARITARIA-e1582811755520.jpg",765,451,false],"newsever-medium":["https:\/\/experienciadevida.com.ar\/portalurbano\/wp-content\/uploads\/2020\/02\/PARITARIA-e1582811755520.jpg",720,424,false],"web-stories-poster-portrait":["https:\/\/experienciadevida.com.ar\/portalurbano\/wp-content\/uploads\/2020\/02\/PARITARIA-e1582811755520.jpg",640,377,false],"web-stories-publisher-logo":["https:\/\/experienciadevida.com.ar\/portalurbano\/wp-content\/uploads\/2020\/02\/PARITARIA-e1582811755520.jpg",96,57,false],"web-stories-thumbnail":["https:\/\/experienciadevida.com.ar\/portalurbano\/wp-content\/uploads\/2020\/02\/PARITARIA-e1582811755520.jpg",150,88,false]},"author_info":{"display_name":"admpu17wp","author_link":"https:\/\/experienciadevida.com.ar\/portalurbano\/author\/admpu17wp\/"},"category_info":"<a href=\"https:\/\/experienciadevida.com.ar\/portalurbano\/category\/nacion\/\" rel=\"category tag\">Naci\u00f3n<\/a>","tag_info":"Naci\u00f3n","comment_count":"0","amp_enabled":true,"_links":{"self":[{"href":"https:\/\/experienciadevida.com.ar\/portalurbano\/wp-json\/wp\/v2\/posts\/102546"}],"collection":[{"href":"https:\/\/experienciadevida.com.ar\/portalurbano\/wp-json\/wp\/v2\/posts"}],"about":[{"href":"https:\/\/experienciadevida.com.ar\/portalurbano\/wp-json\/wp\/v2\/types\/post"}],"author":[{"embeddable":true,"href":"https:\/\/experienciadevida.com.ar\/portalurbano\/wp-json\/wp\/v2\/users\/1"}],"replies":[{"embeddable":true,"href":"https:\/\/experienciadevida.com.ar\/portalurbano\/wp-json\/wp\/v2\/comments?post=102546"}],"version-history":[{"count":1,"href":"https:\/\/experienciadevida.com.ar\/portalurbano\/wp-json\/wp\/v2\/posts\/102546\/revisions"}],"predecessor-version":[{"id":102548,"href":"https:\/\/experienciadevida.com.ar\/portalurbano\/wp-json\/wp\/v2\/posts\/102546\/revisions\/102548"}],"wp:featuredmedia":[{"embeddable":true,"href":"https:\/\/experienciadevida.com.ar\/portalurbano\/wp-json\/wp\/v2\/media\/102547"}],"wp:attachment":[{"href":"https:\/\/experienciadevida.com.ar\/portalurbano\/wp-json\/wp\/v2\/media?parent=102546"}],"wp:term":[{"taxonomy":"category","embeddable":true,"href":"https:\/\/experienciadevida.com.ar\/portalurbano\/wp-json\/wp\/v2\/categories?post=102546"},{"taxonomy":"post_tag","embeddable":true,"href":"https:\/\/experienciadevida.com.ar\/portalurbano\/wp-json\/wp\/v2\/tags?post=102546"}],"curies":[{"name":"wp","href":"https:\/\/api.w.org\/{rel}","templated":true}]}}