{"id":102364,"date":"2020-02-25T21:44:55","date_gmt":"2020-02-26T00:44:55","guid":{"rendered":"https:\/\/experienciadevida.com.ar\/portalurbano\/?p=102364"},"modified":"2020-02-25T21:45:31","modified_gmt":"2020-02-26T00:45:31","slug":"guzman-se-reunio-en-nueva-york-con-fondos-de-inversion","status":"publish","type":"post","link":"https:\/\/experienciadevida.com.ar\/portalurbano\/guzman-se-reunio-en-nueva-york-con-fondos-de-inversion\/","title":{"rendered":"Guzm\u00e1n se reuni\u00f3 en Nueva York con fondos de inversi\u00f3n"},"content":{"rendered":"<p class=\"interiorCopete\">El ministro de Econom\u00eda mantuvo un encuentro con los principales inversores de Wall Street y con referentes de entidades bancarias.<\/p>\n<p>La dura pulseada entre la Argentina y acreedores por\u00a0unos US$ 100.000 millones\u00a0dio hoy un primer paso en Nueva York, cuando el ministro de Econom\u00eda, Mart\u00edn Guzm\u00e1n, se reuni\u00f3 con los principales inversores de Wall Street.<\/p>\n<div id=\"div-gpt-ad-nota-566937\" class=\"banner-90\" data-mapping=\"mapping9\" data-google-query-id=\"CJfNiMb67ecCFR0FuQYdaGgGmQ\">\n<p>Guzm\u00e1n tom\u00f3 contacto con directivos de los principales fondos de inversi\u00f3n, y con referentes de entidades bancarias, ante quienes\u00a0describi\u00f3 el panorama financiero de la Argentina\u00a0y la necesidad de refinanciarlo.<\/p>\n<p>Representantes de los fondos\u00a0Blackrock, Templeton, Marathon y Fidelity, y de los bancos son Morgan Stanley, Bank of American, Citibank y JP Morgan, habr\u00edan sido parte del encuentro.<\/p>\n<p>Guzm\u00e1n, quien ya anticip\u00f3 a los bonistas que se prepararan para una &#8220;frustraci\u00f3n&#8221;,\u00a0ratific\u00f3 la voluntad de pago de la Argentina pero se\u00f1al\u00f3 que el volumen de deuda contra\u00eddo por el anterior gobierno, y en especial los cortos plazos de devoluci\u00f3n, hacen imposible cumplir ese esquema tan exigente.Para ello, el ministro dijo que el pa\u00eds necesita aplazar los pagos de capitales e intereses.<\/p>\n<p>Guzm\u00e1n tambi\u00e9n habr\u00eda planteado\u00a0la necesidad de reducir las tasas de inter\u00e9s\u00a0para adaptarlas a la nueva realidad mundial.<\/p>\n<p>Si bien no trascendieron detalles, Guzm\u00e1n habr\u00eda anticipado\u00a0la necesidad de obtener una quita sobre la deuda.<\/p>\n<p>El Gobierno debe lograr que\u00a0el 75% de los acreedores acepten las condiciones de pago\u00a0que el Poder Ejecutivo proponga, para evitar un default.<\/p>\n<p>Los fondos de inversi\u00f3n habr\u00edan sondeado al ministro sobre el plan para obtener el\u00a0super\u00e1vit fiscal\u00a0necesario para cumplir con los pagos en caso de concretarse una renegociaci\u00f3n.<\/p>\n<p>Guzm\u00e1n\u00a0buscar\u00e1 hacer valer en la mesa de negociaciones el respaldo del FMI\u00a0y los pa\u00edses europeos a la renegociaci\u00f3n pretendida por la Argentina.<\/p>\n<article id=\"article-post\">\n<div class=\"cuerpo\" data-twitter-link=\"https:\/\/twitter.com\/intent\/tweet?url=https:\/\/www.diariopopular.com.ar\/\/c461487&amp;via=poopulardiario&amp;related=Diario Popular&amp;text=\">\n<p>El presidente Alberto Fern\u00e1ndez pretend\u00eda concluir las negociaciones por la deuda el\u00a031 de marzo pr\u00f3ximo, pero en el mercado empiezan a especular con que eso ser\u00e1 imposible.<\/p>\n<\/div>\n<\/article>\n<div class=\"object-important-people\"><\/div>\n<div id=\"div-gpt-ad-nota-198270\" class=\"banner-90\" data-mapping=\"mapping9\" data-google-query-id=\"CM7xhsb67ecCFR0FuQYdaGgGmQ\"><\/div>\n<\/div>\n","protected":false},"excerpt":{"rendered":"<p>El ministro de Econom\u00eda mantuvo un encuentro con los principales inversores de Wall Street y&#8230;<\/p>\n","protected":false},"author":1,"featured_media":102365,"comment_status":"open","ping_status":"open","sticky":false,"template":"","format":"standard","meta":{"content-type":""},"categories":[39],"tags":[],"nelio_content":{"isAutoShareEnabled":false,"autoShareEndMode":"default","automationSources":{"useContentSentences":true,"useSocialTemplates":true,"useCustomSentences":false,"customSentences":[]},"followers":[1],"suggestedReferences":[],"includedReferences":[],"efiUrl":"","efiAlt":"","highlights":[]},"yoast_head":"<!-- This site is optimized with the Yoast SEO plugin v20.7 - https:\/\/yoast.com\/wordpress\/plugins\/seo\/ -->\n<title>Guzm\u00e1n se reuni\u00f3 en Nueva York con fondos de inversi\u00f3n -<\/title>\n<meta name=\"robots\" content=\"index, follow, max-snippet:-1, max-image-preview:large, max-video-preview:-1\" \/>\n<link rel=\"canonical\" href=\"https:\/\/experienciadevida.com.ar\/portalurbano\/guzman-se-reunio-en-nueva-york-con-fondos-de-inversion\/\" \/>\n<meta property=\"og:locale\" content=\"es_ES\" \/>\n<meta property=\"og:type\" content=\"article\" \/>\n<meta property=\"og:title\" content=\"Guzm\u00e1n se reuni\u00f3 en Nueva York con fondos de inversi\u00f3n -\" \/>\n<meta property=\"og:description\" content=\"El ministro de Econom\u00eda mantuvo un encuentro con los principales inversores de Wall Street y...\" \/>\n<meta property=\"og:url\" content=\"https:\/\/experienciadevida.com.ar\/portalurbano\/guzman-se-reunio-en-nueva-york-con-fondos-de-inversion\/\" \/>\n<meta property=\"article:publisher\" content=\"https:\/\/www.facebook.com\/Portal-Urbano-171542830093757\/\" \/>\n<meta property=\"article:published_time\" content=\"2020-02-26T00:44:55+00:00\" \/>\n<meta property=\"article:modified_time\" content=\"2020-02-26T00:45:31+00:00\" \/>\n<meta property=\"og:image\" content=\"https:\/\/experienciadevida.com.ar\/portalurbano\/wp-content\/uploads\/2020\/02\/GUZMAN-2-e1582676835288.jpg\" \/>\n\t<meta property=\"og:image:width\" content=\"765\" \/>\n\t<meta property=\"og:image:height\" content=\"470\" \/>\n\t<meta property=\"og:image:type\" content=\"image\/jpeg\" \/>\n<meta name=\"author\" content=\"admpu17wp\" \/>\n<meta name=\"twitter:card\" content=\"summary_large_image\" \/>\n<meta name=\"twitter:creator\" content=\"@portalurbanook\" \/>\n<meta name=\"twitter:site\" content=\"@portalurbanook\" \/>\n<meta name=\"twitter:label1\" content=\"Escrito por\" \/>\n\t<meta name=\"twitter:data1\" content=\"admpu17wp\" \/>\n\t<meta name=\"twitter:label2\" content=\"Tiempo de lectura\" \/>\n\t<meta name=\"twitter:data2\" content=\"2 minutos\" \/>\n<script type=\"application\/ld+json\" class=\"yoast-schema-graph\">{\"@context\":\"https:\/\/schema.org\",\"@graph\":[{\"@type\":\"Article\",\"@id\":\"https:\/\/experienciadevida.com.ar\/portalurbano\/guzman-se-reunio-en-nueva-york-con-fondos-de-inversion\/#article\",\"isPartOf\":{\"@id\":\"https:\/\/experienciadevida.com.ar\/portalurbano\/guzman-se-reunio-en-nueva-york-con-fondos-de-inversion\/\"},\"author\":{\"name\":\"admpu17wp\",\"@id\":\"https:\/\/experienciadevida.com.ar\/portalurbano\/#\/schema\/person\/02dd326b1c4b056e9cc972486934a3a7\"},\"headline\":\"Guzm\u00e1n se reuni\u00f3 en Nueva York con fondos de inversi\u00f3n\",\"datePublished\":\"2020-02-26T00:44:55+00:00\",\"dateModified\":\"2020-02-26T00:45:31+00:00\",\"mainEntityOfPage\":{\"@id\":\"https:\/\/experienciadevida.com.ar\/portalurbano\/guzman-se-reunio-en-nueva-york-con-fondos-de-inversion\/\"},\"wordCount\":358,\"commentCount\":0,\"publisher\":{\"@id\":\"https:\/\/experienciadevida.com.ar\/portalurbano\/#organization\"},\"articleSection\":[\"Naci\u00f3n\"],\"inLanguage\":\"es\",\"potentialAction\":[{\"@type\":\"CommentAction\",\"name\":\"Comment\",\"target\":[\"https:\/\/experienciadevida.com.ar\/portalurbano\/guzman-se-reunio-en-nueva-york-con-fondos-de-inversion\/#respond\"]}]},{\"@type\":\"WebPage\",\"@id\":\"https:\/\/experienciadevida.com.ar\/portalurbano\/guzman-se-reunio-en-nueva-york-con-fondos-de-inversion\/\",\"url\":\"https:\/\/experienciadevida.com.ar\/portalurbano\/guzman-se-reunio-en-nueva-york-con-fondos-de-inversion\/\",\"name\":\"Guzm\u00e1n se reuni\u00f3 en Nueva York con fondos de inversi\u00f3n -\",\"isPartOf\":{\"@id\":\"https:\/\/experienciadevida.com.ar\/portalurbano\/#website\"},\"datePublished\":\"2020-02-26T00:44:55+00:00\",\"dateModified\":\"2020-02-26T00:45:31+00:00\",\"breadcrumb\":{\"@id\":\"https:\/\/experienciadevida.com.ar\/portalurbano\/guzman-se-reunio-en-nueva-york-con-fondos-de-inversion\/#breadcrumb\"},\"inLanguage\":\"es\",\"potentialAction\":[{\"@type\":\"ReadAction\",\"target\":[\"https:\/\/experienciadevida.com.ar\/portalurbano\/guzman-se-reunio-en-nueva-york-con-fondos-de-inversion\/\"]}]},{\"@type\":\"BreadcrumbList\",\"@id\":\"https:\/\/experienciadevida.com.ar\/portalurbano\/guzman-se-reunio-en-nueva-york-con-fondos-de-inversion\/#breadcrumb\",\"itemListElement\":[{\"@type\":\"ListItem\",\"position\":1,\"name\":\"Portada\",\"item\":\"https:\/\/experienciadevida.com.ar\/portalurbano\/\"},{\"@type\":\"ListItem\",\"position\":2,\"name\":\"Guzm\u00e1n se reuni\u00f3 en Nueva York con fondos de inversi\u00f3n\"}]},{\"@type\":\"WebSite\",\"@id\":\"https:\/\/experienciadevida.com.ar\/portalurbano\/#website\",\"url\":\"https:\/\/experienciadevida.com.ar\/portalurbano\/\",\"name\":\"\",\"description\":\"\",\"publisher\":{\"@id\":\"https:\/\/experienciadevida.com.ar\/portalurbano\/#organization\"},\"potentialAction\":[{\"@type\":\"SearchAction\",\"target\":{\"@type\":\"EntryPoint\",\"urlTemplate\":\"https:\/\/experienciadevida.com.ar\/portalurbano\/?s={search_term_string}\"},\"query-input\":\"required name=search_term_string\"}],\"inLanguage\":\"es\"},{\"@type\":\"Organization\",\"@id\":\"https:\/\/experienciadevida.com.ar\/portalurbano\/#organization\",\"name\":\"Portal Urbano\",\"url\":\"https:\/\/experienciadevida.com.ar\/portalurbano\/\",\"logo\":{\"@type\":\"ImageObject\",\"inLanguage\":\"es\",\"@id\":\"https:\/\/experienciadevida.com.ar\/portalurbano\/#\/schema\/logo\/image\/\",\"url\":\"https:\/\/experienciadevida.com.ar\/portalurbano\/wp-content\/uploads\/2019\/09\/Logo-Original.png\",\"contentUrl\":\"https:\/\/experienciadevida.com.ar\/portalurbano\/wp-content\/uploads\/2019\/09\/Logo-Original.png\",\"width\":2236,\"height\":1216,\"caption\":\"Portal Urbano\"},\"image\":{\"@id\":\"https:\/\/experienciadevida.com.ar\/portalurbano\/#\/schema\/logo\/image\/\"},\"sameAs\":[\"https:\/\/www.facebook.com\/Portal-Urbano-171542830093757\/\",\"https:\/\/twitter.com\/portalurbanook\",\"https:\/\/www.instagram.com\/_portalurbano\/\",\"https:\/\/www.youtube.com\/channel\/UCXhagIfszH8KxFiOok79zbA?view_as=subscriber\"]},{\"@type\":\"Person\",\"@id\":\"https:\/\/experienciadevida.com.ar\/portalurbano\/#\/schema\/person\/02dd326b1c4b056e9cc972486934a3a7\",\"name\":\"admpu17wp\",\"image\":{\"@type\":\"ImageObject\",\"inLanguage\":\"es\",\"@id\":\"https:\/\/experienciadevida.com.ar\/portalurbano\/#\/schema\/person\/image\/\",\"url\":\"https:\/\/secure.gravatar.com\/avatar\/830d4c57adaae6630765e449a6908047?s=96&d=mm&r=g\",\"contentUrl\":\"https:\/\/secure.gravatar.com\/avatar\/830d4c57adaae6630765e449a6908047?s=96&d=mm&r=g\",\"caption\":\"admpu17wp\"}}]}<\/script>\n<!-- \/ Yoast SEO plugin. -->","yoast_head_json":{"title":"Guzm\u00e1n se reuni\u00f3 en Nueva York con fondos de inversi\u00f3n -","robots":{"index":"index","follow":"follow","max-snippet":"max-snippet:-1","max-image-preview":"max-image-preview:large","max-video-preview":"max-video-preview:-1"},"canonical":"https:\/\/experienciadevida.com.ar\/portalurbano\/guzman-se-reunio-en-nueva-york-con-fondos-de-inversion\/","og_locale":"es_ES","og_type":"article","og_title":"Guzm\u00e1n se reuni\u00f3 en Nueva York con fondos de inversi\u00f3n -","og_description":"El ministro de Econom\u00eda mantuvo un encuentro con los principales inversores de Wall Street y...","og_url":"https:\/\/experienciadevida.com.ar\/portalurbano\/guzman-se-reunio-en-nueva-york-con-fondos-de-inversion\/","article_publisher":"https:\/\/www.facebook.com\/Portal-Urbano-171542830093757\/","article_published_time":"2020-02-26T00:44:55+00:00","article_modified_time":"2020-02-26T00:45:31+00:00","og_image":[{"width":765,"height":470,"url":"https:\/\/experienciadevida.com.ar\/portalurbano\/wp-content\/uploads\/2020\/02\/GUZMAN-2-e1582676835288.jpg","type":"image\/jpeg"}],"author":"admpu17wp","twitter_card":"summary_large_image","twitter_creator":"@portalurbanook","twitter_site":"@portalurbanook","twitter_misc":{"Escrito por":"admpu17wp","Tiempo de lectura":"2 minutos"},"schema":{"@context":"https:\/\/schema.org","@graph":[{"@type":"Article","@id":"https:\/\/experienciadevida.com.ar\/portalurbano\/guzman-se-reunio-en-nueva-york-con-fondos-de-inversion\/#article","isPartOf":{"@id":"https:\/\/experienciadevida.com.ar\/portalurbano\/guzman-se-reunio-en-nueva-york-con-fondos-de-inversion\/"},"author":{"name":"admpu17wp","@id":"https:\/\/experienciadevida.com.ar\/portalurbano\/#\/schema\/person\/02dd326b1c4b056e9cc972486934a3a7"},"headline":"Guzm\u00e1n se reuni\u00f3 en Nueva York con fondos de inversi\u00f3n","datePublished":"2020-02-26T00:44:55+00:00","dateModified":"2020-02-26T00:45:31+00:00","mainEntityOfPage":{"@id":"https:\/\/experienciadevida.com.ar\/portalurbano\/guzman-se-reunio-en-nueva-york-con-fondos-de-inversion\/"},"wordCount":358,"commentCount":0,"publisher":{"@id":"https:\/\/experienciadevida.com.ar\/portalurbano\/#organization"},"articleSection":["Naci\u00f3n"],"inLanguage":"es","potentialAction":[{"@type":"CommentAction","name":"Comment","target":["https:\/\/experienciadevida.com.ar\/portalurbano\/guzman-se-reunio-en-nueva-york-con-fondos-de-inversion\/#respond"]}]},{"@type":"WebPage","@id":"https:\/\/experienciadevida.com.ar\/portalurbano\/guzman-se-reunio-en-nueva-york-con-fondos-de-inversion\/","url":"https:\/\/experienciadevida.com.ar\/portalurbano\/guzman-se-reunio-en-nueva-york-con-fondos-de-inversion\/","name":"Guzm\u00e1n se reuni\u00f3 en Nueva York con fondos de inversi\u00f3n -","isPartOf":{"@id":"https:\/\/experienciadevida.com.ar\/portalurbano\/#website"},"datePublished":"2020-02-26T00:44:55+00:00","dateModified":"2020-02-26T00:45:31+00:00","breadcrumb":{"@id":"https:\/\/experienciadevida.com.ar\/portalurbano\/guzman-se-reunio-en-nueva-york-con-fondos-de-inversion\/#breadcrumb"},"inLanguage":"es","potentialAction":[{"@type":"ReadAction","target":["https:\/\/experienciadevida.com.ar\/portalurbano\/guzman-se-reunio-en-nueva-york-con-fondos-de-inversion\/"]}]},{"@type":"BreadcrumbList","@id":"https:\/\/experienciadevida.com.ar\/portalurbano\/guzman-se-reunio-en-nueva-york-con-fondos-de-inversion\/#breadcrumb","itemListElement":[{"@type":"ListItem","position":1,"name":"Portada","item":"https:\/\/experienciadevida.com.ar\/portalurbano\/"},{"@type":"ListItem","position":2,"name":"Guzm\u00e1n se reuni\u00f3 en Nueva York con fondos de inversi\u00f3n"}]},{"@type":"WebSite","@id":"https:\/\/experienciadevida.com.ar\/portalurbano\/#website","url":"https:\/\/experienciadevida.com.ar\/portalurbano\/","name":"","description":"","publisher":{"@id":"https:\/\/experienciadevida.com.ar\/portalurbano\/#organization"},"potentialAction":[{"@type":"SearchAction","target":{"@type":"EntryPoint","urlTemplate":"https:\/\/experienciadevida.com.ar\/portalurbano\/?s={search_term_string}"},"query-input":"required name=search_term_string"}],"inLanguage":"es"},{"@type":"Organization","@id":"https:\/\/experienciadevida.com.ar\/portalurbano\/#organization","name":"Portal Urbano","url":"https:\/\/experienciadevida.com.ar\/portalurbano\/","logo":{"@type":"ImageObject","inLanguage":"es","@id":"https:\/\/experienciadevida.com.ar\/portalurbano\/#\/schema\/logo\/image\/","url":"https:\/\/experienciadevida.com.ar\/portalurbano\/wp-content\/uploads\/2019\/09\/Logo-Original.png","contentUrl":"https:\/\/experienciadevida.com.ar\/portalurbano\/wp-content\/uploads\/2019\/09\/Logo-Original.png","width":2236,"height":1216,"caption":"Portal Urbano"},"image":{"@id":"https:\/\/experienciadevida.com.ar\/portalurbano\/#\/schema\/logo\/image\/"},"sameAs":["https:\/\/www.facebook.com\/Portal-Urbano-171542830093757\/","https:\/\/twitter.com\/portalurbanook","https:\/\/www.instagram.com\/_portalurbano\/","https:\/\/www.youtube.com\/channel\/UCXhagIfszH8KxFiOok79zbA?view_as=subscriber"]},{"@type":"Person","@id":"https:\/\/experienciadevida.com.ar\/portalurbano\/#\/schema\/person\/02dd326b1c4b056e9cc972486934a3a7","name":"admpu17wp","image":{"@type":"ImageObject","inLanguage":"es","@id":"https:\/\/experienciadevida.com.ar\/portalurbano\/#\/schema\/person\/image\/","url":"https:\/\/secure.gravatar.com\/avatar\/830d4c57adaae6630765e449a6908047?s=96&d=mm&r=g","contentUrl":"https:\/\/secure.gravatar.com\/avatar\/830d4c57adaae6630765e449a6908047?s=96&d=mm&r=g","caption":"admpu17wp"}}]}},"featured_image_urls":{"full":["https:\/\/experienciadevida.com.ar\/portalurbano\/wp-content\/uploads\/2020\/02\/GUZMAN-2-e1582676835288.jpg",765,470,false],"thumbnail":["https:\/\/experienciadevida.com.ar\/portalurbano\/wp-content\/uploads\/2020\/02\/GUZMAN-2-150x150.jpg",150,150,true],"medium":["https:\/\/experienciadevida.com.ar\/portalurbano\/wp-content\/uploads\/2020\/02\/GUZMAN-2-300x184.jpg",300,184,true],"medium_large":["https:\/\/experienciadevida.com.ar\/portalurbano\/wp-content\/uploads\/2020\/02\/GUZMAN-2-768x472.jpg",640,393,true],"large":["https:\/\/experienciadevida.com.ar\/portalurbano\/wp-content\/uploads\/2020\/02\/GUZMAN-2-e1582676835288.jpg",640,393,false],"ug_big":["https:\/\/experienciadevida.com.ar\/portalurbano\/wp-content\/uploads\/2020\/02\/GUZMAN-2-768x472.jpg",768,472,true],"1536x1536":["https:\/\/experienciadevida.com.ar\/portalurbano\/wp-content\/uploads\/2020\/02\/GUZMAN-2-e1582676835288.jpg",765,470,false],"2048x2048":["https:\/\/experienciadevida.com.ar\/portalurbano\/wp-content\/uploads\/2020\/02\/GUZMAN-2-e1582676835288.jpg",765,470,false],"newsever-slider-full":["https:\/\/experienciadevida.com.ar\/portalurbano\/wp-content\/uploads\/2020\/02\/GUZMAN-2-e1582676835288.jpg",765,470,false],"newsever-featured":["https:\/\/experienciadevida.com.ar\/portalurbano\/wp-content\/uploads\/2020\/02\/GUZMAN-2-e1582676835288.jpg",765,470,false],"newsever-medium":["https:\/\/experienciadevida.com.ar\/portalurbano\/wp-content\/uploads\/2020\/02\/GUZMAN-2-e1582676835288.jpg",720,442,false],"web-stories-poster-portrait":["https:\/\/experienciadevida.com.ar\/portalurbano\/wp-content\/uploads\/2020\/02\/GUZMAN-2-e1582676835288.jpg",640,393,false],"web-stories-publisher-logo":["https:\/\/experienciadevida.com.ar\/portalurbano\/wp-content\/uploads\/2020\/02\/GUZMAN-2-e1582676835288.jpg",96,59,false],"web-stories-thumbnail":["https:\/\/experienciadevida.com.ar\/portalurbano\/wp-content\/uploads\/2020\/02\/GUZMAN-2-e1582676835288.jpg",150,92,false]},"author_info":{"display_name":"admpu17wp","author_link":"https:\/\/experienciadevida.com.ar\/portalurbano\/author\/admpu17wp\/"},"category_info":"<a href=\"https:\/\/experienciadevida.com.ar\/portalurbano\/category\/nacion\/\" rel=\"category tag\">Naci\u00f3n<\/a>","tag_info":"Naci\u00f3n","comment_count":"0","amp_enabled":true,"_links":{"self":[{"href":"https:\/\/experienciadevida.com.ar\/portalurbano\/wp-json\/wp\/v2\/posts\/102364"}],"collection":[{"href":"https:\/\/experienciadevida.com.ar\/portalurbano\/wp-json\/wp\/v2\/posts"}],"about":[{"href":"https:\/\/experienciadevida.com.ar\/portalurbano\/wp-json\/wp\/v2\/types\/post"}],"author":[{"embeddable":true,"href":"https:\/\/experienciadevida.com.ar\/portalurbano\/wp-json\/wp\/v2\/users\/1"}],"replies":[{"embeddable":true,"href":"https:\/\/experienciadevida.com.ar\/portalurbano\/wp-json\/wp\/v2\/comments?post=102364"}],"version-history":[{"count":2,"href":"https:\/\/experienciadevida.com.ar\/portalurbano\/wp-json\/wp\/v2\/posts\/102364\/revisions"}],"predecessor-version":[{"id":102367,"href":"https:\/\/experienciadevida.com.ar\/portalurbano\/wp-json\/wp\/v2\/posts\/102364\/revisions\/102367"}],"wp:featuredmedia":[{"embeddable":true,"href":"https:\/\/experienciadevida.com.ar\/portalurbano\/wp-json\/wp\/v2\/media\/102365"}],"wp:attachment":[{"href":"https:\/\/experienciadevida.com.ar\/portalurbano\/wp-json\/wp\/v2\/media?parent=102364"}],"wp:term":[{"taxonomy":"category","embeddable":true,"href":"https:\/\/experienciadevida.com.ar\/portalurbano\/wp-json\/wp\/v2\/categories?post=102364"},{"taxonomy":"post_tag","embeddable":true,"href":"https:\/\/experienciadevida.com.ar\/portalurbano\/wp-json\/wp\/v2\/tags?post=102364"}],"curies":[{"name":"wp","href":"https:\/\/api.w.org\/{rel}","templated":true}]}}