{"id":102303,"date":"2020-02-25T11:32:56","date_gmt":"2020-02-25T14:32:56","guid":{"rendered":"https:\/\/experienciadevida.com.ar\/portalurbano\/?p=102303"},"modified":"2020-02-25T11:32:56","modified_gmt":"2020-02-25T14:32:56","slug":"anmat-retiran-del-mercado-un-lote-de-granos-de-choclo-en-lata","status":"publish","type":"post","link":"https:\/\/experienciadevida.com.ar\/portalurbano\/anmat-retiran-del-mercado-un-lote-de-granos-de-choclo-en-lata\/","title":{"rendered":"ANMAT: Retiran del mercado un lote de granos de choclo en lata"},"content":{"rendered":"<p class=\"copete\"><strong>Es por haber detectado la presencia de microorganismos anaerobitos sulfitos reductores y Bacillus cereus. Estas bacterias son perjudiciales, provocan malos olores y con frecuencia generan el ennegrecimiento de un producto cuando \u00e9ste contiene hierro.<\/strong><\/p>\n<hr \/>\n<p>La Administraci\u00f3n Nacional de Medicamentos, Alimentos y Tecnolog\u00eda M\u00e9dica ( ANMAT) inform\u00f3 que la empresa Supermercados Mayoristas Yaguar Sociedad An\u00f3nima se encuentra realizando el retiro preventivo de un alimento en conserva. <strong>Se trata de los \u201cGranos de choclo amarillo enteros \/ Lote NSOCOI\u201d de la marca San Remo.<\/strong><\/p>\n<p>Esta medida se debe a que se detect\u00f3 la presencia de microorganismos anaerobios sulfitos reductores y Bacillus cereus, en una muestra de laboratorio analizada por la Direcci\u00f3n Alimentaria de la Municipalidad de la provincia de C\u00f3rdoba.<\/p>\n<p>Cabe destacar, que el alimento es elaborado por la firma brasile\u00f1a Conservas Oderich Sociedad An\u00f3nima (S\u00e3o Sebasti\u00e3o do Ca\u00ed, Brasil) y para cuidar la salud de la poblaci\u00f3n, se estableci\u00f3 una comunicaci\u00f3n con la Autoridad Sanitaria de Brasil para mantenerlos al tanto sobre el tema.<\/p>\n<p>Los anaerobios sulfitos reductores son organismos formadores de esporas. Suelen encontrarse en diversas fuentes ambientales como, por ejemplo, sedimentos marinos, vegetales en descomposici\u00f3n, aguas superficiales y en heces de personas y animales.<\/p>\n<p>Estas bacterias son perjudiciales, provocan malos olores y con frecuencia generan el ennegrecimiento de un producto cuando \u00e9ste contiene hierro.<\/p>\n<p>Por otro lado, el Bacillus cereus es una bacteria productora de toxinas que puede causar envenenamiento por consumo. Ingerir alimentos contaminados con este microorganismo puede afectar a la salud humana y provocar desde v\u00f3mitos, n\u00e1useas, calambres abdominales hasta diarrea acuosa.<\/p>\n<p>Por esta raz\u00f3n y para preservar la salud de eventuales compradores, la ANMAT recomienda abstenerse de adquirirlo, y en caso de haberlo comprado, evitar abrirlo y\/o consumirlo<\/p>\n<p>Foto: Ilustrativa<\/p>\n","protected":false},"excerpt":{"rendered":"<p>Es por haber detectado la presencia de microorganismos anaerobitos sulfitos reductores y Bacillus cereus. Estas&#8230;<\/p>\n","protected":false},"author":1,"featured_media":102304,"comment_status":"open","ping_status":"open","sticky":false,"template":"","format":"standard","meta":{"content-type":""},"categories":[39],"tags":[],"nelio_content":{"isAutoShareEnabled":false,"autoShareEndMode":"default","automationSources":{"useContentSentences":true,"useSocialTemplates":true,"useCustomSentences":false,"customSentences":[]},"followers":[1],"suggestedReferences":[],"includedReferences":[],"efiUrl":"","efiAlt":"","highlights":[]},"yoast_head":"<!-- This site is optimized with the Yoast SEO plugin v20.7 - https:\/\/yoast.com\/wordpress\/plugins\/seo\/ -->\n<title>ANMAT: Retiran del mercado un lote de granos de choclo en lata -<\/title>\n<meta name=\"robots\" content=\"index, follow, max-snippet:-1, max-image-preview:large, max-video-preview:-1\" \/>\n<link rel=\"canonical\" href=\"https:\/\/experienciadevida.com.ar\/portalurbano\/anmat-retiran-del-mercado-un-lote-de-granos-de-choclo-en-lata\/\" \/>\n<meta property=\"og:locale\" content=\"es_ES\" \/>\n<meta property=\"og:type\" content=\"article\" \/>\n<meta property=\"og:title\" content=\"ANMAT: Retiran del mercado un lote de granos de choclo en lata -\" \/>\n<meta property=\"og:description\" content=\"Es por haber detectado la presencia de microorganismos anaerobitos sulfitos reductores y Bacillus cereus. Estas...\" \/>\n<meta property=\"og:url\" content=\"https:\/\/experienciadevida.com.ar\/portalurbano\/anmat-retiran-del-mercado-un-lote-de-granos-de-choclo-en-lata\/\" \/>\n<meta property=\"article:publisher\" content=\"https:\/\/www.facebook.com\/Portal-Urbano-171542830093757\/\" \/>\n<meta property=\"article:published_time\" content=\"2020-02-25T14:32:56+00:00\" \/>\n<meta property=\"og:image\" content=\"https:\/\/experienciadevida.com.ar\/portalurbano\/wp-content\/uploads\/2020\/02\/uXdkQhk5.jpg\" \/>\n\t<meta property=\"og:image:width\" content=\"680\" \/>\n\t<meta property=\"og:image:height\" content=\"383\" \/>\n\t<meta property=\"og:image:type\" content=\"image\/jpeg\" \/>\n<meta name=\"author\" content=\"admpu17wp\" \/>\n<meta name=\"twitter:card\" content=\"summary_large_image\" \/>\n<meta name=\"twitter:creator\" content=\"@portalurbanook\" \/>\n<meta name=\"twitter:site\" content=\"@portalurbanook\" \/>\n<meta name=\"twitter:label1\" content=\"Escrito por\" \/>\n\t<meta name=\"twitter:data1\" content=\"admpu17wp\" \/>\n\t<meta name=\"twitter:label2\" content=\"Tiempo de lectura\" \/>\n\t<meta name=\"twitter:data2\" content=\"1 minuto\" \/>\n<script type=\"application\/ld+json\" class=\"yoast-schema-graph\">{\"@context\":\"https:\/\/schema.org\",\"@graph\":[{\"@type\":\"Article\",\"@id\":\"https:\/\/experienciadevida.com.ar\/portalurbano\/anmat-retiran-del-mercado-un-lote-de-granos-de-choclo-en-lata\/#article\",\"isPartOf\":{\"@id\":\"https:\/\/experienciadevida.com.ar\/portalurbano\/anmat-retiran-del-mercado-un-lote-de-granos-de-choclo-en-lata\/\"},\"author\":{\"name\":\"admpu17wp\",\"@id\":\"https:\/\/experienciadevida.com.ar\/portalurbano\/#\/schema\/person\/02dd326b1c4b056e9cc972486934a3a7\"},\"headline\":\"ANMAT: Retiran del mercado un lote de granos de choclo en lata\",\"datePublished\":\"2020-02-25T14:32:56+00:00\",\"dateModified\":\"2020-02-25T14:32:56+00:00\",\"mainEntityOfPage\":{\"@id\":\"https:\/\/experienciadevida.com.ar\/portalurbano\/anmat-retiran-del-mercado-un-lote-de-granos-de-choclo-en-lata\/\"},\"wordCount\":311,\"commentCount\":0,\"publisher\":{\"@id\":\"https:\/\/experienciadevida.com.ar\/portalurbano\/#organization\"},\"articleSection\":[\"Naci\u00f3n\"],\"inLanguage\":\"es\",\"potentialAction\":[{\"@type\":\"CommentAction\",\"name\":\"Comment\",\"target\":[\"https:\/\/experienciadevida.com.ar\/portalurbano\/anmat-retiran-del-mercado-un-lote-de-granos-de-choclo-en-lata\/#respond\"]}]},{\"@type\":\"WebPage\",\"@id\":\"https:\/\/experienciadevida.com.ar\/portalurbano\/anmat-retiran-del-mercado-un-lote-de-granos-de-choclo-en-lata\/\",\"url\":\"https:\/\/experienciadevida.com.ar\/portalurbano\/anmat-retiran-del-mercado-un-lote-de-granos-de-choclo-en-lata\/\",\"name\":\"ANMAT: Retiran del mercado un lote de granos de choclo en lata -\",\"isPartOf\":{\"@id\":\"https:\/\/experienciadevida.com.ar\/portalurbano\/#website\"},\"datePublished\":\"2020-02-25T14:32:56+00:00\",\"dateModified\":\"2020-02-25T14:32:56+00:00\",\"breadcrumb\":{\"@id\":\"https:\/\/experienciadevida.com.ar\/portalurbano\/anmat-retiran-del-mercado-un-lote-de-granos-de-choclo-en-lata\/#breadcrumb\"},\"inLanguage\":\"es\",\"potentialAction\":[{\"@type\":\"ReadAction\",\"target\":[\"https:\/\/experienciadevida.com.ar\/portalurbano\/anmat-retiran-del-mercado-un-lote-de-granos-de-choclo-en-lata\/\"]}]},{\"@type\":\"BreadcrumbList\",\"@id\":\"https:\/\/experienciadevida.com.ar\/portalurbano\/anmat-retiran-del-mercado-un-lote-de-granos-de-choclo-en-lata\/#breadcrumb\",\"itemListElement\":[{\"@type\":\"ListItem\",\"position\":1,\"name\":\"Portada\",\"item\":\"https:\/\/experienciadevida.com.ar\/portalurbano\/\"},{\"@type\":\"ListItem\",\"position\":2,\"name\":\"ANMAT: Retiran del mercado un lote de granos de choclo en lata\"}]},{\"@type\":\"WebSite\",\"@id\":\"https:\/\/experienciadevida.com.ar\/portalurbano\/#website\",\"url\":\"https:\/\/experienciadevida.com.ar\/portalurbano\/\",\"name\":\"\",\"description\":\"\",\"publisher\":{\"@id\":\"https:\/\/experienciadevida.com.ar\/portalurbano\/#organization\"},\"potentialAction\":[{\"@type\":\"SearchAction\",\"target\":{\"@type\":\"EntryPoint\",\"urlTemplate\":\"https:\/\/experienciadevida.com.ar\/portalurbano\/?s={search_term_string}\"},\"query-input\":\"required name=search_term_string\"}],\"inLanguage\":\"es\"},{\"@type\":\"Organization\",\"@id\":\"https:\/\/experienciadevida.com.ar\/portalurbano\/#organization\",\"name\":\"Portal Urbano\",\"url\":\"https:\/\/experienciadevida.com.ar\/portalurbano\/\",\"logo\":{\"@type\":\"ImageObject\",\"inLanguage\":\"es\",\"@id\":\"https:\/\/experienciadevida.com.ar\/portalurbano\/#\/schema\/logo\/image\/\",\"url\":\"https:\/\/experienciadevida.com.ar\/portalurbano\/wp-content\/uploads\/2019\/09\/Logo-Original.png\",\"contentUrl\":\"https:\/\/experienciadevida.com.ar\/portalurbano\/wp-content\/uploads\/2019\/09\/Logo-Original.png\",\"width\":2236,\"height\":1216,\"caption\":\"Portal Urbano\"},\"image\":{\"@id\":\"https:\/\/experienciadevida.com.ar\/portalurbano\/#\/schema\/logo\/image\/\"},\"sameAs\":[\"https:\/\/www.facebook.com\/Portal-Urbano-171542830093757\/\",\"https:\/\/twitter.com\/portalurbanook\",\"https:\/\/www.instagram.com\/_portalurbano\/\",\"https:\/\/www.youtube.com\/channel\/UCXhagIfszH8KxFiOok79zbA?view_as=subscriber\"]},{\"@type\":\"Person\",\"@id\":\"https:\/\/experienciadevida.com.ar\/portalurbano\/#\/schema\/person\/02dd326b1c4b056e9cc972486934a3a7\",\"name\":\"admpu17wp\",\"image\":{\"@type\":\"ImageObject\",\"inLanguage\":\"es\",\"@id\":\"https:\/\/experienciadevida.com.ar\/portalurbano\/#\/schema\/person\/image\/\",\"url\":\"https:\/\/secure.gravatar.com\/avatar\/830d4c57adaae6630765e449a6908047?s=96&d=mm&r=g\",\"contentUrl\":\"https:\/\/secure.gravatar.com\/avatar\/830d4c57adaae6630765e449a6908047?s=96&d=mm&r=g\",\"caption\":\"admpu17wp\"}}]}<\/script>\n<!-- \/ Yoast SEO plugin. -->","yoast_head_json":{"title":"ANMAT: Retiran del mercado un lote de granos de choclo en lata -","robots":{"index":"index","follow":"follow","max-snippet":"max-snippet:-1","max-image-preview":"max-image-preview:large","max-video-preview":"max-video-preview:-1"},"canonical":"https:\/\/experienciadevida.com.ar\/portalurbano\/anmat-retiran-del-mercado-un-lote-de-granos-de-choclo-en-lata\/","og_locale":"es_ES","og_type":"article","og_title":"ANMAT: Retiran del mercado un lote de granos de choclo en lata -","og_description":"Es por haber detectado la presencia de microorganismos anaerobitos sulfitos reductores y Bacillus cereus. Estas...","og_url":"https:\/\/experienciadevida.com.ar\/portalurbano\/anmat-retiran-del-mercado-un-lote-de-granos-de-choclo-en-lata\/","article_publisher":"https:\/\/www.facebook.com\/Portal-Urbano-171542830093757\/","article_published_time":"2020-02-25T14:32:56+00:00","og_image":[{"width":680,"height":383,"url":"https:\/\/experienciadevida.com.ar\/portalurbano\/wp-content\/uploads\/2020\/02\/uXdkQhk5.jpg","type":"image\/jpeg"}],"author":"admpu17wp","twitter_card":"summary_large_image","twitter_creator":"@portalurbanook","twitter_site":"@portalurbanook","twitter_misc":{"Escrito por":"admpu17wp","Tiempo de lectura":"1 minuto"},"schema":{"@context":"https:\/\/schema.org","@graph":[{"@type":"Article","@id":"https:\/\/experienciadevida.com.ar\/portalurbano\/anmat-retiran-del-mercado-un-lote-de-granos-de-choclo-en-lata\/#article","isPartOf":{"@id":"https:\/\/experienciadevida.com.ar\/portalurbano\/anmat-retiran-del-mercado-un-lote-de-granos-de-choclo-en-lata\/"},"author":{"name":"admpu17wp","@id":"https:\/\/experienciadevida.com.ar\/portalurbano\/#\/schema\/person\/02dd326b1c4b056e9cc972486934a3a7"},"headline":"ANMAT: Retiran del mercado un lote de granos de choclo en lata","datePublished":"2020-02-25T14:32:56+00:00","dateModified":"2020-02-25T14:32:56+00:00","mainEntityOfPage":{"@id":"https:\/\/experienciadevida.com.ar\/portalurbano\/anmat-retiran-del-mercado-un-lote-de-granos-de-choclo-en-lata\/"},"wordCount":311,"commentCount":0,"publisher":{"@id":"https:\/\/experienciadevida.com.ar\/portalurbano\/#organization"},"articleSection":["Naci\u00f3n"],"inLanguage":"es","potentialAction":[{"@type":"CommentAction","name":"Comment","target":["https:\/\/experienciadevida.com.ar\/portalurbano\/anmat-retiran-del-mercado-un-lote-de-granos-de-choclo-en-lata\/#respond"]}]},{"@type":"WebPage","@id":"https:\/\/experienciadevida.com.ar\/portalurbano\/anmat-retiran-del-mercado-un-lote-de-granos-de-choclo-en-lata\/","url":"https:\/\/experienciadevida.com.ar\/portalurbano\/anmat-retiran-del-mercado-un-lote-de-granos-de-choclo-en-lata\/","name":"ANMAT: Retiran del mercado un lote de granos de choclo en lata -","isPartOf":{"@id":"https:\/\/experienciadevida.com.ar\/portalurbano\/#website"},"datePublished":"2020-02-25T14:32:56+00:00","dateModified":"2020-02-25T14:32:56+00:00","breadcrumb":{"@id":"https:\/\/experienciadevida.com.ar\/portalurbano\/anmat-retiran-del-mercado-un-lote-de-granos-de-choclo-en-lata\/#breadcrumb"},"inLanguage":"es","potentialAction":[{"@type":"ReadAction","target":["https:\/\/experienciadevida.com.ar\/portalurbano\/anmat-retiran-del-mercado-un-lote-de-granos-de-choclo-en-lata\/"]}]},{"@type":"BreadcrumbList","@id":"https:\/\/experienciadevida.com.ar\/portalurbano\/anmat-retiran-del-mercado-un-lote-de-granos-de-choclo-en-lata\/#breadcrumb","itemListElement":[{"@type":"ListItem","position":1,"name":"Portada","item":"https:\/\/experienciadevida.com.ar\/portalurbano\/"},{"@type":"ListItem","position":2,"name":"ANMAT: Retiran del mercado un lote de granos de choclo en lata"}]},{"@type":"WebSite","@id":"https:\/\/experienciadevida.com.ar\/portalurbano\/#website","url":"https:\/\/experienciadevida.com.ar\/portalurbano\/","name":"","description":"","publisher":{"@id":"https:\/\/experienciadevida.com.ar\/portalurbano\/#organization"},"potentialAction":[{"@type":"SearchAction","target":{"@type":"EntryPoint","urlTemplate":"https:\/\/experienciadevida.com.ar\/portalurbano\/?s={search_term_string}"},"query-input":"required name=search_term_string"}],"inLanguage":"es"},{"@type":"Organization","@id":"https:\/\/experienciadevida.com.ar\/portalurbano\/#organization","name":"Portal Urbano","url":"https:\/\/experienciadevida.com.ar\/portalurbano\/","logo":{"@type":"ImageObject","inLanguage":"es","@id":"https:\/\/experienciadevida.com.ar\/portalurbano\/#\/schema\/logo\/image\/","url":"https:\/\/experienciadevida.com.ar\/portalurbano\/wp-content\/uploads\/2019\/09\/Logo-Original.png","contentUrl":"https:\/\/experienciadevida.com.ar\/portalurbano\/wp-content\/uploads\/2019\/09\/Logo-Original.png","width":2236,"height":1216,"caption":"Portal Urbano"},"image":{"@id":"https:\/\/experienciadevida.com.ar\/portalurbano\/#\/schema\/logo\/image\/"},"sameAs":["https:\/\/www.facebook.com\/Portal-Urbano-171542830093757\/","https:\/\/twitter.com\/portalurbanook","https:\/\/www.instagram.com\/_portalurbano\/","https:\/\/www.youtube.com\/channel\/UCXhagIfszH8KxFiOok79zbA?view_as=subscriber"]},{"@type":"Person","@id":"https:\/\/experienciadevida.com.ar\/portalurbano\/#\/schema\/person\/02dd326b1c4b056e9cc972486934a3a7","name":"admpu17wp","image":{"@type":"ImageObject","inLanguage":"es","@id":"https:\/\/experienciadevida.com.ar\/portalurbano\/#\/schema\/person\/image\/","url":"https:\/\/secure.gravatar.com\/avatar\/830d4c57adaae6630765e449a6908047?s=96&d=mm&r=g","contentUrl":"https:\/\/secure.gravatar.com\/avatar\/830d4c57adaae6630765e449a6908047?s=96&d=mm&r=g","caption":"admpu17wp"}}]}},"featured_image_urls":{"full":["https:\/\/experienciadevida.com.ar\/portalurbano\/wp-content\/uploads\/2020\/02\/uXdkQhk5.jpg",680,383,false],"thumbnail":["https:\/\/experienciadevida.com.ar\/portalurbano\/wp-content\/uploads\/2020\/02\/uXdkQhk5-150x150.jpg",150,150,true],"medium":["https:\/\/experienciadevida.com.ar\/portalurbano\/wp-content\/uploads\/2020\/02\/uXdkQhk5-300x169.jpg",300,169,true],"medium_large":["https:\/\/experienciadevida.com.ar\/portalurbano\/wp-content\/uploads\/2020\/02\/uXdkQhk5.jpg",640,360,false],"large":["https:\/\/experienciadevida.com.ar\/portalurbano\/wp-content\/uploads\/2020\/02\/uXdkQhk5.jpg",640,360,false],"ug_big":["https:\/\/experienciadevida.com.ar\/portalurbano\/wp-content\/uploads\/2020\/02\/uXdkQhk5.jpg",680,383,false],"1536x1536":["https:\/\/experienciadevida.com.ar\/portalurbano\/wp-content\/uploads\/2020\/02\/uXdkQhk5.jpg",680,383,false],"2048x2048":["https:\/\/experienciadevida.com.ar\/portalurbano\/wp-content\/uploads\/2020\/02\/uXdkQhk5.jpg",680,383,false],"newsever-slider-full":["https:\/\/experienciadevida.com.ar\/portalurbano\/wp-content\/uploads\/2020\/02\/uXdkQhk5.jpg",680,383,false],"newsever-featured":["https:\/\/experienciadevida.com.ar\/portalurbano\/wp-content\/uploads\/2020\/02\/uXdkQhk5.jpg",680,383,false],"newsever-medium":["https:\/\/experienciadevida.com.ar\/portalurbano\/wp-content\/uploads\/2020\/02\/uXdkQhk5.jpg",680,383,false],"web-stories-poster-portrait":["https:\/\/experienciadevida.com.ar\/portalurbano\/wp-content\/uploads\/2020\/02\/uXdkQhk5.jpg",640,360,false],"web-stories-publisher-logo":["https:\/\/experienciadevida.com.ar\/portalurbano\/wp-content\/uploads\/2020\/02\/uXdkQhk5.jpg",96,54,false],"web-stories-thumbnail":["https:\/\/experienciadevida.com.ar\/portalurbano\/wp-content\/uploads\/2020\/02\/uXdkQhk5.jpg",150,84,false]},"author_info":{"display_name":"admpu17wp","author_link":"https:\/\/experienciadevida.com.ar\/portalurbano\/author\/admpu17wp\/"},"category_info":"<a href=\"https:\/\/experienciadevida.com.ar\/portalurbano\/category\/nacion\/\" rel=\"category tag\">Naci\u00f3n<\/a>","tag_info":"Naci\u00f3n","comment_count":"0","amp_enabled":true,"_links":{"self":[{"href":"https:\/\/experienciadevida.com.ar\/portalurbano\/wp-json\/wp\/v2\/posts\/102303"}],"collection":[{"href":"https:\/\/experienciadevida.com.ar\/portalurbano\/wp-json\/wp\/v2\/posts"}],"about":[{"href":"https:\/\/experienciadevida.com.ar\/portalurbano\/wp-json\/wp\/v2\/types\/post"}],"author":[{"embeddable":true,"href":"https:\/\/experienciadevida.com.ar\/portalurbano\/wp-json\/wp\/v2\/users\/1"}],"replies":[{"embeddable":true,"href":"https:\/\/experienciadevida.com.ar\/portalurbano\/wp-json\/wp\/v2\/comments?post=102303"}],"version-history":[{"count":2,"href":"https:\/\/experienciadevida.com.ar\/portalurbano\/wp-json\/wp\/v2\/posts\/102303\/revisions"}],"predecessor-version":[{"id":102306,"href":"https:\/\/experienciadevida.com.ar\/portalurbano\/wp-json\/wp\/v2\/posts\/102303\/revisions\/102306"}],"wp:featuredmedia":[{"embeddable":true,"href":"https:\/\/experienciadevida.com.ar\/portalurbano\/wp-json\/wp\/v2\/media\/102304"}],"wp:attachment":[{"href":"https:\/\/experienciadevida.com.ar\/portalurbano\/wp-json\/wp\/v2\/media?parent=102303"}],"wp:term":[{"taxonomy":"category","embeddable":true,"href":"https:\/\/experienciadevida.com.ar\/portalurbano\/wp-json\/wp\/v2\/categories?post=102303"},{"taxonomy":"post_tag","embeddable":true,"href":"https:\/\/experienciadevida.com.ar\/portalurbano\/wp-json\/wp\/v2\/tags?post=102303"}],"curies":[{"name":"wp","href":"https:\/\/api.w.org\/{rel}","templated":true}]}}