{"id":102221,"date":"2020-02-24T11:01:46","date_gmt":"2020-02-24T14:01:46","guid":{"rendered":"https:\/\/experienciadevida.com.ar\/portalurbano\/?p=102221"},"modified":"2020-02-24T11:02:46","modified_gmt":"2020-02-24T14:02:46","slug":"ley-de-gondolas-como-sigue-el-debate-parlamentario-en-el-senado","status":"publish","type":"post","link":"https:\/\/experienciadevida.com.ar\/portalurbano\/ley-de-gondolas-como-sigue-el-debate-parlamentario-en-el-senado\/","title":{"rendered":"Ley de g\u00f3ndolas: c\u00f3mo sigue el debate parlamentario en el Senado"},"content":{"rendered":"<p>El objetivo del interbloque del Frente de Todos es aprobarla el viernes, en la previa de la inauguraci\u00f3n del per\u00edodo de sesiones ordinarias previsto para el domingo 1 de marzo.<\/p>\n<p>El oficialismo conf\u00eda en sancionar esta semana en la \u00faltima sesi\u00f3n extraordinaria del a\u00f1o del Senado el proyecto ley de g\u00f3ndolas, que equilibra el reparto entre proveedores de los espacios de exhibici\u00f3n de productos en los supermercados y ya cuenta con media sanci\u00f3n en la C\u00e1mara de Diputados.<\/p>\n<p>La norma que fue inclu\u00edda en el temario de la sesi\u00f3n del pr\u00f3ximo viernes 14 por la Vicepresidenta Cristina Fern\u00e1ndez de Kirchner, fue promovida por el Poder Ejecutivo y apoyada por un amplio sector de la oposici\u00f3n pero recibi\u00f3 cr\u00edticas de los supermercadistas que sostienen les generar\u00e1 &#8220;m\u00e1s problemas que soluciones&#8221;.<\/p>\n<p>El objetivo del interbloque Frente de todos que conduce el Formose\u00f1o Jos\u00e9 Mayans es sancionar la ley de g\u00f3ndolas el viernes, en la previa de la inauguraci\u00f3n del per\u00edodo de sesiones ordinarias previsto para el domino 1\u00b0 de marzo.<\/p>\n<p><strong>El dictamen:<\/strong><\/p>\n<p>El Frente de Todos reuni\u00f3 el martes 10 firmas sobre los 17 integrantes de la comisi\u00f3n de Legilsaci\u00f3n General por lo que el proyecto de g\u00f3ndolas qued\u00f3 en condiciones de ser debatido por el plenario de la C\u00e1mara Alta.<\/p>\n<p>La oposici\u00f3n, que en la C\u00e1mara Baja hab\u00eda apoyado sin obst\u00e1culos la medida puso reparos en el Senado para dar aval y surgi\u00f3 la necesidad de modificaciones.<\/p>\n<p>La radical mendocina Pamela Verasay remarc\u00f3 que &#8220;el esp\u00edritu de la ley es muy bueno&#8221;, pero expres\u00f3 su inter\u00e9s en ampliar el debate porque -dijo- saben&#8221; que se puede mejorar&#8221;.<\/p>\n<p>La titular de la comisi\u00f3n, la oficialista Ana Almir\u00f3n, anunci\u00f3 que no se alterar\u00eda la agenda de trabajo y su par de bancada Mar\u00eda de los \u00c1ngeles Sacnun record\u00f3 que el proyecto ya &#8220;fue votado ampliamente en Diputados&#8221; y, por ello, &#8220;la discusi\u00f3n est\u00e1 absolutamente saldada&#8221;.<\/p>\n<p><strong>La aprobaci\u00f3n en Diputados:<\/strong><\/p>\n<p>La C\u00e1mara de Diputados aprob\u00f3 el proyecto en noviembre pasado y logr\u00f3 la media sanci\u00f3n con 180 votos afirmativos. S\u00f3lo se registr\u00f3 un voto negativo\u00a0 y 18 abstenciones.<\/p>\n<p>El proyecto establece que las cadenas comerciales podr\u00e1n otorgar a un grupo empresario o proveedor el 30 por ciento de una g\u00f3ndola, que deber\u00e1 compartir con al menos otros cinco proveedores.<\/p>\n<p>Tambi\u00e9n determina que se le deber\u00e1 brindar 25 por ciento a los productos de las pymes y un 5 por ciento a los de la agricultura familiar.<\/p>\n<p>Adem\u00e1s, se establece que en las islas de exhibici\u00f3n y anaqueles contiguos a las cajas -que configuran los sectores m\u00e1s codiciados- se deber\u00e1n presentar en un 50 por ciento del espacio productos elaborados por micro y peque\u00f1as empresas nacionales, o por cooperativas y mutuales.<\/p>\n<p>Esta iniciativa se aplicar\u00e1 a los productos alimenticios, bebidas, higiene y limpieza &#8220;a fin de tener precios transparentes y competitivos, en beneficio de los consumidores&#8221;, se indic\u00f3.<\/p>\n<p>Fuente: T\u00e9lam<\/p>\n","protected":false},"excerpt":{"rendered":"<p>El objetivo del interbloque del Frente de Todos es aprobarla el viernes, en la previa&#8230;<\/p>\n","protected":false},"author":1,"featured_media":0,"comment_status":"open","ping_status":"open","sticky":false,"template":"","format":"standard","meta":{"content-type":""},"categories":[39],"tags":[],"nelio_content":{"isAutoShareEnabled":false,"autoShareEndMode":"default","automationSources":{"useContentSentences":true,"useSocialTemplates":true,"useCustomSentences":false,"customSentences":[]},"followers":[1],"suggestedReferences":[],"includedReferences":[],"efiUrl":"","efiAlt":"","highlights":[]},"yoast_head":"<!-- This site is optimized with the Yoast SEO plugin v20.7 - https:\/\/yoast.com\/wordpress\/plugins\/seo\/ -->\n<title>Ley de g\u00f3ndolas: c\u00f3mo sigue el debate parlamentario en el Senado -<\/title>\n<meta name=\"robots\" content=\"index, follow, max-snippet:-1, max-image-preview:large, max-video-preview:-1\" \/>\n<link rel=\"canonical\" href=\"https:\/\/experienciadevida.com.ar\/portalurbano\/ley-de-gondolas-como-sigue-el-debate-parlamentario-en-el-senado\/\" \/>\n<meta property=\"og:locale\" content=\"es_ES\" \/>\n<meta property=\"og:type\" content=\"article\" \/>\n<meta property=\"og:title\" content=\"Ley de g\u00f3ndolas: c\u00f3mo sigue el debate parlamentario en el Senado -\" \/>\n<meta property=\"og:description\" content=\"El objetivo del interbloque del Frente de Todos es aprobarla el viernes, en la previa...\" \/>\n<meta property=\"og:url\" content=\"https:\/\/experienciadevida.com.ar\/portalurbano\/ley-de-gondolas-como-sigue-el-debate-parlamentario-en-el-senado\/\" \/>\n<meta property=\"article:publisher\" content=\"https:\/\/www.facebook.com\/Portal-Urbano-171542830093757\/\" \/>\n<meta property=\"article:published_time\" content=\"2020-02-24T14:01:46+00:00\" \/>\n<meta property=\"article:modified_time\" content=\"2020-02-24T14:02:46+00:00\" \/>\n<meta property=\"og:image\" content=\"https:\/\/experienciadevida.com.ar\/portalurbano\/wp-content\/uploads\/2018\/11\/SENADO-e1542040153619.jpg\" \/>\n\t<meta property=\"og:image:width\" content=\"800\" \/>\n\t<meta property=\"og:image:height\" content=\"533\" \/>\n\t<meta property=\"og:image:type\" content=\"image\/jpeg\" \/>\n<meta name=\"author\" content=\"admpu17wp\" \/>\n<meta name=\"twitter:card\" content=\"summary_large_image\" \/>\n<meta name=\"twitter:creator\" content=\"@portalurbanook\" \/>\n<meta name=\"twitter:site\" content=\"@portalurbanook\" \/>\n<meta name=\"twitter:label1\" content=\"Escrito por\" \/>\n\t<meta name=\"twitter:data1\" content=\"admpu17wp\" \/>\n\t<meta name=\"twitter:label2\" content=\"Tiempo de lectura\" \/>\n\t<meta name=\"twitter:data2\" content=\"3 minutos\" \/>\n<script type=\"application\/ld+json\" class=\"yoast-schema-graph\">{\"@context\":\"https:\/\/schema.org\",\"@graph\":[{\"@type\":\"Article\",\"@id\":\"https:\/\/experienciadevida.com.ar\/portalurbano\/ley-de-gondolas-como-sigue-el-debate-parlamentario-en-el-senado\/#article\",\"isPartOf\":{\"@id\":\"https:\/\/experienciadevida.com.ar\/portalurbano\/ley-de-gondolas-como-sigue-el-debate-parlamentario-en-el-senado\/\"},\"author\":{\"name\":\"admpu17wp\",\"@id\":\"https:\/\/experienciadevida.com.ar\/portalurbano\/#\/schema\/person\/02dd326b1c4b056e9cc972486934a3a7\"},\"headline\":\"Ley de g\u00f3ndolas: c\u00f3mo sigue el debate parlamentario en el Senado\",\"datePublished\":\"2020-02-24T14:01:46+00:00\",\"dateModified\":\"2020-02-24T14:02:46+00:00\",\"mainEntityOfPage\":{\"@id\":\"https:\/\/experienciadevida.com.ar\/portalurbano\/ley-de-gondolas-como-sigue-el-debate-parlamentario-en-el-senado\/\"},\"wordCount\":525,\"commentCount\":0,\"publisher\":{\"@id\":\"https:\/\/experienciadevida.com.ar\/portalurbano\/#organization\"},\"articleSection\":[\"Naci\u00f3n\"],\"inLanguage\":\"es\",\"potentialAction\":[{\"@type\":\"CommentAction\",\"name\":\"Comment\",\"target\":[\"https:\/\/experienciadevida.com.ar\/portalurbano\/ley-de-gondolas-como-sigue-el-debate-parlamentario-en-el-senado\/#respond\"]}]},{\"@type\":\"WebPage\",\"@id\":\"https:\/\/experienciadevida.com.ar\/portalurbano\/ley-de-gondolas-como-sigue-el-debate-parlamentario-en-el-senado\/\",\"url\":\"https:\/\/experienciadevida.com.ar\/portalurbano\/ley-de-gondolas-como-sigue-el-debate-parlamentario-en-el-senado\/\",\"name\":\"Ley de g\u00f3ndolas: c\u00f3mo sigue el debate parlamentario en el Senado -\",\"isPartOf\":{\"@id\":\"https:\/\/experienciadevida.com.ar\/portalurbano\/#website\"},\"datePublished\":\"2020-02-24T14:01:46+00:00\",\"dateModified\":\"2020-02-24T14:02:46+00:00\",\"breadcrumb\":{\"@id\":\"https:\/\/experienciadevida.com.ar\/portalurbano\/ley-de-gondolas-como-sigue-el-debate-parlamentario-en-el-senado\/#breadcrumb\"},\"inLanguage\":\"es\",\"potentialAction\":[{\"@type\":\"ReadAction\",\"target\":[\"https:\/\/experienciadevida.com.ar\/portalurbano\/ley-de-gondolas-como-sigue-el-debate-parlamentario-en-el-senado\/\"]}]},{\"@type\":\"BreadcrumbList\",\"@id\":\"https:\/\/experienciadevida.com.ar\/portalurbano\/ley-de-gondolas-como-sigue-el-debate-parlamentario-en-el-senado\/#breadcrumb\",\"itemListElement\":[{\"@type\":\"ListItem\",\"position\":1,\"name\":\"Portada\",\"item\":\"https:\/\/experienciadevida.com.ar\/portalurbano\/\"},{\"@type\":\"ListItem\",\"position\":2,\"name\":\"Ley de g\u00f3ndolas: c\u00f3mo sigue el debate parlamentario en el Senado\"}]},{\"@type\":\"WebSite\",\"@id\":\"https:\/\/experienciadevida.com.ar\/portalurbano\/#website\",\"url\":\"https:\/\/experienciadevida.com.ar\/portalurbano\/\",\"name\":\"\",\"description\":\"\",\"publisher\":{\"@id\":\"https:\/\/experienciadevida.com.ar\/portalurbano\/#organization\"},\"potentialAction\":[{\"@type\":\"SearchAction\",\"target\":{\"@type\":\"EntryPoint\",\"urlTemplate\":\"https:\/\/experienciadevida.com.ar\/portalurbano\/?s={search_term_string}\"},\"query-input\":\"required name=search_term_string\"}],\"inLanguage\":\"es\"},{\"@type\":\"Organization\",\"@id\":\"https:\/\/experienciadevida.com.ar\/portalurbano\/#organization\",\"name\":\"Portal Urbano\",\"url\":\"https:\/\/experienciadevida.com.ar\/portalurbano\/\",\"logo\":{\"@type\":\"ImageObject\",\"inLanguage\":\"es\",\"@id\":\"https:\/\/experienciadevida.com.ar\/portalurbano\/#\/schema\/logo\/image\/\",\"url\":\"https:\/\/experienciadevida.com.ar\/portalurbano\/wp-content\/uploads\/2019\/09\/Logo-Original.png\",\"contentUrl\":\"https:\/\/experienciadevida.com.ar\/portalurbano\/wp-content\/uploads\/2019\/09\/Logo-Original.png\",\"width\":2236,\"height\":1216,\"caption\":\"Portal Urbano\"},\"image\":{\"@id\":\"https:\/\/experienciadevida.com.ar\/portalurbano\/#\/schema\/logo\/image\/\"},\"sameAs\":[\"https:\/\/www.facebook.com\/Portal-Urbano-171542830093757\/\",\"https:\/\/twitter.com\/portalurbanook\",\"https:\/\/www.instagram.com\/_portalurbano\/\",\"https:\/\/www.youtube.com\/channel\/UCXhagIfszH8KxFiOok79zbA?view_as=subscriber\"]},{\"@type\":\"Person\",\"@id\":\"https:\/\/experienciadevida.com.ar\/portalurbano\/#\/schema\/person\/02dd326b1c4b056e9cc972486934a3a7\",\"name\":\"admpu17wp\",\"image\":{\"@type\":\"ImageObject\",\"inLanguage\":\"es\",\"@id\":\"https:\/\/experienciadevida.com.ar\/portalurbano\/#\/schema\/person\/image\/\",\"url\":\"https:\/\/secure.gravatar.com\/avatar\/830d4c57adaae6630765e449a6908047?s=96&d=mm&r=g\",\"contentUrl\":\"https:\/\/secure.gravatar.com\/avatar\/830d4c57adaae6630765e449a6908047?s=96&d=mm&r=g\",\"caption\":\"admpu17wp\"}}]}<\/script>\n<!-- \/ Yoast SEO plugin. -->","yoast_head_json":{"title":"Ley de g\u00f3ndolas: c\u00f3mo sigue el debate parlamentario en el Senado -","robots":{"index":"index","follow":"follow","max-snippet":"max-snippet:-1","max-image-preview":"max-image-preview:large","max-video-preview":"max-video-preview:-1"},"canonical":"https:\/\/experienciadevida.com.ar\/portalurbano\/ley-de-gondolas-como-sigue-el-debate-parlamentario-en-el-senado\/","og_locale":"es_ES","og_type":"article","og_title":"Ley de g\u00f3ndolas: c\u00f3mo sigue el debate parlamentario en el Senado -","og_description":"El objetivo del interbloque del Frente de Todos es aprobarla el viernes, en la previa...","og_url":"https:\/\/experienciadevida.com.ar\/portalurbano\/ley-de-gondolas-como-sigue-el-debate-parlamentario-en-el-senado\/","article_publisher":"https:\/\/www.facebook.com\/Portal-Urbano-171542830093757\/","article_published_time":"2020-02-24T14:01:46+00:00","article_modified_time":"2020-02-24T14:02:46+00:00","og_image":[{"width":800,"height":533,"url":"https:\/\/experienciadevida.com.ar\/portalurbano\/wp-content\/uploads\/2018\/11\/SENADO-e1542040153619.jpg","type":"image\/jpeg"}],"author":"admpu17wp","twitter_card":"summary_large_image","twitter_creator":"@portalurbanook","twitter_site":"@portalurbanook","twitter_misc":{"Escrito por":"admpu17wp","Tiempo de lectura":"3 minutos"},"schema":{"@context":"https:\/\/schema.org","@graph":[{"@type":"Article","@id":"https:\/\/experienciadevida.com.ar\/portalurbano\/ley-de-gondolas-como-sigue-el-debate-parlamentario-en-el-senado\/#article","isPartOf":{"@id":"https:\/\/experienciadevida.com.ar\/portalurbano\/ley-de-gondolas-como-sigue-el-debate-parlamentario-en-el-senado\/"},"author":{"name":"admpu17wp","@id":"https:\/\/experienciadevida.com.ar\/portalurbano\/#\/schema\/person\/02dd326b1c4b056e9cc972486934a3a7"},"headline":"Ley de g\u00f3ndolas: c\u00f3mo sigue el debate parlamentario en el Senado","datePublished":"2020-02-24T14:01:46+00:00","dateModified":"2020-02-24T14:02:46+00:00","mainEntityOfPage":{"@id":"https:\/\/experienciadevida.com.ar\/portalurbano\/ley-de-gondolas-como-sigue-el-debate-parlamentario-en-el-senado\/"},"wordCount":525,"commentCount":0,"publisher":{"@id":"https:\/\/experienciadevida.com.ar\/portalurbano\/#organization"},"articleSection":["Naci\u00f3n"],"inLanguage":"es","potentialAction":[{"@type":"CommentAction","name":"Comment","target":["https:\/\/experienciadevida.com.ar\/portalurbano\/ley-de-gondolas-como-sigue-el-debate-parlamentario-en-el-senado\/#respond"]}]},{"@type":"WebPage","@id":"https:\/\/experienciadevida.com.ar\/portalurbano\/ley-de-gondolas-como-sigue-el-debate-parlamentario-en-el-senado\/","url":"https:\/\/experienciadevida.com.ar\/portalurbano\/ley-de-gondolas-como-sigue-el-debate-parlamentario-en-el-senado\/","name":"Ley de g\u00f3ndolas: c\u00f3mo sigue el debate parlamentario en el Senado -","isPartOf":{"@id":"https:\/\/experienciadevida.com.ar\/portalurbano\/#website"},"datePublished":"2020-02-24T14:01:46+00:00","dateModified":"2020-02-24T14:02:46+00:00","breadcrumb":{"@id":"https:\/\/experienciadevida.com.ar\/portalurbano\/ley-de-gondolas-como-sigue-el-debate-parlamentario-en-el-senado\/#breadcrumb"},"inLanguage":"es","potentialAction":[{"@type":"ReadAction","target":["https:\/\/experienciadevida.com.ar\/portalurbano\/ley-de-gondolas-como-sigue-el-debate-parlamentario-en-el-senado\/"]}]},{"@type":"BreadcrumbList","@id":"https:\/\/experienciadevida.com.ar\/portalurbano\/ley-de-gondolas-como-sigue-el-debate-parlamentario-en-el-senado\/#breadcrumb","itemListElement":[{"@type":"ListItem","position":1,"name":"Portada","item":"https:\/\/experienciadevida.com.ar\/portalurbano\/"},{"@type":"ListItem","position":2,"name":"Ley de g\u00f3ndolas: c\u00f3mo sigue el debate parlamentario en el Senado"}]},{"@type":"WebSite","@id":"https:\/\/experienciadevida.com.ar\/portalurbano\/#website","url":"https:\/\/experienciadevida.com.ar\/portalurbano\/","name":"","description":"","publisher":{"@id":"https:\/\/experienciadevida.com.ar\/portalurbano\/#organization"},"potentialAction":[{"@type":"SearchAction","target":{"@type":"EntryPoint","urlTemplate":"https:\/\/experienciadevida.com.ar\/portalurbano\/?s={search_term_string}"},"query-input":"required name=search_term_string"}],"inLanguage":"es"},{"@type":"Organization","@id":"https:\/\/experienciadevida.com.ar\/portalurbano\/#organization","name":"Portal Urbano","url":"https:\/\/experienciadevida.com.ar\/portalurbano\/","logo":{"@type":"ImageObject","inLanguage":"es","@id":"https:\/\/experienciadevida.com.ar\/portalurbano\/#\/schema\/logo\/image\/","url":"https:\/\/experienciadevida.com.ar\/portalurbano\/wp-content\/uploads\/2019\/09\/Logo-Original.png","contentUrl":"https:\/\/experienciadevida.com.ar\/portalurbano\/wp-content\/uploads\/2019\/09\/Logo-Original.png","width":2236,"height":1216,"caption":"Portal Urbano"},"image":{"@id":"https:\/\/experienciadevida.com.ar\/portalurbano\/#\/schema\/logo\/image\/"},"sameAs":["https:\/\/www.facebook.com\/Portal-Urbano-171542830093757\/","https:\/\/twitter.com\/portalurbanook","https:\/\/www.instagram.com\/_portalurbano\/","https:\/\/www.youtube.com\/channel\/UCXhagIfszH8KxFiOok79zbA?view_as=subscriber"]},{"@type":"Person","@id":"https:\/\/experienciadevida.com.ar\/portalurbano\/#\/schema\/person\/02dd326b1c4b056e9cc972486934a3a7","name":"admpu17wp","image":{"@type":"ImageObject","inLanguage":"es","@id":"https:\/\/experienciadevida.com.ar\/portalurbano\/#\/schema\/person\/image\/","url":"https:\/\/secure.gravatar.com\/avatar\/830d4c57adaae6630765e449a6908047?s=96&d=mm&r=g","contentUrl":"https:\/\/secure.gravatar.com\/avatar\/830d4c57adaae6630765e449a6908047?s=96&d=mm&r=g","caption":"admpu17wp"}}]}},"featured_image_urls":{"full":"","thumbnail":"","medium":"","medium_large":"","large":"","ug_big":"","1536x1536":"","2048x2048":"","newsever-slider-full":"","newsever-featured":"","newsever-medium":"","web-stories-poster-portrait":"","web-stories-publisher-logo":"","web-stories-thumbnail":""},"author_info":{"display_name":"admpu17wp","author_link":"https:\/\/experienciadevida.com.ar\/portalurbano\/author\/admpu17wp\/"},"category_info":"<a href=\"https:\/\/experienciadevida.com.ar\/portalurbano\/category\/nacion\/\" rel=\"category tag\">Naci\u00f3n<\/a>","tag_info":"Naci\u00f3n","comment_count":"0","amp_enabled":true,"_links":{"self":[{"href":"https:\/\/experienciadevida.com.ar\/portalurbano\/wp-json\/wp\/v2\/posts\/102221"}],"collection":[{"href":"https:\/\/experienciadevida.com.ar\/portalurbano\/wp-json\/wp\/v2\/posts"}],"about":[{"href":"https:\/\/experienciadevida.com.ar\/portalurbano\/wp-json\/wp\/v2\/types\/post"}],"author":[{"embeddable":true,"href":"https:\/\/experienciadevida.com.ar\/portalurbano\/wp-json\/wp\/v2\/users\/1"}],"replies":[{"embeddable":true,"href":"https:\/\/experienciadevida.com.ar\/portalurbano\/wp-json\/wp\/v2\/comments?post=102221"}],"version-history":[{"count":1,"href":"https:\/\/experienciadevida.com.ar\/portalurbano\/wp-json\/wp\/v2\/posts\/102221\/revisions"}],"predecessor-version":[{"id":102228,"href":"https:\/\/experienciadevida.com.ar\/portalurbano\/wp-json\/wp\/v2\/posts\/102221\/revisions\/102228"}],"wp:attachment":[{"href":"https:\/\/experienciadevida.com.ar\/portalurbano\/wp-json\/wp\/v2\/media?parent=102221"}],"wp:term":[{"taxonomy":"category","embeddable":true,"href":"https:\/\/experienciadevida.com.ar\/portalurbano\/wp-json\/wp\/v2\/categories?post=102221"},{"taxonomy":"post_tag","embeddable":true,"href":"https:\/\/experienciadevida.com.ar\/portalurbano\/wp-json\/wp\/v2\/tags?post=102221"}],"curies":[{"name":"wp","href":"https:\/\/api.w.org\/{rel}","templated":true}]}}