{"id":102166,"date":"2020-02-22T19:45:02","date_gmt":"2020-02-22T22:45:02","guid":{"rendered":"https:\/\/experienciadevida.com.ar\/portalurbano\/?p=102166"},"modified":"2020-02-22T19:45:28","modified_gmt":"2020-02-22T22:45:28","slug":"martin-guzman-se-reunio-con-kristalina-georgieva-y-trazaron-los-lineamientos-a-abordar-en-los-proximos-encuentros-con-el-fmi","status":"publish","type":"post","link":"https:\/\/experienciadevida.com.ar\/portalurbano\/martin-guzman-se-reunio-con-kristalina-georgieva-y-trazaron-los-lineamientos-a-abordar-en-los-proximos-encuentros-con-el-fmi\/","title":{"rendered":"Mart\u00edn Guzm\u00e1n se reuni\u00f3 con Kristalina Georgieva y trazaron los lineamientos a abordar en los pr\u00f3ximos encuentros con el FMI"},"content":{"rendered":"<p>El Ministro de econom\u00eda, Mart\u00edn Guzm\u00e1n, se reuni\u00f3 este s\u00e1bado con la titular del FMI Kristalina Georgieva. La titular del FMI hizo hincapi\u00e9 en el liderazgo del Presidente Alberto Fern\u00e1ndez y las medidas que se tomaron para estabilizar la econom\u00eda y proteger a los m\u00e1s vulnerables.<\/p>\n<p>El Ministro de econom\u00eda, Mart\u00edn Guzm\u00e1n, se reuni\u00f3 este s\u00e1bado con la titular del FMI Kristalina Georgieva en el marco del foro de Ministros de finanzas de los pa\u00edses integrantes del G20 que se lleva a\u00a0 cabo\u00a0 en Arabia Saudita, con quien &#8220;profundizo en la compensaci\u00f3n mutua y trazaron los lineamientos a abordar en los pr\u00f3ximos encuentros&#8221;, inform\u00f3 la cartera nacional.<\/p>\n<p class=\"title\">Durante la reuni\u00f3n, el ministro transmiti\u00f3 &#8220;su satisfacci\u00f3n por el intercambio constructivo sobre los desaf\u00edos del pa\u00eds y el camino a seguir para garantizar un crecimiento m\u00e1s sostenible e inclusivo&#8221;, indic\u00f3 Econom\u00eda a trav\u00e9s de un comunicado tras la reuni\u00f3n desarrolada en Riad, Arabia Saudita.<\/p>\n<p class=\"title\">La titular del FMI hizo hincapi\u00e9 en el liderazgo del Presidente Alberto Fern\u00e1ndez y las medidas que se tomaron para estabilizar la econom\u00eda y proteger a los m\u00e1s vulnerables.<\/p>\n<p class=\"title\">Asimismo, Georgieva reafirm\u00f3 su compromiso con Argentina y la intenci\u00f3n de &#8220;ver que su econom\u00eda se recupere de manera duradera, que se reduzca la pobreza y que las argentinas y los argentinos prosperen\u201d, a\u00f1adi\u00f3 el comunicado.<\/p>\n<p>Guzm\u00e1n le manifest\u00f3 a la Directora Gerente la intenci\u00f3n de Argentina de iniciar las Consultas del Art\u00edculo IV del organismo, lo que el ministro consider\u00f3 \u201cun paso valioso que permitir\u00e1 profundizar el entendimiento mutuo entre el gobierno argentino y las autoridades del FMI, en el camino a contar oportunamente con un nuevo programa con el organismo\u201d.<\/p>\n","protected":false},"excerpt":{"rendered":"<p>El Ministro de econom\u00eda, Mart\u00edn Guzm\u00e1n, se reuni\u00f3 este s\u00e1bado con la titular del FMI&#8230;<\/p>\n","protected":false},"author":1,"featured_media":102167,"comment_status":"open","ping_status":"open","sticky":false,"template":"","format":"standard","meta":{"content-type":""},"categories":[39],"tags":[],"nelio_content":{"isAutoShareEnabled":false,"autoShareEndMode":"default","automationSources":{"useContentSentences":true,"useSocialTemplates":true,"useCustomSentences":false,"customSentences":[]},"followers":[1],"suggestedReferences":[],"includedReferences":[],"efiUrl":"","efiAlt":"","highlights":[]},"yoast_head":"<!-- This site is optimized with the Yoast SEO plugin v20.7 - https:\/\/yoast.com\/wordpress\/plugins\/seo\/ -->\n<title>Mart\u00edn Guzm\u00e1n se reuni\u00f3 con Kristalina Georgieva y trazaron los lineamientos a abordar en los pr\u00f3ximos encuentros con el FMI -<\/title>\n<meta name=\"robots\" content=\"index, follow, max-snippet:-1, max-image-preview:large, max-video-preview:-1\" \/>\n<link rel=\"canonical\" href=\"https:\/\/experienciadevida.com.ar\/portalurbano\/martin-guzman-se-reunio-con-kristalina-georgieva-y-trazaron-los-lineamientos-a-abordar-en-los-proximos-encuentros-con-el-fmi\/\" \/>\n<meta property=\"og:locale\" content=\"es_ES\" \/>\n<meta property=\"og:type\" content=\"article\" \/>\n<meta property=\"og:title\" content=\"Mart\u00edn Guzm\u00e1n se reuni\u00f3 con Kristalina Georgieva y trazaron los lineamientos a abordar en los pr\u00f3ximos encuentros con el FMI -\" \/>\n<meta property=\"og:description\" content=\"El Ministro de econom\u00eda, Mart\u00edn Guzm\u00e1n, se reuni\u00f3 este s\u00e1bado con la titular del FMI...\" \/>\n<meta property=\"og:url\" content=\"https:\/\/experienciadevida.com.ar\/portalurbano\/martin-guzman-se-reunio-con-kristalina-georgieva-y-trazaron-los-lineamientos-a-abordar-en-los-proximos-encuentros-con-el-fmi\/\" \/>\n<meta property=\"article:publisher\" content=\"https:\/\/www.facebook.com\/Portal-Urbano-171542830093757\/\" \/>\n<meta property=\"article:published_time\" content=\"2020-02-22T22:45:02+00:00\" \/>\n<meta property=\"article:modified_time\" content=\"2020-02-22T22:45:28+00:00\" \/>\n<meta property=\"og:image\" content=\"https:\/\/experienciadevida.com.ar\/portalurbano\/wp-content\/uploads\/2020\/02\/GUZMAN-e1582411088807.jpg\" \/>\n\t<meta property=\"og:image:width\" content=\"765\" \/>\n\t<meta property=\"og:image:height\" content=\"574\" \/>\n\t<meta property=\"og:image:type\" content=\"image\/jpeg\" \/>\n<meta name=\"author\" content=\"admpu17wp\" \/>\n<meta name=\"twitter:card\" content=\"summary_large_image\" \/>\n<meta name=\"twitter:creator\" content=\"@portalurbanook\" \/>\n<meta name=\"twitter:site\" content=\"@portalurbanook\" \/>\n<meta name=\"twitter:label1\" content=\"Escrito por\" \/>\n\t<meta name=\"twitter:data1\" content=\"admpu17wp\" \/>\n\t<meta name=\"twitter:label2\" content=\"Tiempo de lectura\" \/>\n\t<meta name=\"twitter:data2\" content=\"2 minutos\" \/>\n<script type=\"application\/ld+json\" class=\"yoast-schema-graph\">{\"@context\":\"https:\/\/schema.org\",\"@graph\":[{\"@type\":\"Article\",\"@id\":\"https:\/\/experienciadevida.com.ar\/portalurbano\/martin-guzman-se-reunio-con-kristalina-georgieva-y-trazaron-los-lineamientos-a-abordar-en-los-proximos-encuentros-con-el-fmi\/#article\",\"isPartOf\":{\"@id\":\"https:\/\/experienciadevida.com.ar\/portalurbano\/martin-guzman-se-reunio-con-kristalina-georgieva-y-trazaron-los-lineamientos-a-abordar-en-los-proximos-encuentros-con-el-fmi\/\"},\"author\":{\"name\":\"admpu17wp\",\"@id\":\"https:\/\/experienciadevida.com.ar\/portalurbano\/#\/schema\/person\/02dd326b1c4b056e9cc972486934a3a7\"},\"headline\":\"Mart\u00edn Guzm\u00e1n se reuni\u00f3 con Kristalina Georgieva y trazaron los lineamientos a abordar en los pr\u00f3ximos encuentros con el FMI\",\"datePublished\":\"2020-02-22T22:45:02+00:00\",\"dateModified\":\"2020-02-22T22:45:28+00:00\",\"mainEntityOfPage\":{\"@id\":\"https:\/\/experienciadevida.com.ar\/portalurbano\/martin-guzman-se-reunio-con-kristalina-georgieva-y-trazaron-los-lineamientos-a-abordar-en-los-proximos-encuentros-con-el-fmi\/\"},\"wordCount\":327,\"commentCount\":0,\"publisher\":{\"@id\":\"https:\/\/experienciadevida.com.ar\/portalurbano\/#organization\"},\"articleSection\":[\"Naci\u00f3n\"],\"inLanguage\":\"es\",\"potentialAction\":[{\"@type\":\"CommentAction\",\"name\":\"Comment\",\"target\":[\"https:\/\/experienciadevida.com.ar\/portalurbano\/martin-guzman-se-reunio-con-kristalina-georgieva-y-trazaron-los-lineamientos-a-abordar-en-los-proximos-encuentros-con-el-fmi\/#respond\"]}]},{\"@type\":\"WebPage\",\"@id\":\"https:\/\/experienciadevida.com.ar\/portalurbano\/martin-guzman-se-reunio-con-kristalina-georgieva-y-trazaron-los-lineamientos-a-abordar-en-los-proximos-encuentros-con-el-fmi\/\",\"url\":\"https:\/\/experienciadevida.com.ar\/portalurbano\/martin-guzman-se-reunio-con-kristalina-georgieva-y-trazaron-los-lineamientos-a-abordar-en-los-proximos-encuentros-con-el-fmi\/\",\"name\":\"Mart\u00edn Guzm\u00e1n se reuni\u00f3 con Kristalina Georgieva y trazaron los lineamientos a abordar en los pr\u00f3ximos encuentros con el FMI -\",\"isPartOf\":{\"@id\":\"https:\/\/experienciadevida.com.ar\/portalurbano\/#website\"},\"datePublished\":\"2020-02-22T22:45:02+00:00\",\"dateModified\":\"2020-02-22T22:45:28+00:00\",\"breadcrumb\":{\"@id\":\"https:\/\/experienciadevida.com.ar\/portalurbano\/martin-guzman-se-reunio-con-kristalina-georgieva-y-trazaron-los-lineamientos-a-abordar-en-los-proximos-encuentros-con-el-fmi\/#breadcrumb\"},\"inLanguage\":\"es\",\"potentialAction\":[{\"@type\":\"ReadAction\",\"target\":[\"https:\/\/experienciadevida.com.ar\/portalurbano\/martin-guzman-se-reunio-con-kristalina-georgieva-y-trazaron-los-lineamientos-a-abordar-en-los-proximos-encuentros-con-el-fmi\/\"]}]},{\"@type\":\"BreadcrumbList\",\"@id\":\"https:\/\/experienciadevida.com.ar\/portalurbano\/martin-guzman-se-reunio-con-kristalina-georgieva-y-trazaron-los-lineamientos-a-abordar-en-los-proximos-encuentros-con-el-fmi\/#breadcrumb\",\"itemListElement\":[{\"@type\":\"ListItem\",\"position\":1,\"name\":\"Portada\",\"item\":\"https:\/\/experienciadevida.com.ar\/portalurbano\/\"},{\"@type\":\"ListItem\",\"position\":2,\"name\":\"Mart\u00edn Guzm\u00e1n se reuni\u00f3 con Kristalina Georgieva y trazaron los lineamientos a abordar en los pr\u00f3ximos encuentros con el FMI\"}]},{\"@type\":\"WebSite\",\"@id\":\"https:\/\/experienciadevida.com.ar\/portalurbano\/#website\",\"url\":\"https:\/\/experienciadevida.com.ar\/portalurbano\/\",\"name\":\"\",\"description\":\"\",\"publisher\":{\"@id\":\"https:\/\/experienciadevida.com.ar\/portalurbano\/#organization\"},\"potentialAction\":[{\"@type\":\"SearchAction\",\"target\":{\"@type\":\"EntryPoint\",\"urlTemplate\":\"https:\/\/experienciadevida.com.ar\/portalurbano\/?s={search_term_string}\"},\"query-input\":\"required name=search_term_string\"}],\"inLanguage\":\"es\"},{\"@type\":\"Organization\",\"@id\":\"https:\/\/experienciadevida.com.ar\/portalurbano\/#organization\",\"name\":\"Portal Urbano\",\"url\":\"https:\/\/experienciadevida.com.ar\/portalurbano\/\",\"logo\":{\"@type\":\"ImageObject\",\"inLanguage\":\"es\",\"@id\":\"https:\/\/experienciadevida.com.ar\/portalurbano\/#\/schema\/logo\/image\/\",\"url\":\"https:\/\/experienciadevida.com.ar\/portalurbano\/wp-content\/uploads\/2019\/09\/Logo-Original.png\",\"contentUrl\":\"https:\/\/experienciadevida.com.ar\/portalurbano\/wp-content\/uploads\/2019\/09\/Logo-Original.png\",\"width\":2236,\"height\":1216,\"caption\":\"Portal Urbano\"},\"image\":{\"@id\":\"https:\/\/experienciadevida.com.ar\/portalurbano\/#\/schema\/logo\/image\/\"},\"sameAs\":[\"https:\/\/www.facebook.com\/Portal-Urbano-171542830093757\/\",\"https:\/\/twitter.com\/portalurbanook\",\"https:\/\/www.instagram.com\/_portalurbano\/\",\"https:\/\/www.youtube.com\/channel\/UCXhagIfszH8KxFiOok79zbA?view_as=subscriber\"]},{\"@type\":\"Person\",\"@id\":\"https:\/\/experienciadevida.com.ar\/portalurbano\/#\/schema\/person\/02dd326b1c4b056e9cc972486934a3a7\",\"name\":\"admpu17wp\",\"image\":{\"@type\":\"ImageObject\",\"inLanguage\":\"es\",\"@id\":\"https:\/\/experienciadevida.com.ar\/portalurbano\/#\/schema\/person\/image\/\",\"url\":\"https:\/\/secure.gravatar.com\/avatar\/830d4c57adaae6630765e449a6908047?s=96&d=mm&r=g\",\"contentUrl\":\"https:\/\/secure.gravatar.com\/avatar\/830d4c57adaae6630765e449a6908047?s=96&d=mm&r=g\",\"caption\":\"admpu17wp\"}}]}<\/script>\n<!-- \/ Yoast SEO plugin. -->","yoast_head_json":{"title":"Mart\u00edn Guzm\u00e1n se reuni\u00f3 con Kristalina Georgieva y trazaron los lineamientos a abordar en los pr\u00f3ximos encuentros con el FMI -","robots":{"index":"index","follow":"follow","max-snippet":"max-snippet:-1","max-image-preview":"max-image-preview:large","max-video-preview":"max-video-preview:-1"},"canonical":"https:\/\/experienciadevida.com.ar\/portalurbano\/martin-guzman-se-reunio-con-kristalina-georgieva-y-trazaron-los-lineamientos-a-abordar-en-los-proximos-encuentros-con-el-fmi\/","og_locale":"es_ES","og_type":"article","og_title":"Mart\u00edn Guzm\u00e1n se reuni\u00f3 con Kristalina Georgieva y trazaron los lineamientos a abordar en los pr\u00f3ximos encuentros con el FMI -","og_description":"El Ministro de econom\u00eda, Mart\u00edn Guzm\u00e1n, se reuni\u00f3 este s\u00e1bado con la titular del FMI...","og_url":"https:\/\/experienciadevida.com.ar\/portalurbano\/martin-guzman-se-reunio-con-kristalina-georgieva-y-trazaron-los-lineamientos-a-abordar-en-los-proximos-encuentros-con-el-fmi\/","article_publisher":"https:\/\/www.facebook.com\/Portal-Urbano-171542830093757\/","article_published_time":"2020-02-22T22:45:02+00:00","article_modified_time":"2020-02-22T22:45:28+00:00","og_image":[{"width":765,"height":574,"url":"https:\/\/experienciadevida.com.ar\/portalurbano\/wp-content\/uploads\/2020\/02\/GUZMAN-e1582411088807.jpg","type":"image\/jpeg"}],"author":"admpu17wp","twitter_card":"summary_large_image","twitter_creator":"@portalurbanook","twitter_site":"@portalurbanook","twitter_misc":{"Escrito por":"admpu17wp","Tiempo de lectura":"2 minutos"},"schema":{"@context":"https:\/\/schema.org","@graph":[{"@type":"Article","@id":"https:\/\/experienciadevida.com.ar\/portalurbano\/martin-guzman-se-reunio-con-kristalina-georgieva-y-trazaron-los-lineamientos-a-abordar-en-los-proximos-encuentros-con-el-fmi\/#article","isPartOf":{"@id":"https:\/\/experienciadevida.com.ar\/portalurbano\/martin-guzman-se-reunio-con-kristalina-georgieva-y-trazaron-los-lineamientos-a-abordar-en-los-proximos-encuentros-con-el-fmi\/"},"author":{"name":"admpu17wp","@id":"https:\/\/experienciadevida.com.ar\/portalurbano\/#\/schema\/person\/02dd326b1c4b056e9cc972486934a3a7"},"headline":"Mart\u00edn Guzm\u00e1n se reuni\u00f3 con Kristalina Georgieva y trazaron los lineamientos a abordar en los pr\u00f3ximos encuentros con el FMI","datePublished":"2020-02-22T22:45:02+00:00","dateModified":"2020-02-22T22:45:28+00:00","mainEntityOfPage":{"@id":"https:\/\/experienciadevida.com.ar\/portalurbano\/martin-guzman-se-reunio-con-kristalina-georgieva-y-trazaron-los-lineamientos-a-abordar-en-los-proximos-encuentros-con-el-fmi\/"},"wordCount":327,"commentCount":0,"publisher":{"@id":"https:\/\/experienciadevida.com.ar\/portalurbano\/#organization"},"articleSection":["Naci\u00f3n"],"inLanguage":"es","potentialAction":[{"@type":"CommentAction","name":"Comment","target":["https:\/\/experienciadevida.com.ar\/portalurbano\/martin-guzman-se-reunio-con-kristalina-georgieva-y-trazaron-los-lineamientos-a-abordar-en-los-proximos-encuentros-con-el-fmi\/#respond"]}]},{"@type":"WebPage","@id":"https:\/\/experienciadevida.com.ar\/portalurbano\/martin-guzman-se-reunio-con-kristalina-georgieva-y-trazaron-los-lineamientos-a-abordar-en-los-proximos-encuentros-con-el-fmi\/","url":"https:\/\/experienciadevida.com.ar\/portalurbano\/martin-guzman-se-reunio-con-kristalina-georgieva-y-trazaron-los-lineamientos-a-abordar-en-los-proximos-encuentros-con-el-fmi\/","name":"Mart\u00edn Guzm\u00e1n se reuni\u00f3 con Kristalina Georgieva y trazaron los lineamientos a abordar en los pr\u00f3ximos encuentros con el FMI -","isPartOf":{"@id":"https:\/\/experienciadevida.com.ar\/portalurbano\/#website"},"datePublished":"2020-02-22T22:45:02+00:00","dateModified":"2020-02-22T22:45:28+00:00","breadcrumb":{"@id":"https:\/\/experienciadevida.com.ar\/portalurbano\/martin-guzman-se-reunio-con-kristalina-georgieva-y-trazaron-los-lineamientos-a-abordar-en-los-proximos-encuentros-con-el-fmi\/#breadcrumb"},"inLanguage":"es","potentialAction":[{"@type":"ReadAction","target":["https:\/\/experienciadevida.com.ar\/portalurbano\/martin-guzman-se-reunio-con-kristalina-georgieva-y-trazaron-los-lineamientos-a-abordar-en-los-proximos-encuentros-con-el-fmi\/"]}]},{"@type":"BreadcrumbList","@id":"https:\/\/experienciadevida.com.ar\/portalurbano\/martin-guzman-se-reunio-con-kristalina-georgieva-y-trazaron-los-lineamientos-a-abordar-en-los-proximos-encuentros-con-el-fmi\/#breadcrumb","itemListElement":[{"@type":"ListItem","position":1,"name":"Portada","item":"https:\/\/experienciadevida.com.ar\/portalurbano\/"},{"@type":"ListItem","position":2,"name":"Mart\u00edn Guzm\u00e1n se reuni\u00f3 con Kristalina Georgieva y trazaron los lineamientos a abordar en los pr\u00f3ximos encuentros con el FMI"}]},{"@type":"WebSite","@id":"https:\/\/experienciadevida.com.ar\/portalurbano\/#website","url":"https:\/\/experienciadevida.com.ar\/portalurbano\/","name":"","description":"","publisher":{"@id":"https:\/\/experienciadevida.com.ar\/portalurbano\/#organization"},"potentialAction":[{"@type":"SearchAction","target":{"@type":"EntryPoint","urlTemplate":"https:\/\/experienciadevida.com.ar\/portalurbano\/?s={search_term_string}"},"query-input":"required name=search_term_string"}],"inLanguage":"es"},{"@type":"Organization","@id":"https:\/\/experienciadevida.com.ar\/portalurbano\/#organization","name":"Portal Urbano","url":"https:\/\/experienciadevida.com.ar\/portalurbano\/","logo":{"@type":"ImageObject","inLanguage":"es","@id":"https:\/\/experienciadevida.com.ar\/portalurbano\/#\/schema\/logo\/image\/","url":"https:\/\/experienciadevida.com.ar\/portalurbano\/wp-content\/uploads\/2019\/09\/Logo-Original.png","contentUrl":"https:\/\/experienciadevida.com.ar\/portalurbano\/wp-content\/uploads\/2019\/09\/Logo-Original.png","width":2236,"height":1216,"caption":"Portal Urbano"},"image":{"@id":"https:\/\/experienciadevida.com.ar\/portalurbano\/#\/schema\/logo\/image\/"},"sameAs":["https:\/\/www.facebook.com\/Portal-Urbano-171542830093757\/","https:\/\/twitter.com\/portalurbanook","https:\/\/www.instagram.com\/_portalurbano\/","https:\/\/www.youtube.com\/channel\/UCXhagIfszH8KxFiOok79zbA?view_as=subscriber"]},{"@type":"Person","@id":"https:\/\/experienciadevida.com.ar\/portalurbano\/#\/schema\/person\/02dd326b1c4b056e9cc972486934a3a7","name":"admpu17wp","image":{"@type":"ImageObject","inLanguage":"es","@id":"https:\/\/experienciadevida.com.ar\/portalurbano\/#\/schema\/person\/image\/","url":"https:\/\/secure.gravatar.com\/avatar\/830d4c57adaae6630765e449a6908047?s=96&d=mm&r=g","contentUrl":"https:\/\/secure.gravatar.com\/avatar\/830d4c57adaae6630765e449a6908047?s=96&d=mm&r=g","caption":"admpu17wp"}}]}},"featured_image_urls":{"full":["https:\/\/experienciadevida.com.ar\/portalurbano\/wp-content\/uploads\/2020\/02\/GUZMAN-e1582411088807.jpg",765,574,false],"thumbnail":["https:\/\/experienciadevida.com.ar\/portalurbano\/wp-content\/uploads\/2020\/02\/GUZMAN-150x150.jpg",150,150,true],"medium":["https:\/\/experienciadevida.com.ar\/portalurbano\/wp-content\/uploads\/2020\/02\/GUZMAN-300x225.jpg",300,225,true],"medium_large":["https:\/\/experienciadevida.com.ar\/portalurbano\/wp-content\/uploads\/2020\/02\/GUZMAN-768x576.jpg",640,480,true],"large":["https:\/\/experienciadevida.com.ar\/portalurbano\/wp-content\/uploads\/2020\/02\/GUZMAN-1024x768.jpg",640,480,true],"ug_big":["https:\/\/experienciadevida.com.ar\/portalurbano\/wp-content\/uploads\/2020\/02\/GUZMAN-768x576.jpg",768,576,true],"1536x1536":["https:\/\/experienciadevida.com.ar\/portalurbano\/wp-content\/uploads\/2020\/02\/GUZMAN-e1582411088807.jpg",765,574,false],"2048x2048":["https:\/\/experienciadevida.com.ar\/portalurbano\/wp-content\/uploads\/2020\/02\/GUZMAN-e1582411088807.jpg",765,574,false],"newsever-slider-full":["https:\/\/experienciadevida.com.ar\/portalurbano\/wp-content\/uploads\/2020\/02\/GUZMAN-e1582411088807.jpg",765,574,false],"newsever-featured":["https:\/\/experienciadevida.com.ar\/portalurbano\/wp-content\/uploads\/2020\/02\/GUZMAN-e1582411088807.jpg",765,574,false],"newsever-medium":["https:\/\/experienciadevida.com.ar\/portalurbano\/wp-content\/uploads\/2020\/02\/GUZMAN-e1582411088807.jpg",633,475,false],"web-stories-poster-portrait":["https:\/\/experienciadevida.com.ar\/portalurbano\/wp-content\/uploads\/2020\/02\/GUZMAN-e1582411088807.jpg",640,480,false],"web-stories-publisher-logo":["https:\/\/experienciadevida.com.ar\/portalurbano\/wp-content\/uploads\/2020\/02\/GUZMAN-e1582411088807.jpg",96,72,false],"web-stories-thumbnail":["https:\/\/experienciadevida.com.ar\/portalurbano\/wp-content\/uploads\/2020\/02\/GUZMAN-e1582411088807.jpg",150,113,false]},"author_info":{"display_name":"admpu17wp","author_link":"https:\/\/experienciadevida.com.ar\/portalurbano\/author\/admpu17wp\/"},"category_info":"<a href=\"https:\/\/experienciadevida.com.ar\/portalurbano\/category\/nacion\/\" rel=\"category tag\">Naci\u00f3n<\/a>","tag_info":"Naci\u00f3n","comment_count":"0","amp_enabled":true,"_links":{"self":[{"href":"https:\/\/experienciadevida.com.ar\/portalurbano\/wp-json\/wp\/v2\/posts\/102166"}],"collection":[{"href":"https:\/\/experienciadevida.com.ar\/portalurbano\/wp-json\/wp\/v2\/posts"}],"about":[{"href":"https:\/\/experienciadevida.com.ar\/portalurbano\/wp-json\/wp\/v2\/types\/post"}],"author":[{"embeddable":true,"href":"https:\/\/experienciadevida.com.ar\/portalurbano\/wp-json\/wp\/v2\/users\/1"}],"replies":[{"embeddable":true,"href":"https:\/\/experienciadevida.com.ar\/portalurbano\/wp-json\/wp\/v2\/comments?post=102166"}],"version-history":[{"count":1,"href":"https:\/\/experienciadevida.com.ar\/portalurbano\/wp-json\/wp\/v2\/posts\/102166\/revisions"}],"predecessor-version":[{"id":102168,"href":"https:\/\/experienciadevida.com.ar\/portalurbano\/wp-json\/wp\/v2\/posts\/102166\/revisions\/102168"}],"wp:featuredmedia":[{"embeddable":true,"href":"https:\/\/experienciadevida.com.ar\/portalurbano\/wp-json\/wp\/v2\/media\/102167"}],"wp:attachment":[{"href":"https:\/\/experienciadevida.com.ar\/portalurbano\/wp-json\/wp\/v2\/media?parent=102166"}],"wp:term":[{"taxonomy":"category","embeddable":true,"href":"https:\/\/experienciadevida.com.ar\/portalurbano\/wp-json\/wp\/v2\/categories?post=102166"},{"taxonomy":"post_tag","embeddable":true,"href":"https:\/\/experienciadevida.com.ar\/portalurbano\/wp-json\/wp\/v2\/tags?post=102166"}],"curies":[{"name":"wp","href":"https:\/\/api.w.org\/{rel}","templated":true}]}}