{"id":102127,"date":"2020-02-21T20:16:10","date_gmt":"2020-02-21T23:16:10","guid":{"rendered":"https:\/\/experienciadevida.com.ar\/portalurbano\/?p=102127"},"modified":"2020-02-21T20:16:28","modified_gmt":"2020-02-21T23:16:28","slug":"murio-jorge-todesca-el-economista-que-reconstruyo-el-indec","status":"publish","type":"post","link":"https:\/\/experienciadevida.com.ar\/portalurbano\/murio-jorge-todesca-el-economista-que-reconstruyo-el-indec\/","title":{"rendered":"Muri\u00f3 Jorge Todesca, el economista que reconstruy\u00f3 el INDEC"},"content":{"rendered":"<p class=\"interiorCopete\">De origen peronista, pero siempre con buen di\u00e1logo con otras fuerzas, tuvo una amplia actividad p\u00fablica.<\/p>\n<p>Jorge Todesca, el economista que reconstruy\u00f3 el INDEC, muri\u00f3 este viernes a los\u00a073 a\u00f1os\u00a0a causa de una enfermedad.<\/p>\n<p>&#8220;Acaba de morir Jorge Todesca. Un patriota que\u00a0cambi\u00f3 la Argentina con calidad, coraje y sin ostentaciones. Compa\u00f1ero peronista y amigo. Gracias Jorge, abrazo a los tuyos&#8221;, dijo el ex presidente provisional del Senado Federico Pinedo .<\/p>\n<div id=\"div-gpt-ad-nota-127634\" class=\"banner-90\" data-mapping=\"mapping9\" data-google-query-id=\"CK_Q94vi4-cCFXkGuQYdXBUMrQ\">\n<p>De origen peronista, pero siempre con buen di\u00e1logo con otras fuerzas, Todesca tuvo una amplia actividad p\u00fablica. En 1989 fue secretario de Comercio Interior durante la presidencia de Ra\u00fal Alfons\u00edn. Entre 1999 y 2001 fue el vicepresidente del Banco de la Provincia de Buenos Aires y en 2002 fue viceministro de Econom\u00eda de Eduardo Duhalde.<\/p>\n<p>&#8220;El Instituto Nacional de Estad\u00edstica y Censos lamenta el fallecimiento del exdirector Jorge Alberto Todesca&#8221;, enfatiz\u00f3 el INDEC. As\u00ed, se\u00f1al\u00f3 que &#8220;las autoridades y el personal\u00a0lo recordar\u00e1n con profundo respeto por el incansable, meticuloso y comprometido trabajo realizado durante su gesti\u00f3n\u00a0a cargo del organismo rector del Sistema Estad\u00edstico Nacional argentino&#8221;.<\/p>\n<p>Al despedirse del INDEC en diciembre \u00faltimo, Todesca sostuvo: &#8220;El resultado de estos cuatro a\u00f1os de trabajo es\u00a0la recuperaci\u00f3n de la credibilidad de las estad\u00edsticas oficiales como herramienta esencial para la toma de decisiones informadas, p\u00fablicas y privadas&#8221;.<\/p>\n<p>En una de sus \u00faltimas apariciones en los medios de comunicaci\u00f3n, Todesca se refiri\u00f3 a la reconstrucci\u00f3n del organismo y subray\u00f3: &#8220;Esa oportunidad lleg\u00f3 a mis 69 a\u00f1os, en un momento de mi vida en el que, en realidad,\u00a0estaba planificando c\u00f3mo iba a armonizar mis \u00faltimos clientes y viendo qu\u00e9 otras cosas pod\u00eda hacer. La convocatoria al INDEC fue muy impactante&#8221;.<\/p>\n<div id=\"div-gpt-ad-nota-603089\" class=\"banner-90\" data-mapping=\"mapping9\" data-google-query-id=\"CN3R94vi4-cCFXkGuQYdXBUMrQ\"><\/div>\n<\/div>\n","protected":false},"excerpt":{"rendered":"<p>De origen peronista, pero siempre con buen di\u00e1logo con otras fuerzas, tuvo una amplia actividad&#8230;<\/p>\n","protected":false},"author":1,"featured_media":102128,"comment_status":"open","ping_status":"open","sticky":false,"template":"","format":"standard","meta":{"content-type":""},"categories":[39],"tags":[],"nelio_content":{"isAutoShareEnabled":false,"autoShareEndMode":"default","automationSources":{"useContentSentences":true,"useSocialTemplates":true,"useCustomSentences":false,"customSentences":[]},"followers":[1],"suggestedReferences":[],"includedReferences":[],"efiUrl":"","efiAlt":"","highlights":[]},"yoast_head":"<!-- This site is optimized with the Yoast SEO plugin v20.7 - https:\/\/yoast.com\/wordpress\/plugins\/seo\/ -->\n<title>Muri\u00f3 Jorge Todesca, el economista que reconstruy\u00f3 el INDEC -<\/title>\n<meta name=\"robots\" content=\"index, follow, max-snippet:-1, max-image-preview:large, max-video-preview:-1\" \/>\n<link rel=\"canonical\" href=\"https:\/\/experienciadevida.com.ar\/portalurbano\/murio-jorge-todesca-el-economista-que-reconstruyo-el-indec\/\" \/>\n<meta property=\"og:locale\" content=\"es_ES\" \/>\n<meta property=\"og:type\" content=\"article\" \/>\n<meta property=\"og:title\" content=\"Muri\u00f3 Jorge Todesca, el economista que reconstruy\u00f3 el INDEC -\" \/>\n<meta property=\"og:description\" content=\"De origen peronista, pero siempre con buen di\u00e1logo con otras fuerzas, tuvo una amplia actividad...\" \/>\n<meta property=\"og:url\" content=\"https:\/\/experienciadevida.com.ar\/portalurbano\/murio-jorge-todesca-el-economista-que-reconstruyo-el-indec\/\" \/>\n<meta property=\"article:publisher\" content=\"https:\/\/www.facebook.com\/Portal-Urbano-171542830093757\/\" \/>\n<meta property=\"article:published_time\" content=\"2020-02-21T23:16:10+00:00\" \/>\n<meta property=\"article:modified_time\" content=\"2020-02-21T23:16:28+00:00\" \/>\n<meta property=\"og:image\" content=\"https:\/\/experienciadevida.com.ar\/portalurbano\/wp-content\/uploads\/2020\/02\/TODESCA-e1582326725547.jpg\" \/>\n\t<meta property=\"og:image:width\" content=\"765\" \/>\n\t<meta property=\"og:image:height\" content=\"584\" \/>\n\t<meta property=\"og:image:type\" content=\"image\/jpeg\" \/>\n<meta name=\"author\" content=\"admpu17wp\" \/>\n<meta name=\"twitter:card\" content=\"summary_large_image\" \/>\n<meta name=\"twitter:creator\" content=\"@portalurbanook\" \/>\n<meta name=\"twitter:site\" content=\"@portalurbanook\" \/>\n<meta name=\"twitter:label1\" content=\"Escrito por\" \/>\n\t<meta name=\"twitter:data1\" content=\"admpu17wp\" \/>\n\t<meta name=\"twitter:label2\" content=\"Tiempo de lectura\" \/>\n\t<meta name=\"twitter:data2\" content=\"1 minuto\" \/>\n<script type=\"application\/ld+json\" class=\"yoast-schema-graph\">{\"@context\":\"https:\/\/schema.org\",\"@graph\":[{\"@type\":\"Article\",\"@id\":\"https:\/\/experienciadevida.com.ar\/portalurbano\/murio-jorge-todesca-el-economista-que-reconstruyo-el-indec\/#article\",\"isPartOf\":{\"@id\":\"https:\/\/experienciadevida.com.ar\/portalurbano\/murio-jorge-todesca-el-economista-que-reconstruyo-el-indec\/\"},\"author\":{\"name\":\"admpu17wp\",\"@id\":\"https:\/\/experienciadevida.com.ar\/portalurbano\/#\/schema\/person\/02dd326b1c4b056e9cc972486934a3a7\"},\"headline\":\"Muri\u00f3 Jorge Todesca, el economista que reconstruy\u00f3 el INDEC\",\"datePublished\":\"2020-02-21T23:16:10+00:00\",\"dateModified\":\"2020-02-21T23:16:28+00:00\",\"mainEntityOfPage\":{\"@id\":\"https:\/\/experienciadevida.com.ar\/portalurbano\/murio-jorge-todesca-el-economista-que-reconstruyo-el-indec\/\"},\"wordCount\":306,\"commentCount\":0,\"publisher\":{\"@id\":\"https:\/\/experienciadevida.com.ar\/portalurbano\/#organization\"},\"articleSection\":[\"Naci\u00f3n\"],\"inLanguage\":\"es\",\"potentialAction\":[{\"@type\":\"CommentAction\",\"name\":\"Comment\",\"target\":[\"https:\/\/experienciadevida.com.ar\/portalurbano\/murio-jorge-todesca-el-economista-que-reconstruyo-el-indec\/#respond\"]}]},{\"@type\":\"WebPage\",\"@id\":\"https:\/\/experienciadevida.com.ar\/portalurbano\/murio-jorge-todesca-el-economista-que-reconstruyo-el-indec\/\",\"url\":\"https:\/\/experienciadevida.com.ar\/portalurbano\/murio-jorge-todesca-el-economista-que-reconstruyo-el-indec\/\",\"name\":\"Muri\u00f3 Jorge Todesca, el economista que reconstruy\u00f3 el INDEC -\",\"isPartOf\":{\"@id\":\"https:\/\/experienciadevida.com.ar\/portalurbano\/#website\"},\"datePublished\":\"2020-02-21T23:16:10+00:00\",\"dateModified\":\"2020-02-21T23:16:28+00:00\",\"breadcrumb\":{\"@id\":\"https:\/\/experienciadevida.com.ar\/portalurbano\/murio-jorge-todesca-el-economista-que-reconstruyo-el-indec\/#breadcrumb\"},\"inLanguage\":\"es\",\"potentialAction\":[{\"@type\":\"ReadAction\",\"target\":[\"https:\/\/experienciadevida.com.ar\/portalurbano\/murio-jorge-todesca-el-economista-que-reconstruyo-el-indec\/\"]}]},{\"@type\":\"BreadcrumbList\",\"@id\":\"https:\/\/experienciadevida.com.ar\/portalurbano\/murio-jorge-todesca-el-economista-que-reconstruyo-el-indec\/#breadcrumb\",\"itemListElement\":[{\"@type\":\"ListItem\",\"position\":1,\"name\":\"Portada\",\"item\":\"https:\/\/experienciadevida.com.ar\/portalurbano\/\"},{\"@type\":\"ListItem\",\"position\":2,\"name\":\"Muri\u00f3 Jorge Todesca, el economista que reconstruy\u00f3 el INDEC\"}]},{\"@type\":\"WebSite\",\"@id\":\"https:\/\/experienciadevida.com.ar\/portalurbano\/#website\",\"url\":\"https:\/\/experienciadevida.com.ar\/portalurbano\/\",\"name\":\"\",\"description\":\"\",\"publisher\":{\"@id\":\"https:\/\/experienciadevida.com.ar\/portalurbano\/#organization\"},\"potentialAction\":[{\"@type\":\"SearchAction\",\"target\":{\"@type\":\"EntryPoint\",\"urlTemplate\":\"https:\/\/experienciadevida.com.ar\/portalurbano\/?s={search_term_string}\"},\"query-input\":\"required name=search_term_string\"}],\"inLanguage\":\"es\"},{\"@type\":\"Organization\",\"@id\":\"https:\/\/experienciadevida.com.ar\/portalurbano\/#organization\",\"name\":\"Portal Urbano\",\"url\":\"https:\/\/experienciadevida.com.ar\/portalurbano\/\",\"logo\":{\"@type\":\"ImageObject\",\"inLanguage\":\"es\",\"@id\":\"https:\/\/experienciadevida.com.ar\/portalurbano\/#\/schema\/logo\/image\/\",\"url\":\"https:\/\/experienciadevida.com.ar\/portalurbano\/wp-content\/uploads\/2019\/09\/Logo-Original.png\",\"contentUrl\":\"https:\/\/experienciadevida.com.ar\/portalurbano\/wp-content\/uploads\/2019\/09\/Logo-Original.png\",\"width\":2236,\"height\":1216,\"caption\":\"Portal Urbano\"},\"image\":{\"@id\":\"https:\/\/experienciadevida.com.ar\/portalurbano\/#\/schema\/logo\/image\/\"},\"sameAs\":[\"https:\/\/www.facebook.com\/Portal-Urbano-171542830093757\/\",\"https:\/\/twitter.com\/portalurbanook\",\"https:\/\/www.instagram.com\/_portalurbano\/\",\"https:\/\/www.youtube.com\/channel\/UCXhagIfszH8KxFiOok79zbA?view_as=subscriber\"]},{\"@type\":\"Person\",\"@id\":\"https:\/\/experienciadevida.com.ar\/portalurbano\/#\/schema\/person\/02dd326b1c4b056e9cc972486934a3a7\",\"name\":\"admpu17wp\",\"image\":{\"@type\":\"ImageObject\",\"inLanguage\":\"es\",\"@id\":\"https:\/\/experienciadevida.com.ar\/portalurbano\/#\/schema\/person\/image\/\",\"url\":\"https:\/\/secure.gravatar.com\/avatar\/830d4c57adaae6630765e449a6908047?s=96&d=mm&r=g\",\"contentUrl\":\"https:\/\/secure.gravatar.com\/avatar\/830d4c57adaae6630765e449a6908047?s=96&d=mm&r=g\",\"caption\":\"admpu17wp\"}}]}<\/script>\n<!-- \/ Yoast SEO plugin. -->","yoast_head_json":{"title":"Muri\u00f3 Jorge Todesca, el economista que reconstruy\u00f3 el INDEC -","robots":{"index":"index","follow":"follow","max-snippet":"max-snippet:-1","max-image-preview":"max-image-preview:large","max-video-preview":"max-video-preview:-1"},"canonical":"https:\/\/experienciadevida.com.ar\/portalurbano\/murio-jorge-todesca-el-economista-que-reconstruyo-el-indec\/","og_locale":"es_ES","og_type":"article","og_title":"Muri\u00f3 Jorge Todesca, el economista que reconstruy\u00f3 el INDEC -","og_description":"De origen peronista, pero siempre con buen di\u00e1logo con otras fuerzas, tuvo una amplia actividad...","og_url":"https:\/\/experienciadevida.com.ar\/portalurbano\/murio-jorge-todesca-el-economista-que-reconstruyo-el-indec\/","article_publisher":"https:\/\/www.facebook.com\/Portal-Urbano-171542830093757\/","article_published_time":"2020-02-21T23:16:10+00:00","article_modified_time":"2020-02-21T23:16:28+00:00","og_image":[{"width":765,"height":584,"url":"https:\/\/experienciadevida.com.ar\/portalurbano\/wp-content\/uploads\/2020\/02\/TODESCA-e1582326725547.jpg","type":"image\/jpeg"}],"author":"admpu17wp","twitter_card":"summary_large_image","twitter_creator":"@portalurbanook","twitter_site":"@portalurbanook","twitter_misc":{"Escrito por":"admpu17wp","Tiempo de lectura":"1 minuto"},"schema":{"@context":"https:\/\/schema.org","@graph":[{"@type":"Article","@id":"https:\/\/experienciadevida.com.ar\/portalurbano\/murio-jorge-todesca-el-economista-que-reconstruyo-el-indec\/#article","isPartOf":{"@id":"https:\/\/experienciadevida.com.ar\/portalurbano\/murio-jorge-todesca-el-economista-que-reconstruyo-el-indec\/"},"author":{"name":"admpu17wp","@id":"https:\/\/experienciadevida.com.ar\/portalurbano\/#\/schema\/person\/02dd326b1c4b056e9cc972486934a3a7"},"headline":"Muri\u00f3 Jorge Todesca, el economista que reconstruy\u00f3 el INDEC","datePublished":"2020-02-21T23:16:10+00:00","dateModified":"2020-02-21T23:16:28+00:00","mainEntityOfPage":{"@id":"https:\/\/experienciadevida.com.ar\/portalurbano\/murio-jorge-todesca-el-economista-que-reconstruyo-el-indec\/"},"wordCount":306,"commentCount":0,"publisher":{"@id":"https:\/\/experienciadevida.com.ar\/portalurbano\/#organization"},"articleSection":["Naci\u00f3n"],"inLanguage":"es","potentialAction":[{"@type":"CommentAction","name":"Comment","target":["https:\/\/experienciadevida.com.ar\/portalurbano\/murio-jorge-todesca-el-economista-que-reconstruyo-el-indec\/#respond"]}]},{"@type":"WebPage","@id":"https:\/\/experienciadevida.com.ar\/portalurbano\/murio-jorge-todesca-el-economista-que-reconstruyo-el-indec\/","url":"https:\/\/experienciadevida.com.ar\/portalurbano\/murio-jorge-todesca-el-economista-que-reconstruyo-el-indec\/","name":"Muri\u00f3 Jorge Todesca, el economista que reconstruy\u00f3 el INDEC -","isPartOf":{"@id":"https:\/\/experienciadevida.com.ar\/portalurbano\/#website"},"datePublished":"2020-02-21T23:16:10+00:00","dateModified":"2020-02-21T23:16:28+00:00","breadcrumb":{"@id":"https:\/\/experienciadevida.com.ar\/portalurbano\/murio-jorge-todesca-el-economista-que-reconstruyo-el-indec\/#breadcrumb"},"inLanguage":"es","potentialAction":[{"@type":"ReadAction","target":["https:\/\/experienciadevida.com.ar\/portalurbano\/murio-jorge-todesca-el-economista-que-reconstruyo-el-indec\/"]}]},{"@type":"BreadcrumbList","@id":"https:\/\/experienciadevida.com.ar\/portalurbano\/murio-jorge-todesca-el-economista-que-reconstruyo-el-indec\/#breadcrumb","itemListElement":[{"@type":"ListItem","position":1,"name":"Portada","item":"https:\/\/experienciadevida.com.ar\/portalurbano\/"},{"@type":"ListItem","position":2,"name":"Muri\u00f3 Jorge Todesca, el economista que reconstruy\u00f3 el INDEC"}]},{"@type":"WebSite","@id":"https:\/\/experienciadevida.com.ar\/portalurbano\/#website","url":"https:\/\/experienciadevida.com.ar\/portalurbano\/","name":"","description":"","publisher":{"@id":"https:\/\/experienciadevida.com.ar\/portalurbano\/#organization"},"potentialAction":[{"@type":"SearchAction","target":{"@type":"EntryPoint","urlTemplate":"https:\/\/experienciadevida.com.ar\/portalurbano\/?s={search_term_string}"},"query-input":"required name=search_term_string"}],"inLanguage":"es"},{"@type":"Organization","@id":"https:\/\/experienciadevida.com.ar\/portalurbano\/#organization","name":"Portal Urbano","url":"https:\/\/experienciadevida.com.ar\/portalurbano\/","logo":{"@type":"ImageObject","inLanguage":"es","@id":"https:\/\/experienciadevida.com.ar\/portalurbano\/#\/schema\/logo\/image\/","url":"https:\/\/experienciadevida.com.ar\/portalurbano\/wp-content\/uploads\/2019\/09\/Logo-Original.png","contentUrl":"https:\/\/experienciadevida.com.ar\/portalurbano\/wp-content\/uploads\/2019\/09\/Logo-Original.png","width":2236,"height":1216,"caption":"Portal Urbano"},"image":{"@id":"https:\/\/experienciadevida.com.ar\/portalurbano\/#\/schema\/logo\/image\/"},"sameAs":["https:\/\/www.facebook.com\/Portal-Urbano-171542830093757\/","https:\/\/twitter.com\/portalurbanook","https:\/\/www.instagram.com\/_portalurbano\/","https:\/\/www.youtube.com\/channel\/UCXhagIfszH8KxFiOok79zbA?view_as=subscriber"]},{"@type":"Person","@id":"https:\/\/experienciadevida.com.ar\/portalurbano\/#\/schema\/person\/02dd326b1c4b056e9cc972486934a3a7","name":"admpu17wp","image":{"@type":"ImageObject","inLanguage":"es","@id":"https:\/\/experienciadevida.com.ar\/portalurbano\/#\/schema\/person\/image\/","url":"https:\/\/secure.gravatar.com\/avatar\/830d4c57adaae6630765e449a6908047?s=96&d=mm&r=g","contentUrl":"https:\/\/secure.gravatar.com\/avatar\/830d4c57adaae6630765e449a6908047?s=96&d=mm&r=g","caption":"admpu17wp"}}]}},"featured_image_urls":{"full":["https:\/\/experienciadevida.com.ar\/portalurbano\/wp-content\/uploads\/2020\/02\/TODESCA-e1582326725547.jpg",765,584,false],"thumbnail":["https:\/\/experienciadevida.com.ar\/portalurbano\/wp-content\/uploads\/2020\/02\/TODESCA-150x150.jpg",150,150,true],"medium":["https:\/\/experienciadevida.com.ar\/portalurbano\/wp-content\/uploads\/2020\/02\/TODESCA-300x229.jpg",300,229,true],"medium_large":["https:\/\/experienciadevida.com.ar\/portalurbano\/wp-content\/uploads\/2020\/02\/TODESCA-768x587.jpg",640,489,true],"large":["https:\/\/experienciadevida.com.ar\/portalurbano\/wp-content\/uploads\/2020\/02\/TODESCA-1024x782.jpg",640,489,true],"ug_big":["https:\/\/experienciadevida.com.ar\/portalurbano\/wp-content\/uploads\/2020\/02\/TODESCA-768x587.jpg",768,587,true],"1536x1536":["https:\/\/experienciadevida.com.ar\/portalurbano\/wp-content\/uploads\/2020\/02\/TODESCA-e1582326725547.jpg",765,584,false],"2048x2048":["https:\/\/experienciadevida.com.ar\/portalurbano\/wp-content\/uploads\/2020\/02\/TODESCA-e1582326725547.jpg",765,584,false],"newsever-slider-full":["https:\/\/experienciadevida.com.ar\/portalurbano\/wp-content\/uploads\/2020\/02\/TODESCA-e1582326725547.jpg",765,584,false],"newsever-featured":["https:\/\/experienciadevida.com.ar\/portalurbano\/wp-content\/uploads\/2020\/02\/TODESCA-e1582326725547.jpg",765,584,false],"newsever-medium":["https:\/\/experienciadevida.com.ar\/portalurbano\/wp-content\/uploads\/2020\/02\/TODESCA-e1582326725547.jpg",622,475,false],"web-stories-poster-portrait":["https:\/\/experienciadevida.com.ar\/portalurbano\/wp-content\/uploads\/2020\/02\/TODESCA-e1582326725547.jpg",640,489,false],"web-stories-publisher-logo":["https:\/\/experienciadevida.com.ar\/portalurbano\/wp-content\/uploads\/2020\/02\/TODESCA-e1582326725547.jpg",96,73,false],"web-stories-thumbnail":["https:\/\/experienciadevida.com.ar\/portalurbano\/wp-content\/uploads\/2020\/02\/TODESCA-e1582326725547.jpg",150,115,false]},"author_info":{"display_name":"admpu17wp","author_link":"https:\/\/experienciadevida.com.ar\/portalurbano\/author\/admpu17wp\/"},"category_info":"<a href=\"https:\/\/experienciadevida.com.ar\/portalurbano\/category\/nacion\/\" rel=\"category tag\">Naci\u00f3n<\/a>","tag_info":"Naci\u00f3n","comment_count":"0","amp_enabled":true,"_links":{"self":[{"href":"https:\/\/experienciadevida.com.ar\/portalurbano\/wp-json\/wp\/v2\/posts\/102127"}],"collection":[{"href":"https:\/\/experienciadevida.com.ar\/portalurbano\/wp-json\/wp\/v2\/posts"}],"about":[{"href":"https:\/\/experienciadevida.com.ar\/portalurbano\/wp-json\/wp\/v2\/types\/post"}],"author":[{"embeddable":true,"href":"https:\/\/experienciadevida.com.ar\/portalurbano\/wp-json\/wp\/v2\/users\/1"}],"replies":[{"embeddable":true,"href":"https:\/\/experienciadevida.com.ar\/portalurbano\/wp-json\/wp\/v2\/comments?post=102127"}],"version-history":[{"count":2,"href":"https:\/\/experienciadevida.com.ar\/portalurbano\/wp-json\/wp\/v2\/posts\/102127\/revisions"}],"predecessor-version":[{"id":102130,"href":"https:\/\/experienciadevida.com.ar\/portalurbano\/wp-json\/wp\/v2\/posts\/102127\/revisions\/102130"}],"wp:featuredmedia":[{"embeddable":true,"href":"https:\/\/experienciadevida.com.ar\/portalurbano\/wp-json\/wp\/v2\/media\/102128"}],"wp:attachment":[{"href":"https:\/\/experienciadevida.com.ar\/portalurbano\/wp-json\/wp\/v2\/media?parent=102127"}],"wp:term":[{"taxonomy":"category","embeddable":true,"href":"https:\/\/experienciadevida.com.ar\/portalurbano\/wp-json\/wp\/v2\/categories?post=102127"},{"taxonomy":"post_tag","embeddable":true,"href":"https:\/\/experienciadevida.com.ar\/portalurbano\/wp-json\/wp\/v2\/tags?post=102127"}],"curies":[{"name":"wp","href":"https:\/\/api.w.org\/{rel}","templated":true}]}}