{"id":102074,"date":"2020-02-21T11:05:43","date_gmt":"2020-02-21T14:05:43","guid":{"rendered":"https:\/\/experienciadevida.com.ar\/portalurbano\/?p=102074"},"modified":"2020-02-21T11:06:06","modified_gmt":"2020-02-21T14:06:06","slug":"alberto-fernandez-desmintio-a-santiago-cafiero-sobre-el-aumento-de-tarifas","status":"publish","type":"post","link":"https:\/\/experienciadevida.com.ar\/portalurbano\/alberto-fernandez-desmintio-a-santiago-cafiero-sobre-el-aumento-de-tarifas\/","title":{"rendered":"Alberto Fern\u00e1ndez desminti\u00f3 a Santiago Cafiero sobre el aumento de tarifas"},"content":{"rendered":"<p>El presidente pidi\u00f3 que &#8220;nadie se apure&#8221; y asegur\u00f3 que su compromiso es &#8220;cuidar el bolsillo de los Argentinos&#8221;.<\/p>\n<p>En junio se termina el congelamiento de tarifas, y en este marco, el Jefe de Gabinete Santiago Cafiero anticip\u00f3 que &#8220;probablemente&#8221; se producir\u00e1 un aumento de los servicios p\u00fablicos durante ese mes. Ahora, el Presidente Alberto Fern\u00e1ndez desminti\u00f3 al Funcionario: &#8220;hoy no tenemos en carpeta el aumento&#8221;, declar\u00f3.<\/p>\n<p>Cafiero hab\u00eda adelantado la informaci\u00f3n sobre\u00a0 estos posibles incrementos pero dejando en claro que ser\u00edan &#8220;para los sectores que lo pueden soportar&#8221;.<\/p>\n<p>Sin embargo, el Jefe de Estado le puso un freno\u00a0 estas declaraciones pidiendo que nadie se apure y\u00a0 agreg\u00f3 &#8220;no s\u00e9 si en junio vamos a estar en condiciones de aumentar, porque lo que m\u00e1s me preocupa es que unos p\u00edcaros dejen de ganar en detrimento de la gente. Todo es estudio de revisi\u00f3n para atr\u00e1s y despu\u00e9s veremos que es lo que hay que hacer. Pero lo primero no es ver si va a ver un aumento de tarifas&#8221;.<\/p>\n<p>&#8220;En 2015 el consumo de empresas era bastante m\u00e1s alto que el residencial. Y ahora resulta que las empresas gastan much\u00edsimo menos que los residenciales. Eso significa que ese sistema de tarifas destruy\u00f3 la industria, paraliz\u00f3 las m\u00e1quinas. Por eso se consume tan poco en las industrias y los habitantes terminaron pagando con creces tarifas de luz y gas&#8221; explic\u00f3 el Presidente.<\/p>\n<p>Adem\u00e1s Fern\u00e1ndez neg\u00f3 rotundamente un incremento en el transporte p\u00fablico &#8220;\u00bfpor qu\u00e9 va a haber aumento de transporte si las naftas est\u00e1n congeladas? voy a cuidar el bolsillo de los Argentinos hasta el \u00faltimo minuto que est\u00e9 ac\u00e1. Ese es el compromiso que tom\u00e9 con la gente y lo voy a cumplir&#8221;, afirm\u00f3.<\/p>\n","protected":false},"excerpt":{"rendered":"<p>El presidente pidi\u00f3 que &#8220;nadie se apure&#8221; y asegur\u00f3 que su compromiso es &#8220;cuidar el&#8230;<\/p>\n","protected":false},"author":1,"featured_media":93618,"comment_status":"open","ping_status":"open","sticky":false,"template":"","format":"standard","meta":{"content-type":""},"categories":[39],"tags":[],"nelio_content":{"isAutoShareEnabled":false,"autoShareEndMode":"default","automationSources":{"useContentSentences":true,"useSocialTemplates":true,"useCustomSentences":false,"customSentences":[]},"followers":[1],"suggestedReferences":[],"includedReferences":[],"efiUrl":"","efiAlt":"","highlights":[]},"yoast_head":"<!-- This site is optimized with the Yoast SEO plugin v20.7 - https:\/\/yoast.com\/wordpress\/plugins\/seo\/ -->\n<title>Alberto Fern\u00e1ndez desminti\u00f3 a Santiago Cafiero sobre el aumento de tarifas -<\/title>\n<meta name=\"robots\" content=\"index, follow, max-snippet:-1, max-image-preview:large, max-video-preview:-1\" \/>\n<link rel=\"canonical\" href=\"https:\/\/experienciadevida.com.ar\/portalurbano\/alberto-fernandez-desmintio-a-santiago-cafiero-sobre-el-aumento-de-tarifas\/\" \/>\n<meta property=\"og:locale\" content=\"es_ES\" \/>\n<meta property=\"og:type\" content=\"article\" \/>\n<meta property=\"og:title\" content=\"Alberto Fern\u00e1ndez desminti\u00f3 a Santiago Cafiero sobre el aumento de tarifas -\" \/>\n<meta property=\"og:description\" content=\"El presidente pidi\u00f3 que &#8220;nadie se apure&#8221; y asegur\u00f3 que su compromiso es &#8220;cuidar el...\" \/>\n<meta property=\"og:url\" content=\"https:\/\/experienciadevida.com.ar\/portalurbano\/alberto-fernandez-desmintio-a-santiago-cafiero-sobre-el-aumento-de-tarifas\/\" \/>\n<meta property=\"article:publisher\" content=\"https:\/\/www.facebook.com\/Portal-Urbano-171542830093757\/\" \/>\n<meta property=\"article:published_time\" content=\"2020-02-21T14:05:43+00:00\" \/>\n<meta property=\"article:modified_time\" content=\"2020-02-21T14:06:06+00:00\" \/>\n<meta property=\"og:image\" content=\"https:\/\/experienciadevida.com.ar\/portalurbano\/wp-content\/uploads\/2019\/11\/FERNANDEZ-e1574005137332.jpg\" \/>\n\t<meta property=\"og:image:width\" content=\"765\" \/>\n\t<meta property=\"og:image:height\" content=\"519\" \/>\n\t<meta property=\"og:image:type\" content=\"image\/jpeg\" \/>\n<meta name=\"author\" content=\"admpu17wp\" \/>\n<meta name=\"twitter:card\" content=\"summary_large_image\" \/>\n<meta name=\"twitter:creator\" content=\"@portalurbanook\" \/>\n<meta name=\"twitter:site\" content=\"@portalurbanook\" \/>\n<meta name=\"twitter:label1\" content=\"Escrito por\" \/>\n\t<meta name=\"twitter:data1\" content=\"admpu17wp\" \/>\n\t<meta name=\"twitter:label2\" content=\"Tiempo de lectura\" \/>\n\t<meta name=\"twitter:data2\" content=\"2 minutos\" \/>\n<script type=\"application\/ld+json\" class=\"yoast-schema-graph\">{\"@context\":\"https:\/\/schema.org\",\"@graph\":[{\"@type\":\"Article\",\"@id\":\"https:\/\/experienciadevida.com.ar\/portalurbano\/alberto-fernandez-desmintio-a-santiago-cafiero-sobre-el-aumento-de-tarifas\/#article\",\"isPartOf\":{\"@id\":\"https:\/\/experienciadevida.com.ar\/portalurbano\/alberto-fernandez-desmintio-a-santiago-cafiero-sobre-el-aumento-de-tarifas\/\"},\"author\":{\"name\":\"admpu17wp\",\"@id\":\"https:\/\/experienciadevida.com.ar\/portalurbano\/#\/schema\/person\/02dd326b1c4b056e9cc972486934a3a7\"},\"headline\":\"Alberto Fern\u00e1ndez desminti\u00f3 a Santiago Cafiero sobre el aumento de tarifas\",\"datePublished\":\"2020-02-21T14:05:43+00:00\",\"dateModified\":\"2020-02-21T14:06:06+00:00\",\"mainEntityOfPage\":{\"@id\":\"https:\/\/experienciadevida.com.ar\/portalurbano\/alberto-fernandez-desmintio-a-santiago-cafiero-sobre-el-aumento-de-tarifas\/\"},\"wordCount\":312,\"commentCount\":0,\"publisher\":{\"@id\":\"https:\/\/experienciadevida.com.ar\/portalurbano\/#organization\"},\"articleSection\":[\"Naci\u00f3n\"],\"inLanguage\":\"es\",\"potentialAction\":[{\"@type\":\"CommentAction\",\"name\":\"Comment\",\"target\":[\"https:\/\/experienciadevida.com.ar\/portalurbano\/alberto-fernandez-desmintio-a-santiago-cafiero-sobre-el-aumento-de-tarifas\/#respond\"]}]},{\"@type\":\"WebPage\",\"@id\":\"https:\/\/experienciadevida.com.ar\/portalurbano\/alberto-fernandez-desmintio-a-santiago-cafiero-sobre-el-aumento-de-tarifas\/\",\"url\":\"https:\/\/experienciadevida.com.ar\/portalurbano\/alberto-fernandez-desmintio-a-santiago-cafiero-sobre-el-aumento-de-tarifas\/\",\"name\":\"Alberto Fern\u00e1ndez desminti\u00f3 a Santiago Cafiero sobre el aumento de tarifas -\",\"isPartOf\":{\"@id\":\"https:\/\/experienciadevida.com.ar\/portalurbano\/#website\"},\"datePublished\":\"2020-02-21T14:05:43+00:00\",\"dateModified\":\"2020-02-21T14:06:06+00:00\",\"breadcrumb\":{\"@id\":\"https:\/\/experienciadevida.com.ar\/portalurbano\/alberto-fernandez-desmintio-a-santiago-cafiero-sobre-el-aumento-de-tarifas\/#breadcrumb\"},\"inLanguage\":\"es\",\"potentialAction\":[{\"@type\":\"ReadAction\",\"target\":[\"https:\/\/experienciadevida.com.ar\/portalurbano\/alberto-fernandez-desmintio-a-santiago-cafiero-sobre-el-aumento-de-tarifas\/\"]}]},{\"@type\":\"BreadcrumbList\",\"@id\":\"https:\/\/experienciadevida.com.ar\/portalurbano\/alberto-fernandez-desmintio-a-santiago-cafiero-sobre-el-aumento-de-tarifas\/#breadcrumb\",\"itemListElement\":[{\"@type\":\"ListItem\",\"position\":1,\"name\":\"Portada\",\"item\":\"https:\/\/experienciadevida.com.ar\/portalurbano\/\"},{\"@type\":\"ListItem\",\"position\":2,\"name\":\"Alberto Fern\u00e1ndez desminti\u00f3 a Santiago Cafiero sobre el aumento de tarifas\"}]},{\"@type\":\"WebSite\",\"@id\":\"https:\/\/experienciadevida.com.ar\/portalurbano\/#website\",\"url\":\"https:\/\/experienciadevida.com.ar\/portalurbano\/\",\"name\":\"\",\"description\":\"\",\"publisher\":{\"@id\":\"https:\/\/experienciadevida.com.ar\/portalurbano\/#organization\"},\"potentialAction\":[{\"@type\":\"SearchAction\",\"target\":{\"@type\":\"EntryPoint\",\"urlTemplate\":\"https:\/\/experienciadevida.com.ar\/portalurbano\/?s={search_term_string}\"},\"query-input\":\"required name=search_term_string\"}],\"inLanguage\":\"es\"},{\"@type\":\"Organization\",\"@id\":\"https:\/\/experienciadevida.com.ar\/portalurbano\/#organization\",\"name\":\"Portal Urbano\",\"url\":\"https:\/\/experienciadevida.com.ar\/portalurbano\/\",\"logo\":{\"@type\":\"ImageObject\",\"inLanguage\":\"es\",\"@id\":\"https:\/\/experienciadevida.com.ar\/portalurbano\/#\/schema\/logo\/image\/\",\"url\":\"https:\/\/experienciadevida.com.ar\/portalurbano\/wp-content\/uploads\/2019\/09\/Logo-Original.png\",\"contentUrl\":\"https:\/\/experienciadevida.com.ar\/portalurbano\/wp-content\/uploads\/2019\/09\/Logo-Original.png\",\"width\":2236,\"height\":1216,\"caption\":\"Portal Urbano\"},\"image\":{\"@id\":\"https:\/\/experienciadevida.com.ar\/portalurbano\/#\/schema\/logo\/image\/\"},\"sameAs\":[\"https:\/\/www.facebook.com\/Portal-Urbano-171542830093757\/\",\"https:\/\/twitter.com\/portalurbanook\",\"https:\/\/www.instagram.com\/_portalurbano\/\",\"https:\/\/www.youtube.com\/channel\/UCXhagIfszH8KxFiOok79zbA?view_as=subscriber\"]},{\"@type\":\"Person\",\"@id\":\"https:\/\/experienciadevida.com.ar\/portalurbano\/#\/schema\/person\/02dd326b1c4b056e9cc972486934a3a7\",\"name\":\"admpu17wp\",\"image\":{\"@type\":\"ImageObject\",\"inLanguage\":\"es\",\"@id\":\"https:\/\/experienciadevida.com.ar\/portalurbano\/#\/schema\/person\/image\/\",\"url\":\"https:\/\/secure.gravatar.com\/avatar\/830d4c57adaae6630765e449a6908047?s=96&d=mm&r=g\",\"contentUrl\":\"https:\/\/secure.gravatar.com\/avatar\/830d4c57adaae6630765e449a6908047?s=96&d=mm&r=g\",\"caption\":\"admpu17wp\"}}]}<\/script>\n<!-- \/ Yoast SEO plugin. -->","yoast_head_json":{"title":"Alberto Fern\u00e1ndez desminti\u00f3 a Santiago Cafiero sobre el aumento de tarifas -","robots":{"index":"index","follow":"follow","max-snippet":"max-snippet:-1","max-image-preview":"max-image-preview:large","max-video-preview":"max-video-preview:-1"},"canonical":"https:\/\/experienciadevida.com.ar\/portalurbano\/alberto-fernandez-desmintio-a-santiago-cafiero-sobre-el-aumento-de-tarifas\/","og_locale":"es_ES","og_type":"article","og_title":"Alberto Fern\u00e1ndez desminti\u00f3 a Santiago Cafiero sobre el aumento de tarifas -","og_description":"El presidente pidi\u00f3 que &#8220;nadie se apure&#8221; y asegur\u00f3 que su compromiso es &#8220;cuidar el...","og_url":"https:\/\/experienciadevida.com.ar\/portalurbano\/alberto-fernandez-desmintio-a-santiago-cafiero-sobre-el-aumento-de-tarifas\/","article_publisher":"https:\/\/www.facebook.com\/Portal-Urbano-171542830093757\/","article_published_time":"2020-02-21T14:05:43+00:00","article_modified_time":"2020-02-21T14:06:06+00:00","og_image":[{"width":765,"height":519,"url":"https:\/\/experienciadevida.com.ar\/portalurbano\/wp-content\/uploads\/2019\/11\/FERNANDEZ-e1574005137332.jpg","type":"image\/jpeg"}],"author":"admpu17wp","twitter_card":"summary_large_image","twitter_creator":"@portalurbanook","twitter_site":"@portalurbanook","twitter_misc":{"Escrito por":"admpu17wp","Tiempo de lectura":"2 minutos"},"schema":{"@context":"https:\/\/schema.org","@graph":[{"@type":"Article","@id":"https:\/\/experienciadevida.com.ar\/portalurbano\/alberto-fernandez-desmintio-a-santiago-cafiero-sobre-el-aumento-de-tarifas\/#article","isPartOf":{"@id":"https:\/\/experienciadevida.com.ar\/portalurbano\/alberto-fernandez-desmintio-a-santiago-cafiero-sobre-el-aumento-de-tarifas\/"},"author":{"name":"admpu17wp","@id":"https:\/\/experienciadevida.com.ar\/portalurbano\/#\/schema\/person\/02dd326b1c4b056e9cc972486934a3a7"},"headline":"Alberto Fern\u00e1ndez desminti\u00f3 a Santiago Cafiero sobre el aumento de tarifas","datePublished":"2020-02-21T14:05:43+00:00","dateModified":"2020-02-21T14:06:06+00:00","mainEntityOfPage":{"@id":"https:\/\/experienciadevida.com.ar\/portalurbano\/alberto-fernandez-desmintio-a-santiago-cafiero-sobre-el-aumento-de-tarifas\/"},"wordCount":312,"commentCount":0,"publisher":{"@id":"https:\/\/experienciadevida.com.ar\/portalurbano\/#organization"},"articleSection":["Naci\u00f3n"],"inLanguage":"es","potentialAction":[{"@type":"CommentAction","name":"Comment","target":["https:\/\/experienciadevida.com.ar\/portalurbano\/alberto-fernandez-desmintio-a-santiago-cafiero-sobre-el-aumento-de-tarifas\/#respond"]}]},{"@type":"WebPage","@id":"https:\/\/experienciadevida.com.ar\/portalurbano\/alberto-fernandez-desmintio-a-santiago-cafiero-sobre-el-aumento-de-tarifas\/","url":"https:\/\/experienciadevida.com.ar\/portalurbano\/alberto-fernandez-desmintio-a-santiago-cafiero-sobre-el-aumento-de-tarifas\/","name":"Alberto Fern\u00e1ndez desminti\u00f3 a Santiago Cafiero sobre el aumento de tarifas -","isPartOf":{"@id":"https:\/\/experienciadevida.com.ar\/portalurbano\/#website"},"datePublished":"2020-02-21T14:05:43+00:00","dateModified":"2020-02-21T14:06:06+00:00","breadcrumb":{"@id":"https:\/\/experienciadevida.com.ar\/portalurbano\/alberto-fernandez-desmintio-a-santiago-cafiero-sobre-el-aumento-de-tarifas\/#breadcrumb"},"inLanguage":"es","potentialAction":[{"@type":"ReadAction","target":["https:\/\/experienciadevida.com.ar\/portalurbano\/alberto-fernandez-desmintio-a-santiago-cafiero-sobre-el-aumento-de-tarifas\/"]}]},{"@type":"BreadcrumbList","@id":"https:\/\/experienciadevida.com.ar\/portalurbano\/alberto-fernandez-desmintio-a-santiago-cafiero-sobre-el-aumento-de-tarifas\/#breadcrumb","itemListElement":[{"@type":"ListItem","position":1,"name":"Portada","item":"https:\/\/experienciadevida.com.ar\/portalurbano\/"},{"@type":"ListItem","position":2,"name":"Alberto Fern\u00e1ndez desminti\u00f3 a Santiago Cafiero sobre el aumento de tarifas"}]},{"@type":"WebSite","@id":"https:\/\/experienciadevida.com.ar\/portalurbano\/#website","url":"https:\/\/experienciadevida.com.ar\/portalurbano\/","name":"","description":"","publisher":{"@id":"https:\/\/experienciadevida.com.ar\/portalurbano\/#organization"},"potentialAction":[{"@type":"SearchAction","target":{"@type":"EntryPoint","urlTemplate":"https:\/\/experienciadevida.com.ar\/portalurbano\/?s={search_term_string}"},"query-input":"required name=search_term_string"}],"inLanguage":"es"},{"@type":"Organization","@id":"https:\/\/experienciadevida.com.ar\/portalurbano\/#organization","name":"Portal Urbano","url":"https:\/\/experienciadevida.com.ar\/portalurbano\/","logo":{"@type":"ImageObject","inLanguage":"es","@id":"https:\/\/experienciadevida.com.ar\/portalurbano\/#\/schema\/logo\/image\/","url":"https:\/\/experienciadevida.com.ar\/portalurbano\/wp-content\/uploads\/2019\/09\/Logo-Original.png","contentUrl":"https:\/\/experienciadevida.com.ar\/portalurbano\/wp-content\/uploads\/2019\/09\/Logo-Original.png","width":2236,"height":1216,"caption":"Portal Urbano"},"image":{"@id":"https:\/\/experienciadevida.com.ar\/portalurbano\/#\/schema\/logo\/image\/"},"sameAs":["https:\/\/www.facebook.com\/Portal-Urbano-171542830093757\/","https:\/\/twitter.com\/portalurbanook","https:\/\/www.instagram.com\/_portalurbano\/","https:\/\/www.youtube.com\/channel\/UCXhagIfszH8KxFiOok79zbA?view_as=subscriber"]},{"@type":"Person","@id":"https:\/\/experienciadevida.com.ar\/portalurbano\/#\/schema\/person\/02dd326b1c4b056e9cc972486934a3a7","name":"admpu17wp","image":{"@type":"ImageObject","inLanguage":"es","@id":"https:\/\/experienciadevida.com.ar\/portalurbano\/#\/schema\/person\/image\/","url":"https:\/\/secure.gravatar.com\/avatar\/830d4c57adaae6630765e449a6908047?s=96&d=mm&r=g","contentUrl":"https:\/\/secure.gravatar.com\/avatar\/830d4c57adaae6630765e449a6908047?s=96&d=mm&r=g","caption":"admpu17wp"}}]}},"featured_image_urls":{"full":["https:\/\/experienciadevida.com.ar\/portalurbano\/wp-content\/uploads\/2019\/11\/FERNANDEZ-e1574005137332.jpg",765,519,false],"thumbnail":["https:\/\/experienciadevida.com.ar\/portalurbano\/wp-content\/uploads\/2019\/11\/FERNANDEZ-150x150.jpg",150,150,true],"medium":["https:\/\/experienciadevida.com.ar\/portalurbano\/wp-content\/uploads\/2019\/11\/FERNANDEZ-300x203.jpg",300,203,true],"medium_large":["https:\/\/experienciadevida.com.ar\/portalurbano\/wp-content\/uploads\/2019\/11\/FERNANDEZ-768x521.jpg",640,434,true],"large":["https:\/\/experienciadevida.com.ar\/portalurbano\/wp-content\/uploads\/2019\/11\/FERNANDEZ-1024x694.jpg",640,434,true],"ug_big":["https:\/\/experienciadevida.com.ar\/portalurbano\/wp-content\/uploads\/2019\/11\/FERNANDEZ-768x521.jpg",768,521,true],"1536x1536":["https:\/\/experienciadevida.com.ar\/portalurbano\/wp-content\/uploads\/2019\/11\/FERNANDEZ-e1574005137332.jpg",765,519,false],"2048x2048":["https:\/\/experienciadevida.com.ar\/portalurbano\/wp-content\/uploads\/2019\/11\/FERNANDEZ-e1574005137332.jpg",765,519,false],"newsever-slider-full":["https:\/\/experienciadevida.com.ar\/portalurbano\/wp-content\/uploads\/2019\/11\/FERNANDEZ-e1574005137332.jpg",765,519,false],"newsever-featured":["https:\/\/experienciadevida.com.ar\/portalurbano\/wp-content\/uploads\/2019\/11\/FERNANDEZ-e1574005137332.jpg",765,519,false],"newsever-medium":["https:\/\/experienciadevida.com.ar\/portalurbano\/wp-content\/uploads\/2019\/11\/FERNANDEZ-e1574005137332.jpg",700,475,false],"web-stories-poster-portrait":["https:\/\/experienciadevida.com.ar\/portalurbano\/wp-content\/uploads\/2019\/11\/FERNANDEZ-e1574005137332.jpg",640,434,false],"web-stories-publisher-logo":["https:\/\/experienciadevida.com.ar\/portalurbano\/wp-content\/uploads\/2019\/11\/FERNANDEZ-e1574005137332.jpg",96,65,false],"web-stories-thumbnail":["https:\/\/experienciadevida.com.ar\/portalurbano\/wp-content\/uploads\/2019\/11\/FERNANDEZ-e1574005137332.jpg",150,102,false]},"author_info":{"display_name":"admpu17wp","author_link":"https:\/\/experienciadevida.com.ar\/portalurbano\/author\/admpu17wp\/"},"category_info":"<a href=\"https:\/\/experienciadevida.com.ar\/portalurbano\/category\/nacion\/\" rel=\"category tag\">Naci\u00f3n<\/a>","tag_info":"Naci\u00f3n","comment_count":"0","amp_enabled":true,"_links":{"self":[{"href":"https:\/\/experienciadevida.com.ar\/portalurbano\/wp-json\/wp\/v2\/posts\/102074"}],"collection":[{"href":"https:\/\/experienciadevida.com.ar\/portalurbano\/wp-json\/wp\/v2\/posts"}],"about":[{"href":"https:\/\/experienciadevida.com.ar\/portalurbano\/wp-json\/wp\/v2\/types\/post"}],"author":[{"embeddable":true,"href":"https:\/\/experienciadevida.com.ar\/portalurbano\/wp-json\/wp\/v2\/users\/1"}],"replies":[{"embeddable":true,"href":"https:\/\/experienciadevida.com.ar\/portalurbano\/wp-json\/wp\/v2\/comments?post=102074"}],"version-history":[{"count":1,"href":"https:\/\/experienciadevida.com.ar\/portalurbano\/wp-json\/wp\/v2\/posts\/102074\/revisions"}],"predecessor-version":[{"id":102075,"href":"https:\/\/experienciadevida.com.ar\/portalurbano\/wp-json\/wp\/v2\/posts\/102074\/revisions\/102075"}],"wp:featuredmedia":[{"embeddable":true,"href":"https:\/\/experienciadevida.com.ar\/portalurbano\/wp-json\/wp\/v2\/media\/93618"}],"wp:attachment":[{"href":"https:\/\/experienciadevida.com.ar\/portalurbano\/wp-json\/wp\/v2\/media?parent=102074"}],"wp:term":[{"taxonomy":"category","embeddable":true,"href":"https:\/\/experienciadevida.com.ar\/portalurbano\/wp-json\/wp\/v2\/categories?post=102074"},{"taxonomy":"post_tag","embeddable":true,"href":"https:\/\/experienciadevida.com.ar\/portalurbano\/wp-json\/wp\/v2\/tags?post=102074"}],"curies":[{"name":"wp","href":"https:\/\/api.w.org\/{rel}","templated":true}]}}