{"id":102017,"date":"2020-02-20T14:25:00","date_gmt":"2020-02-20T17:25:00","guid":{"rendered":"https:\/\/experienciadevida.com.ar\/portalurbano\/?p=102017"},"modified":"2020-02-20T14:25:24","modified_gmt":"2020-02-20T17:25:24","slug":"fernandez-el-fmi-nos-dio-la-razon-y-por-primera-vez-hace-semejante-reconocimiento","status":"publish","type":"post","link":"https:\/\/experienciadevida.com.ar\/portalurbano\/fernandez-el-fmi-nos-dio-la-razon-y-por-primera-vez-hace-semejante-reconocimiento\/","title":{"rendered":"Fern\u00e1ndez: &#8220;El FMI nos dio la raz\u00f3n y por primera vez hace semejante reconocimiento&#8221;"},"content":{"rendered":"<p class=\"interiorCopete\">El presidente celebr\u00f3 el informe del organismo tras la misi\u00f3n t\u00e9cnica y destac\u00f3 que por primera vez se acept\u00f3 el plan de salida ofrecido por el gobierno.<\/p>\n<p>El presidente Alberto Fern\u00e1ndez destac\u00f3 hoy que el Fondo Monetario Internacional (FMI) \u0093nos dio la raz\u00f3n\u0094\u00a0y \u0093por primera vez en su historia hace semejante reconocimiento\u0094, luego de que el organismo internacional asegurara ayer que la deuda p\u00fablica argentina \u0093no es sostenible&#8221;<\/p>\n<div id=\"div-gpt-ad-nota-303223\" class=\"banner-90\" data-mapping=\"mapping9\" data-google-query-id=\"CJeN-vbK4OcCFTAGuQYdCOsLhg\">\n<p>&#8220;Hoy nos despertamos todos con que el que nos dio la raz\u00f3n es el FMI y que no era mentira lo que dec\u00edamos. Por primera vez en la historia el Fondo hace semejante reconocimiento\u0094, dijo Fern\u00e1ndez al participar este mediod\u00eda de la inauguraci\u00f3n de una planta productora de medicamentos biol\u00f3gicos de la empresa mAbxience en Gar\u00edn, partido bonaerense de Escobar.<\/p>\n<p>Ayer, al finalizar la misi\u00f3n t\u00e9cnica del organismo para la revisi\u00f3n de las cuentas p\u00fablicas del Estado argentino,\u00a0el FMI asegur\u00f3 que la deuda p\u00fablica argentina \u0093no es sostenible\u0094, que el super\u00e1vit fiscal necesario para enfrentar su pago \u0093no es econ\u00f3mica ni pol\u00edticamente factible\u0094, y reclam\u00f3 una \u0093apreciable\u0094 quita a los acreedores privados.<\/p>\n<p>&#8220;Nos acusaban de populistas e irresponsables pero resulta que hoy nos despertamos todos con que el que nos dio la raz\u00f3n es el FMI, que no era mentira lo que dec\u00edamos y que, si se plantea seria y sensatamente c\u00f3mo enfrentar las cosas, hasta el FMI puede darnos la raz\u00f3n\u0094, consider\u00f3 hoy el Presidente.<\/p>\n<p>En ese marco, agreg\u00f3 que, \u0093por primera vez en la historia, el Fondo promueve semejante reconocimiento y, por primera vez, le dijimos que nos dejen hacer el plan de salida a nosotros y fue aceptado\u0094.<\/p>\n<p>&#8220;Ya viv\u00ed una experiencia parecida con Roberto Lavagna en 2003 y podemos hacerlo otra vez\u0094, resalt\u00f3 Fern\u00e1ndez ante la presencia del ex ministro de Econom\u00eda en el acto, a quien salud\u00f3 personalmente en un sal\u00f3n VIP antes de que se iniciaran los discursos.<\/p>\n<div id=\"div-gpt-ad-nota-217634\" class=\"banner-90\" data-mapping=\"mapping9\" data-google-query-id=\"CJrb-_bK4OcCFTAGuQYdCOsLhg\"><\/div>\n<\/div>\n","protected":false},"excerpt":{"rendered":"<p>El presidente celebr\u00f3 el informe del organismo tras la misi\u00f3n t\u00e9cnica y destac\u00f3 que por&#8230;<\/p>\n","protected":false},"author":1,"featured_media":101076,"comment_status":"open","ping_status":"open","sticky":false,"template":"","format":"standard","meta":{"content-type":""},"categories":[39],"tags":[],"nelio_content":{"isAutoShareEnabled":false,"autoShareEndMode":"default","automationSources":{"useContentSentences":true,"useSocialTemplates":true,"useCustomSentences":false,"customSentences":[]},"followers":[1],"suggestedReferences":[],"includedReferences":[],"efiUrl":"","efiAlt":"","highlights":[]},"yoast_head":"<!-- This site is optimized with the Yoast SEO plugin v20.7 - https:\/\/yoast.com\/wordpress\/plugins\/seo\/ -->\n<title>Fern\u00e1ndez: &quot;El FMI nos dio la raz\u00f3n y por primera vez hace semejante reconocimiento&quot; -<\/title>\n<meta name=\"robots\" content=\"index, follow, max-snippet:-1, max-image-preview:large, max-video-preview:-1\" \/>\n<link rel=\"canonical\" href=\"https:\/\/experienciadevida.com.ar\/portalurbano\/fernandez-el-fmi-nos-dio-la-razon-y-por-primera-vez-hace-semejante-reconocimiento\/\" \/>\n<meta property=\"og:locale\" content=\"es_ES\" \/>\n<meta property=\"og:type\" content=\"article\" \/>\n<meta property=\"og:title\" content=\"Fern\u00e1ndez: &quot;El FMI nos dio la raz\u00f3n y por primera vez hace semejante reconocimiento&quot; -\" \/>\n<meta property=\"og:description\" content=\"El presidente celebr\u00f3 el informe del organismo tras la misi\u00f3n t\u00e9cnica y destac\u00f3 que por...\" \/>\n<meta property=\"og:url\" content=\"https:\/\/experienciadevida.com.ar\/portalurbano\/fernandez-el-fmi-nos-dio-la-razon-y-por-primera-vez-hace-semejante-reconocimiento\/\" \/>\n<meta property=\"article:publisher\" content=\"https:\/\/www.facebook.com\/Portal-Urbano-171542830093757\/\" \/>\n<meta property=\"article:published_time\" content=\"2020-02-20T17:25:00+00:00\" \/>\n<meta property=\"article:modified_time\" content=\"2020-02-20T17:25:24+00:00\" \/>\n<meta property=\"og:image\" content=\"https:\/\/experienciadevida.com.ar\/portalurbano\/wp-content\/uploads\/2020\/02\/ALBERTOFERNANDEZ-e1596223764862.jpg\" \/>\n\t<meta property=\"og:image:width\" content=\"750\" \/>\n\t<meta property=\"og:image:height\" content=\"573\" \/>\n\t<meta property=\"og:image:type\" content=\"image\/jpeg\" \/>\n<meta name=\"author\" content=\"admpu17wp\" \/>\n<meta name=\"twitter:card\" content=\"summary_large_image\" \/>\n<meta name=\"twitter:creator\" content=\"@portalurbanook\" \/>\n<meta name=\"twitter:site\" content=\"@portalurbanook\" \/>\n<meta name=\"twitter:label1\" content=\"Escrito por\" \/>\n\t<meta name=\"twitter:data1\" content=\"admpu17wp\" \/>\n\t<meta name=\"twitter:label2\" content=\"Tiempo de lectura\" \/>\n\t<meta name=\"twitter:data2\" content=\"2 minutos\" \/>\n<script type=\"application\/ld+json\" class=\"yoast-schema-graph\">{\"@context\":\"https:\/\/schema.org\",\"@graph\":[{\"@type\":\"Article\",\"@id\":\"https:\/\/experienciadevida.com.ar\/portalurbano\/fernandez-el-fmi-nos-dio-la-razon-y-por-primera-vez-hace-semejante-reconocimiento\/#article\",\"isPartOf\":{\"@id\":\"https:\/\/experienciadevida.com.ar\/portalurbano\/fernandez-el-fmi-nos-dio-la-razon-y-por-primera-vez-hace-semejante-reconocimiento\/\"},\"author\":{\"name\":\"admpu17wp\",\"@id\":\"https:\/\/experienciadevida.com.ar\/portalurbano\/#\/schema\/person\/02dd326b1c4b056e9cc972486934a3a7\"},\"headline\":\"Fern\u00e1ndez: &#8220;El FMI nos dio la raz\u00f3n y por primera vez hace semejante reconocimiento&#8221;\",\"datePublished\":\"2020-02-20T17:25:00+00:00\",\"dateModified\":\"2020-02-20T17:25:24+00:00\",\"mainEntityOfPage\":{\"@id\":\"https:\/\/experienciadevida.com.ar\/portalurbano\/fernandez-el-fmi-nos-dio-la-razon-y-por-primera-vez-hace-semejante-reconocimiento\/\"},\"wordCount\":356,\"commentCount\":0,\"publisher\":{\"@id\":\"https:\/\/experienciadevida.com.ar\/portalurbano\/#organization\"},\"articleSection\":[\"Naci\u00f3n\"],\"inLanguage\":\"es\",\"potentialAction\":[{\"@type\":\"CommentAction\",\"name\":\"Comment\",\"target\":[\"https:\/\/experienciadevida.com.ar\/portalurbano\/fernandez-el-fmi-nos-dio-la-razon-y-por-primera-vez-hace-semejante-reconocimiento\/#respond\"]}]},{\"@type\":\"WebPage\",\"@id\":\"https:\/\/experienciadevida.com.ar\/portalurbano\/fernandez-el-fmi-nos-dio-la-razon-y-por-primera-vez-hace-semejante-reconocimiento\/\",\"url\":\"https:\/\/experienciadevida.com.ar\/portalurbano\/fernandez-el-fmi-nos-dio-la-razon-y-por-primera-vez-hace-semejante-reconocimiento\/\",\"name\":\"Fern\u00e1ndez: \\\"El FMI nos dio la raz\u00f3n y por primera vez hace semejante reconocimiento\\\" -\",\"isPartOf\":{\"@id\":\"https:\/\/experienciadevida.com.ar\/portalurbano\/#website\"},\"datePublished\":\"2020-02-20T17:25:00+00:00\",\"dateModified\":\"2020-02-20T17:25:24+00:00\",\"breadcrumb\":{\"@id\":\"https:\/\/experienciadevida.com.ar\/portalurbano\/fernandez-el-fmi-nos-dio-la-razon-y-por-primera-vez-hace-semejante-reconocimiento\/#breadcrumb\"},\"inLanguage\":\"es\",\"potentialAction\":[{\"@type\":\"ReadAction\",\"target\":[\"https:\/\/experienciadevida.com.ar\/portalurbano\/fernandez-el-fmi-nos-dio-la-razon-y-por-primera-vez-hace-semejante-reconocimiento\/\"]}]},{\"@type\":\"BreadcrumbList\",\"@id\":\"https:\/\/experienciadevida.com.ar\/portalurbano\/fernandez-el-fmi-nos-dio-la-razon-y-por-primera-vez-hace-semejante-reconocimiento\/#breadcrumb\",\"itemListElement\":[{\"@type\":\"ListItem\",\"position\":1,\"name\":\"Portada\",\"item\":\"https:\/\/experienciadevida.com.ar\/portalurbano\/\"},{\"@type\":\"ListItem\",\"position\":2,\"name\":\"Fern\u00e1ndez: \u00abEl FMI nos dio la raz\u00f3n y por primera vez hace semejante reconocimiento\u00bb\"}]},{\"@type\":\"WebSite\",\"@id\":\"https:\/\/experienciadevida.com.ar\/portalurbano\/#website\",\"url\":\"https:\/\/experienciadevida.com.ar\/portalurbano\/\",\"name\":\"\",\"description\":\"\",\"publisher\":{\"@id\":\"https:\/\/experienciadevida.com.ar\/portalurbano\/#organization\"},\"potentialAction\":[{\"@type\":\"SearchAction\",\"target\":{\"@type\":\"EntryPoint\",\"urlTemplate\":\"https:\/\/experienciadevida.com.ar\/portalurbano\/?s={search_term_string}\"},\"query-input\":\"required name=search_term_string\"}],\"inLanguage\":\"es\"},{\"@type\":\"Organization\",\"@id\":\"https:\/\/experienciadevida.com.ar\/portalurbano\/#organization\",\"name\":\"Portal Urbano\",\"url\":\"https:\/\/experienciadevida.com.ar\/portalurbano\/\",\"logo\":{\"@type\":\"ImageObject\",\"inLanguage\":\"es\",\"@id\":\"https:\/\/experienciadevida.com.ar\/portalurbano\/#\/schema\/logo\/image\/\",\"url\":\"https:\/\/experienciadevida.com.ar\/portalurbano\/wp-content\/uploads\/2019\/09\/Logo-Original.png\",\"contentUrl\":\"https:\/\/experienciadevida.com.ar\/portalurbano\/wp-content\/uploads\/2019\/09\/Logo-Original.png\",\"width\":2236,\"height\":1216,\"caption\":\"Portal Urbano\"},\"image\":{\"@id\":\"https:\/\/experienciadevida.com.ar\/portalurbano\/#\/schema\/logo\/image\/\"},\"sameAs\":[\"https:\/\/www.facebook.com\/Portal-Urbano-171542830093757\/\",\"https:\/\/twitter.com\/portalurbanook\",\"https:\/\/www.instagram.com\/_portalurbano\/\",\"https:\/\/www.youtube.com\/channel\/UCXhagIfszH8KxFiOok79zbA?view_as=subscriber\"]},{\"@type\":\"Person\",\"@id\":\"https:\/\/experienciadevida.com.ar\/portalurbano\/#\/schema\/person\/02dd326b1c4b056e9cc972486934a3a7\",\"name\":\"admpu17wp\",\"image\":{\"@type\":\"ImageObject\",\"inLanguage\":\"es\",\"@id\":\"https:\/\/experienciadevida.com.ar\/portalurbano\/#\/schema\/person\/image\/\",\"url\":\"https:\/\/secure.gravatar.com\/avatar\/830d4c57adaae6630765e449a6908047?s=96&d=mm&r=g\",\"contentUrl\":\"https:\/\/secure.gravatar.com\/avatar\/830d4c57adaae6630765e449a6908047?s=96&d=mm&r=g\",\"caption\":\"admpu17wp\"}}]}<\/script>\n<!-- \/ Yoast SEO plugin. -->","yoast_head_json":{"title":"Fern\u00e1ndez: \"El FMI nos dio la raz\u00f3n y por primera vez hace semejante reconocimiento\" -","robots":{"index":"index","follow":"follow","max-snippet":"max-snippet:-1","max-image-preview":"max-image-preview:large","max-video-preview":"max-video-preview:-1"},"canonical":"https:\/\/experienciadevida.com.ar\/portalurbano\/fernandez-el-fmi-nos-dio-la-razon-y-por-primera-vez-hace-semejante-reconocimiento\/","og_locale":"es_ES","og_type":"article","og_title":"Fern\u00e1ndez: \"El FMI nos dio la raz\u00f3n y por primera vez hace semejante reconocimiento\" -","og_description":"El presidente celebr\u00f3 el informe del organismo tras la misi\u00f3n t\u00e9cnica y destac\u00f3 que por...","og_url":"https:\/\/experienciadevida.com.ar\/portalurbano\/fernandez-el-fmi-nos-dio-la-razon-y-por-primera-vez-hace-semejante-reconocimiento\/","article_publisher":"https:\/\/www.facebook.com\/Portal-Urbano-171542830093757\/","article_published_time":"2020-02-20T17:25:00+00:00","article_modified_time":"2020-02-20T17:25:24+00:00","og_image":[{"width":750,"height":573,"url":"https:\/\/experienciadevida.com.ar\/portalurbano\/wp-content\/uploads\/2020\/02\/ALBERTOFERNANDEZ-e1596223764862.jpg","type":"image\/jpeg"}],"author":"admpu17wp","twitter_card":"summary_large_image","twitter_creator":"@portalurbanook","twitter_site":"@portalurbanook","twitter_misc":{"Escrito por":"admpu17wp","Tiempo de lectura":"2 minutos"},"schema":{"@context":"https:\/\/schema.org","@graph":[{"@type":"Article","@id":"https:\/\/experienciadevida.com.ar\/portalurbano\/fernandez-el-fmi-nos-dio-la-razon-y-por-primera-vez-hace-semejante-reconocimiento\/#article","isPartOf":{"@id":"https:\/\/experienciadevida.com.ar\/portalurbano\/fernandez-el-fmi-nos-dio-la-razon-y-por-primera-vez-hace-semejante-reconocimiento\/"},"author":{"name":"admpu17wp","@id":"https:\/\/experienciadevida.com.ar\/portalurbano\/#\/schema\/person\/02dd326b1c4b056e9cc972486934a3a7"},"headline":"Fern\u00e1ndez: &#8220;El FMI nos dio la raz\u00f3n y por primera vez hace semejante reconocimiento&#8221;","datePublished":"2020-02-20T17:25:00+00:00","dateModified":"2020-02-20T17:25:24+00:00","mainEntityOfPage":{"@id":"https:\/\/experienciadevida.com.ar\/portalurbano\/fernandez-el-fmi-nos-dio-la-razon-y-por-primera-vez-hace-semejante-reconocimiento\/"},"wordCount":356,"commentCount":0,"publisher":{"@id":"https:\/\/experienciadevida.com.ar\/portalurbano\/#organization"},"articleSection":["Naci\u00f3n"],"inLanguage":"es","potentialAction":[{"@type":"CommentAction","name":"Comment","target":["https:\/\/experienciadevida.com.ar\/portalurbano\/fernandez-el-fmi-nos-dio-la-razon-y-por-primera-vez-hace-semejante-reconocimiento\/#respond"]}]},{"@type":"WebPage","@id":"https:\/\/experienciadevida.com.ar\/portalurbano\/fernandez-el-fmi-nos-dio-la-razon-y-por-primera-vez-hace-semejante-reconocimiento\/","url":"https:\/\/experienciadevida.com.ar\/portalurbano\/fernandez-el-fmi-nos-dio-la-razon-y-por-primera-vez-hace-semejante-reconocimiento\/","name":"Fern\u00e1ndez: \"El FMI nos dio la raz\u00f3n y por primera vez hace semejante reconocimiento\" -","isPartOf":{"@id":"https:\/\/experienciadevida.com.ar\/portalurbano\/#website"},"datePublished":"2020-02-20T17:25:00+00:00","dateModified":"2020-02-20T17:25:24+00:00","breadcrumb":{"@id":"https:\/\/experienciadevida.com.ar\/portalurbano\/fernandez-el-fmi-nos-dio-la-razon-y-por-primera-vez-hace-semejante-reconocimiento\/#breadcrumb"},"inLanguage":"es","potentialAction":[{"@type":"ReadAction","target":["https:\/\/experienciadevida.com.ar\/portalurbano\/fernandez-el-fmi-nos-dio-la-razon-y-por-primera-vez-hace-semejante-reconocimiento\/"]}]},{"@type":"BreadcrumbList","@id":"https:\/\/experienciadevida.com.ar\/portalurbano\/fernandez-el-fmi-nos-dio-la-razon-y-por-primera-vez-hace-semejante-reconocimiento\/#breadcrumb","itemListElement":[{"@type":"ListItem","position":1,"name":"Portada","item":"https:\/\/experienciadevida.com.ar\/portalurbano\/"},{"@type":"ListItem","position":2,"name":"Fern\u00e1ndez: \u00abEl FMI nos dio la raz\u00f3n y por primera vez hace semejante reconocimiento\u00bb"}]},{"@type":"WebSite","@id":"https:\/\/experienciadevida.com.ar\/portalurbano\/#website","url":"https:\/\/experienciadevida.com.ar\/portalurbano\/","name":"","description":"","publisher":{"@id":"https:\/\/experienciadevida.com.ar\/portalurbano\/#organization"},"potentialAction":[{"@type":"SearchAction","target":{"@type":"EntryPoint","urlTemplate":"https:\/\/experienciadevida.com.ar\/portalurbano\/?s={search_term_string}"},"query-input":"required name=search_term_string"}],"inLanguage":"es"},{"@type":"Organization","@id":"https:\/\/experienciadevida.com.ar\/portalurbano\/#organization","name":"Portal Urbano","url":"https:\/\/experienciadevida.com.ar\/portalurbano\/","logo":{"@type":"ImageObject","inLanguage":"es","@id":"https:\/\/experienciadevida.com.ar\/portalurbano\/#\/schema\/logo\/image\/","url":"https:\/\/experienciadevida.com.ar\/portalurbano\/wp-content\/uploads\/2019\/09\/Logo-Original.png","contentUrl":"https:\/\/experienciadevida.com.ar\/portalurbano\/wp-content\/uploads\/2019\/09\/Logo-Original.png","width":2236,"height":1216,"caption":"Portal Urbano"},"image":{"@id":"https:\/\/experienciadevida.com.ar\/portalurbano\/#\/schema\/logo\/image\/"},"sameAs":["https:\/\/www.facebook.com\/Portal-Urbano-171542830093757\/","https:\/\/twitter.com\/portalurbanook","https:\/\/www.instagram.com\/_portalurbano\/","https:\/\/www.youtube.com\/channel\/UCXhagIfszH8KxFiOok79zbA?view_as=subscriber"]},{"@type":"Person","@id":"https:\/\/experienciadevida.com.ar\/portalurbano\/#\/schema\/person\/02dd326b1c4b056e9cc972486934a3a7","name":"admpu17wp","image":{"@type":"ImageObject","inLanguage":"es","@id":"https:\/\/experienciadevida.com.ar\/portalurbano\/#\/schema\/person\/image\/","url":"https:\/\/secure.gravatar.com\/avatar\/830d4c57adaae6630765e449a6908047?s=96&d=mm&r=g","contentUrl":"https:\/\/secure.gravatar.com\/avatar\/830d4c57adaae6630765e449a6908047?s=96&d=mm&r=g","caption":"admpu17wp"}}]}},"featured_image_urls":{"full":["https:\/\/experienciadevida.com.ar\/portalurbano\/wp-content\/uploads\/2020\/02\/ALBERTOFERNANDEZ-e1596223764862.jpg",750,573,false],"thumbnail":["https:\/\/experienciadevida.com.ar\/portalurbano\/wp-content\/uploads\/2020\/02\/ALBERTOFERNANDEZ-150x150.jpg",150,150,true],"medium":["https:\/\/experienciadevida.com.ar\/portalurbano\/wp-content\/uploads\/2020\/02\/ALBERTOFERNANDEZ-300x229.jpg",300,229,true],"medium_large":["https:\/\/experienciadevida.com.ar\/portalurbano\/wp-content\/uploads\/2020\/02\/ALBERTOFERNANDEZ-768x586.jpg",640,488,true],"large":["https:\/\/experienciadevida.com.ar\/portalurbano\/wp-content\/uploads\/2020\/02\/ALBERTOFERNANDEZ-1024x781.jpg",640,488,true],"ug_big":["https:\/\/experienciadevida.com.ar\/portalurbano\/wp-content\/uploads\/2020\/02\/ALBERTOFERNANDEZ-768x586.jpg",768,586,true],"1536x1536":["https:\/\/experienciadevida.com.ar\/portalurbano\/wp-content\/uploads\/2020\/02\/ALBERTOFERNANDEZ-e1596223764862.jpg",750,573,false],"2048x2048":["https:\/\/experienciadevida.com.ar\/portalurbano\/wp-content\/uploads\/2020\/02\/ALBERTOFERNANDEZ-e1596223764862.jpg",750,573,false],"newsever-slider-full":["https:\/\/experienciadevida.com.ar\/portalurbano\/wp-content\/uploads\/2020\/02\/ALBERTOFERNANDEZ-e1596223764862.jpg",750,573,false],"newsever-featured":["https:\/\/experienciadevida.com.ar\/portalurbano\/wp-content\/uploads\/2020\/02\/ALBERTOFERNANDEZ-e1596223764862.jpg",750,573,false],"newsever-medium":["https:\/\/experienciadevida.com.ar\/portalurbano\/wp-content\/uploads\/2020\/02\/ALBERTOFERNANDEZ-e1596223764862.jpg",622,475,false],"web-stories-poster-portrait":["https:\/\/experienciadevida.com.ar\/portalurbano\/wp-content\/uploads\/2020\/02\/ALBERTOFERNANDEZ-e1596223764862.jpg",640,489,false],"web-stories-publisher-logo":["https:\/\/experienciadevida.com.ar\/portalurbano\/wp-content\/uploads\/2020\/02\/ALBERTOFERNANDEZ-e1596223764862.jpg",96,73,false],"web-stories-thumbnail":["https:\/\/experienciadevida.com.ar\/portalurbano\/wp-content\/uploads\/2020\/02\/ALBERTOFERNANDEZ-e1596223764862.jpg",150,115,false]},"author_info":{"display_name":"admpu17wp","author_link":"https:\/\/experienciadevida.com.ar\/portalurbano\/author\/admpu17wp\/"},"category_info":"<a href=\"https:\/\/experienciadevida.com.ar\/portalurbano\/category\/nacion\/\" rel=\"category tag\">Naci\u00f3n<\/a>","tag_info":"Naci\u00f3n","comment_count":"0","amp_enabled":true,"_links":{"self":[{"href":"https:\/\/experienciadevida.com.ar\/portalurbano\/wp-json\/wp\/v2\/posts\/102017"}],"collection":[{"href":"https:\/\/experienciadevida.com.ar\/portalurbano\/wp-json\/wp\/v2\/posts"}],"about":[{"href":"https:\/\/experienciadevida.com.ar\/portalurbano\/wp-json\/wp\/v2\/types\/post"}],"author":[{"embeddable":true,"href":"https:\/\/experienciadevida.com.ar\/portalurbano\/wp-json\/wp\/v2\/users\/1"}],"replies":[{"embeddable":true,"href":"https:\/\/experienciadevida.com.ar\/portalurbano\/wp-json\/wp\/v2\/comments?post=102017"}],"version-history":[{"count":1,"href":"https:\/\/experienciadevida.com.ar\/portalurbano\/wp-json\/wp\/v2\/posts\/102017\/revisions"}],"predecessor-version":[{"id":102018,"href":"https:\/\/experienciadevida.com.ar\/portalurbano\/wp-json\/wp\/v2\/posts\/102017\/revisions\/102018"}],"wp:featuredmedia":[{"embeddable":true,"href":"https:\/\/experienciadevida.com.ar\/portalurbano\/wp-json\/wp\/v2\/media\/101076"}],"wp:attachment":[{"href":"https:\/\/experienciadevida.com.ar\/portalurbano\/wp-json\/wp\/v2\/media?parent=102017"}],"wp:term":[{"taxonomy":"category","embeddable":true,"href":"https:\/\/experienciadevida.com.ar\/portalurbano\/wp-json\/wp\/v2\/categories?post=102017"},{"taxonomy":"post_tag","embeddable":true,"href":"https:\/\/experienciadevida.com.ar\/portalurbano\/wp-json\/wp\/v2\/tags?post=102017"}],"curies":[{"name":"wp","href":"https:\/\/api.w.org\/{rel}","templated":true}]}}