{"id":101974,"date":"2020-02-20T10:19:59","date_gmt":"2020-02-20T13:19:59","guid":{"rendered":"https:\/\/experienciadevida.com.ar\/portalurbano\/?p=101974"},"modified":"2020-02-20T10:19:59","modified_gmt":"2020-02-20T13:19:59","slug":"claudio-moroni-no-esta-en-la-agenda-subir-la-edad-para-jubilarse","status":"publish","type":"post","link":"https:\/\/experienciadevida.com.ar\/portalurbano\/claudio-moroni-no-esta-en-la-agenda-subir-la-edad-para-jubilarse\/","title":{"rendered":"Claudio Moroni: &#8220;No est\u00e1 en la agenda subir la edad para jubilarse&#8221;"},"content":{"rendered":"<p class=\"interiorCopete\">El ministro de Trabajo calific\u00f3 como un &#8220;exceso de t\u00edtulo&#8221; la interpretaci\u00f3n que hicieron algunos medios de comunicaci\u00f3n sobre sus declaraciones. Dijo que el tema &#8220;no es un debate ni nada por el estilo&#8221;.<\/p>\n<p>El Ministro de Trabajo, Claudio Moroni, ratific\u00f3 que &#8220;no est\u00e1 en la agenda del Gobierno la posibilidad de aumentar la edad jubilatoria y calific\u00f3 como un exceso del t\u00edtulo&#8221; la interpretaci\u00f3n sobre sus declaraciones.<\/p>\n<p>Moroni confirm\u00f3 que &#8220;no est\u00e1 en la agenda del Gobierno&#8221; modificar la edad jubilatoria, &#8220;ni es un debate, ni nada por el estilo&#8221; y considero que fue un &#8220;exceso de t\u00edtulo&#8221; las interpretaciones que hicieron algunos medios, ya que -seg\u00fan explic\u00f3- sus dichos fueron &#8220;una respuesta general ante una pregunta te\u00f3rica por la sobrevivencia creciente&#8221;.<\/p>\n<p>En tanto, Moroni asever\u00f3 que lo que se est\u00e1 evaluando es\u00a0&#8220;c\u00f3mo volver a una forma de movilidad que haga participar a los jubilados en el crecimiento de la econom\u00eda&#8221;\u00a0y sostuvo que se est\u00e1 estudiando volver a una situaci\u00f3n &#8220;muy parecida a la que exist\u00eda antes&#8221; de 2017, cuando se modific\u00f3 el sistema durante el macrismo.<\/p>\n<p>&#8220;Estamos trabajando en volver a un sistema de movilidad para que el sistema permita que los jubilados participen del crecimiento de la econom\u00eda\u00a0 y el poder adquisitivo&#8221;, sostuvo Moroni y confirm\u00f3 que esperan que &#8220;la pr\u00f3xima f\u00f3rmula est\u00e9 definida y vigente a partir de junio&#8221;. Al ser enviado al Congreso, el funcionario explic\u00f3 que &#8220;sostiene el r\u00e9gimen especial, s\u00f3lo que cambiando algunos par\u00e1metros para que sea menos deficitario&#8221;.<\/p>\n<p><strong>&#8220;<\/strong><em>El r\u00e9gimen de los jueces genera un d\u00e9ficit enorme de 9.200 millones&#8221;<\/em>, explic\u00f3 Moroni y dijo que buscan que &#8220;eso sea menor, ni siquiera que desaparezca, sino que se parezca m\u00e1s al del resto de las jubilaciones&#8221;.<\/p>\n<p>&#8220;En los jueces se hace el c\u00e1lculo sobre el \u00faltimo salario y queremos que se respete el 82% pero que se calcule sobre un promedio de los \u00faltimos 120 meses, como cualquier otra jubilaci\u00f3n&#8221; explic\u00f3.<\/p>\n<p>En cuanto a las paritarias, el funcionario dijo que se busca que&#8221;quiz\u00e1s sean m\u00e1s cortas de lo que estamos acostumbrados<strong>&#8220;<\/strong>, ya que &#8220;muchas veces se trabaja sobre la expectativa&#8221;, pero lo mejor -para Moroni- es &#8220;trabajar sobre lo que va sucediendo porque los pron\u00f3sticos sobre la inflaci\u00f3n la vienen pifiando bastante&#8221;.<\/p>\n<div id=\"div-gpt-ad-nota-93673\" class=\"banner-90\" data-mapping=\"mapping9\" data-google-query-id=\"CLK-q86a4OcCFcIFuQYdVNMGlg\"><\/div>\n","protected":false},"excerpt":{"rendered":"<p>El ministro de Trabajo calific\u00f3 como un &#8220;exceso de t\u00edtulo&#8221; la interpretaci\u00f3n que hicieron algunos&#8230;<\/p>\n","protected":false},"author":1,"featured_media":101975,"comment_status":"open","ping_status":"open","sticky":false,"template":"","format":"standard","meta":{"content-type":""},"categories":[39],"tags":[],"nelio_content":{"isAutoShareEnabled":false,"autoShareEndMode":"default","automationSources":{"useContentSentences":true,"useSocialTemplates":true,"useCustomSentences":false,"customSentences":[]},"followers":[1],"suggestedReferences":[],"includedReferences":[],"efiUrl":"","efiAlt":"","highlights":[]},"yoast_head":"<!-- This site is optimized with the Yoast SEO plugin v20.7 - https:\/\/yoast.com\/wordpress\/plugins\/seo\/ -->\n<title>Claudio Moroni: &quot;No est\u00e1 en la agenda subir la edad para jubilarse&quot; -<\/title>\n<meta name=\"robots\" content=\"index, follow, max-snippet:-1, max-image-preview:large, max-video-preview:-1\" \/>\n<link rel=\"canonical\" href=\"https:\/\/experienciadevida.com.ar\/portalurbano\/claudio-moroni-no-esta-en-la-agenda-subir-la-edad-para-jubilarse\/\" \/>\n<meta property=\"og:locale\" content=\"es_ES\" \/>\n<meta property=\"og:type\" content=\"article\" \/>\n<meta property=\"og:title\" content=\"Claudio Moroni: &quot;No est\u00e1 en la agenda subir la edad para jubilarse&quot; -\" \/>\n<meta property=\"og:description\" content=\"El ministro de Trabajo calific\u00f3 como un &#8220;exceso de t\u00edtulo&#8221; la interpretaci\u00f3n que hicieron algunos...\" \/>\n<meta property=\"og:url\" content=\"https:\/\/experienciadevida.com.ar\/portalurbano\/claudio-moroni-no-esta-en-la-agenda-subir-la-edad-para-jubilarse\/\" \/>\n<meta property=\"article:publisher\" content=\"https:\/\/www.facebook.com\/Portal-Urbano-171542830093757\/\" \/>\n<meta property=\"article:published_time\" content=\"2020-02-20T13:19:59+00:00\" \/>\n<meta property=\"og:image\" content=\"https:\/\/experienciadevida.com.ar\/portalurbano\/wp-content\/uploads\/2020\/02\/MORONI-e1582204429139.jpg\" \/>\n\t<meta property=\"og:image:width\" content=\"765\" \/>\n\t<meta property=\"og:image:height\" content=\"469\" \/>\n\t<meta property=\"og:image:type\" content=\"image\/jpeg\" \/>\n<meta name=\"author\" content=\"admpu17wp\" \/>\n<meta name=\"twitter:card\" content=\"summary_large_image\" \/>\n<meta name=\"twitter:creator\" content=\"@portalurbanook\" \/>\n<meta name=\"twitter:site\" content=\"@portalurbanook\" \/>\n<meta name=\"twitter:label1\" content=\"Escrito por\" \/>\n\t<meta name=\"twitter:data1\" content=\"admpu17wp\" \/>\n\t<meta name=\"twitter:label2\" content=\"Tiempo de lectura\" \/>\n\t<meta name=\"twitter:data2\" content=\"2 minutos\" \/>\n<script type=\"application\/ld+json\" class=\"yoast-schema-graph\">{\"@context\":\"https:\/\/schema.org\",\"@graph\":[{\"@type\":\"Article\",\"@id\":\"https:\/\/experienciadevida.com.ar\/portalurbano\/claudio-moroni-no-esta-en-la-agenda-subir-la-edad-para-jubilarse\/#article\",\"isPartOf\":{\"@id\":\"https:\/\/experienciadevida.com.ar\/portalurbano\/claudio-moroni-no-esta-en-la-agenda-subir-la-edad-para-jubilarse\/\"},\"author\":{\"name\":\"admpu17wp\",\"@id\":\"https:\/\/experienciadevida.com.ar\/portalurbano\/#\/schema\/person\/02dd326b1c4b056e9cc972486934a3a7\"},\"headline\":\"Claudio Moroni: &#8220;No est\u00e1 en la agenda subir la edad para jubilarse&#8221;\",\"datePublished\":\"2020-02-20T13:19:59+00:00\",\"dateModified\":\"2020-02-20T13:19:59+00:00\",\"mainEntityOfPage\":{\"@id\":\"https:\/\/experienciadevida.com.ar\/portalurbano\/claudio-moroni-no-esta-en-la-agenda-subir-la-edad-para-jubilarse\/\"},\"wordCount\":408,\"commentCount\":0,\"publisher\":{\"@id\":\"https:\/\/experienciadevida.com.ar\/portalurbano\/#organization\"},\"articleSection\":[\"Naci\u00f3n\"],\"inLanguage\":\"es\",\"potentialAction\":[{\"@type\":\"CommentAction\",\"name\":\"Comment\",\"target\":[\"https:\/\/experienciadevida.com.ar\/portalurbano\/claudio-moroni-no-esta-en-la-agenda-subir-la-edad-para-jubilarse\/#respond\"]}]},{\"@type\":\"WebPage\",\"@id\":\"https:\/\/experienciadevida.com.ar\/portalurbano\/claudio-moroni-no-esta-en-la-agenda-subir-la-edad-para-jubilarse\/\",\"url\":\"https:\/\/experienciadevida.com.ar\/portalurbano\/claudio-moroni-no-esta-en-la-agenda-subir-la-edad-para-jubilarse\/\",\"name\":\"Claudio Moroni: \\\"No est\u00e1 en la agenda subir la edad para jubilarse\\\" -\",\"isPartOf\":{\"@id\":\"https:\/\/experienciadevida.com.ar\/portalurbano\/#website\"},\"datePublished\":\"2020-02-20T13:19:59+00:00\",\"dateModified\":\"2020-02-20T13:19:59+00:00\",\"breadcrumb\":{\"@id\":\"https:\/\/experienciadevida.com.ar\/portalurbano\/claudio-moroni-no-esta-en-la-agenda-subir-la-edad-para-jubilarse\/#breadcrumb\"},\"inLanguage\":\"es\",\"potentialAction\":[{\"@type\":\"ReadAction\",\"target\":[\"https:\/\/experienciadevida.com.ar\/portalurbano\/claudio-moroni-no-esta-en-la-agenda-subir-la-edad-para-jubilarse\/\"]}]},{\"@type\":\"BreadcrumbList\",\"@id\":\"https:\/\/experienciadevida.com.ar\/portalurbano\/claudio-moroni-no-esta-en-la-agenda-subir-la-edad-para-jubilarse\/#breadcrumb\",\"itemListElement\":[{\"@type\":\"ListItem\",\"position\":1,\"name\":\"Portada\",\"item\":\"https:\/\/experienciadevida.com.ar\/portalurbano\/\"},{\"@type\":\"ListItem\",\"position\":2,\"name\":\"Claudio Moroni: \u00abNo est\u00e1 en la agenda subir la edad para jubilarse\u00bb\"}]},{\"@type\":\"WebSite\",\"@id\":\"https:\/\/experienciadevida.com.ar\/portalurbano\/#website\",\"url\":\"https:\/\/experienciadevida.com.ar\/portalurbano\/\",\"name\":\"\",\"description\":\"\",\"publisher\":{\"@id\":\"https:\/\/experienciadevida.com.ar\/portalurbano\/#organization\"},\"potentialAction\":[{\"@type\":\"SearchAction\",\"target\":{\"@type\":\"EntryPoint\",\"urlTemplate\":\"https:\/\/experienciadevida.com.ar\/portalurbano\/?s={search_term_string}\"},\"query-input\":\"required name=search_term_string\"}],\"inLanguage\":\"es\"},{\"@type\":\"Organization\",\"@id\":\"https:\/\/experienciadevida.com.ar\/portalurbano\/#organization\",\"name\":\"Portal Urbano\",\"url\":\"https:\/\/experienciadevida.com.ar\/portalurbano\/\",\"logo\":{\"@type\":\"ImageObject\",\"inLanguage\":\"es\",\"@id\":\"https:\/\/experienciadevida.com.ar\/portalurbano\/#\/schema\/logo\/image\/\",\"url\":\"https:\/\/experienciadevida.com.ar\/portalurbano\/wp-content\/uploads\/2019\/09\/Logo-Original.png\",\"contentUrl\":\"https:\/\/experienciadevida.com.ar\/portalurbano\/wp-content\/uploads\/2019\/09\/Logo-Original.png\",\"width\":2236,\"height\":1216,\"caption\":\"Portal Urbano\"},\"image\":{\"@id\":\"https:\/\/experienciadevida.com.ar\/portalurbano\/#\/schema\/logo\/image\/\"},\"sameAs\":[\"https:\/\/www.facebook.com\/Portal-Urbano-171542830093757\/\",\"https:\/\/twitter.com\/portalurbanook\",\"https:\/\/www.instagram.com\/_portalurbano\/\",\"https:\/\/www.youtube.com\/channel\/UCXhagIfszH8KxFiOok79zbA?view_as=subscriber\"]},{\"@type\":\"Person\",\"@id\":\"https:\/\/experienciadevida.com.ar\/portalurbano\/#\/schema\/person\/02dd326b1c4b056e9cc972486934a3a7\",\"name\":\"admpu17wp\",\"image\":{\"@type\":\"ImageObject\",\"inLanguage\":\"es\",\"@id\":\"https:\/\/experienciadevida.com.ar\/portalurbano\/#\/schema\/person\/image\/\",\"url\":\"https:\/\/secure.gravatar.com\/avatar\/830d4c57adaae6630765e449a6908047?s=96&d=mm&r=g\",\"contentUrl\":\"https:\/\/secure.gravatar.com\/avatar\/830d4c57adaae6630765e449a6908047?s=96&d=mm&r=g\",\"caption\":\"admpu17wp\"}}]}<\/script>\n<!-- \/ Yoast SEO plugin. -->","yoast_head_json":{"title":"Claudio Moroni: \"No est\u00e1 en la agenda subir la edad para jubilarse\" -","robots":{"index":"index","follow":"follow","max-snippet":"max-snippet:-1","max-image-preview":"max-image-preview:large","max-video-preview":"max-video-preview:-1"},"canonical":"https:\/\/experienciadevida.com.ar\/portalurbano\/claudio-moroni-no-esta-en-la-agenda-subir-la-edad-para-jubilarse\/","og_locale":"es_ES","og_type":"article","og_title":"Claudio Moroni: \"No est\u00e1 en la agenda subir la edad para jubilarse\" -","og_description":"El ministro de Trabajo calific\u00f3 como un &#8220;exceso de t\u00edtulo&#8221; la interpretaci\u00f3n que hicieron algunos...","og_url":"https:\/\/experienciadevida.com.ar\/portalurbano\/claudio-moroni-no-esta-en-la-agenda-subir-la-edad-para-jubilarse\/","article_publisher":"https:\/\/www.facebook.com\/Portal-Urbano-171542830093757\/","article_published_time":"2020-02-20T13:19:59+00:00","og_image":[{"width":765,"height":469,"url":"https:\/\/experienciadevida.com.ar\/portalurbano\/wp-content\/uploads\/2020\/02\/MORONI-e1582204429139.jpg","type":"image\/jpeg"}],"author":"admpu17wp","twitter_card":"summary_large_image","twitter_creator":"@portalurbanook","twitter_site":"@portalurbanook","twitter_misc":{"Escrito por":"admpu17wp","Tiempo de lectura":"2 minutos"},"schema":{"@context":"https:\/\/schema.org","@graph":[{"@type":"Article","@id":"https:\/\/experienciadevida.com.ar\/portalurbano\/claudio-moroni-no-esta-en-la-agenda-subir-la-edad-para-jubilarse\/#article","isPartOf":{"@id":"https:\/\/experienciadevida.com.ar\/portalurbano\/claudio-moroni-no-esta-en-la-agenda-subir-la-edad-para-jubilarse\/"},"author":{"name":"admpu17wp","@id":"https:\/\/experienciadevida.com.ar\/portalurbano\/#\/schema\/person\/02dd326b1c4b056e9cc972486934a3a7"},"headline":"Claudio Moroni: &#8220;No est\u00e1 en la agenda subir la edad para jubilarse&#8221;","datePublished":"2020-02-20T13:19:59+00:00","dateModified":"2020-02-20T13:19:59+00:00","mainEntityOfPage":{"@id":"https:\/\/experienciadevida.com.ar\/portalurbano\/claudio-moroni-no-esta-en-la-agenda-subir-la-edad-para-jubilarse\/"},"wordCount":408,"commentCount":0,"publisher":{"@id":"https:\/\/experienciadevida.com.ar\/portalurbano\/#organization"},"articleSection":["Naci\u00f3n"],"inLanguage":"es","potentialAction":[{"@type":"CommentAction","name":"Comment","target":["https:\/\/experienciadevida.com.ar\/portalurbano\/claudio-moroni-no-esta-en-la-agenda-subir-la-edad-para-jubilarse\/#respond"]}]},{"@type":"WebPage","@id":"https:\/\/experienciadevida.com.ar\/portalurbano\/claudio-moroni-no-esta-en-la-agenda-subir-la-edad-para-jubilarse\/","url":"https:\/\/experienciadevida.com.ar\/portalurbano\/claudio-moroni-no-esta-en-la-agenda-subir-la-edad-para-jubilarse\/","name":"Claudio Moroni: \"No est\u00e1 en la agenda subir la edad para jubilarse\" -","isPartOf":{"@id":"https:\/\/experienciadevida.com.ar\/portalurbano\/#website"},"datePublished":"2020-02-20T13:19:59+00:00","dateModified":"2020-02-20T13:19:59+00:00","breadcrumb":{"@id":"https:\/\/experienciadevida.com.ar\/portalurbano\/claudio-moroni-no-esta-en-la-agenda-subir-la-edad-para-jubilarse\/#breadcrumb"},"inLanguage":"es","potentialAction":[{"@type":"ReadAction","target":["https:\/\/experienciadevida.com.ar\/portalurbano\/claudio-moroni-no-esta-en-la-agenda-subir-la-edad-para-jubilarse\/"]}]},{"@type":"BreadcrumbList","@id":"https:\/\/experienciadevida.com.ar\/portalurbano\/claudio-moroni-no-esta-en-la-agenda-subir-la-edad-para-jubilarse\/#breadcrumb","itemListElement":[{"@type":"ListItem","position":1,"name":"Portada","item":"https:\/\/experienciadevida.com.ar\/portalurbano\/"},{"@type":"ListItem","position":2,"name":"Claudio Moroni: \u00abNo est\u00e1 en la agenda subir la edad para jubilarse\u00bb"}]},{"@type":"WebSite","@id":"https:\/\/experienciadevida.com.ar\/portalurbano\/#website","url":"https:\/\/experienciadevida.com.ar\/portalurbano\/","name":"","description":"","publisher":{"@id":"https:\/\/experienciadevida.com.ar\/portalurbano\/#organization"},"potentialAction":[{"@type":"SearchAction","target":{"@type":"EntryPoint","urlTemplate":"https:\/\/experienciadevida.com.ar\/portalurbano\/?s={search_term_string}"},"query-input":"required name=search_term_string"}],"inLanguage":"es"},{"@type":"Organization","@id":"https:\/\/experienciadevida.com.ar\/portalurbano\/#organization","name":"Portal Urbano","url":"https:\/\/experienciadevida.com.ar\/portalurbano\/","logo":{"@type":"ImageObject","inLanguage":"es","@id":"https:\/\/experienciadevida.com.ar\/portalurbano\/#\/schema\/logo\/image\/","url":"https:\/\/experienciadevida.com.ar\/portalurbano\/wp-content\/uploads\/2019\/09\/Logo-Original.png","contentUrl":"https:\/\/experienciadevida.com.ar\/portalurbano\/wp-content\/uploads\/2019\/09\/Logo-Original.png","width":2236,"height":1216,"caption":"Portal Urbano"},"image":{"@id":"https:\/\/experienciadevida.com.ar\/portalurbano\/#\/schema\/logo\/image\/"},"sameAs":["https:\/\/www.facebook.com\/Portal-Urbano-171542830093757\/","https:\/\/twitter.com\/portalurbanook","https:\/\/www.instagram.com\/_portalurbano\/","https:\/\/www.youtube.com\/channel\/UCXhagIfszH8KxFiOok79zbA?view_as=subscriber"]},{"@type":"Person","@id":"https:\/\/experienciadevida.com.ar\/portalurbano\/#\/schema\/person\/02dd326b1c4b056e9cc972486934a3a7","name":"admpu17wp","image":{"@type":"ImageObject","inLanguage":"es","@id":"https:\/\/experienciadevida.com.ar\/portalurbano\/#\/schema\/person\/image\/","url":"https:\/\/secure.gravatar.com\/avatar\/830d4c57adaae6630765e449a6908047?s=96&d=mm&r=g","contentUrl":"https:\/\/secure.gravatar.com\/avatar\/830d4c57adaae6630765e449a6908047?s=96&d=mm&r=g","caption":"admpu17wp"}}]}},"featured_image_urls":{"full":["https:\/\/experienciadevida.com.ar\/portalurbano\/wp-content\/uploads\/2020\/02\/MORONI-e1582204429139.jpg",765,469,false],"thumbnail":["https:\/\/experienciadevida.com.ar\/portalurbano\/wp-content\/uploads\/2020\/02\/MORONI-150x150.jpg",150,150,true],"medium":["https:\/\/experienciadevida.com.ar\/portalurbano\/wp-content\/uploads\/2020\/02\/MORONI-300x184.jpg",300,184,true],"medium_large":["https:\/\/experienciadevida.com.ar\/portalurbano\/wp-content\/uploads\/2020\/02\/MORONI-768x471.jpg",640,393,true],"large":["https:\/\/experienciadevida.com.ar\/portalurbano\/wp-content\/uploads\/2020\/02\/MORONI-1024x628.jpg",640,393,true],"ug_big":["https:\/\/experienciadevida.com.ar\/portalurbano\/wp-content\/uploads\/2020\/02\/MORONI-768x471.jpg",768,471,true],"1536x1536":["https:\/\/experienciadevida.com.ar\/portalurbano\/wp-content\/uploads\/2020\/02\/MORONI-e1582204429139.jpg",765,469,false],"2048x2048":["https:\/\/experienciadevida.com.ar\/portalurbano\/wp-content\/uploads\/2020\/02\/MORONI-e1582204429139.jpg",765,469,false],"newsever-slider-full":["https:\/\/experienciadevida.com.ar\/portalurbano\/wp-content\/uploads\/2020\/02\/MORONI-e1582204429139.jpg",765,469,false],"newsever-featured":["https:\/\/experienciadevida.com.ar\/portalurbano\/wp-content\/uploads\/2020\/02\/MORONI-e1582204429139.jpg",765,469,false],"newsever-medium":["https:\/\/experienciadevida.com.ar\/portalurbano\/wp-content\/uploads\/2020\/02\/MORONI-e1582204429139.jpg",720,441,false],"web-stories-poster-portrait":["https:\/\/experienciadevida.com.ar\/portalurbano\/wp-content\/uploads\/2020\/02\/MORONI-e1582204429139.jpg",640,392,false],"web-stories-publisher-logo":["https:\/\/experienciadevida.com.ar\/portalurbano\/wp-content\/uploads\/2020\/02\/MORONI-e1582204429139.jpg",96,59,false],"web-stories-thumbnail":["https:\/\/experienciadevida.com.ar\/portalurbano\/wp-content\/uploads\/2020\/02\/MORONI-e1582204429139.jpg",150,92,false]},"author_info":{"display_name":"admpu17wp","author_link":"https:\/\/experienciadevida.com.ar\/portalurbano\/author\/admpu17wp\/"},"category_info":"<a href=\"https:\/\/experienciadevida.com.ar\/portalurbano\/category\/nacion\/\" rel=\"category tag\">Naci\u00f3n<\/a>","tag_info":"Naci\u00f3n","comment_count":"0","amp_enabled":true,"_links":{"self":[{"href":"https:\/\/experienciadevida.com.ar\/portalurbano\/wp-json\/wp\/v2\/posts\/101974"}],"collection":[{"href":"https:\/\/experienciadevida.com.ar\/portalurbano\/wp-json\/wp\/v2\/posts"}],"about":[{"href":"https:\/\/experienciadevida.com.ar\/portalurbano\/wp-json\/wp\/v2\/types\/post"}],"author":[{"embeddable":true,"href":"https:\/\/experienciadevida.com.ar\/portalurbano\/wp-json\/wp\/v2\/users\/1"}],"replies":[{"embeddable":true,"href":"https:\/\/experienciadevida.com.ar\/portalurbano\/wp-json\/wp\/v2\/comments?post=101974"}],"version-history":[{"count":1,"href":"https:\/\/experienciadevida.com.ar\/portalurbano\/wp-json\/wp\/v2\/posts\/101974\/revisions"}],"predecessor-version":[{"id":101976,"href":"https:\/\/experienciadevida.com.ar\/portalurbano\/wp-json\/wp\/v2\/posts\/101974\/revisions\/101976"}],"wp:featuredmedia":[{"embeddable":true,"href":"https:\/\/experienciadevida.com.ar\/portalurbano\/wp-json\/wp\/v2\/media\/101975"}],"wp:attachment":[{"href":"https:\/\/experienciadevida.com.ar\/portalurbano\/wp-json\/wp\/v2\/media?parent=101974"}],"wp:term":[{"taxonomy":"category","embeddable":true,"href":"https:\/\/experienciadevida.com.ar\/portalurbano\/wp-json\/wp\/v2\/categories?post=101974"},{"taxonomy":"post_tag","embeddable":true,"href":"https:\/\/experienciadevida.com.ar\/portalurbano\/wp-json\/wp\/v2\/tags?post=101974"}],"curies":[{"name":"wp","href":"https:\/\/api.w.org\/{rel}","templated":true}]}}