{"id":101921,"date":"2020-02-19T18:19:34","date_gmt":"2020-02-19T21:19:34","guid":{"rendered":"https:\/\/experienciadevida.com.ar\/portalurbano\/?p=101921"},"modified":"2020-02-19T18:19:57","modified_gmt":"2020-02-19T21:19:57","slug":"crimen-de-fernando-baez-maximo-thomsen-estamos-condenados-por-la-sociedad-y-los-medios","status":"publish","type":"post","link":"https:\/\/experienciadevida.com.ar\/portalurbano\/crimen-de-fernando-baez-maximo-thomsen-estamos-condenados-por-la-sociedad-y-los-medios\/","title":{"rendered":"Crimen de Fernando B\u00e1ez | M\u00e1ximo Thomsen: &#8220;Estamos condenados por la sociedad y los medios&#8221;"},"content":{"rendered":"<p class=\"interiorCopete\">Los acusados enfrentan una nueva imputaci\u00f3n en la que son considerados &#8220;coautores&#8221; del homicidio, con el doble agravante de la alevos\u00eda y el concurso premeditado.<\/p>\n<p>M\u00e1ximo Thomsen, el primero de los ocho rugbiers en declarar esta tarde por el crimen de Fernando B\u00e1ez Sosa, asegur\u00f3 en su indagatoria que al momento de ser detenidos no ten\u00eda \u201cni idea de lo que estaba pasando\u201d, acus\u00f3 a la fiscal Ver\u00f3nica Zamboni de haberles \u201cmentido en la cara\u201d y que tanto \u00e9l como sus amigos est\u00e1n \u201dcondenados por la sociedad y por los medios de comunicaci\u00f3n social\u201d.<\/p>\n<div id=\"div-gpt-ad-nota-503688\" class=\"banner-90\" data-mapping=\"mapping9\" data-google-query-id=\"CI-YqMfE3ucCFREG1Aod2WUB4Q\">\n<p>M\u00e1ximo Thompsen, Ciro Pertossi, Enzo Comelli y Blas Cinalli\u00a0son los cuatro j\u00f3venes que hab\u00edan hablado hasta el momento. Todos ellos cuestionaron a Zamboni, dijeron desconfiar de ella,\u00a0se quejaron de aparentes errores procesales en vez de hablar del crimen del que se los acusa y hasta pidieron la presencia del juez David Mancinelli como garant\u00eda.<\/p>\n<p>Por su parte,\u00a0Pertossi asegur\u00f3 hoy en su indagatoria ante la Justicia que la fiscal Ver\u00f3nica Zamboni le genera \u0093desconfianza\u0094\u00a0y que son amenazados por otros presos de la c\u00e1rcel de Dolores que les dicen que los \u0093pueden lastimar\u0094.<\/p>\n<p>Cabe destacar que\u00a0Hugo Tomei, el abogado de los rugbiers, present\u00f3 hoy una recusaci\u00f3n contra la Fiscal que investiga el caso.<\/p>\n<p>Los ocho j\u00f3venes detenidos por el crimen de Fernando fueron indagados este mi\u00e9rcoles por la fiscal de Villa Gesell, Ver\u00f3nica Zamboni. La exposici\u00f3n llev\u00f3 m\u00e1s de 3 horas ya que los rugbiers pidieron la presencia del juez.<\/p>\n<p>Por ello,\u00a0desde la fiscal\u00eda se convoc\u00f3 por escrito al magistrado, quien alrededor de las 12 -cuatro horas despu\u00e9s del horario pautado por la fiscal para el inicio de las indagatorias-, arrib\u00f3 para poder dar comienzo a las audiencias.<\/p>\n<p>Los j\u00f3venes fueron indagados por segunda vez con la\u00a0nueva imputaci\u00f3n en la que son considerados &#8220;coautores&#8221; del homicidio, con el doble agravante de la alevos\u00eda y el concurso premeditado\u00a0de dos o m\u00e1s personas y las lesiones sufridas por los amigos de la v\u00edctima.<\/p>\n<p>Los acusados llegaron minutos despu\u00e9s de las 8 a la Unidad Funcional de Instrucci\u00f3n (UFI) 6 de Villa Gesell, en un colectivo del Servicio Penitenciario Bonaerense (SPB) que los traslad\u00f3 desde la Alcaid\u00eda de la Unidad Penitenciaria 6 de Dolores, donde est\u00e1n detenidos.<\/p>\n<div id=\"div-gpt-ad-nota-915703\" class=\"banner-90\" data-mapping=\"mapping9\" data-google-query-id=\"CJKwqsfE3ucCFREG1Aod2WUB4Q\">\n<article id=\"article-post\">\n<div class=\"cuerpo\" data-twitter-link=\"https:\/\/twitter.com\/intent\/tweet?url=https:\/\/www.diariopopular.com.ar\/\/c460251&amp;via=poopulardiario&amp;related=Diario Popular&amp;text=\">\n<p>El micro tuvo el inconveniente de atascarse en la arena y por ello no pudo ingresar al garage de la fiscal\u00eda, por lo que los agentes penitenciarios tuvieron que bajar a cada uno de los imputados e ingresarlos a la sede fiscal caminando, esposados por la espalda y con la cabeza gacha, para evitar que los fot\u00f3grafos y las c\u00e1maras de TV pudieran tomarles sus rostros.<\/p>\n<h2><\/h2>\n<\/div>\n<\/article>\n<\/div>\n<\/div>\n","protected":false},"excerpt":{"rendered":"<p>Los acusados enfrentan una nueva imputaci\u00f3n en la que son considerados &#8220;coautores&#8221; del homicidio, con&#8230;<\/p>\n","protected":false},"author":1,"featured_media":101922,"comment_status":"open","ping_status":"open","sticky":false,"template":"","format":"standard","meta":{"content-type":""},"categories":[39],"tags":[],"nelio_content":{"isAutoShareEnabled":false,"autoShareEndMode":"default","automationSources":{"useContentSentences":true,"useSocialTemplates":true,"useCustomSentences":false,"customSentences":[]},"followers":[1],"suggestedReferences":[],"includedReferences":[],"efiUrl":"","efiAlt":"","highlights":[]},"yoast_head":"<!-- This site is optimized with the Yoast SEO plugin v20.7 - https:\/\/yoast.com\/wordpress\/plugins\/seo\/ -->\n<title>Crimen de Fernando B\u00e1ez | M\u00e1ximo Thomsen: &quot;Estamos condenados por la sociedad y los medios&quot; -<\/title>\n<meta name=\"robots\" content=\"index, follow, max-snippet:-1, max-image-preview:large, max-video-preview:-1\" \/>\n<link rel=\"canonical\" href=\"https:\/\/experienciadevida.com.ar\/portalurbano\/crimen-de-fernando-baez-maximo-thomsen-estamos-condenados-por-la-sociedad-y-los-medios\/\" \/>\n<meta property=\"og:locale\" content=\"es_ES\" \/>\n<meta property=\"og:type\" content=\"article\" \/>\n<meta property=\"og:title\" content=\"Crimen de Fernando B\u00e1ez | M\u00e1ximo Thomsen: &quot;Estamos condenados por la sociedad y los medios&quot; -\" \/>\n<meta property=\"og:description\" content=\"Los acusados enfrentan una nueva imputaci\u00f3n en la que son considerados &#8220;coautores&#8221; del homicidio, con...\" \/>\n<meta property=\"og:url\" content=\"https:\/\/experienciadevida.com.ar\/portalurbano\/crimen-de-fernando-baez-maximo-thomsen-estamos-condenados-por-la-sociedad-y-los-medios\/\" \/>\n<meta property=\"article:publisher\" content=\"https:\/\/www.facebook.com\/Portal-Urbano-171542830093757\/\" \/>\n<meta property=\"article:published_time\" content=\"2020-02-19T21:19:34+00:00\" \/>\n<meta property=\"article:modified_time\" content=\"2020-02-19T21:19:57+00:00\" \/>\n<meta property=\"og:image\" content=\"https:\/\/experienciadevida.com.ar\/portalurbano\/wp-content\/uploads\/2020\/02\/CRIMENGESSEL-e1582146962280.jpg\" \/>\n\t<meta property=\"og:image:width\" content=\"765\" \/>\n\t<meta property=\"og:image:height\" content=\"503\" \/>\n\t<meta property=\"og:image:type\" content=\"image\/jpeg\" \/>\n<meta name=\"author\" content=\"admpu17wp\" \/>\n<meta name=\"twitter:card\" content=\"summary_large_image\" \/>\n<meta name=\"twitter:creator\" content=\"@portalurbanook\" \/>\n<meta name=\"twitter:site\" content=\"@portalurbanook\" \/>\n<meta name=\"twitter:label1\" content=\"Escrito por\" \/>\n\t<meta name=\"twitter:data1\" content=\"admpu17wp\" \/>\n\t<meta name=\"twitter:label2\" content=\"Tiempo de lectura\" \/>\n\t<meta name=\"twitter:data2\" content=\"2 minutos\" \/>\n<script type=\"application\/ld+json\" class=\"yoast-schema-graph\">{\"@context\":\"https:\/\/schema.org\",\"@graph\":[{\"@type\":\"Article\",\"@id\":\"https:\/\/experienciadevida.com.ar\/portalurbano\/crimen-de-fernando-baez-maximo-thomsen-estamos-condenados-por-la-sociedad-y-los-medios\/#article\",\"isPartOf\":{\"@id\":\"https:\/\/experienciadevida.com.ar\/portalurbano\/crimen-de-fernando-baez-maximo-thomsen-estamos-condenados-por-la-sociedad-y-los-medios\/\"},\"author\":{\"name\":\"admpu17wp\",\"@id\":\"https:\/\/experienciadevida.com.ar\/portalurbano\/#\/schema\/person\/02dd326b1c4b056e9cc972486934a3a7\"},\"headline\":\"Crimen de Fernando B\u00e1ez | M\u00e1ximo Thomsen: &#8220;Estamos condenados por la sociedad y los medios&#8221;\",\"datePublished\":\"2020-02-19T21:19:34+00:00\",\"dateModified\":\"2020-02-19T21:19:57+00:00\",\"mainEntityOfPage\":{\"@id\":\"https:\/\/experienciadevida.com.ar\/portalurbano\/crimen-de-fernando-baez-maximo-thomsen-estamos-condenados-por-la-sociedad-y-los-medios\/\"},\"wordCount\":485,\"commentCount\":0,\"publisher\":{\"@id\":\"https:\/\/experienciadevida.com.ar\/portalurbano\/#organization\"},\"articleSection\":[\"Naci\u00f3n\"],\"inLanguage\":\"es\",\"potentialAction\":[{\"@type\":\"CommentAction\",\"name\":\"Comment\",\"target\":[\"https:\/\/experienciadevida.com.ar\/portalurbano\/crimen-de-fernando-baez-maximo-thomsen-estamos-condenados-por-la-sociedad-y-los-medios\/#respond\"]}]},{\"@type\":\"WebPage\",\"@id\":\"https:\/\/experienciadevida.com.ar\/portalurbano\/crimen-de-fernando-baez-maximo-thomsen-estamos-condenados-por-la-sociedad-y-los-medios\/\",\"url\":\"https:\/\/experienciadevida.com.ar\/portalurbano\/crimen-de-fernando-baez-maximo-thomsen-estamos-condenados-por-la-sociedad-y-los-medios\/\",\"name\":\"Crimen de Fernando B\u00e1ez | M\u00e1ximo Thomsen: \\\"Estamos condenados por la sociedad y los medios\\\" -\",\"isPartOf\":{\"@id\":\"https:\/\/experienciadevida.com.ar\/portalurbano\/#website\"},\"datePublished\":\"2020-02-19T21:19:34+00:00\",\"dateModified\":\"2020-02-19T21:19:57+00:00\",\"breadcrumb\":{\"@id\":\"https:\/\/experienciadevida.com.ar\/portalurbano\/crimen-de-fernando-baez-maximo-thomsen-estamos-condenados-por-la-sociedad-y-los-medios\/#breadcrumb\"},\"inLanguage\":\"es\",\"potentialAction\":[{\"@type\":\"ReadAction\",\"target\":[\"https:\/\/experienciadevida.com.ar\/portalurbano\/crimen-de-fernando-baez-maximo-thomsen-estamos-condenados-por-la-sociedad-y-los-medios\/\"]}]},{\"@type\":\"BreadcrumbList\",\"@id\":\"https:\/\/experienciadevida.com.ar\/portalurbano\/crimen-de-fernando-baez-maximo-thomsen-estamos-condenados-por-la-sociedad-y-los-medios\/#breadcrumb\",\"itemListElement\":[{\"@type\":\"ListItem\",\"position\":1,\"name\":\"Portada\",\"item\":\"https:\/\/experienciadevida.com.ar\/portalurbano\/\"},{\"@type\":\"ListItem\",\"position\":2,\"name\":\"Crimen de Fernando B\u00e1ez | M\u00e1ximo Thomsen: \u00abEstamos condenados por la sociedad y los medios\u00bb\"}]},{\"@type\":\"WebSite\",\"@id\":\"https:\/\/experienciadevida.com.ar\/portalurbano\/#website\",\"url\":\"https:\/\/experienciadevida.com.ar\/portalurbano\/\",\"name\":\"\",\"description\":\"\",\"publisher\":{\"@id\":\"https:\/\/experienciadevida.com.ar\/portalurbano\/#organization\"},\"potentialAction\":[{\"@type\":\"SearchAction\",\"target\":{\"@type\":\"EntryPoint\",\"urlTemplate\":\"https:\/\/experienciadevida.com.ar\/portalurbano\/?s={search_term_string}\"},\"query-input\":\"required name=search_term_string\"}],\"inLanguage\":\"es\"},{\"@type\":\"Organization\",\"@id\":\"https:\/\/experienciadevida.com.ar\/portalurbano\/#organization\",\"name\":\"Portal Urbano\",\"url\":\"https:\/\/experienciadevida.com.ar\/portalurbano\/\",\"logo\":{\"@type\":\"ImageObject\",\"inLanguage\":\"es\",\"@id\":\"https:\/\/experienciadevida.com.ar\/portalurbano\/#\/schema\/logo\/image\/\",\"url\":\"https:\/\/experienciadevida.com.ar\/portalurbano\/wp-content\/uploads\/2019\/09\/Logo-Original.png\",\"contentUrl\":\"https:\/\/experienciadevida.com.ar\/portalurbano\/wp-content\/uploads\/2019\/09\/Logo-Original.png\",\"width\":2236,\"height\":1216,\"caption\":\"Portal Urbano\"},\"image\":{\"@id\":\"https:\/\/experienciadevida.com.ar\/portalurbano\/#\/schema\/logo\/image\/\"},\"sameAs\":[\"https:\/\/www.facebook.com\/Portal-Urbano-171542830093757\/\",\"https:\/\/twitter.com\/portalurbanook\",\"https:\/\/www.instagram.com\/_portalurbano\/\",\"https:\/\/www.youtube.com\/channel\/UCXhagIfszH8KxFiOok79zbA?view_as=subscriber\"]},{\"@type\":\"Person\",\"@id\":\"https:\/\/experienciadevida.com.ar\/portalurbano\/#\/schema\/person\/02dd326b1c4b056e9cc972486934a3a7\",\"name\":\"admpu17wp\",\"image\":{\"@type\":\"ImageObject\",\"inLanguage\":\"es\",\"@id\":\"https:\/\/experienciadevida.com.ar\/portalurbano\/#\/schema\/person\/image\/\",\"url\":\"https:\/\/secure.gravatar.com\/avatar\/830d4c57adaae6630765e449a6908047?s=96&d=mm&r=g\",\"contentUrl\":\"https:\/\/secure.gravatar.com\/avatar\/830d4c57adaae6630765e449a6908047?s=96&d=mm&r=g\",\"caption\":\"admpu17wp\"}}]}<\/script>\n<!-- \/ Yoast SEO plugin. -->","yoast_head_json":{"title":"Crimen de Fernando B\u00e1ez | M\u00e1ximo Thomsen: \"Estamos condenados por la sociedad y los medios\" -","robots":{"index":"index","follow":"follow","max-snippet":"max-snippet:-1","max-image-preview":"max-image-preview:large","max-video-preview":"max-video-preview:-1"},"canonical":"https:\/\/experienciadevida.com.ar\/portalurbano\/crimen-de-fernando-baez-maximo-thomsen-estamos-condenados-por-la-sociedad-y-los-medios\/","og_locale":"es_ES","og_type":"article","og_title":"Crimen de Fernando B\u00e1ez | M\u00e1ximo Thomsen: \"Estamos condenados por la sociedad y los medios\" -","og_description":"Los acusados enfrentan una nueva imputaci\u00f3n en la que son considerados &#8220;coautores&#8221; del homicidio, con...","og_url":"https:\/\/experienciadevida.com.ar\/portalurbano\/crimen-de-fernando-baez-maximo-thomsen-estamos-condenados-por-la-sociedad-y-los-medios\/","article_publisher":"https:\/\/www.facebook.com\/Portal-Urbano-171542830093757\/","article_published_time":"2020-02-19T21:19:34+00:00","article_modified_time":"2020-02-19T21:19:57+00:00","og_image":[{"width":765,"height":503,"url":"https:\/\/experienciadevida.com.ar\/portalurbano\/wp-content\/uploads\/2020\/02\/CRIMENGESSEL-e1582146962280.jpg","type":"image\/jpeg"}],"author":"admpu17wp","twitter_card":"summary_large_image","twitter_creator":"@portalurbanook","twitter_site":"@portalurbanook","twitter_misc":{"Escrito por":"admpu17wp","Tiempo de lectura":"2 minutos"},"schema":{"@context":"https:\/\/schema.org","@graph":[{"@type":"Article","@id":"https:\/\/experienciadevida.com.ar\/portalurbano\/crimen-de-fernando-baez-maximo-thomsen-estamos-condenados-por-la-sociedad-y-los-medios\/#article","isPartOf":{"@id":"https:\/\/experienciadevida.com.ar\/portalurbano\/crimen-de-fernando-baez-maximo-thomsen-estamos-condenados-por-la-sociedad-y-los-medios\/"},"author":{"name":"admpu17wp","@id":"https:\/\/experienciadevida.com.ar\/portalurbano\/#\/schema\/person\/02dd326b1c4b056e9cc972486934a3a7"},"headline":"Crimen de Fernando B\u00e1ez | M\u00e1ximo Thomsen: &#8220;Estamos condenados por la sociedad y los medios&#8221;","datePublished":"2020-02-19T21:19:34+00:00","dateModified":"2020-02-19T21:19:57+00:00","mainEntityOfPage":{"@id":"https:\/\/experienciadevida.com.ar\/portalurbano\/crimen-de-fernando-baez-maximo-thomsen-estamos-condenados-por-la-sociedad-y-los-medios\/"},"wordCount":485,"commentCount":0,"publisher":{"@id":"https:\/\/experienciadevida.com.ar\/portalurbano\/#organization"},"articleSection":["Naci\u00f3n"],"inLanguage":"es","potentialAction":[{"@type":"CommentAction","name":"Comment","target":["https:\/\/experienciadevida.com.ar\/portalurbano\/crimen-de-fernando-baez-maximo-thomsen-estamos-condenados-por-la-sociedad-y-los-medios\/#respond"]}]},{"@type":"WebPage","@id":"https:\/\/experienciadevida.com.ar\/portalurbano\/crimen-de-fernando-baez-maximo-thomsen-estamos-condenados-por-la-sociedad-y-los-medios\/","url":"https:\/\/experienciadevida.com.ar\/portalurbano\/crimen-de-fernando-baez-maximo-thomsen-estamos-condenados-por-la-sociedad-y-los-medios\/","name":"Crimen de Fernando B\u00e1ez | M\u00e1ximo Thomsen: \"Estamos condenados por la sociedad y los medios\" -","isPartOf":{"@id":"https:\/\/experienciadevida.com.ar\/portalurbano\/#website"},"datePublished":"2020-02-19T21:19:34+00:00","dateModified":"2020-02-19T21:19:57+00:00","breadcrumb":{"@id":"https:\/\/experienciadevida.com.ar\/portalurbano\/crimen-de-fernando-baez-maximo-thomsen-estamos-condenados-por-la-sociedad-y-los-medios\/#breadcrumb"},"inLanguage":"es","potentialAction":[{"@type":"ReadAction","target":["https:\/\/experienciadevida.com.ar\/portalurbano\/crimen-de-fernando-baez-maximo-thomsen-estamos-condenados-por-la-sociedad-y-los-medios\/"]}]},{"@type":"BreadcrumbList","@id":"https:\/\/experienciadevida.com.ar\/portalurbano\/crimen-de-fernando-baez-maximo-thomsen-estamos-condenados-por-la-sociedad-y-los-medios\/#breadcrumb","itemListElement":[{"@type":"ListItem","position":1,"name":"Portada","item":"https:\/\/experienciadevida.com.ar\/portalurbano\/"},{"@type":"ListItem","position":2,"name":"Crimen de Fernando B\u00e1ez | M\u00e1ximo Thomsen: \u00abEstamos condenados por la sociedad y los medios\u00bb"}]},{"@type":"WebSite","@id":"https:\/\/experienciadevida.com.ar\/portalurbano\/#website","url":"https:\/\/experienciadevida.com.ar\/portalurbano\/","name":"","description":"","publisher":{"@id":"https:\/\/experienciadevida.com.ar\/portalurbano\/#organization"},"potentialAction":[{"@type":"SearchAction","target":{"@type":"EntryPoint","urlTemplate":"https:\/\/experienciadevida.com.ar\/portalurbano\/?s={search_term_string}"},"query-input":"required name=search_term_string"}],"inLanguage":"es"},{"@type":"Organization","@id":"https:\/\/experienciadevida.com.ar\/portalurbano\/#organization","name":"Portal Urbano","url":"https:\/\/experienciadevida.com.ar\/portalurbano\/","logo":{"@type":"ImageObject","inLanguage":"es","@id":"https:\/\/experienciadevida.com.ar\/portalurbano\/#\/schema\/logo\/image\/","url":"https:\/\/experienciadevida.com.ar\/portalurbano\/wp-content\/uploads\/2019\/09\/Logo-Original.png","contentUrl":"https:\/\/experienciadevida.com.ar\/portalurbano\/wp-content\/uploads\/2019\/09\/Logo-Original.png","width":2236,"height":1216,"caption":"Portal Urbano"},"image":{"@id":"https:\/\/experienciadevida.com.ar\/portalurbano\/#\/schema\/logo\/image\/"},"sameAs":["https:\/\/www.facebook.com\/Portal-Urbano-171542830093757\/","https:\/\/twitter.com\/portalurbanook","https:\/\/www.instagram.com\/_portalurbano\/","https:\/\/www.youtube.com\/channel\/UCXhagIfszH8KxFiOok79zbA?view_as=subscriber"]},{"@type":"Person","@id":"https:\/\/experienciadevida.com.ar\/portalurbano\/#\/schema\/person\/02dd326b1c4b056e9cc972486934a3a7","name":"admpu17wp","image":{"@type":"ImageObject","inLanguage":"es","@id":"https:\/\/experienciadevida.com.ar\/portalurbano\/#\/schema\/person\/image\/","url":"https:\/\/secure.gravatar.com\/avatar\/830d4c57adaae6630765e449a6908047?s=96&d=mm&r=g","contentUrl":"https:\/\/secure.gravatar.com\/avatar\/830d4c57adaae6630765e449a6908047?s=96&d=mm&r=g","caption":"admpu17wp"}}]}},"featured_image_urls":{"full":["https:\/\/experienciadevida.com.ar\/portalurbano\/wp-content\/uploads\/2020\/02\/CRIMENGESSEL-e1582146962280.jpg",765,503,false],"thumbnail":["https:\/\/experienciadevida.com.ar\/portalurbano\/wp-content\/uploads\/2020\/02\/CRIMENGESSEL-150x150.jpg",150,150,true],"medium":["https:\/\/experienciadevida.com.ar\/portalurbano\/wp-content\/uploads\/2020\/02\/CRIMENGESSEL-300x197.jpg",300,197,true],"medium_large":["https:\/\/experienciadevida.com.ar\/portalurbano\/wp-content\/uploads\/2020\/02\/CRIMENGESSEL-768x505.jpg",640,421,true],"large":["https:\/\/experienciadevida.com.ar\/portalurbano\/wp-content\/uploads\/2020\/02\/CRIMENGESSEL-1024x673.jpg",640,421,true],"ug_big":["https:\/\/experienciadevida.com.ar\/portalurbano\/wp-content\/uploads\/2020\/02\/CRIMENGESSEL-768x505.jpg",768,505,true],"1536x1536":["https:\/\/experienciadevida.com.ar\/portalurbano\/wp-content\/uploads\/2020\/02\/CRIMENGESSEL-e1582146962280.jpg",765,503,false],"2048x2048":["https:\/\/experienciadevida.com.ar\/portalurbano\/wp-content\/uploads\/2020\/02\/CRIMENGESSEL-e1582146962280.jpg",765,503,false],"newsever-slider-full":["https:\/\/experienciadevida.com.ar\/portalurbano\/wp-content\/uploads\/2020\/02\/CRIMENGESSEL-e1582146962280.jpg",765,503,false],"newsever-featured":["https:\/\/experienciadevida.com.ar\/portalurbano\/wp-content\/uploads\/2020\/02\/CRIMENGESSEL-e1582146962280.jpg",765,503,false],"newsever-medium":["https:\/\/experienciadevida.com.ar\/portalurbano\/wp-content\/uploads\/2020\/02\/CRIMENGESSEL-e1582146962280.jpg",720,473,false],"web-stories-poster-portrait":["https:\/\/experienciadevida.com.ar\/portalurbano\/wp-content\/uploads\/2020\/02\/CRIMENGESSEL-e1582146962280.jpg",640,421,false],"web-stories-publisher-logo":["https:\/\/experienciadevida.com.ar\/portalurbano\/wp-content\/uploads\/2020\/02\/CRIMENGESSEL-e1582146962280.jpg",96,63,false],"web-stories-thumbnail":["https:\/\/experienciadevida.com.ar\/portalurbano\/wp-content\/uploads\/2020\/02\/CRIMENGESSEL-e1582146962280.jpg",150,99,false]},"author_info":{"display_name":"admpu17wp","author_link":"https:\/\/experienciadevida.com.ar\/portalurbano\/author\/admpu17wp\/"},"category_info":"<a href=\"https:\/\/experienciadevida.com.ar\/portalurbano\/category\/nacion\/\" rel=\"category tag\">Naci\u00f3n<\/a>","tag_info":"Naci\u00f3n","comment_count":"0","amp_enabled":true,"_links":{"self":[{"href":"https:\/\/experienciadevida.com.ar\/portalurbano\/wp-json\/wp\/v2\/posts\/101921"}],"collection":[{"href":"https:\/\/experienciadevida.com.ar\/portalurbano\/wp-json\/wp\/v2\/posts"}],"about":[{"href":"https:\/\/experienciadevida.com.ar\/portalurbano\/wp-json\/wp\/v2\/types\/post"}],"author":[{"embeddable":true,"href":"https:\/\/experienciadevida.com.ar\/portalurbano\/wp-json\/wp\/v2\/users\/1"}],"replies":[{"embeddable":true,"href":"https:\/\/experienciadevida.com.ar\/portalurbano\/wp-json\/wp\/v2\/comments?post=101921"}],"version-history":[{"count":1,"href":"https:\/\/experienciadevida.com.ar\/portalurbano\/wp-json\/wp\/v2\/posts\/101921\/revisions"}],"predecessor-version":[{"id":101923,"href":"https:\/\/experienciadevida.com.ar\/portalurbano\/wp-json\/wp\/v2\/posts\/101921\/revisions\/101923"}],"wp:featuredmedia":[{"embeddable":true,"href":"https:\/\/experienciadevida.com.ar\/portalurbano\/wp-json\/wp\/v2\/media\/101922"}],"wp:attachment":[{"href":"https:\/\/experienciadevida.com.ar\/portalurbano\/wp-json\/wp\/v2\/media?parent=101921"}],"wp:term":[{"taxonomy":"category","embeddable":true,"href":"https:\/\/experienciadevida.com.ar\/portalurbano\/wp-json\/wp\/v2\/categories?post=101921"},{"taxonomy":"post_tag","embeddable":true,"href":"https:\/\/experienciadevida.com.ar\/portalurbano\/wp-json\/wp\/v2\/tags?post=101921"}],"curies":[{"name":"wp","href":"https:\/\/api.w.org\/{rel}","templated":true}]}}