{"id":101906,"date":"2020-02-19T16:17:56","date_gmt":"2020-02-19T19:17:56","guid":{"rendered":"https:\/\/experienciadevida.com.ar\/portalurbano\/?p=101906"},"modified":"2020-02-19T16:18:27","modified_gmt":"2020-02-19T19:18:27","slug":"el-gobierno-oficializo-mediante-un-decreto-el-nuevo-aumento-a-los-haberes-jubilatorios","status":"publish","type":"post","link":"https:\/\/experienciadevida.com.ar\/portalurbano\/el-gobierno-oficializo-mediante-un-decreto-el-nuevo-aumento-a-los-haberes-jubilatorios\/","title":{"rendered":"El gobierno oficializ\u00f3 mediante un decreto el nuevo aumento a los haberes jubilatorios"},"content":{"rendered":"<p class=\"interiorCopete\">La medida, que lleva la firma del Jefe de Gabinete Santiago Cafiero y el ministro de Trabajo, Claudio Moroni, oficializ\u00f3 la suba de 2,3% m\u00e1s un monto fijo de 1500 pesos.<\/p>\n<p>El Gobierno oficializ\u00f3 hoy, a trav\u00e9s de un decreto, el aumento de las jubilaciones y las asignaciones familiares, que se concretar\u00e1 a partir del primero de marzo.<\/p>\n<div id=\"div-gpt-ad-nota-5059\" class=\"banner-90\" data-mapping=\"mapping9\" data-google-query-id=\"CJbb3Oap3ucCFcgGuQYd59MAig\">\n<p>Seg\u00fan el texto oficial -que formaliza el anuncio que hiciera el presidente Alberto Fern\u00e1ndez el viernes \u00faltimo- se determin\u00f3 que\u00a0todas las prestaciones previsionales de la ANSeS tendr\u00e1n un incremento equivalente a 2,3 % sobre el haber devengado correspondiente al mensual febrero de 2020, m\u00e1s un importe fijo de 1500 pesos.<\/p>\n<p>En el caso de que existan co-part\u00edcipes en las pensiones por fallecimiento, el monto fijo a percibir se distribuir\u00e1 de forma ponderada de acuerdo con la participaci\u00f3n de cada copart\u00edcipe en el beneficio, seg\u00fan lo dispuesto.<\/p>\n<p>Adem\u00e1s, se determin\u00f3 un incremento de los rangos de ingresos del grupo familiar y de los montos de las Asignaciones Familiares previstas en la Ley N 24.714, equivalente al 13 %.<\/p>\n<p>&#8220;Disp\u00f3nese que los incrementos otorgados en el presente decreto regir\u00e1n a partir del 1 de marzo de 2020 y quedar\u00e1n incorporados como parte integrante del haber de las prestaciones alcanzadas y de las Asignaciones Familiares, respectivamente&#8221;, resalt\u00f3 la ANSeS.<\/p>\n<p>Y ratific\u00f3 que\u00a0el haber m\u00ednimo garantizado y el haber m\u00e1ximo de las jubilaciones otorgadas y a otorgar seg\u00fan la Ley N 24.241, ser\u00e1n actualizados a partir del 1 de marzo de 2020, con el incremento porcentual m\u00e1s el importe fijo.<\/p>\n<article id=\"article-post\">\n<div class=\"cuerpo\" data-twitter-link=\"https:\/\/twitter.com\/intent\/tweet?url=https:\/\/www.diariopopular.com.ar\/\/c460252&amp;via=poopulardiario&amp;related=Diario Popular&amp;text=\">\n<p>Por su parte, el Ministerio de Trabajo determinar\u00e1 la actualizaci\u00f3n de las prestaciones &#8220;y\/o los conceptos no considerados&#8221; en el decreto publicado este martes.<\/p>\n<\/div>\n<\/article>\n<div class=\"object-important-people\"><\/div>\n<\/div>\n","protected":false},"excerpt":{"rendered":"<p>La medida, que lleva la firma del Jefe de Gabinete Santiago Cafiero y el ministro&#8230;<\/p>\n","protected":false},"author":1,"featured_media":101907,"comment_status":"open","ping_status":"open","sticky":false,"template":"","format":"standard","meta":{"content-type":""},"categories":[39],"tags":[],"nelio_content":{"isAutoShareEnabled":false,"autoShareEndMode":"default","automationSources":{"useContentSentences":true,"useSocialTemplates":true,"useCustomSentences":false,"customSentences":[]},"followers":[1],"suggestedReferences":[],"includedReferences":[],"efiUrl":"","efiAlt":"","highlights":[]},"yoast_head":"<!-- This site is optimized with the Yoast SEO plugin v20.7 - https:\/\/yoast.com\/wordpress\/plugins\/seo\/ -->\n<title>El gobierno oficializ\u00f3 mediante un decreto el nuevo aumento a los haberes jubilatorios -<\/title>\n<meta name=\"robots\" content=\"index, follow, max-snippet:-1, max-image-preview:large, max-video-preview:-1\" \/>\n<link rel=\"canonical\" href=\"https:\/\/experienciadevida.com.ar\/portalurbano\/el-gobierno-oficializo-mediante-un-decreto-el-nuevo-aumento-a-los-haberes-jubilatorios\/\" \/>\n<meta property=\"og:locale\" content=\"es_ES\" \/>\n<meta property=\"og:type\" content=\"article\" \/>\n<meta property=\"og:title\" content=\"El gobierno oficializ\u00f3 mediante un decreto el nuevo aumento a los haberes jubilatorios -\" \/>\n<meta property=\"og:description\" content=\"La medida, que lleva la firma del Jefe de Gabinete Santiago Cafiero y el ministro...\" \/>\n<meta property=\"og:url\" content=\"https:\/\/experienciadevida.com.ar\/portalurbano\/el-gobierno-oficializo-mediante-un-decreto-el-nuevo-aumento-a-los-haberes-jubilatorios\/\" \/>\n<meta property=\"article:publisher\" content=\"https:\/\/www.facebook.com\/Portal-Urbano-171542830093757\/\" \/>\n<meta property=\"article:published_time\" content=\"2020-02-19T19:17:56+00:00\" \/>\n<meta property=\"article:modified_time\" content=\"2020-02-19T19:18:27+00:00\" \/>\n<meta property=\"og:image\" content=\"https:\/\/experienciadevida.com.ar\/portalurbano\/wp-content\/uploads\/2020\/02\/JUBILADOS.jpg\" \/>\n\t<meta property=\"og:image:width\" content=\"1140\" \/>\n\t<meta property=\"og:image:height\" content=\"703\" \/>\n\t<meta property=\"og:image:type\" content=\"image\/jpeg\" \/>\n<meta name=\"author\" content=\"admpu17wp\" \/>\n<meta name=\"twitter:card\" content=\"summary_large_image\" \/>\n<meta name=\"twitter:creator\" content=\"@portalurbanook\" \/>\n<meta name=\"twitter:site\" content=\"@portalurbanook\" \/>\n<meta name=\"twitter:label1\" content=\"Escrito por\" \/>\n\t<meta name=\"twitter:data1\" content=\"admpu17wp\" \/>\n\t<meta name=\"twitter:label2\" content=\"Tiempo de lectura\" \/>\n\t<meta name=\"twitter:data2\" content=\"1 minuto\" \/>\n<script type=\"application\/ld+json\" class=\"yoast-schema-graph\">{\"@context\":\"https:\/\/schema.org\",\"@graph\":[{\"@type\":\"Article\",\"@id\":\"https:\/\/experienciadevida.com.ar\/portalurbano\/el-gobierno-oficializo-mediante-un-decreto-el-nuevo-aumento-a-los-haberes-jubilatorios\/#article\",\"isPartOf\":{\"@id\":\"https:\/\/experienciadevida.com.ar\/portalurbano\/el-gobierno-oficializo-mediante-un-decreto-el-nuevo-aumento-a-los-haberes-jubilatorios\/\"},\"author\":{\"name\":\"admpu17wp\",\"@id\":\"https:\/\/experienciadevida.com.ar\/portalurbano\/#\/schema\/person\/02dd326b1c4b056e9cc972486934a3a7\"},\"headline\":\"El gobierno oficializ\u00f3 mediante un decreto el nuevo aumento a los haberes jubilatorios\",\"datePublished\":\"2020-02-19T19:17:56+00:00\",\"dateModified\":\"2020-02-19T19:18:27+00:00\",\"mainEntityOfPage\":{\"@id\":\"https:\/\/experienciadevida.com.ar\/portalurbano\/el-gobierno-oficializo-mediante-un-decreto-el-nuevo-aumento-a-los-haberes-jubilatorios\/\"},\"wordCount\":300,\"commentCount\":0,\"publisher\":{\"@id\":\"https:\/\/experienciadevida.com.ar\/portalurbano\/#organization\"},\"articleSection\":[\"Naci\u00f3n\"],\"inLanguage\":\"es\",\"potentialAction\":[{\"@type\":\"CommentAction\",\"name\":\"Comment\",\"target\":[\"https:\/\/experienciadevida.com.ar\/portalurbano\/el-gobierno-oficializo-mediante-un-decreto-el-nuevo-aumento-a-los-haberes-jubilatorios\/#respond\"]}]},{\"@type\":\"WebPage\",\"@id\":\"https:\/\/experienciadevida.com.ar\/portalurbano\/el-gobierno-oficializo-mediante-un-decreto-el-nuevo-aumento-a-los-haberes-jubilatorios\/\",\"url\":\"https:\/\/experienciadevida.com.ar\/portalurbano\/el-gobierno-oficializo-mediante-un-decreto-el-nuevo-aumento-a-los-haberes-jubilatorios\/\",\"name\":\"El gobierno oficializ\u00f3 mediante un decreto el nuevo aumento a los haberes jubilatorios -\",\"isPartOf\":{\"@id\":\"https:\/\/experienciadevida.com.ar\/portalurbano\/#website\"},\"datePublished\":\"2020-02-19T19:17:56+00:00\",\"dateModified\":\"2020-02-19T19:18:27+00:00\",\"breadcrumb\":{\"@id\":\"https:\/\/experienciadevida.com.ar\/portalurbano\/el-gobierno-oficializo-mediante-un-decreto-el-nuevo-aumento-a-los-haberes-jubilatorios\/#breadcrumb\"},\"inLanguage\":\"es\",\"potentialAction\":[{\"@type\":\"ReadAction\",\"target\":[\"https:\/\/experienciadevida.com.ar\/portalurbano\/el-gobierno-oficializo-mediante-un-decreto-el-nuevo-aumento-a-los-haberes-jubilatorios\/\"]}]},{\"@type\":\"BreadcrumbList\",\"@id\":\"https:\/\/experienciadevida.com.ar\/portalurbano\/el-gobierno-oficializo-mediante-un-decreto-el-nuevo-aumento-a-los-haberes-jubilatorios\/#breadcrumb\",\"itemListElement\":[{\"@type\":\"ListItem\",\"position\":1,\"name\":\"Portada\",\"item\":\"https:\/\/experienciadevida.com.ar\/portalurbano\/\"},{\"@type\":\"ListItem\",\"position\":2,\"name\":\"El gobierno oficializ\u00f3 mediante un decreto el nuevo aumento a los haberes jubilatorios\"}]},{\"@type\":\"WebSite\",\"@id\":\"https:\/\/experienciadevida.com.ar\/portalurbano\/#website\",\"url\":\"https:\/\/experienciadevida.com.ar\/portalurbano\/\",\"name\":\"\",\"description\":\"\",\"publisher\":{\"@id\":\"https:\/\/experienciadevida.com.ar\/portalurbano\/#organization\"},\"potentialAction\":[{\"@type\":\"SearchAction\",\"target\":{\"@type\":\"EntryPoint\",\"urlTemplate\":\"https:\/\/experienciadevida.com.ar\/portalurbano\/?s={search_term_string}\"},\"query-input\":\"required name=search_term_string\"}],\"inLanguage\":\"es\"},{\"@type\":\"Organization\",\"@id\":\"https:\/\/experienciadevida.com.ar\/portalurbano\/#organization\",\"name\":\"Portal Urbano\",\"url\":\"https:\/\/experienciadevida.com.ar\/portalurbano\/\",\"logo\":{\"@type\":\"ImageObject\",\"inLanguage\":\"es\",\"@id\":\"https:\/\/experienciadevida.com.ar\/portalurbano\/#\/schema\/logo\/image\/\",\"url\":\"https:\/\/experienciadevida.com.ar\/portalurbano\/wp-content\/uploads\/2019\/09\/Logo-Original.png\",\"contentUrl\":\"https:\/\/experienciadevida.com.ar\/portalurbano\/wp-content\/uploads\/2019\/09\/Logo-Original.png\",\"width\":2236,\"height\":1216,\"caption\":\"Portal Urbano\"},\"image\":{\"@id\":\"https:\/\/experienciadevida.com.ar\/portalurbano\/#\/schema\/logo\/image\/\"},\"sameAs\":[\"https:\/\/www.facebook.com\/Portal-Urbano-171542830093757\/\",\"https:\/\/twitter.com\/portalurbanook\",\"https:\/\/www.instagram.com\/_portalurbano\/\",\"https:\/\/www.youtube.com\/channel\/UCXhagIfszH8KxFiOok79zbA?view_as=subscriber\"]},{\"@type\":\"Person\",\"@id\":\"https:\/\/experienciadevida.com.ar\/portalurbano\/#\/schema\/person\/02dd326b1c4b056e9cc972486934a3a7\",\"name\":\"admpu17wp\",\"image\":{\"@type\":\"ImageObject\",\"inLanguage\":\"es\",\"@id\":\"https:\/\/experienciadevida.com.ar\/portalurbano\/#\/schema\/person\/image\/\",\"url\":\"https:\/\/secure.gravatar.com\/avatar\/830d4c57adaae6630765e449a6908047?s=96&d=mm&r=g\",\"contentUrl\":\"https:\/\/secure.gravatar.com\/avatar\/830d4c57adaae6630765e449a6908047?s=96&d=mm&r=g\",\"caption\":\"admpu17wp\"}}]}<\/script>\n<!-- \/ Yoast SEO plugin. -->","yoast_head_json":{"title":"El gobierno oficializ\u00f3 mediante un decreto el nuevo aumento a los haberes jubilatorios -","robots":{"index":"index","follow":"follow","max-snippet":"max-snippet:-1","max-image-preview":"max-image-preview:large","max-video-preview":"max-video-preview:-1"},"canonical":"https:\/\/experienciadevida.com.ar\/portalurbano\/el-gobierno-oficializo-mediante-un-decreto-el-nuevo-aumento-a-los-haberes-jubilatorios\/","og_locale":"es_ES","og_type":"article","og_title":"El gobierno oficializ\u00f3 mediante un decreto el nuevo aumento a los haberes jubilatorios -","og_description":"La medida, que lleva la firma del Jefe de Gabinete Santiago Cafiero y el ministro...","og_url":"https:\/\/experienciadevida.com.ar\/portalurbano\/el-gobierno-oficializo-mediante-un-decreto-el-nuevo-aumento-a-los-haberes-jubilatorios\/","article_publisher":"https:\/\/www.facebook.com\/Portal-Urbano-171542830093757\/","article_published_time":"2020-02-19T19:17:56+00:00","article_modified_time":"2020-02-19T19:18:27+00:00","og_image":[{"width":1140,"height":703,"url":"https:\/\/experienciadevida.com.ar\/portalurbano\/wp-content\/uploads\/2020\/02\/JUBILADOS.jpg","type":"image\/jpeg"}],"author":"admpu17wp","twitter_card":"summary_large_image","twitter_creator":"@portalurbanook","twitter_site":"@portalurbanook","twitter_misc":{"Escrito por":"admpu17wp","Tiempo de lectura":"1 minuto"},"schema":{"@context":"https:\/\/schema.org","@graph":[{"@type":"Article","@id":"https:\/\/experienciadevida.com.ar\/portalurbano\/el-gobierno-oficializo-mediante-un-decreto-el-nuevo-aumento-a-los-haberes-jubilatorios\/#article","isPartOf":{"@id":"https:\/\/experienciadevida.com.ar\/portalurbano\/el-gobierno-oficializo-mediante-un-decreto-el-nuevo-aumento-a-los-haberes-jubilatorios\/"},"author":{"name":"admpu17wp","@id":"https:\/\/experienciadevida.com.ar\/portalurbano\/#\/schema\/person\/02dd326b1c4b056e9cc972486934a3a7"},"headline":"El gobierno oficializ\u00f3 mediante un decreto el nuevo aumento a los haberes jubilatorios","datePublished":"2020-02-19T19:17:56+00:00","dateModified":"2020-02-19T19:18:27+00:00","mainEntityOfPage":{"@id":"https:\/\/experienciadevida.com.ar\/portalurbano\/el-gobierno-oficializo-mediante-un-decreto-el-nuevo-aumento-a-los-haberes-jubilatorios\/"},"wordCount":300,"commentCount":0,"publisher":{"@id":"https:\/\/experienciadevida.com.ar\/portalurbano\/#organization"},"articleSection":["Naci\u00f3n"],"inLanguage":"es","potentialAction":[{"@type":"CommentAction","name":"Comment","target":["https:\/\/experienciadevida.com.ar\/portalurbano\/el-gobierno-oficializo-mediante-un-decreto-el-nuevo-aumento-a-los-haberes-jubilatorios\/#respond"]}]},{"@type":"WebPage","@id":"https:\/\/experienciadevida.com.ar\/portalurbano\/el-gobierno-oficializo-mediante-un-decreto-el-nuevo-aumento-a-los-haberes-jubilatorios\/","url":"https:\/\/experienciadevida.com.ar\/portalurbano\/el-gobierno-oficializo-mediante-un-decreto-el-nuevo-aumento-a-los-haberes-jubilatorios\/","name":"El gobierno oficializ\u00f3 mediante un decreto el nuevo aumento a los haberes jubilatorios -","isPartOf":{"@id":"https:\/\/experienciadevida.com.ar\/portalurbano\/#website"},"datePublished":"2020-02-19T19:17:56+00:00","dateModified":"2020-02-19T19:18:27+00:00","breadcrumb":{"@id":"https:\/\/experienciadevida.com.ar\/portalurbano\/el-gobierno-oficializo-mediante-un-decreto-el-nuevo-aumento-a-los-haberes-jubilatorios\/#breadcrumb"},"inLanguage":"es","potentialAction":[{"@type":"ReadAction","target":["https:\/\/experienciadevida.com.ar\/portalurbano\/el-gobierno-oficializo-mediante-un-decreto-el-nuevo-aumento-a-los-haberes-jubilatorios\/"]}]},{"@type":"BreadcrumbList","@id":"https:\/\/experienciadevida.com.ar\/portalurbano\/el-gobierno-oficializo-mediante-un-decreto-el-nuevo-aumento-a-los-haberes-jubilatorios\/#breadcrumb","itemListElement":[{"@type":"ListItem","position":1,"name":"Portada","item":"https:\/\/experienciadevida.com.ar\/portalurbano\/"},{"@type":"ListItem","position":2,"name":"El gobierno oficializ\u00f3 mediante un decreto el nuevo aumento a los haberes jubilatorios"}]},{"@type":"WebSite","@id":"https:\/\/experienciadevida.com.ar\/portalurbano\/#website","url":"https:\/\/experienciadevida.com.ar\/portalurbano\/","name":"","description":"","publisher":{"@id":"https:\/\/experienciadevida.com.ar\/portalurbano\/#organization"},"potentialAction":[{"@type":"SearchAction","target":{"@type":"EntryPoint","urlTemplate":"https:\/\/experienciadevida.com.ar\/portalurbano\/?s={search_term_string}"},"query-input":"required name=search_term_string"}],"inLanguage":"es"},{"@type":"Organization","@id":"https:\/\/experienciadevida.com.ar\/portalurbano\/#organization","name":"Portal Urbano","url":"https:\/\/experienciadevida.com.ar\/portalurbano\/","logo":{"@type":"ImageObject","inLanguage":"es","@id":"https:\/\/experienciadevida.com.ar\/portalurbano\/#\/schema\/logo\/image\/","url":"https:\/\/experienciadevida.com.ar\/portalurbano\/wp-content\/uploads\/2019\/09\/Logo-Original.png","contentUrl":"https:\/\/experienciadevida.com.ar\/portalurbano\/wp-content\/uploads\/2019\/09\/Logo-Original.png","width":2236,"height":1216,"caption":"Portal Urbano"},"image":{"@id":"https:\/\/experienciadevida.com.ar\/portalurbano\/#\/schema\/logo\/image\/"},"sameAs":["https:\/\/www.facebook.com\/Portal-Urbano-171542830093757\/","https:\/\/twitter.com\/portalurbanook","https:\/\/www.instagram.com\/_portalurbano\/","https:\/\/www.youtube.com\/channel\/UCXhagIfszH8KxFiOok79zbA?view_as=subscriber"]},{"@type":"Person","@id":"https:\/\/experienciadevida.com.ar\/portalurbano\/#\/schema\/person\/02dd326b1c4b056e9cc972486934a3a7","name":"admpu17wp","image":{"@type":"ImageObject","inLanguage":"es","@id":"https:\/\/experienciadevida.com.ar\/portalurbano\/#\/schema\/person\/image\/","url":"https:\/\/secure.gravatar.com\/avatar\/830d4c57adaae6630765e449a6908047?s=96&d=mm&r=g","contentUrl":"https:\/\/secure.gravatar.com\/avatar\/830d4c57adaae6630765e449a6908047?s=96&d=mm&r=g","caption":"admpu17wp"}}]}},"featured_image_urls":{"full":["https:\/\/experienciadevida.com.ar\/portalurbano\/wp-content\/uploads\/2020\/02\/JUBILADOS.jpg",1140,703,false],"thumbnail":["https:\/\/experienciadevida.com.ar\/portalurbano\/wp-content\/uploads\/2020\/02\/JUBILADOS-150x150.jpg",150,150,true],"medium":["https:\/\/experienciadevida.com.ar\/portalurbano\/wp-content\/uploads\/2020\/02\/JUBILADOS-300x185.jpg",300,185,true],"medium_large":["https:\/\/experienciadevida.com.ar\/portalurbano\/wp-content\/uploads\/2020\/02\/JUBILADOS-768x474.jpg",640,395,true],"large":["https:\/\/experienciadevida.com.ar\/portalurbano\/wp-content\/uploads\/2020\/02\/JUBILADOS-1024x631.jpg",640,394,true],"ug_big":["https:\/\/experienciadevida.com.ar\/portalurbano\/wp-content\/uploads\/2020\/02\/JUBILADOS-768x474.jpg",768,474,true],"1536x1536":["https:\/\/experienciadevida.com.ar\/portalurbano\/wp-content\/uploads\/2020\/02\/JUBILADOS.jpg",1140,703,false],"2048x2048":["https:\/\/experienciadevida.com.ar\/portalurbano\/wp-content\/uploads\/2020\/02\/JUBILADOS.jpg",1140,703,false],"newsever-slider-full":["https:\/\/experienciadevida.com.ar\/portalurbano\/wp-content\/uploads\/2020\/02\/JUBILADOS.jpg",1140,703,false],"newsever-featured":["https:\/\/experienciadevida.com.ar\/portalurbano\/wp-content\/uploads\/2020\/02\/JUBILADOS.jpg",1024,631,false],"newsever-medium":["https:\/\/experienciadevida.com.ar\/portalurbano\/wp-content\/uploads\/2020\/02\/JUBILADOS.jpg",720,444,false],"web-stories-poster-portrait":["https:\/\/experienciadevida.com.ar\/portalurbano\/wp-content\/uploads\/2020\/02\/JUBILADOS.jpg",640,395,false],"web-stories-publisher-logo":["https:\/\/experienciadevida.com.ar\/portalurbano\/wp-content\/uploads\/2020\/02\/JUBILADOS.jpg",96,59,false],"web-stories-thumbnail":["https:\/\/experienciadevida.com.ar\/portalurbano\/wp-content\/uploads\/2020\/02\/JUBILADOS.jpg",150,93,false]},"author_info":{"display_name":"admpu17wp","author_link":"https:\/\/experienciadevida.com.ar\/portalurbano\/author\/admpu17wp\/"},"category_info":"<a href=\"https:\/\/experienciadevida.com.ar\/portalurbano\/category\/nacion\/\" rel=\"category tag\">Naci\u00f3n<\/a>","tag_info":"Naci\u00f3n","comment_count":"0","amp_enabled":true,"_links":{"self":[{"href":"https:\/\/experienciadevida.com.ar\/portalurbano\/wp-json\/wp\/v2\/posts\/101906"}],"collection":[{"href":"https:\/\/experienciadevida.com.ar\/portalurbano\/wp-json\/wp\/v2\/posts"}],"about":[{"href":"https:\/\/experienciadevida.com.ar\/portalurbano\/wp-json\/wp\/v2\/types\/post"}],"author":[{"embeddable":true,"href":"https:\/\/experienciadevida.com.ar\/portalurbano\/wp-json\/wp\/v2\/users\/1"}],"replies":[{"embeddable":true,"href":"https:\/\/experienciadevida.com.ar\/portalurbano\/wp-json\/wp\/v2\/comments?post=101906"}],"version-history":[{"count":1,"href":"https:\/\/experienciadevida.com.ar\/portalurbano\/wp-json\/wp\/v2\/posts\/101906\/revisions"}],"predecessor-version":[{"id":101908,"href":"https:\/\/experienciadevida.com.ar\/portalurbano\/wp-json\/wp\/v2\/posts\/101906\/revisions\/101908"}],"wp:featuredmedia":[{"embeddable":true,"href":"https:\/\/experienciadevida.com.ar\/portalurbano\/wp-json\/wp\/v2\/media\/101907"}],"wp:attachment":[{"href":"https:\/\/experienciadevida.com.ar\/portalurbano\/wp-json\/wp\/v2\/media?parent=101906"}],"wp:term":[{"taxonomy":"category","embeddable":true,"href":"https:\/\/experienciadevida.com.ar\/portalurbano\/wp-json\/wp\/v2\/categories?post=101906"},{"taxonomy":"post_tag","embeddable":true,"href":"https:\/\/experienciadevida.com.ar\/portalurbano\/wp-json\/wp\/v2\/tags?post=101906"}],"curies":[{"name":"wp","href":"https:\/\/api.w.org\/{rel}","templated":true}]}}