{"id":101851,"date":"2020-02-18T21:34:43","date_gmt":"2020-02-19T00:34:43","guid":{"rendered":"https:\/\/experienciadevida.com.ar\/portalurbano\/?p=101851"},"modified":"2020-02-18T21:34:58","modified_gmt":"2020-02-19T00:34:58","slug":"el-gobierno-no-descarta-subir-la-edad-jubilatoria-hay-que-pensarlo-bien","status":"publish","type":"post","link":"https:\/\/experienciadevida.com.ar\/portalurbano\/el-gobierno-no-descarta-subir-la-edad-jubilatoria-hay-que-pensarlo-bien\/","title":{"rendered":"El Gobierno no descarta subir la edad jubilatoria: &#8220;Hay que pensarlo bien&#8221;"},"content":{"rendered":"<p class=\"interiorCopete\">&#8220;En alg\u00fan momento esas discusiones las vamos a tener que dar pensando en alg\u00fan sistema gradual porque la verdad es que estas edades vienen de muchos a\u00f1os atr\u00e1s&#8221;, dijo Moroni.<\/p>\n<p>El ministro de Trabajo, Claudio Moroni, consider\u00f3 ayer que subir la edad en las jubilaciones &#8220;hay que pensarlo bien e ir haciendo las correcciones para no llegar a un punto en el que se convierta en algo insustentable&#8221;, aunque remarc\u00f3 que cualquier eventual modificaci\u00f3n en los reg\u00edmenes jubilatorios deben hacerse &#8220;con calma y tiempo&#8221;.<\/p>\n<p>&#8220;En alg\u00fan momento esas discusiones las vamos a tener que dar pensando en alg\u00fan sistema gradual porque la verdad es que estas edades vienen de muchos a\u00f1os atr\u00e1s y la esperanza de vida crece a\u00f1o a a\u00f1o&#8221;, sostuvo el Ministro.<\/p>\n<p>En ese marco, afirm\u00f3 que\u00a0&#8220;no es un disparate pensar que una mujer se jubile a los 65 a\u00f1os&#8221;, aunque agreg\u00f3: &#8220;No s\u00e9 en qu\u00e9 momento lo definiremos&#8221;.<\/p>\n<p>Destac\u00f3 que\u00a0&#8220;los sistemas jubilatorios tendr\u00e1n que ir adapt\u00e1ndose porque, si no, va a ser muy dif\u00edcil&#8221;\u00a0y agreg\u00f3 que, &#8220;en alg\u00fan momento, esas discusiones las vamos a tener que dar&#8221;.<\/p>\n<p>&#8220;Las modificaciones en los reg\u00edmenes jubilatorios hay que hacerlas con calma\u00a0 y tiempo, deben ir sucediendo en el tiempo porque son cosas pesadas de mover, con mucha inercia de su gasto&#8221;.<\/p>\n<p>En relaci\u00f3n con las cr\u00edticas sobre el aumento a jubilaciones,\u00a0Moroni\u00a0destac\u00f3 que &#8220;el Gobierno hace lo que dijo que iba a hacer cuando envi\u00f3 el proyecto de ley de Solidaridad: fortalecer el car\u00e1cter redistributivo de los sistemas de seguridad social teniendo en cuenta los sectores que quedaron m\u00e1s abajo en la pir\u00e1mide&#8221;.<\/p>\n<p>&#8220;Con este esquema le dimos al 75% de los beneficios un aumento superior al que habr\u00edan\u00a0 tenido con la f\u00f3rmula anterior: dos bonos de 5 mil pesos, un adicional en la AUH de 2 mil pesos en enero, y aumento en las asignaciones familiares y AUH tambi\u00e9n por encima de la f\u00f3rmula anterior&#8221;, enumer\u00f3 el funcionario.<\/p>\n<p>Adem\u00e1s, concluy\u00f3 sobre el tema que &#8220;m\u00e1s de 80% de los beneficios aumentaron m\u00e1s de lo que hubiese correspondido de acuerdo con la f\u00f3rmula de la inflaci\u00f3n&#8221; y resalt\u00f3 que, &#8220;adem\u00e1s, se hace en la emergencia, en un marco de severas restricciones&#8221;.<\/p>\n<p>&#8220;Es cierto que hay sectores que van a tener un aumento inferior pero son los menos y no quiere decir que nos desentendamos de ellos, sucede que en estos 180 d\u00edas ponemos el foco en los sectores m\u00e1s vulnerables, no estamos haciendo un ajuste: el gasto total del trimestre es muy superior al que hubiese sido con la norma anterior&#8221;.<\/p>\n<p>Por otra parte, Moroni dijo que no hubo ning\u00fan pedido empresarial para que se termine en junio la doble indemnizaci\u00f3n y rese\u00f1\u00f3 que\u00a0&#8220;cuando asumi\u00f3 el Gobierno el clima era tan sombr\u00edo en las empresas que hab\u00eda que hacer algo para parar la locura que hab\u00eda de despidos&#8221;.<\/p>\n<p>&#8220;Hay situaciones que nos permiten ver que las medidas de emergencia dieron resultado y no vemos motivos ahora para mantener la doble indemnizaci\u00f3n m\u00e1s all\u00e1 del per\u00edodo fijado de 180 d\u00edas&#8221;, sostuvo.<\/p>\n<p>Respecto de la actualidad con los gremios, el ministro cont\u00f3 que &#8220;se consigui\u00f3 empezar a desarrollar la discusi\u00f3n paritaria en un \u00e1mbito m\u00e1s calmo y las negociaciones se llevan de un modo ordenado&#8221;.<\/p>\n<p>&#8220;Pr\u00e1cticamente no tenemos conflictos laborales a pesar de estar en un momento bastante cr\u00edtico de la econom\u00eda, las medidas del gobierno provocaron el repunte del consumo de los sectores m\u00e1s bajos&#8221;.<\/p>\n<p>En torno a las paritarias, Moroni subray\u00f3 que existen &#8220;decisiones razonables&#8221; y &#8220;ausencia de conflictos&#8221; y evalu\u00f3 que, &#8220;hacia adelante, en lugar de pensar en n\u00fameros en base a proyecciones de consultores -que tuvieron pron\u00f3sticos bastante superiores a lo que est\u00e1 sucediendo-, vamos a trabajar con criterios m\u00e1s apegados a la realidad&#8221;.<\/p>\n<p>&#8220;Las paritarias son un excelente mecanismo de discusi\u00f3n del salario pero la cl\u00e1usula gatillo en un sistema de inflaci\u00f3n decreciente no tiene sentido, provoca desajustes\u00a0 y hay que trabajar con los datos cercanos de lo que est\u00e1 sucediendo con la inflaci\u00f3n, algo que sindicatos\u00a0 y empresarios entienden&#8221; dijo Moroni.<\/p>\n<p>Sobre la inflaci\u00f3n, el funcionario afirm\u00f3 que\u00a0&#8220;ve con leve optimismo una tendencia a la baja, no es una batalla ganada pero al menos un indicio&#8221;.<\/p>\n<p>&#8220;Vemos con timidez pero algo de alegr\u00eda que la encuesta sobre qu\u00e9 piensan las empresas en materia de dotaci\u00f3n de personal, por primera vez en mucho tiempo, da levemente a favor de aumentar, a diferencia de los per\u00edodos anteriores; son peque\u00f1os indicadores&#8221;, concluy\u00f3.<\/p>\n<div id=\"div-gpt-ad-nota-148672\" class=\"banner-90\" data-mapping=\"mapping9\" data-google-query-id=\"CJuryaKs3OcCFYEC1Aod7eACBQ\"><\/div>\n","protected":false},"excerpt":{"rendered":"<p>&#8220;En alg\u00fan momento esas discusiones las vamos a tener que dar pensando en alg\u00fan sistema&#8230;<\/p>\n","protected":false},"author":1,"featured_media":101852,"comment_status":"open","ping_status":"open","sticky":false,"template":"","format":"standard","meta":{"content-type":""},"categories":[39],"tags":[],"nelio_content":{"isAutoShareEnabled":false,"autoShareEndMode":"default","automationSources":{"useContentSentences":true,"useSocialTemplates":true,"useCustomSentences":false,"customSentences":[]},"followers":[1],"suggestedReferences":[],"includedReferences":[],"efiUrl":"","efiAlt":"","highlights":[]},"yoast_head":"<!-- This site is optimized with the Yoast SEO plugin v20.7 - https:\/\/yoast.com\/wordpress\/plugins\/seo\/ -->\n<title>El Gobierno no descarta subir la edad jubilatoria: &quot;Hay que pensarlo bien&quot; -<\/title>\n<meta name=\"robots\" content=\"index, follow, max-snippet:-1, max-image-preview:large, max-video-preview:-1\" \/>\n<link rel=\"canonical\" href=\"https:\/\/experienciadevida.com.ar\/portalurbano\/el-gobierno-no-descarta-subir-la-edad-jubilatoria-hay-que-pensarlo-bien\/\" \/>\n<meta property=\"og:locale\" content=\"es_ES\" \/>\n<meta property=\"og:type\" content=\"article\" \/>\n<meta property=\"og:title\" content=\"El Gobierno no descarta subir la edad jubilatoria: &quot;Hay que pensarlo bien&quot; -\" \/>\n<meta property=\"og:description\" content=\"&#8220;En alg\u00fan momento esas discusiones las vamos a tener que dar pensando en alg\u00fan sistema...\" \/>\n<meta property=\"og:url\" content=\"https:\/\/experienciadevida.com.ar\/portalurbano\/el-gobierno-no-descarta-subir-la-edad-jubilatoria-hay-que-pensarlo-bien\/\" \/>\n<meta property=\"article:publisher\" content=\"https:\/\/www.facebook.com\/Portal-Urbano-171542830093757\/\" \/>\n<meta property=\"article:published_time\" content=\"2020-02-19T00:34:43+00:00\" \/>\n<meta property=\"article:modified_time\" content=\"2020-02-19T00:34:58+00:00\" \/>\n<meta property=\"og:image\" content=\"https:\/\/experienciadevida.com.ar\/portalurbano\/wp-content\/uploads\/2020\/02\/EDADJUBILATORIA-e1582071718187.jpg\" \/>\n\t<meta property=\"og:image:width\" content=\"765\" \/>\n\t<meta property=\"og:image:height\" content=\"540\" \/>\n\t<meta property=\"og:image:type\" content=\"image\/jpeg\" \/>\n<meta name=\"author\" content=\"admpu17wp\" \/>\n<meta name=\"twitter:card\" content=\"summary_large_image\" \/>\n<meta name=\"twitter:creator\" content=\"@portalurbanook\" \/>\n<meta name=\"twitter:site\" content=\"@portalurbanook\" \/>\n<meta name=\"twitter:label1\" content=\"Escrito por\" \/>\n\t<meta name=\"twitter:data1\" content=\"admpu17wp\" \/>\n\t<meta name=\"twitter:label2\" content=\"Tiempo de lectura\" \/>\n\t<meta name=\"twitter:data2\" content=\"4 minutos\" \/>\n<script type=\"application\/ld+json\" class=\"yoast-schema-graph\">{\"@context\":\"https:\/\/schema.org\",\"@graph\":[{\"@type\":\"Article\",\"@id\":\"https:\/\/experienciadevida.com.ar\/portalurbano\/el-gobierno-no-descarta-subir-la-edad-jubilatoria-hay-que-pensarlo-bien\/#article\",\"isPartOf\":{\"@id\":\"https:\/\/experienciadevida.com.ar\/portalurbano\/el-gobierno-no-descarta-subir-la-edad-jubilatoria-hay-que-pensarlo-bien\/\"},\"author\":{\"name\":\"admpu17wp\",\"@id\":\"https:\/\/experienciadevida.com.ar\/portalurbano\/#\/schema\/person\/02dd326b1c4b056e9cc972486934a3a7\"},\"headline\":\"El Gobierno no descarta subir la edad jubilatoria: &#8220;Hay que pensarlo bien&#8221;\",\"datePublished\":\"2020-02-19T00:34:43+00:00\",\"dateModified\":\"2020-02-19T00:34:58+00:00\",\"mainEntityOfPage\":{\"@id\":\"https:\/\/experienciadevida.com.ar\/portalurbano\/el-gobierno-no-descarta-subir-la-edad-jubilatoria-hay-que-pensarlo-bien\/\"},\"wordCount\":806,\"commentCount\":0,\"publisher\":{\"@id\":\"https:\/\/experienciadevida.com.ar\/portalurbano\/#organization\"},\"articleSection\":[\"Naci\u00f3n\"],\"inLanguage\":\"es\",\"potentialAction\":[{\"@type\":\"CommentAction\",\"name\":\"Comment\",\"target\":[\"https:\/\/experienciadevida.com.ar\/portalurbano\/el-gobierno-no-descarta-subir-la-edad-jubilatoria-hay-que-pensarlo-bien\/#respond\"]}]},{\"@type\":\"WebPage\",\"@id\":\"https:\/\/experienciadevida.com.ar\/portalurbano\/el-gobierno-no-descarta-subir-la-edad-jubilatoria-hay-que-pensarlo-bien\/\",\"url\":\"https:\/\/experienciadevida.com.ar\/portalurbano\/el-gobierno-no-descarta-subir-la-edad-jubilatoria-hay-que-pensarlo-bien\/\",\"name\":\"El Gobierno no descarta subir la edad jubilatoria: \\\"Hay que pensarlo bien\\\" -\",\"isPartOf\":{\"@id\":\"https:\/\/experienciadevida.com.ar\/portalurbano\/#website\"},\"datePublished\":\"2020-02-19T00:34:43+00:00\",\"dateModified\":\"2020-02-19T00:34:58+00:00\",\"breadcrumb\":{\"@id\":\"https:\/\/experienciadevida.com.ar\/portalurbano\/el-gobierno-no-descarta-subir-la-edad-jubilatoria-hay-que-pensarlo-bien\/#breadcrumb\"},\"inLanguage\":\"es\",\"potentialAction\":[{\"@type\":\"ReadAction\",\"target\":[\"https:\/\/experienciadevida.com.ar\/portalurbano\/el-gobierno-no-descarta-subir-la-edad-jubilatoria-hay-que-pensarlo-bien\/\"]}]},{\"@type\":\"BreadcrumbList\",\"@id\":\"https:\/\/experienciadevida.com.ar\/portalurbano\/el-gobierno-no-descarta-subir-la-edad-jubilatoria-hay-que-pensarlo-bien\/#breadcrumb\",\"itemListElement\":[{\"@type\":\"ListItem\",\"position\":1,\"name\":\"Portada\",\"item\":\"https:\/\/experienciadevida.com.ar\/portalurbano\/\"},{\"@type\":\"ListItem\",\"position\":2,\"name\":\"El Gobierno no descarta subir la edad jubilatoria: \u00abHay que pensarlo bien\u00bb\"}]},{\"@type\":\"WebSite\",\"@id\":\"https:\/\/experienciadevida.com.ar\/portalurbano\/#website\",\"url\":\"https:\/\/experienciadevida.com.ar\/portalurbano\/\",\"name\":\"\",\"description\":\"\",\"publisher\":{\"@id\":\"https:\/\/experienciadevida.com.ar\/portalurbano\/#organization\"},\"potentialAction\":[{\"@type\":\"SearchAction\",\"target\":{\"@type\":\"EntryPoint\",\"urlTemplate\":\"https:\/\/experienciadevida.com.ar\/portalurbano\/?s={search_term_string}\"},\"query-input\":\"required name=search_term_string\"}],\"inLanguage\":\"es\"},{\"@type\":\"Organization\",\"@id\":\"https:\/\/experienciadevida.com.ar\/portalurbano\/#organization\",\"name\":\"Portal Urbano\",\"url\":\"https:\/\/experienciadevida.com.ar\/portalurbano\/\",\"logo\":{\"@type\":\"ImageObject\",\"inLanguage\":\"es\",\"@id\":\"https:\/\/experienciadevida.com.ar\/portalurbano\/#\/schema\/logo\/image\/\",\"url\":\"https:\/\/experienciadevida.com.ar\/portalurbano\/wp-content\/uploads\/2019\/09\/Logo-Original.png\",\"contentUrl\":\"https:\/\/experienciadevida.com.ar\/portalurbano\/wp-content\/uploads\/2019\/09\/Logo-Original.png\",\"width\":2236,\"height\":1216,\"caption\":\"Portal Urbano\"},\"image\":{\"@id\":\"https:\/\/experienciadevida.com.ar\/portalurbano\/#\/schema\/logo\/image\/\"},\"sameAs\":[\"https:\/\/www.facebook.com\/Portal-Urbano-171542830093757\/\",\"https:\/\/twitter.com\/portalurbanook\",\"https:\/\/www.instagram.com\/_portalurbano\/\",\"https:\/\/www.youtube.com\/channel\/UCXhagIfszH8KxFiOok79zbA?view_as=subscriber\"]},{\"@type\":\"Person\",\"@id\":\"https:\/\/experienciadevida.com.ar\/portalurbano\/#\/schema\/person\/02dd326b1c4b056e9cc972486934a3a7\",\"name\":\"admpu17wp\",\"image\":{\"@type\":\"ImageObject\",\"inLanguage\":\"es\",\"@id\":\"https:\/\/experienciadevida.com.ar\/portalurbano\/#\/schema\/person\/image\/\",\"url\":\"https:\/\/secure.gravatar.com\/avatar\/830d4c57adaae6630765e449a6908047?s=96&d=mm&r=g\",\"contentUrl\":\"https:\/\/secure.gravatar.com\/avatar\/830d4c57adaae6630765e449a6908047?s=96&d=mm&r=g\",\"caption\":\"admpu17wp\"}}]}<\/script>\n<!-- \/ Yoast SEO plugin. -->","yoast_head_json":{"title":"El Gobierno no descarta subir la edad jubilatoria: \"Hay que pensarlo bien\" -","robots":{"index":"index","follow":"follow","max-snippet":"max-snippet:-1","max-image-preview":"max-image-preview:large","max-video-preview":"max-video-preview:-1"},"canonical":"https:\/\/experienciadevida.com.ar\/portalurbano\/el-gobierno-no-descarta-subir-la-edad-jubilatoria-hay-que-pensarlo-bien\/","og_locale":"es_ES","og_type":"article","og_title":"El Gobierno no descarta subir la edad jubilatoria: \"Hay que pensarlo bien\" -","og_description":"&#8220;En alg\u00fan momento esas discusiones las vamos a tener que dar pensando en alg\u00fan sistema...","og_url":"https:\/\/experienciadevida.com.ar\/portalurbano\/el-gobierno-no-descarta-subir-la-edad-jubilatoria-hay-que-pensarlo-bien\/","article_publisher":"https:\/\/www.facebook.com\/Portal-Urbano-171542830093757\/","article_published_time":"2020-02-19T00:34:43+00:00","article_modified_time":"2020-02-19T00:34:58+00:00","og_image":[{"width":765,"height":540,"url":"https:\/\/experienciadevida.com.ar\/portalurbano\/wp-content\/uploads\/2020\/02\/EDADJUBILATORIA-e1582071718187.jpg","type":"image\/jpeg"}],"author":"admpu17wp","twitter_card":"summary_large_image","twitter_creator":"@portalurbanook","twitter_site":"@portalurbanook","twitter_misc":{"Escrito por":"admpu17wp","Tiempo de lectura":"4 minutos"},"schema":{"@context":"https:\/\/schema.org","@graph":[{"@type":"Article","@id":"https:\/\/experienciadevida.com.ar\/portalurbano\/el-gobierno-no-descarta-subir-la-edad-jubilatoria-hay-que-pensarlo-bien\/#article","isPartOf":{"@id":"https:\/\/experienciadevida.com.ar\/portalurbano\/el-gobierno-no-descarta-subir-la-edad-jubilatoria-hay-que-pensarlo-bien\/"},"author":{"name":"admpu17wp","@id":"https:\/\/experienciadevida.com.ar\/portalurbano\/#\/schema\/person\/02dd326b1c4b056e9cc972486934a3a7"},"headline":"El Gobierno no descarta subir la edad jubilatoria: &#8220;Hay que pensarlo bien&#8221;","datePublished":"2020-02-19T00:34:43+00:00","dateModified":"2020-02-19T00:34:58+00:00","mainEntityOfPage":{"@id":"https:\/\/experienciadevida.com.ar\/portalurbano\/el-gobierno-no-descarta-subir-la-edad-jubilatoria-hay-que-pensarlo-bien\/"},"wordCount":806,"commentCount":0,"publisher":{"@id":"https:\/\/experienciadevida.com.ar\/portalurbano\/#organization"},"articleSection":["Naci\u00f3n"],"inLanguage":"es","potentialAction":[{"@type":"CommentAction","name":"Comment","target":["https:\/\/experienciadevida.com.ar\/portalurbano\/el-gobierno-no-descarta-subir-la-edad-jubilatoria-hay-que-pensarlo-bien\/#respond"]}]},{"@type":"WebPage","@id":"https:\/\/experienciadevida.com.ar\/portalurbano\/el-gobierno-no-descarta-subir-la-edad-jubilatoria-hay-que-pensarlo-bien\/","url":"https:\/\/experienciadevida.com.ar\/portalurbano\/el-gobierno-no-descarta-subir-la-edad-jubilatoria-hay-que-pensarlo-bien\/","name":"El Gobierno no descarta subir la edad jubilatoria: \"Hay que pensarlo bien\" -","isPartOf":{"@id":"https:\/\/experienciadevida.com.ar\/portalurbano\/#website"},"datePublished":"2020-02-19T00:34:43+00:00","dateModified":"2020-02-19T00:34:58+00:00","breadcrumb":{"@id":"https:\/\/experienciadevida.com.ar\/portalurbano\/el-gobierno-no-descarta-subir-la-edad-jubilatoria-hay-que-pensarlo-bien\/#breadcrumb"},"inLanguage":"es","potentialAction":[{"@type":"ReadAction","target":["https:\/\/experienciadevida.com.ar\/portalurbano\/el-gobierno-no-descarta-subir-la-edad-jubilatoria-hay-que-pensarlo-bien\/"]}]},{"@type":"BreadcrumbList","@id":"https:\/\/experienciadevida.com.ar\/portalurbano\/el-gobierno-no-descarta-subir-la-edad-jubilatoria-hay-que-pensarlo-bien\/#breadcrumb","itemListElement":[{"@type":"ListItem","position":1,"name":"Portada","item":"https:\/\/experienciadevida.com.ar\/portalurbano\/"},{"@type":"ListItem","position":2,"name":"El Gobierno no descarta subir la edad jubilatoria: \u00abHay que pensarlo bien\u00bb"}]},{"@type":"WebSite","@id":"https:\/\/experienciadevida.com.ar\/portalurbano\/#website","url":"https:\/\/experienciadevida.com.ar\/portalurbano\/","name":"","description":"","publisher":{"@id":"https:\/\/experienciadevida.com.ar\/portalurbano\/#organization"},"potentialAction":[{"@type":"SearchAction","target":{"@type":"EntryPoint","urlTemplate":"https:\/\/experienciadevida.com.ar\/portalurbano\/?s={search_term_string}"},"query-input":"required name=search_term_string"}],"inLanguage":"es"},{"@type":"Organization","@id":"https:\/\/experienciadevida.com.ar\/portalurbano\/#organization","name":"Portal Urbano","url":"https:\/\/experienciadevida.com.ar\/portalurbano\/","logo":{"@type":"ImageObject","inLanguage":"es","@id":"https:\/\/experienciadevida.com.ar\/portalurbano\/#\/schema\/logo\/image\/","url":"https:\/\/experienciadevida.com.ar\/portalurbano\/wp-content\/uploads\/2019\/09\/Logo-Original.png","contentUrl":"https:\/\/experienciadevida.com.ar\/portalurbano\/wp-content\/uploads\/2019\/09\/Logo-Original.png","width":2236,"height":1216,"caption":"Portal Urbano"},"image":{"@id":"https:\/\/experienciadevida.com.ar\/portalurbano\/#\/schema\/logo\/image\/"},"sameAs":["https:\/\/www.facebook.com\/Portal-Urbano-171542830093757\/","https:\/\/twitter.com\/portalurbanook","https:\/\/www.instagram.com\/_portalurbano\/","https:\/\/www.youtube.com\/channel\/UCXhagIfszH8KxFiOok79zbA?view_as=subscriber"]},{"@type":"Person","@id":"https:\/\/experienciadevida.com.ar\/portalurbano\/#\/schema\/person\/02dd326b1c4b056e9cc972486934a3a7","name":"admpu17wp","image":{"@type":"ImageObject","inLanguage":"es","@id":"https:\/\/experienciadevida.com.ar\/portalurbano\/#\/schema\/person\/image\/","url":"https:\/\/secure.gravatar.com\/avatar\/830d4c57adaae6630765e449a6908047?s=96&d=mm&r=g","contentUrl":"https:\/\/secure.gravatar.com\/avatar\/830d4c57adaae6630765e449a6908047?s=96&d=mm&r=g","caption":"admpu17wp"}}]}},"featured_image_urls":{"full":["https:\/\/experienciadevida.com.ar\/portalurbano\/wp-content\/uploads\/2020\/02\/EDADJUBILATORIA-e1582071718187.jpg",765,540,false],"thumbnail":["https:\/\/experienciadevida.com.ar\/portalurbano\/wp-content\/uploads\/2020\/02\/EDADJUBILATORIA-150x150.jpg",150,150,true],"medium":["https:\/\/experienciadevida.com.ar\/portalurbano\/wp-content\/uploads\/2020\/02\/EDADJUBILATORIA-300x212.jpg",300,212,true],"medium_large":["https:\/\/experienciadevida.com.ar\/portalurbano\/wp-content\/uploads\/2020\/02\/EDADJUBILATORIA-768x542.jpg",640,452,true],"large":["https:\/\/experienciadevida.com.ar\/portalurbano\/wp-content\/uploads\/2020\/02\/EDADJUBILATORIA-1024x722.jpg",640,451,true],"ug_big":["https:\/\/experienciadevida.com.ar\/portalurbano\/wp-content\/uploads\/2020\/02\/EDADJUBILATORIA-768x542.jpg",768,542,true],"1536x1536":["https:\/\/experienciadevida.com.ar\/portalurbano\/wp-content\/uploads\/2020\/02\/EDADJUBILATORIA-e1582071718187.jpg",765,540,false],"2048x2048":["https:\/\/experienciadevida.com.ar\/portalurbano\/wp-content\/uploads\/2020\/02\/EDADJUBILATORIA-e1582071718187.jpg",765,540,false],"newsever-slider-full":["https:\/\/experienciadevida.com.ar\/portalurbano\/wp-content\/uploads\/2020\/02\/EDADJUBILATORIA-e1582071718187.jpg",765,540,false],"newsever-featured":["https:\/\/experienciadevida.com.ar\/portalurbano\/wp-content\/uploads\/2020\/02\/EDADJUBILATORIA-e1582071718187.jpg",765,540,false],"newsever-medium":["https:\/\/experienciadevida.com.ar\/portalurbano\/wp-content\/uploads\/2020\/02\/EDADJUBILATORIA-e1582071718187.jpg",673,475,false],"web-stories-poster-portrait":["https:\/\/experienciadevida.com.ar\/portalurbano\/wp-content\/uploads\/2020\/02\/EDADJUBILATORIA-e1582071718187.jpg",640,452,false],"web-stories-publisher-logo":["https:\/\/experienciadevida.com.ar\/portalurbano\/wp-content\/uploads\/2020\/02\/EDADJUBILATORIA-e1582071718187.jpg",96,68,false],"web-stories-thumbnail":["https:\/\/experienciadevida.com.ar\/portalurbano\/wp-content\/uploads\/2020\/02\/EDADJUBILATORIA-e1582071718187.jpg",150,106,false]},"author_info":{"display_name":"admpu17wp","author_link":"https:\/\/experienciadevida.com.ar\/portalurbano\/author\/admpu17wp\/"},"category_info":"<a href=\"https:\/\/experienciadevida.com.ar\/portalurbano\/category\/nacion\/\" rel=\"category tag\">Naci\u00f3n<\/a>","tag_info":"Naci\u00f3n","comment_count":"0","amp_enabled":true,"_links":{"self":[{"href":"https:\/\/experienciadevida.com.ar\/portalurbano\/wp-json\/wp\/v2\/posts\/101851"}],"collection":[{"href":"https:\/\/experienciadevida.com.ar\/portalurbano\/wp-json\/wp\/v2\/posts"}],"about":[{"href":"https:\/\/experienciadevida.com.ar\/portalurbano\/wp-json\/wp\/v2\/types\/post"}],"author":[{"embeddable":true,"href":"https:\/\/experienciadevida.com.ar\/portalurbano\/wp-json\/wp\/v2\/users\/1"}],"replies":[{"embeddable":true,"href":"https:\/\/experienciadevida.com.ar\/portalurbano\/wp-json\/wp\/v2\/comments?post=101851"}],"version-history":[{"count":2,"href":"https:\/\/experienciadevida.com.ar\/portalurbano\/wp-json\/wp\/v2\/posts\/101851\/revisions"}],"predecessor-version":[{"id":101854,"href":"https:\/\/experienciadevida.com.ar\/portalurbano\/wp-json\/wp\/v2\/posts\/101851\/revisions\/101854"}],"wp:featuredmedia":[{"embeddable":true,"href":"https:\/\/experienciadevida.com.ar\/portalurbano\/wp-json\/wp\/v2\/media\/101852"}],"wp:attachment":[{"href":"https:\/\/experienciadevida.com.ar\/portalurbano\/wp-json\/wp\/v2\/media?parent=101851"}],"wp:term":[{"taxonomy":"category","embeddable":true,"href":"https:\/\/experienciadevida.com.ar\/portalurbano\/wp-json\/wp\/v2\/categories?post=101851"},{"taxonomy":"post_tag","embeddable":true,"href":"https:\/\/experienciadevida.com.ar\/portalurbano\/wp-json\/wp\/v2\/tags?post=101851"}],"curies":[{"name":"wp","href":"https:\/\/api.w.org\/{rel}","templated":true}]}}