{"id":101848,"date":"2020-02-18T21:19:26","date_gmt":"2020-02-19T00:19:26","guid":{"rendered":"https:\/\/experienciadevida.com.ar\/portalurbano\/?p=101848"},"modified":"2020-02-18T21:20:10","modified_gmt":"2020-02-19T00:20:10","slug":"crimen-de-villa-gesell-una-multitud-reclamo-justicia-por-fernando","status":"publish","type":"post","link":"https:\/\/experienciadevida.com.ar\/portalurbano\/crimen-de-villa-gesell-una-multitud-reclamo-justicia-por-fernando\/","title":{"rendered":"Crimen de Villa Gesell: una multitud reclam\u00f3 justicia por Fernando"},"content":{"rendered":"<p class=\"interiorCopete\">Los padres del joven asesinado por una patota de rugbiers en un boliche de Villa Gesell encabezaron la movilizaci\u00f3n en el centro porte\u00f1o.<\/p>\n<article id=\"article-post\" class=\"first\">\n<div class=\"cuerpo\" data-twitter-link=\"https:\/\/twitter.com\/intent\/tweet?url=https:\/\/www.diariopopular.com.ar\/\/c459983&amp;via=poopulardiario&amp;related=Diario Popular&amp;text=\">\n<p>&#8220;Quiero justicia por mi hijo, lo mataron a traici\u00f3n\u201d, reclam\u00f3 esta tarde Graciela Sosa, la mam\u00e1 de Fernando B\u00e1ez Sosa, al encabezar\u00a0una multitudinaria y emotiva marcha\u00a0frente al Congreso de la Naci\u00f3n por el asesinato a golpes del joven, cometido hace un mes en la ciudad balnearia de Villa Gesell.<\/p>\n<\/div>\n<\/article>\n<article id=\"article-post\">\n<div class=\"cuerpo\" data-twitter-link=\"https:\/\/twitter.com\/intent\/tweet?url=https:\/\/www.diariopopular.com.ar\/\/c459983&amp;via=poopulardiario&amp;related=Diario Popular&amp;text=\">\n<p>&#8220;Lo que le hicieron es terrible, no lo dejaron defenderse\u201d, exclam\u00f3 entre llantos la mam\u00e1 de Fernando, acompa\u00f1ada de su marido Silvino ante\u00a0m\u00e1s de 10.000 personas\u00a0que se congregaron en la Plaza del Congreso.<\/p>\n<p>&#8220;Quiero agradecer a todos por venir, mi vida no es f\u00e1cil. Pero con ustedes se va a hacer justicia por mi hijo\u201d, agreg\u00f3, mientras los asistentes gritaban \u201cperpetua, perpetua\u201d y levantaban en alto carteles con la cara de Fernando.<\/p>\n<p>&#8220;Se nos vino todo abajo, mi casa est\u00e1 vac\u00eda cuando me levanto. Tengo su cama tendida y s\u00e9 que no volver\u00e1\u201d, expres\u00f3 Sosa, muy conmovida, mientras en el p\u00fablico la mayor\u00eda lloraba junto a ella.<\/p>\n<p>Julieta Rossi, la novia de Fernando, y los amigos del joven fueron los primeros en entrar al escenario pasadas las 18.15 y se sentaron en el piso con un cartel con la cara del joven asesinado colgando en su pecho, mientras sosten\u00edan otro que dec\u00eda \u201cJusticia por Fernando. Asesinado en Gesell. Vamos sin violencia\u201d.<\/p>\n<p>Fabi\u00e1n Am\u00e9ndola, abogado de la querella en la causa por el asesinato del joven Fernando B\u00e1ez Sosa, dijo a T\u00e9lam que el acto multitudinario de hoy fue \u201cun reflejo de lo que pasa en la sociedad, este caso ha calado tan profundo porque Fernando ha pasado a ser un s\u00edmbolo de la lucha contra la violencia\u201d.<\/p>\n<p>A las 18.33, los miles de asistentes comenzaron a cantar el Himno Nacional frente al escenario, donde colgaba una bandera gigante con la leyenda: \u201cDios te tiene en el cielo, nosotros en nuestros corazones\u201d.<\/p>\n<p>Desde la organizaci\u00f3n repartieron panfletos con la cara de Fernando, que la gente se iba pasando para que todos tuvieran uno en la mano al exclamar \u201cjusticia, justicia\u201d,\u0094 mientras ca\u00eda la tarde en la Ciudad.<\/p>\n<p>En la pantalla del escenario se proyect\u00f3 un video de Fernando con fotos de cuando era ni\u00f1o, con la canci\u00f3n \u201cNo te olvides\u201d de Bersuit Vergarabat, junto a sus padres, los amigos del Colegio Marianista y su novia Julieta Rossi.<\/p>\n<p>&#8220;En nombre de Silvino y Graciela, los padres de Fernando, decimos que\u00a0iremos hasta las \u00faltimas consecuencias para que haya Justicia para Fernando y todas las v\u00edctimas de la violencia\u201d, dijo el locutor en el acto, mientras los asistentes, varios miles, arengaban y algunos levantaban carteles con la cara de sus familiares, victimas tambi\u00e9n de la violencia.<\/p>\n<p>Andrea, madre de Andr\u00e9s Rueda, que fue asesinado por motochorros en Concordia, dijo que sinti\u00f3 \u201cla necesidad de venir y acompa\u00f1ar a los padres de Fernando<strong>. <\/strong>A m\u00ed me pas\u00f3 lo mismo, me arrebataron a mi hijo unos delincuentes y quer\u00eda venir a darle fuerza. Que sepa que no est\u00e1 sola y que hay toda una sociedad acompa\u00f1\u00e1ndola\u201d.<\/p>\n<p>El di\u00e1cono del colegio Marianista al que concurr\u00eda Fernando B\u00e1ez Sosa, Miguel De Martino, fue el encargado de la ceremonia religiosa del acto y pidi\u00f3 que \u201cabracemos el dolor con amor, acompa\u00f1emos a los pap\u00e1s con la presencia y con la oraci\u00f3n\u201d\u0094, y luego le pas\u00f3 el micr\u00f3fono a Silvino B\u00e1ez para que rece el Padre Nuestro.<\/p>\n<p>Luego, el locutor agradeci\u00f3 en nombre de la familia a la comunidad paraguaya en Argentina, a los gobiernos Nacional y de la Ciudad y\u00a0al papa Francisco por el apoyo, quien adem\u00e1s le envi\u00f3 una carta a la familia.<\/p>\n<p>&#8220;Queridos hermanos, s\u00e9 que celebrar\u00e1n una misa en Villa Gesell al cumplirse un mes del asesinato de Fernando B\u00e1ez.\u00a0Quiero asegurarles mi compa\u00f1\u00eda espiritual ese d\u00eda. Tambi\u00e9n yo celebrar\u00e9 la eucarist\u00eda por Fernando y sus padres&#8221;, indic\u00f3 la misiva.<\/p>\n<div id=\"div-gpt-ad-nota-299396\" class=\"banner-90\" data-mapping=\"mapping9\" data-google-query-id=\"CKPU-Peq3OcCFVQC1AodxMANHw\">\n<p>La multitud observ\u00f3 luego un video del proyecto solidario \u201cServir\u201d, del que participaba Fernando en el Colegio Marianista del barrio porte\u00f1o de Caballito.<\/p>\n<p>En el cierre del acto, los amigos de Fernando\u00a0cantaron en vivo sobre el escenario, acompa\u00f1ados con dos guitarras, la canci\u00f3n \u201cEl misterioso drag\u00f3n\u201d\u0094, que sol\u00edan cantar con el joven fallecido.<\/p>\n<p>Finalmente, Graciela Sosa sali\u00f3 a saludar nuevamente levantando los brazos y en llanto a los asistentes, que\u00a0se retiraron lentamente sec\u00e1ndose las l\u00e1grimas.<\/p>\n<\/div>\n<\/div>\n<\/article>\n","protected":false},"excerpt":{"rendered":"<p>Los padres del joven asesinado por una patota de rugbiers en un boliche de Villa&#8230;<\/p>\n","protected":false},"author":1,"featured_media":101849,"comment_status":"open","ping_status":"open","sticky":false,"template":"","format":"standard","meta":{"content-type":""},"categories":[39],"tags":[],"nelio_content":{"isAutoShareEnabled":false,"autoShareEndMode":"default","automationSources":{"useContentSentences":true,"useSocialTemplates":true,"useCustomSentences":false,"customSentences":[]},"followers":[1],"suggestedReferences":[],"includedReferences":[],"efiUrl":"","efiAlt":"","highlights":[]},"yoast_head":"<!-- This site is optimized with the Yoast SEO plugin v20.7 - https:\/\/yoast.com\/wordpress\/plugins\/seo\/ -->\n<title>Crimen de Villa Gesell: una multitud reclam\u00f3 justicia por Fernando -<\/title>\n<meta name=\"robots\" content=\"index, follow, max-snippet:-1, max-image-preview:large, max-video-preview:-1\" \/>\n<link rel=\"canonical\" href=\"https:\/\/experienciadevida.com.ar\/portalurbano\/crimen-de-villa-gesell-una-multitud-reclamo-justicia-por-fernando\/\" \/>\n<meta property=\"og:locale\" content=\"es_ES\" \/>\n<meta property=\"og:type\" content=\"article\" \/>\n<meta property=\"og:title\" content=\"Crimen de Villa Gesell: una multitud reclam\u00f3 justicia por Fernando -\" \/>\n<meta property=\"og:description\" content=\"Los padres del joven asesinado por una patota de rugbiers en un boliche de Villa...\" \/>\n<meta property=\"og:url\" content=\"https:\/\/experienciadevida.com.ar\/portalurbano\/crimen-de-villa-gesell-una-multitud-reclamo-justicia-por-fernando\/\" \/>\n<meta property=\"article:publisher\" content=\"https:\/\/www.facebook.com\/Portal-Urbano-171542830093757\/\" \/>\n<meta property=\"article:published_time\" content=\"2020-02-19T00:19:26+00:00\" \/>\n<meta property=\"article:modified_time\" content=\"2020-02-19T00:20:10+00:00\" \/>\n<meta property=\"og:image\" content=\"https:\/\/experienciadevida.com.ar\/portalurbano\/wp-content\/uploads\/2020\/02\/FERNANDOBAEZ-e1582071370290.jpg\" \/>\n\t<meta property=\"og:image:width\" content=\"765\" \/>\n\t<meta property=\"og:image:height\" content=\"606\" \/>\n\t<meta property=\"og:image:type\" content=\"image\/jpeg\" \/>\n<meta name=\"author\" content=\"admpu17wp\" \/>\n<meta name=\"twitter:card\" content=\"summary_large_image\" \/>\n<meta name=\"twitter:creator\" content=\"@portalurbanook\" \/>\n<meta name=\"twitter:site\" content=\"@portalurbanook\" \/>\n<meta name=\"twitter:label1\" content=\"Escrito por\" \/>\n\t<meta name=\"twitter:data1\" content=\"admpu17wp\" \/>\n\t<meta name=\"twitter:label2\" content=\"Tiempo de lectura\" \/>\n\t<meta name=\"twitter:data2\" content=\"4 minutos\" \/>\n<script type=\"application\/ld+json\" class=\"yoast-schema-graph\">{\"@context\":\"https:\/\/schema.org\",\"@graph\":[{\"@type\":\"Article\",\"@id\":\"https:\/\/experienciadevida.com.ar\/portalurbano\/crimen-de-villa-gesell-una-multitud-reclamo-justicia-por-fernando\/#article\",\"isPartOf\":{\"@id\":\"https:\/\/experienciadevida.com.ar\/portalurbano\/crimen-de-villa-gesell-una-multitud-reclamo-justicia-por-fernando\/\"},\"author\":{\"name\":\"admpu17wp\",\"@id\":\"https:\/\/experienciadevida.com.ar\/portalurbano\/#\/schema\/person\/02dd326b1c4b056e9cc972486934a3a7\"},\"headline\":\"Crimen de Villa Gesell: una multitud reclam\u00f3 justicia por Fernando\",\"datePublished\":\"2020-02-19T00:19:26+00:00\",\"dateModified\":\"2020-02-19T00:20:10+00:00\",\"mainEntityOfPage\":{\"@id\":\"https:\/\/experienciadevida.com.ar\/portalurbano\/crimen-de-villa-gesell-una-multitud-reclamo-justicia-por-fernando\/\"},\"wordCount\":786,\"commentCount\":0,\"publisher\":{\"@id\":\"https:\/\/experienciadevida.com.ar\/portalurbano\/#organization\"},\"articleSection\":[\"Naci\u00f3n\"],\"inLanguage\":\"es\",\"potentialAction\":[{\"@type\":\"CommentAction\",\"name\":\"Comment\",\"target\":[\"https:\/\/experienciadevida.com.ar\/portalurbano\/crimen-de-villa-gesell-una-multitud-reclamo-justicia-por-fernando\/#respond\"]}]},{\"@type\":\"WebPage\",\"@id\":\"https:\/\/experienciadevida.com.ar\/portalurbano\/crimen-de-villa-gesell-una-multitud-reclamo-justicia-por-fernando\/\",\"url\":\"https:\/\/experienciadevida.com.ar\/portalurbano\/crimen-de-villa-gesell-una-multitud-reclamo-justicia-por-fernando\/\",\"name\":\"Crimen de Villa Gesell: una multitud reclam\u00f3 justicia por Fernando -\",\"isPartOf\":{\"@id\":\"https:\/\/experienciadevida.com.ar\/portalurbano\/#website\"},\"datePublished\":\"2020-02-19T00:19:26+00:00\",\"dateModified\":\"2020-02-19T00:20:10+00:00\",\"breadcrumb\":{\"@id\":\"https:\/\/experienciadevida.com.ar\/portalurbano\/crimen-de-villa-gesell-una-multitud-reclamo-justicia-por-fernando\/#breadcrumb\"},\"inLanguage\":\"es\",\"potentialAction\":[{\"@type\":\"ReadAction\",\"target\":[\"https:\/\/experienciadevida.com.ar\/portalurbano\/crimen-de-villa-gesell-una-multitud-reclamo-justicia-por-fernando\/\"]}]},{\"@type\":\"BreadcrumbList\",\"@id\":\"https:\/\/experienciadevida.com.ar\/portalurbano\/crimen-de-villa-gesell-una-multitud-reclamo-justicia-por-fernando\/#breadcrumb\",\"itemListElement\":[{\"@type\":\"ListItem\",\"position\":1,\"name\":\"Portada\",\"item\":\"https:\/\/experienciadevida.com.ar\/portalurbano\/\"},{\"@type\":\"ListItem\",\"position\":2,\"name\":\"Crimen de Villa Gesell: una multitud reclam\u00f3 justicia por Fernando\"}]},{\"@type\":\"WebSite\",\"@id\":\"https:\/\/experienciadevida.com.ar\/portalurbano\/#website\",\"url\":\"https:\/\/experienciadevida.com.ar\/portalurbano\/\",\"name\":\"\",\"description\":\"\",\"publisher\":{\"@id\":\"https:\/\/experienciadevida.com.ar\/portalurbano\/#organization\"},\"potentialAction\":[{\"@type\":\"SearchAction\",\"target\":{\"@type\":\"EntryPoint\",\"urlTemplate\":\"https:\/\/experienciadevida.com.ar\/portalurbano\/?s={search_term_string}\"},\"query-input\":\"required name=search_term_string\"}],\"inLanguage\":\"es\"},{\"@type\":\"Organization\",\"@id\":\"https:\/\/experienciadevida.com.ar\/portalurbano\/#organization\",\"name\":\"Portal Urbano\",\"url\":\"https:\/\/experienciadevida.com.ar\/portalurbano\/\",\"logo\":{\"@type\":\"ImageObject\",\"inLanguage\":\"es\",\"@id\":\"https:\/\/experienciadevida.com.ar\/portalurbano\/#\/schema\/logo\/image\/\",\"url\":\"https:\/\/experienciadevida.com.ar\/portalurbano\/wp-content\/uploads\/2019\/09\/Logo-Original.png\",\"contentUrl\":\"https:\/\/experienciadevida.com.ar\/portalurbano\/wp-content\/uploads\/2019\/09\/Logo-Original.png\",\"width\":2236,\"height\":1216,\"caption\":\"Portal Urbano\"},\"image\":{\"@id\":\"https:\/\/experienciadevida.com.ar\/portalurbano\/#\/schema\/logo\/image\/\"},\"sameAs\":[\"https:\/\/www.facebook.com\/Portal-Urbano-171542830093757\/\",\"https:\/\/twitter.com\/portalurbanook\",\"https:\/\/www.instagram.com\/_portalurbano\/\",\"https:\/\/www.youtube.com\/channel\/UCXhagIfszH8KxFiOok79zbA?view_as=subscriber\"]},{\"@type\":\"Person\",\"@id\":\"https:\/\/experienciadevida.com.ar\/portalurbano\/#\/schema\/person\/02dd326b1c4b056e9cc972486934a3a7\",\"name\":\"admpu17wp\",\"image\":{\"@type\":\"ImageObject\",\"inLanguage\":\"es\",\"@id\":\"https:\/\/experienciadevida.com.ar\/portalurbano\/#\/schema\/person\/image\/\",\"url\":\"https:\/\/secure.gravatar.com\/avatar\/830d4c57adaae6630765e449a6908047?s=96&d=mm&r=g\",\"contentUrl\":\"https:\/\/secure.gravatar.com\/avatar\/830d4c57adaae6630765e449a6908047?s=96&d=mm&r=g\",\"caption\":\"admpu17wp\"}}]}<\/script>\n<!-- \/ Yoast SEO plugin. -->","yoast_head_json":{"title":"Crimen de Villa Gesell: una multitud reclam\u00f3 justicia por Fernando -","robots":{"index":"index","follow":"follow","max-snippet":"max-snippet:-1","max-image-preview":"max-image-preview:large","max-video-preview":"max-video-preview:-1"},"canonical":"https:\/\/experienciadevida.com.ar\/portalurbano\/crimen-de-villa-gesell-una-multitud-reclamo-justicia-por-fernando\/","og_locale":"es_ES","og_type":"article","og_title":"Crimen de Villa Gesell: una multitud reclam\u00f3 justicia por Fernando -","og_description":"Los padres del joven asesinado por una patota de rugbiers en un boliche de Villa...","og_url":"https:\/\/experienciadevida.com.ar\/portalurbano\/crimen-de-villa-gesell-una-multitud-reclamo-justicia-por-fernando\/","article_publisher":"https:\/\/www.facebook.com\/Portal-Urbano-171542830093757\/","article_published_time":"2020-02-19T00:19:26+00:00","article_modified_time":"2020-02-19T00:20:10+00:00","og_image":[{"width":765,"height":606,"url":"https:\/\/experienciadevida.com.ar\/portalurbano\/wp-content\/uploads\/2020\/02\/FERNANDOBAEZ-e1582071370290.jpg","type":"image\/jpeg"}],"author":"admpu17wp","twitter_card":"summary_large_image","twitter_creator":"@portalurbanook","twitter_site":"@portalurbanook","twitter_misc":{"Escrito por":"admpu17wp","Tiempo de lectura":"4 minutos"},"schema":{"@context":"https:\/\/schema.org","@graph":[{"@type":"Article","@id":"https:\/\/experienciadevida.com.ar\/portalurbano\/crimen-de-villa-gesell-una-multitud-reclamo-justicia-por-fernando\/#article","isPartOf":{"@id":"https:\/\/experienciadevida.com.ar\/portalurbano\/crimen-de-villa-gesell-una-multitud-reclamo-justicia-por-fernando\/"},"author":{"name":"admpu17wp","@id":"https:\/\/experienciadevida.com.ar\/portalurbano\/#\/schema\/person\/02dd326b1c4b056e9cc972486934a3a7"},"headline":"Crimen de Villa Gesell: una multitud reclam\u00f3 justicia por Fernando","datePublished":"2020-02-19T00:19:26+00:00","dateModified":"2020-02-19T00:20:10+00:00","mainEntityOfPage":{"@id":"https:\/\/experienciadevida.com.ar\/portalurbano\/crimen-de-villa-gesell-una-multitud-reclamo-justicia-por-fernando\/"},"wordCount":786,"commentCount":0,"publisher":{"@id":"https:\/\/experienciadevida.com.ar\/portalurbano\/#organization"},"articleSection":["Naci\u00f3n"],"inLanguage":"es","potentialAction":[{"@type":"CommentAction","name":"Comment","target":["https:\/\/experienciadevida.com.ar\/portalurbano\/crimen-de-villa-gesell-una-multitud-reclamo-justicia-por-fernando\/#respond"]}]},{"@type":"WebPage","@id":"https:\/\/experienciadevida.com.ar\/portalurbano\/crimen-de-villa-gesell-una-multitud-reclamo-justicia-por-fernando\/","url":"https:\/\/experienciadevida.com.ar\/portalurbano\/crimen-de-villa-gesell-una-multitud-reclamo-justicia-por-fernando\/","name":"Crimen de Villa Gesell: una multitud reclam\u00f3 justicia por Fernando -","isPartOf":{"@id":"https:\/\/experienciadevida.com.ar\/portalurbano\/#website"},"datePublished":"2020-02-19T00:19:26+00:00","dateModified":"2020-02-19T00:20:10+00:00","breadcrumb":{"@id":"https:\/\/experienciadevida.com.ar\/portalurbano\/crimen-de-villa-gesell-una-multitud-reclamo-justicia-por-fernando\/#breadcrumb"},"inLanguage":"es","potentialAction":[{"@type":"ReadAction","target":["https:\/\/experienciadevida.com.ar\/portalurbano\/crimen-de-villa-gesell-una-multitud-reclamo-justicia-por-fernando\/"]}]},{"@type":"BreadcrumbList","@id":"https:\/\/experienciadevida.com.ar\/portalurbano\/crimen-de-villa-gesell-una-multitud-reclamo-justicia-por-fernando\/#breadcrumb","itemListElement":[{"@type":"ListItem","position":1,"name":"Portada","item":"https:\/\/experienciadevida.com.ar\/portalurbano\/"},{"@type":"ListItem","position":2,"name":"Crimen de Villa Gesell: una multitud reclam\u00f3 justicia por Fernando"}]},{"@type":"WebSite","@id":"https:\/\/experienciadevida.com.ar\/portalurbano\/#website","url":"https:\/\/experienciadevida.com.ar\/portalurbano\/","name":"","description":"","publisher":{"@id":"https:\/\/experienciadevida.com.ar\/portalurbano\/#organization"},"potentialAction":[{"@type":"SearchAction","target":{"@type":"EntryPoint","urlTemplate":"https:\/\/experienciadevida.com.ar\/portalurbano\/?s={search_term_string}"},"query-input":"required name=search_term_string"}],"inLanguage":"es"},{"@type":"Organization","@id":"https:\/\/experienciadevida.com.ar\/portalurbano\/#organization","name":"Portal Urbano","url":"https:\/\/experienciadevida.com.ar\/portalurbano\/","logo":{"@type":"ImageObject","inLanguage":"es","@id":"https:\/\/experienciadevida.com.ar\/portalurbano\/#\/schema\/logo\/image\/","url":"https:\/\/experienciadevida.com.ar\/portalurbano\/wp-content\/uploads\/2019\/09\/Logo-Original.png","contentUrl":"https:\/\/experienciadevida.com.ar\/portalurbano\/wp-content\/uploads\/2019\/09\/Logo-Original.png","width":2236,"height":1216,"caption":"Portal Urbano"},"image":{"@id":"https:\/\/experienciadevida.com.ar\/portalurbano\/#\/schema\/logo\/image\/"},"sameAs":["https:\/\/www.facebook.com\/Portal-Urbano-171542830093757\/","https:\/\/twitter.com\/portalurbanook","https:\/\/www.instagram.com\/_portalurbano\/","https:\/\/www.youtube.com\/channel\/UCXhagIfszH8KxFiOok79zbA?view_as=subscriber"]},{"@type":"Person","@id":"https:\/\/experienciadevida.com.ar\/portalurbano\/#\/schema\/person\/02dd326b1c4b056e9cc972486934a3a7","name":"admpu17wp","image":{"@type":"ImageObject","inLanguage":"es","@id":"https:\/\/experienciadevida.com.ar\/portalurbano\/#\/schema\/person\/image\/","url":"https:\/\/secure.gravatar.com\/avatar\/830d4c57adaae6630765e449a6908047?s=96&d=mm&r=g","contentUrl":"https:\/\/secure.gravatar.com\/avatar\/830d4c57adaae6630765e449a6908047?s=96&d=mm&r=g","caption":"admpu17wp"}}]}},"featured_image_urls":{"full":["https:\/\/experienciadevida.com.ar\/portalurbano\/wp-content\/uploads\/2020\/02\/FERNANDOBAEZ-e1582071370290.jpg",765,606,false],"thumbnail":["https:\/\/experienciadevida.com.ar\/portalurbano\/wp-content\/uploads\/2020\/02\/FERNANDOBAEZ-150x150.jpg",150,150,true],"medium":["https:\/\/experienciadevida.com.ar\/portalurbano\/wp-content\/uploads\/2020\/02\/FERNANDOBAEZ-300x238.jpg",300,238,true],"medium_large":["https:\/\/experienciadevida.com.ar\/portalurbano\/wp-content\/uploads\/2020\/02\/FERNANDOBAEZ-768x608.jpg",640,507,true],"large":["https:\/\/experienciadevida.com.ar\/portalurbano\/wp-content\/uploads\/2020\/02\/FERNANDOBAEZ-1024x811.jpg",640,507,true],"ug_big":["https:\/\/experienciadevida.com.ar\/portalurbano\/wp-content\/uploads\/2020\/02\/FERNANDOBAEZ-768x608.jpg",768,608,true],"1536x1536":["https:\/\/experienciadevida.com.ar\/portalurbano\/wp-content\/uploads\/2020\/02\/FERNANDOBAEZ-e1582071370290.jpg",765,606,false],"2048x2048":["https:\/\/experienciadevida.com.ar\/portalurbano\/wp-content\/uploads\/2020\/02\/FERNANDOBAEZ-e1582071370290.jpg",765,606,false],"newsever-slider-full":["https:\/\/experienciadevida.com.ar\/portalurbano\/wp-content\/uploads\/2020\/02\/FERNANDOBAEZ-e1582071370290.jpg",765,606,false],"newsever-featured":["https:\/\/experienciadevida.com.ar\/portalurbano\/wp-content\/uploads\/2020\/02\/FERNANDOBAEZ-e1582071370290.jpg",765,606,false],"newsever-medium":["https:\/\/experienciadevida.com.ar\/portalurbano\/wp-content\/uploads\/2020\/02\/FERNANDOBAEZ-e1582071370290.jpg",600,475,false],"web-stories-poster-portrait":["https:\/\/experienciadevida.com.ar\/portalurbano\/wp-content\/uploads\/2020\/02\/FERNANDOBAEZ-e1582071370290.jpg",640,507,false],"web-stories-publisher-logo":["https:\/\/experienciadevida.com.ar\/portalurbano\/wp-content\/uploads\/2020\/02\/FERNANDOBAEZ-e1582071370290.jpg",96,76,false],"web-stories-thumbnail":["https:\/\/experienciadevida.com.ar\/portalurbano\/wp-content\/uploads\/2020\/02\/FERNANDOBAEZ-e1582071370290.jpg",150,119,false]},"author_info":{"display_name":"admpu17wp","author_link":"https:\/\/experienciadevida.com.ar\/portalurbano\/author\/admpu17wp\/"},"category_info":"<a href=\"https:\/\/experienciadevida.com.ar\/portalurbano\/category\/nacion\/\" rel=\"category tag\">Naci\u00f3n<\/a>","tag_info":"Naci\u00f3n","comment_count":"0","amp_enabled":true,"_links":{"self":[{"href":"https:\/\/experienciadevida.com.ar\/portalurbano\/wp-json\/wp\/v2\/posts\/101848"}],"collection":[{"href":"https:\/\/experienciadevida.com.ar\/portalurbano\/wp-json\/wp\/v2\/posts"}],"about":[{"href":"https:\/\/experienciadevida.com.ar\/portalurbano\/wp-json\/wp\/v2\/types\/post"}],"author":[{"embeddable":true,"href":"https:\/\/experienciadevida.com.ar\/portalurbano\/wp-json\/wp\/v2\/users\/1"}],"replies":[{"embeddable":true,"href":"https:\/\/experienciadevida.com.ar\/portalurbano\/wp-json\/wp\/v2\/comments?post=101848"}],"version-history":[{"count":1,"href":"https:\/\/experienciadevida.com.ar\/portalurbano\/wp-json\/wp\/v2\/posts\/101848\/revisions"}],"predecessor-version":[{"id":101850,"href":"https:\/\/experienciadevida.com.ar\/portalurbano\/wp-json\/wp\/v2\/posts\/101848\/revisions\/101850"}],"wp:featuredmedia":[{"embeddable":true,"href":"https:\/\/experienciadevida.com.ar\/portalurbano\/wp-json\/wp\/v2\/media\/101849"}],"wp:attachment":[{"href":"https:\/\/experienciadevida.com.ar\/portalurbano\/wp-json\/wp\/v2\/media?parent=101848"}],"wp:term":[{"taxonomy":"category","embeddable":true,"href":"https:\/\/experienciadevida.com.ar\/portalurbano\/wp-json\/wp\/v2\/categories?post=101848"},{"taxonomy":"post_tag","embeddable":true,"href":"https:\/\/experienciadevida.com.ar\/portalurbano\/wp-json\/wp\/v2\/tags?post=101848"}],"curies":[{"name":"wp","href":"https:\/\/api.w.org\/{rel}","templated":true}]}}