{"id":101790,"date":"2020-02-18T11:11:46","date_gmt":"2020-02-18T14:11:46","guid":{"rendered":"https:\/\/experienciadevida.com.ar\/portalurbano\/?p=101790"},"modified":"2020-02-18T11:12:18","modified_gmt":"2020-02-18T14:12:18","slug":"el-gobierno-le-aseguro-al-fmi-que-descongelara-las-tarifas","status":"publish","type":"post","link":"https:\/\/experienciadevida.com.ar\/portalurbano\/el-gobierno-le-aseguro-al-fmi-que-descongelara-las-tarifas\/","title":{"rendered":"El Gobierno le asegur\u00f3 al FMI que descongelar\u00e1 las tarifas"},"content":{"rendered":"<p>El Ministro de Desarrollo Productivo, Mat\u00edas Kuflas, les dijo a los enviados del\u00a0 organismo que &#8220;no ser\u00e1 permanente&#8221; el freno a los precios de servicios p\u00fablicos. Buscar\u00e1n valores &#8220;razonables&#8221; que permitan controlar la inflaci\u00f3n.<\/p>\n<p>El Gobierno le asegur\u00f3 a los enviados del Fondo Monetario Internacional (FMI) que \u201cno habr\u00e1 un congelamiento permanente\u201d de las tarifas de los servicios p\u00fablicos y remarc\u00f3 que la revisi\u00f3n de las mismas se har\u00e1 para llevarlas a valores \u201crazonables y accesibles\u201d, con el objetivo de controlar la inflaci\u00f3n.<\/p>\n<p>&#8220;Le se\u00f1alamos nuestra visi\u00f3n. Explicamos que en el momento de mayor complicaci\u00f3n la idea es generar un mecanismo de revisi\u00f3n del esquema tarifario y luego una actualizaci\u00f3n de esas tarifas\u201d.<\/p>\n<p>Kulfas estuvo reunido el jueves pasado con Julie Kozak y Luis Cubeddu, quienes quisieron saber c\u00f3mo iba el Gobierno a manejar el tema tarifas, y el ministro indic\u00f3 que les dijo que \u201cno se trata de un congelamiento permanente\u201d el que se aplic\u00f3 en diciembre \u00faltimo.<\/p>\n<p>\u201cNi de sostener este congelamiento parcial por mucho tiempo, sino hacer una revisi\u00f3n que permita reducir, donde es posible, los costos del sistema el\u00e9ctrico y de gas, y de poder generar tarifas razonables y accesibles&#8221;, subray\u00f3 el funcionario.<\/p>\n<p>Asegur\u00f3 que Kozak y Cubeddu &#8220;ven que (el congelamiento parcial de las tarifas) es un instrumento que puede contribuir a reducir la inflaci\u00f3n\u201d, y a\u00f1adi\u00f3 que tambi\u00e9n comprendieron que \u201ces un paso fundamental para atacar el componente inercial\u201d.<\/p>\n<p>\u201cEn esto encontramos una receptividad bastante positiva por parte de los t\u00e9cnicos del Fondo que estuvieron en la reuni\u00f3n&#8221;, asegur\u00f3 Kulfas, quien destac\u00f3 que la reuni\u00f3n se dio en &#8220;muy buenos t\u00e9rminos\u201d.<\/p>\n<p>Detall\u00f3 que \u201cel organismo quiso conocer algunos elementos centrales del programa de desarrollo productivo\u201d, y agreg\u00f3 que los economistas quisieron saber \u201cc\u00f3mo estamos viendo el tema del acuerdo econ\u00f3mico y social, nuestras estimaciones, y c\u00f3mo est\u00e1 evolucionando el programa Precios Cuidados&#8221;.<\/p>\n<p>&#8220;Les explicamos nuestra visi\u00f3n sobre la inflaci\u00f3n. Que es un fen\u00f3meno que tiene caracter\u00edsticas multicausales. Que enfocar el problema exclusivamente por el lado monetario conduce a errores\u201d, subray\u00f3 el ministro.<\/p>\n<p>Indic\u00f3 que a Kozak y Cubeddu les asegur\u00f3 que el Gobierno va \u201ca poder controlar la inflaci\u00f3n con un programa macroecon\u00f3mico consistente desde el punto de vista fiscal y monetario, y una buena pol\u00edtica de concertaci\u00f3n que permita convergencia a la baja&#8221;.<\/p>\n<p>En el marco de la visita de la misi\u00f3n t\u00e9cnica del organismo, entre el domingo y el lunes se produjo un intercambio entre la directora gerente del Fondo, Kristalina Georgieva, y el presidente Alberto Fern\u00e1ndez.<\/p>\n<p>Georgieva respondi\u00f3 el domingo a la vicepresidenta Cristina Fern\u00e1ndez de Kirchner, quien la semana pasada plante\u00f3 que el FMI deber\u00eda analizar la posibilidad de otorgar una quita de la deuda que la Argentina mantiene con el organismo, teniendo en cuenta que ese dinero se utiliz\u00f3 para permitir fuga de capitales.<\/p>\n<p>El Presidente sostuvo que &#8220;el FMI ha faltado a sus obligaciones prestando dinero a un tomador compulsivo de cr\u00e9dito, que todos sab\u00edan que era para financiar la fuga de divisas&#8221;, y consider\u00f3 &#8220;absolutamente cierto&#8221; el reclamo de Cristina Kirchner.<\/p>\n<p>&#8220;En t\u00e9rminos racionales est\u00e1 bien lo que dice Cristina. Todos sab\u00edan que era para financiar la fuga de divisas y tratar de contener un valor del d\u00f3lar incontrolable. Si el FMI fue capaz de todo eso, podr\u00eda reflexionar y tener en cuenta esto otro&#8221;, sostuvo Fern\u00e1ndez.<\/p>\n","protected":false},"excerpt":{"rendered":"<p>El Ministro de Desarrollo Productivo, Mat\u00edas Kuflas, les dijo a los enviados del\u00a0 organismo que&#8230;<\/p>\n","protected":false},"author":1,"featured_media":101791,"comment_status":"open","ping_status":"open","sticky":false,"template":"","format":"standard","meta":{"content-type":""},"categories":[39],"tags":[],"nelio_content":{"isAutoShareEnabled":false,"autoShareEndMode":"default","automationSources":{"useContentSentences":true,"useSocialTemplates":true,"useCustomSentences":false,"customSentences":[]},"followers":[1],"suggestedReferences":[],"includedReferences":[],"efiUrl":"","efiAlt":"","highlights":[]},"yoast_head":"<!-- This site is optimized with the Yoast SEO plugin v20.7 - https:\/\/yoast.com\/wordpress\/plugins\/seo\/ -->\n<title>El Gobierno le asegur\u00f3 al FMI que descongelar\u00e1 las tarifas -<\/title>\n<meta name=\"robots\" content=\"index, follow, max-snippet:-1, max-image-preview:large, max-video-preview:-1\" \/>\n<link rel=\"canonical\" href=\"https:\/\/experienciadevida.com.ar\/portalurbano\/el-gobierno-le-aseguro-al-fmi-que-descongelara-las-tarifas\/\" \/>\n<meta property=\"og:locale\" content=\"es_ES\" \/>\n<meta property=\"og:type\" content=\"article\" \/>\n<meta property=\"og:title\" content=\"El Gobierno le asegur\u00f3 al FMI que descongelar\u00e1 las tarifas -\" \/>\n<meta property=\"og:description\" content=\"El Ministro de Desarrollo Productivo, Mat\u00edas Kuflas, les dijo a los enviados del\u00a0 organismo que...\" \/>\n<meta property=\"og:url\" content=\"https:\/\/experienciadevida.com.ar\/portalurbano\/el-gobierno-le-aseguro-al-fmi-que-descongelara-las-tarifas\/\" \/>\n<meta property=\"article:publisher\" content=\"https:\/\/www.facebook.com\/Portal-Urbano-171542830093757\/\" \/>\n<meta property=\"article:published_time\" content=\"2020-02-18T14:11:46+00:00\" \/>\n<meta property=\"article:modified_time\" content=\"2020-02-18T14:12:18+00:00\" \/>\n<meta property=\"og:image\" content=\"https:\/\/experienciadevida.com.ar\/portalurbano\/wp-content\/uploads\/2020\/02\/FMI-3.jpg\" \/>\n\t<meta property=\"og:image:width\" content=\"760\" \/>\n\t<meta property=\"og:image:height\" content=\"447\" \/>\n\t<meta property=\"og:image:type\" content=\"image\/jpeg\" \/>\n<meta name=\"author\" content=\"admpu17wp\" \/>\n<meta name=\"twitter:card\" content=\"summary_large_image\" \/>\n<meta name=\"twitter:creator\" content=\"@portalurbanook\" \/>\n<meta name=\"twitter:site\" content=\"@portalurbanook\" \/>\n<meta name=\"twitter:label1\" content=\"Escrito por\" \/>\n\t<meta name=\"twitter:data1\" content=\"admpu17wp\" \/>\n\t<meta name=\"twitter:label2\" content=\"Tiempo de lectura\" \/>\n\t<meta name=\"twitter:data2\" content=\"3 minutos\" \/>\n<script type=\"application\/ld+json\" class=\"yoast-schema-graph\">{\"@context\":\"https:\/\/schema.org\",\"@graph\":[{\"@type\":\"Article\",\"@id\":\"https:\/\/experienciadevida.com.ar\/portalurbano\/el-gobierno-le-aseguro-al-fmi-que-descongelara-las-tarifas\/#article\",\"isPartOf\":{\"@id\":\"https:\/\/experienciadevida.com.ar\/portalurbano\/el-gobierno-le-aseguro-al-fmi-que-descongelara-las-tarifas\/\"},\"author\":{\"name\":\"admpu17wp\",\"@id\":\"https:\/\/experienciadevida.com.ar\/portalurbano\/#\/schema\/person\/02dd326b1c4b056e9cc972486934a3a7\"},\"headline\":\"El Gobierno le asegur\u00f3 al FMI que descongelar\u00e1 las tarifas\",\"datePublished\":\"2020-02-18T14:11:46+00:00\",\"dateModified\":\"2020-02-18T14:12:18+00:00\",\"mainEntityOfPage\":{\"@id\":\"https:\/\/experienciadevida.com.ar\/portalurbano\/el-gobierno-le-aseguro-al-fmi-que-descongelara-las-tarifas\/\"},\"wordCount\":605,\"commentCount\":0,\"publisher\":{\"@id\":\"https:\/\/experienciadevida.com.ar\/portalurbano\/#organization\"},\"articleSection\":[\"Naci\u00f3n\"],\"inLanguage\":\"es\",\"potentialAction\":[{\"@type\":\"CommentAction\",\"name\":\"Comment\",\"target\":[\"https:\/\/experienciadevida.com.ar\/portalurbano\/el-gobierno-le-aseguro-al-fmi-que-descongelara-las-tarifas\/#respond\"]}]},{\"@type\":\"WebPage\",\"@id\":\"https:\/\/experienciadevida.com.ar\/portalurbano\/el-gobierno-le-aseguro-al-fmi-que-descongelara-las-tarifas\/\",\"url\":\"https:\/\/experienciadevida.com.ar\/portalurbano\/el-gobierno-le-aseguro-al-fmi-que-descongelara-las-tarifas\/\",\"name\":\"El Gobierno le asegur\u00f3 al FMI que descongelar\u00e1 las tarifas -\",\"isPartOf\":{\"@id\":\"https:\/\/experienciadevida.com.ar\/portalurbano\/#website\"},\"datePublished\":\"2020-02-18T14:11:46+00:00\",\"dateModified\":\"2020-02-18T14:12:18+00:00\",\"breadcrumb\":{\"@id\":\"https:\/\/experienciadevida.com.ar\/portalurbano\/el-gobierno-le-aseguro-al-fmi-que-descongelara-las-tarifas\/#breadcrumb\"},\"inLanguage\":\"es\",\"potentialAction\":[{\"@type\":\"ReadAction\",\"target\":[\"https:\/\/experienciadevida.com.ar\/portalurbano\/el-gobierno-le-aseguro-al-fmi-que-descongelara-las-tarifas\/\"]}]},{\"@type\":\"BreadcrumbList\",\"@id\":\"https:\/\/experienciadevida.com.ar\/portalurbano\/el-gobierno-le-aseguro-al-fmi-que-descongelara-las-tarifas\/#breadcrumb\",\"itemListElement\":[{\"@type\":\"ListItem\",\"position\":1,\"name\":\"Portada\",\"item\":\"https:\/\/experienciadevida.com.ar\/portalurbano\/\"},{\"@type\":\"ListItem\",\"position\":2,\"name\":\"El Gobierno le asegur\u00f3 al FMI que descongelar\u00e1 las tarifas\"}]},{\"@type\":\"WebSite\",\"@id\":\"https:\/\/experienciadevida.com.ar\/portalurbano\/#website\",\"url\":\"https:\/\/experienciadevida.com.ar\/portalurbano\/\",\"name\":\"\",\"description\":\"\",\"publisher\":{\"@id\":\"https:\/\/experienciadevida.com.ar\/portalurbano\/#organization\"},\"potentialAction\":[{\"@type\":\"SearchAction\",\"target\":{\"@type\":\"EntryPoint\",\"urlTemplate\":\"https:\/\/experienciadevida.com.ar\/portalurbano\/?s={search_term_string}\"},\"query-input\":\"required name=search_term_string\"}],\"inLanguage\":\"es\"},{\"@type\":\"Organization\",\"@id\":\"https:\/\/experienciadevida.com.ar\/portalurbano\/#organization\",\"name\":\"Portal Urbano\",\"url\":\"https:\/\/experienciadevida.com.ar\/portalurbano\/\",\"logo\":{\"@type\":\"ImageObject\",\"inLanguage\":\"es\",\"@id\":\"https:\/\/experienciadevida.com.ar\/portalurbano\/#\/schema\/logo\/image\/\",\"url\":\"https:\/\/experienciadevida.com.ar\/portalurbano\/wp-content\/uploads\/2019\/09\/Logo-Original.png\",\"contentUrl\":\"https:\/\/experienciadevida.com.ar\/portalurbano\/wp-content\/uploads\/2019\/09\/Logo-Original.png\",\"width\":2236,\"height\":1216,\"caption\":\"Portal Urbano\"},\"image\":{\"@id\":\"https:\/\/experienciadevida.com.ar\/portalurbano\/#\/schema\/logo\/image\/\"},\"sameAs\":[\"https:\/\/www.facebook.com\/Portal-Urbano-171542830093757\/\",\"https:\/\/twitter.com\/portalurbanook\",\"https:\/\/www.instagram.com\/_portalurbano\/\",\"https:\/\/www.youtube.com\/channel\/UCXhagIfszH8KxFiOok79zbA?view_as=subscriber\"]},{\"@type\":\"Person\",\"@id\":\"https:\/\/experienciadevida.com.ar\/portalurbano\/#\/schema\/person\/02dd326b1c4b056e9cc972486934a3a7\",\"name\":\"admpu17wp\",\"image\":{\"@type\":\"ImageObject\",\"inLanguage\":\"es\",\"@id\":\"https:\/\/experienciadevida.com.ar\/portalurbano\/#\/schema\/person\/image\/\",\"url\":\"https:\/\/secure.gravatar.com\/avatar\/830d4c57adaae6630765e449a6908047?s=96&d=mm&r=g\",\"contentUrl\":\"https:\/\/secure.gravatar.com\/avatar\/830d4c57adaae6630765e449a6908047?s=96&d=mm&r=g\",\"caption\":\"admpu17wp\"}}]}<\/script>\n<!-- \/ Yoast SEO plugin. -->","yoast_head_json":{"title":"El Gobierno le asegur\u00f3 al FMI que descongelar\u00e1 las tarifas -","robots":{"index":"index","follow":"follow","max-snippet":"max-snippet:-1","max-image-preview":"max-image-preview:large","max-video-preview":"max-video-preview:-1"},"canonical":"https:\/\/experienciadevida.com.ar\/portalurbano\/el-gobierno-le-aseguro-al-fmi-que-descongelara-las-tarifas\/","og_locale":"es_ES","og_type":"article","og_title":"El Gobierno le asegur\u00f3 al FMI que descongelar\u00e1 las tarifas -","og_description":"El Ministro de Desarrollo Productivo, Mat\u00edas Kuflas, les dijo a los enviados del\u00a0 organismo que...","og_url":"https:\/\/experienciadevida.com.ar\/portalurbano\/el-gobierno-le-aseguro-al-fmi-que-descongelara-las-tarifas\/","article_publisher":"https:\/\/www.facebook.com\/Portal-Urbano-171542830093757\/","article_published_time":"2020-02-18T14:11:46+00:00","article_modified_time":"2020-02-18T14:12:18+00:00","og_image":[{"width":760,"height":447,"url":"https:\/\/experienciadevida.com.ar\/portalurbano\/wp-content\/uploads\/2020\/02\/FMI-3.jpg","type":"image\/jpeg"}],"author":"admpu17wp","twitter_card":"summary_large_image","twitter_creator":"@portalurbanook","twitter_site":"@portalurbanook","twitter_misc":{"Escrito por":"admpu17wp","Tiempo de lectura":"3 minutos"},"schema":{"@context":"https:\/\/schema.org","@graph":[{"@type":"Article","@id":"https:\/\/experienciadevida.com.ar\/portalurbano\/el-gobierno-le-aseguro-al-fmi-que-descongelara-las-tarifas\/#article","isPartOf":{"@id":"https:\/\/experienciadevida.com.ar\/portalurbano\/el-gobierno-le-aseguro-al-fmi-que-descongelara-las-tarifas\/"},"author":{"name":"admpu17wp","@id":"https:\/\/experienciadevida.com.ar\/portalurbano\/#\/schema\/person\/02dd326b1c4b056e9cc972486934a3a7"},"headline":"El Gobierno le asegur\u00f3 al FMI que descongelar\u00e1 las tarifas","datePublished":"2020-02-18T14:11:46+00:00","dateModified":"2020-02-18T14:12:18+00:00","mainEntityOfPage":{"@id":"https:\/\/experienciadevida.com.ar\/portalurbano\/el-gobierno-le-aseguro-al-fmi-que-descongelara-las-tarifas\/"},"wordCount":605,"commentCount":0,"publisher":{"@id":"https:\/\/experienciadevida.com.ar\/portalurbano\/#organization"},"articleSection":["Naci\u00f3n"],"inLanguage":"es","potentialAction":[{"@type":"CommentAction","name":"Comment","target":["https:\/\/experienciadevida.com.ar\/portalurbano\/el-gobierno-le-aseguro-al-fmi-que-descongelara-las-tarifas\/#respond"]}]},{"@type":"WebPage","@id":"https:\/\/experienciadevida.com.ar\/portalurbano\/el-gobierno-le-aseguro-al-fmi-que-descongelara-las-tarifas\/","url":"https:\/\/experienciadevida.com.ar\/portalurbano\/el-gobierno-le-aseguro-al-fmi-que-descongelara-las-tarifas\/","name":"El Gobierno le asegur\u00f3 al FMI que descongelar\u00e1 las tarifas -","isPartOf":{"@id":"https:\/\/experienciadevida.com.ar\/portalurbano\/#website"},"datePublished":"2020-02-18T14:11:46+00:00","dateModified":"2020-02-18T14:12:18+00:00","breadcrumb":{"@id":"https:\/\/experienciadevida.com.ar\/portalurbano\/el-gobierno-le-aseguro-al-fmi-que-descongelara-las-tarifas\/#breadcrumb"},"inLanguage":"es","potentialAction":[{"@type":"ReadAction","target":["https:\/\/experienciadevida.com.ar\/portalurbano\/el-gobierno-le-aseguro-al-fmi-que-descongelara-las-tarifas\/"]}]},{"@type":"BreadcrumbList","@id":"https:\/\/experienciadevida.com.ar\/portalurbano\/el-gobierno-le-aseguro-al-fmi-que-descongelara-las-tarifas\/#breadcrumb","itemListElement":[{"@type":"ListItem","position":1,"name":"Portada","item":"https:\/\/experienciadevida.com.ar\/portalurbano\/"},{"@type":"ListItem","position":2,"name":"El Gobierno le asegur\u00f3 al FMI que descongelar\u00e1 las tarifas"}]},{"@type":"WebSite","@id":"https:\/\/experienciadevida.com.ar\/portalurbano\/#website","url":"https:\/\/experienciadevida.com.ar\/portalurbano\/","name":"","description":"","publisher":{"@id":"https:\/\/experienciadevida.com.ar\/portalurbano\/#organization"},"potentialAction":[{"@type":"SearchAction","target":{"@type":"EntryPoint","urlTemplate":"https:\/\/experienciadevida.com.ar\/portalurbano\/?s={search_term_string}"},"query-input":"required name=search_term_string"}],"inLanguage":"es"},{"@type":"Organization","@id":"https:\/\/experienciadevida.com.ar\/portalurbano\/#organization","name":"Portal Urbano","url":"https:\/\/experienciadevida.com.ar\/portalurbano\/","logo":{"@type":"ImageObject","inLanguage":"es","@id":"https:\/\/experienciadevida.com.ar\/portalurbano\/#\/schema\/logo\/image\/","url":"https:\/\/experienciadevida.com.ar\/portalurbano\/wp-content\/uploads\/2019\/09\/Logo-Original.png","contentUrl":"https:\/\/experienciadevida.com.ar\/portalurbano\/wp-content\/uploads\/2019\/09\/Logo-Original.png","width":2236,"height":1216,"caption":"Portal Urbano"},"image":{"@id":"https:\/\/experienciadevida.com.ar\/portalurbano\/#\/schema\/logo\/image\/"},"sameAs":["https:\/\/www.facebook.com\/Portal-Urbano-171542830093757\/","https:\/\/twitter.com\/portalurbanook","https:\/\/www.instagram.com\/_portalurbano\/","https:\/\/www.youtube.com\/channel\/UCXhagIfszH8KxFiOok79zbA?view_as=subscriber"]},{"@type":"Person","@id":"https:\/\/experienciadevida.com.ar\/portalurbano\/#\/schema\/person\/02dd326b1c4b056e9cc972486934a3a7","name":"admpu17wp","image":{"@type":"ImageObject","inLanguage":"es","@id":"https:\/\/experienciadevida.com.ar\/portalurbano\/#\/schema\/person\/image\/","url":"https:\/\/secure.gravatar.com\/avatar\/830d4c57adaae6630765e449a6908047?s=96&d=mm&r=g","contentUrl":"https:\/\/secure.gravatar.com\/avatar\/830d4c57adaae6630765e449a6908047?s=96&d=mm&r=g","caption":"admpu17wp"}}]}},"featured_image_urls":{"full":["https:\/\/experienciadevida.com.ar\/portalurbano\/wp-content\/uploads\/2020\/02\/FMI-3.jpg",760,447,false],"thumbnail":["https:\/\/experienciadevida.com.ar\/portalurbano\/wp-content\/uploads\/2020\/02\/FMI-3-150x150.jpg",150,150,true],"medium":["https:\/\/experienciadevida.com.ar\/portalurbano\/wp-content\/uploads\/2020\/02\/FMI-3-300x176.jpg",300,176,true],"medium_large":["https:\/\/experienciadevida.com.ar\/portalurbano\/wp-content\/uploads\/2020\/02\/FMI-3.jpg",640,376,false],"large":["https:\/\/experienciadevida.com.ar\/portalurbano\/wp-content\/uploads\/2020\/02\/FMI-3.jpg",640,376,false],"ug_big":["https:\/\/experienciadevida.com.ar\/portalurbano\/wp-content\/uploads\/2020\/02\/FMI-3.jpg",760,447,false],"1536x1536":["https:\/\/experienciadevida.com.ar\/portalurbano\/wp-content\/uploads\/2020\/02\/FMI-3.jpg",760,447,false],"2048x2048":["https:\/\/experienciadevida.com.ar\/portalurbano\/wp-content\/uploads\/2020\/02\/FMI-3.jpg",760,447,false],"newsever-slider-full":["https:\/\/experienciadevida.com.ar\/portalurbano\/wp-content\/uploads\/2020\/02\/FMI-3.jpg",760,447,false],"newsever-featured":["https:\/\/experienciadevida.com.ar\/portalurbano\/wp-content\/uploads\/2020\/02\/FMI-3.jpg",760,447,false],"newsever-medium":["https:\/\/experienciadevida.com.ar\/portalurbano\/wp-content\/uploads\/2020\/02\/FMI-3.jpg",720,423,false],"web-stories-poster-portrait":["https:\/\/experienciadevida.com.ar\/portalurbano\/wp-content\/uploads\/2020\/02\/FMI-3.jpg",640,376,false],"web-stories-publisher-logo":["https:\/\/experienciadevida.com.ar\/portalurbano\/wp-content\/uploads\/2020\/02\/FMI-3.jpg",96,56,false],"web-stories-thumbnail":["https:\/\/experienciadevida.com.ar\/portalurbano\/wp-content\/uploads\/2020\/02\/FMI-3.jpg",150,88,false]},"author_info":{"display_name":"admpu17wp","author_link":"https:\/\/experienciadevida.com.ar\/portalurbano\/author\/admpu17wp\/"},"category_info":"<a href=\"https:\/\/experienciadevida.com.ar\/portalurbano\/category\/nacion\/\" rel=\"category tag\">Naci\u00f3n<\/a>","tag_info":"Naci\u00f3n","comment_count":"0","amp_enabled":true,"_links":{"self":[{"href":"https:\/\/experienciadevida.com.ar\/portalurbano\/wp-json\/wp\/v2\/posts\/101790"}],"collection":[{"href":"https:\/\/experienciadevida.com.ar\/portalurbano\/wp-json\/wp\/v2\/posts"}],"about":[{"href":"https:\/\/experienciadevida.com.ar\/portalurbano\/wp-json\/wp\/v2\/types\/post"}],"author":[{"embeddable":true,"href":"https:\/\/experienciadevida.com.ar\/portalurbano\/wp-json\/wp\/v2\/users\/1"}],"replies":[{"embeddable":true,"href":"https:\/\/experienciadevida.com.ar\/portalurbano\/wp-json\/wp\/v2\/comments?post=101790"}],"version-history":[{"count":1,"href":"https:\/\/experienciadevida.com.ar\/portalurbano\/wp-json\/wp\/v2\/posts\/101790\/revisions"}],"predecessor-version":[{"id":101792,"href":"https:\/\/experienciadevida.com.ar\/portalurbano\/wp-json\/wp\/v2\/posts\/101790\/revisions\/101792"}],"wp:featuredmedia":[{"embeddable":true,"href":"https:\/\/experienciadevida.com.ar\/portalurbano\/wp-json\/wp\/v2\/media\/101791"}],"wp:attachment":[{"href":"https:\/\/experienciadevida.com.ar\/portalurbano\/wp-json\/wp\/v2\/media?parent=101790"}],"wp:term":[{"taxonomy":"category","embeddable":true,"href":"https:\/\/experienciadevida.com.ar\/portalurbano\/wp-json\/wp\/v2\/categories?post=101790"},{"taxonomy":"post_tag","embeddable":true,"href":"https:\/\/experienciadevida.com.ar\/portalurbano\/wp-json\/wp\/v2\/tags?post=101790"}],"curies":[{"name":"wp","href":"https:\/\/api.w.org\/{rel}","templated":true}]}}