{"id":101665,"date":"2020-02-15T18:50:18","date_gmt":"2020-02-15T21:50:18","guid":{"rendered":"https:\/\/experienciadevida.com.ar\/portalurbano\/?p=101665"},"modified":"2020-02-15T18:50:18","modified_gmt":"2020-02-15T21:50:18","slug":"carbap-pide-una-senal-del-presidente-para-calmar-el-enojo-de-los-productores","status":"publish","type":"post","link":"https:\/\/experienciadevida.com.ar\/portalurbano\/carbap-pide-una-senal-del-presidente-para-calmar-el-enojo-de-los-productores\/","title":{"rendered":"Carbap pide &#8220;una se\u00f1al del Presidente&#8221; para calmar el enojo de los productores"},"content":{"rendered":"<p>El presidente de la Confederaci\u00f3n de Asociaciones Rurales de Buenos Aires y La Pampa (Carbap), Mat\u00edas de Velazco, pidi\u00f3 hoy una &#8220;se\u00f1al del presidente&#8221; Alberto Fern\u00e1ndez sobre el futuro de las retenciones para el campo, ante el &#8220;enojo&#8221; que viven los productores por la presi\u00f3n tributaria.<\/p>\n<p>&#8220;El productor necesita se\u00f1ales, una expresi\u00f3n del Presidente diciendo lo que piensa de las retenciones y cu\u00e1l va a ser el derrotero de las mismas en el futuro pr\u00f3ximo. Nadie pide que las saquen el lunes, nos encantar\u00eda, pero somos conscientes de la situaci\u00f3n que hay&#8221;, sostuvo el representante de la entidad rural en declaraciones a radio Continental.<\/p>\n<p>De Velazco asegur\u00f3 que solicitaron una reuni\u00f3n con el ministro de Agricultura, Luis Basterra, que no fue respondida, y remarc\u00f3 que &#8220;el productor est\u00e1 enojado&#8221;.<\/p>\n<p>Ese enojo, explic\u00f3, se vio en las diferentes asambleas y tractorazos realizados en las \u00faltimas semanas en varias provincias. &#8220;El Gobierno tiene que ser consciente y leer lo que est\u00e1 pasando, ese malestar que se est\u00e1 generando por la enorme presi\u00f3n impositiva que hay, cuyo impuesto m\u00e1s simb\u00f3lico son las retenciones pero no es el \u00fanico&#8221;, agreg\u00f3 el sindicalista agrario.<\/p>\n<p>Y asegur\u00f3 que el malestar por la carga tributaria no es s\u00f3lo del campo: &#8220;Gran parte del sector privado est\u00e1 expresando su disconformidad&#8221;. Por \u00fatimo, De Velazco anunci\u00f3 que habr\u00e1 una reuni\u00f3n en los pr\u00f3ximos d\u00edas de la Mesa de Enlace en la que tomar\u00e1n decisiones sobre c\u00f3mo continuar con los reclamos del sector. (DIB) DG<\/p>\n","protected":false},"excerpt":{"rendered":"<p>El presidente de la Confederaci\u00f3n de Asociaciones Rurales de Buenos Aires y La Pampa (Carbap),&#8230;<\/p>\n","protected":false},"author":1,"featured_media":101666,"comment_status":"open","ping_status":"open","sticky":false,"template":"","format":"standard","meta":{"content-type":""},"categories":[39],"tags":[],"nelio_content":{"isAutoShareEnabled":false,"autoShareEndMode":"default","automationSources":{"useContentSentences":true,"useSocialTemplates":true,"useCustomSentences":false,"customSentences":[]},"followers":[1],"suggestedReferences":[],"includedReferences":[],"efiUrl":"","efiAlt":"","highlights":[]},"yoast_head":"<!-- This site is optimized with the Yoast SEO plugin v20.7 - https:\/\/yoast.com\/wordpress\/plugins\/seo\/ -->\n<title>Carbap pide &quot;una se\u00f1al del Presidente&quot; para calmar el enojo de los productores -<\/title>\n<meta name=\"robots\" content=\"index, follow, max-snippet:-1, max-image-preview:large, max-video-preview:-1\" \/>\n<link rel=\"canonical\" href=\"https:\/\/experienciadevida.com.ar\/portalurbano\/carbap-pide-una-senal-del-presidente-para-calmar-el-enojo-de-los-productores\/\" \/>\n<meta property=\"og:locale\" content=\"es_ES\" \/>\n<meta property=\"og:type\" content=\"article\" \/>\n<meta property=\"og:title\" content=\"Carbap pide &quot;una se\u00f1al del Presidente&quot; para calmar el enojo de los productores -\" \/>\n<meta property=\"og:description\" content=\"El presidente de la Confederaci\u00f3n de Asociaciones Rurales de Buenos Aires y La Pampa (Carbap),...\" \/>\n<meta property=\"og:url\" content=\"https:\/\/experienciadevida.com.ar\/portalurbano\/carbap-pide-una-senal-del-presidente-para-calmar-el-enojo-de-los-productores\/\" \/>\n<meta property=\"article:publisher\" content=\"https:\/\/www.facebook.com\/Portal-Urbano-171542830093757\/\" \/>\n<meta property=\"article:published_time\" content=\"2020-02-15T21:50:18+00:00\" \/>\n<meta property=\"og:image\" content=\"https:\/\/experienciadevida.com.ar\/portalurbano\/wp-content\/uploads\/2020\/02\/lvp.5e47f8088c99b1581774856-e1581803351235.jpeg\" \/>\n\t<meta property=\"og:image:width\" content=\"800\" \/>\n\t<meta property=\"og:image:height\" content=\"600\" \/>\n\t<meta property=\"og:image:type\" content=\"image\/jpeg\" \/>\n<meta name=\"author\" content=\"admpu17wp\" \/>\n<meta name=\"twitter:card\" content=\"summary_large_image\" \/>\n<meta name=\"twitter:creator\" content=\"@portalurbanook\" \/>\n<meta name=\"twitter:site\" content=\"@portalurbanook\" \/>\n<meta name=\"twitter:label1\" content=\"Escrito por\" \/>\n\t<meta name=\"twitter:data1\" content=\"admpu17wp\" \/>\n\t<meta name=\"twitter:label2\" content=\"Tiempo de lectura\" \/>\n\t<meta name=\"twitter:data2\" content=\"1 minuto\" \/>\n<script type=\"application\/ld+json\" class=\"yoast-schema-graph\">{\"@context\":\"https:\/\/schema.org\",\"@graph\":[{\"@type\":\"Article\",\"@id\":\"https:\/\/experienciadevida.com.ar\/portalurbano\/carbap-pide-una-senal-del-presidente-para-calmar-el-enojo-de-los-productores\/#article\",\"isPartOf\":{\"@id\":\"https:\/\/experienciadevida.com.ar\/portalurbano\/carbap-pide-una-senal-del-presidente-para-calmar-el-enojo-de-los-productores\/\"},\"author\":{\"name\":\"admpu17wp\",\"@id\":\"https:\/\/experienciadevida.com.ar\/portalurbano\/#\/schema\/person\/02dd326b1c4b056e9cc972486934a3a7\"},\"headline\":\"Carbap pide &#8220;una se\u00f1al del Presidente&#8221; para calmar el enojo de los productores\",\"datePublished\":\"2020-02-15T21:50:18+00:00\",\"dateModified\":\"2020-02-15T21:50:18+00:00\",\"mainEntityOfPage\":{\"@id\":\"https:\/\/experienciadevida.com.ar\/portalurbano\/carbap-pide-una-senal-del-presidente-para-calmar-el-enojo-de-los-productores\/\"},\"wordCount\":280,\"commentCount\":0,\"publisher\":{\"@id\":\"https:\/\/experienciadevida.com.ar\/portalurbano\/#organization\"},\"articleSection\":[\"Naci\u00f3n\"],\"inLanguage\":\"es\",\"potentialAction\":[{\"@type\":\"CommentAction\",\"name\":\"Comment\",\"target\":[\"https:\/\/experienciadevida.com.ar\/portalurbano\/carbap-pide-una-senal-del-presidente-para-calmar-el-enojo-de-los-productores\/#respond\"]}]},{\"@type\":\"WebPage\",\"@id\":\"https:\/\/experienciadevida.com.ar\/portalurbano\/carbap-pide-una-senal-del-presidente-para-calmar-el-enojo-de-los-productores\/\",\"url\":\"https:\/\/experienciadevida.com.ar\/portalurbano\/carbap-pide-una-senal-del-presidente-para-calmar-el-enojo-de-los-productores\/\",\"name\":\"Carbap pide \\\"una se\u00f1al del Presidente\\\" para calmar el enojo de los productores -\",\"isPartOf\":{\"@id\":\"https:\/\/experienciadevida.com.ar\/portalurbano\/#website\"},\"datePublished\":\"2020-02-15T21:50:18+00:00\",\"dateModified\":\"2020-02-15T21:50:18+00:00\",\"breadcrumb\":{\"@id\":\"https:\/\/experienciadevida.com.ar\/portalurbano\/carbap-pide-una-senal-del-presidente-para-calmar-el-enojo-de-los-productores\/#breadcrumb\"},\"inLanguage\":\"es\",\"potentialAction\":[{\"@type\":\"ReadAction\",\"target\":[\"https:\/\/experienciadevida.com.ar\/portalurbano\/carbap-pide-una-senal-del-presidente-para-calmar-el-enojo-de-los-productores\/\"]}]},{\"@type\":\"BreadcrumbList\",\"@id\":\"https:\/\/experienciadevida.com.ar\/portalurbano\/carbap-pide-una-senal-del-presidente-para-calmar-el-enojo-de-los-productores\/#breadcrumb\",\"itemListElement\":[{\"@type\":\"ListItem\",\"position\":1,\"name\":\"Portada\",\"item\":\"https:\/\/experienciadevida.com.ar\/portalurbano\/\"},{\"@type\":\"ListItem\",\"position\":2,\"name\":\"Carbap pide \u00abuna se\u00f1al del Presidente\u00bb para calmar el enojo de los productores\"}]},{\"@type\":\"WebSite\",\"@id\":\"https:\/\/experienciadevida.com.ar\/portalurbano\/#website\",\"url\":\"https:\/\/experienciadevida.com.ar\/portalurbano\/\",\"name\":\"\",\"description\":\"\",\"publisher\":{\"@id\":\"https:\/\/experienciadevida.com.ar\/portalurbano\/#organization\"},\"potentialAction\":[{\"@type\":\"SearchAction\",\"target\":{\"@type\":\"EntryPoint\",\"urlTemplate\":\"https:\/\/experienciadevida.com.ar\/portalurbano\/?s={search_term_string}\"},\"query-input\":\"required name=search_term_string\"}],\"inLanguage\":\"es\"},{\"@type\":\"Organization\",\"@id\":\"https:\/\/experienciadevida.com.ar\/portalurbano\/#organization\",\"name\":\"Portal Urbano\",\"url\":\"https:\/\/experienciadevida.com.ar\/portalurbano\/\",\"logo\":{\"@type\":\"ImageObject\",\"inLanguage\":\"es\",\"@id\":\"https:\/\/experienciadevida.com.ar\/portalurbano\/#\/schema\/logo\/image\/\",\"url\":\"https:\/\/experienciadevida.com.ar\/portalurbano\/wp-content\/uploads\/2019\/09\/Logo-Original.png\",\"contentUrl\":\"https:\/\/experienciadevida.com.ar\/portalurbano\/wp-content\/uploads\/2019\/09\/Logo-Original.png\",\"width\":2236,\"height\":1216,\"caption\":\"Portal Urbano\"},\"image\":{\"@id\":\"https:\/\/experienciadevida.com.ar\/portalurbano\/#\/schema\/logo\/image\/\"},\"sameAs\":[\"https:\/\/www.facebook.com\/Portal-Urbano-171542830093757\/\",\"https:\/\/twitter.com\/portalurbanook\",\"https:\/\/www.instagram.com\/_portalurbano\/\",\"https:\/\/www.youtube.com\/channel\/UCXhagIfszH8KxFiOok79zbA?view_as=subscriber\"]},{\"@type\":\"Person\",\"@id\":\"https:\/\/experienciadevida.com.ar\/portalurbano\/#\/schema\/person\/02dd326b1c4b056e9cc972486934a3a7\",\"name\":\"admpu17wp\",\"image\":{\"@type\":\"ImageObject\",\"inLanguage\":\"es\",\"@id\":\"https:\/\/experienciadevida.com.ar\/portalurbano\/#\/schema\/person\/image\/\",\"url\":\"https:\/\/secure.gravatar.com\/avatar\/830d4c57adaae6630765e449a6908047?s=96&d=mm&r=g\",\"contentUrl\":\"https:\/\/secure.gravatar.com\/avatar\/830d4c57adaae6630765e449a6908047?s=96&d=mm&r=g\",\"caption\":\"admpu17wp\"}}]}<\/script>\n<!-- \/ Yoast SEO plugin. -->","yoast_head_json":{"title":"Carbap pide \"una se\u00f1al del Presidente\" para calmar el enojo de los productores -","robots":{"index":"index","follow":"follow","max-snippet":"max-snippet:-1","max-image-preview":"max-image-preview:large","max-video-preview":"max-video-preview:-1"},"canonical":"https:\/\/experienciadevida.com.ar\/portalurbano\/carbap-pide-una-senal-del-presidente-para-calmar-el-enojo-de-los-productores\/","og_locale":"es_ES","og_type":"article","og_title":"Carbap pide \"una se\u00f1al del Presidente\" para calmar el enojo de los productores -","og_description":"El presidente de la Confederaci\u00f3n de Asociaciones Rurales de Buenos Aires y La Pampa (Carbap),...","og_url":"https:\/\/experienciadevida.com.ar\/portalurbano\/carbap-pide-una-senal-del-presidente-para-calmar-el-enojo-de-los-productores\/","article_publisher":"https:\/\/www.facebook.com\/Portal-Urbano-171542830093757\/","article_published_time":"2020-02-15T21:50:18+00:00","og_image":[{"width":800,"height":600,"url":"https:\/\/experienciadevida.com.ar\/portalurbano\/wp-content\/uploads\/2020\/02\/lvp.5e47f8088c99b1581774856-e1581803351235.jpeg","type":"image\/jpeg"}],"author":"admpu17wp","twitter_card":"summary_large_image","twitter_creator":"@portalurbanook","twitter_site":"@portalurbanook","twitter_misc":{"Escrito por":"admpu17wp","Tiempo de lectura":"1 minuto"},"schema":{"@context":"https:\/\/schema.org","@graph":[{"@type":"Article","@id":"https:\/\/experienciadevida.com.ar\/portalurbano\/carbap-pide-una-senal-del-presidente-para-calmar-el-enojo-de-los-productores\/#article","isPartOf":{"@id":"https:\/\/experienciadevida.com.ar\/portalurbano\/carbap-pide-una-senal-del-presidente-para-calmar-el-enojo-de-los-productores\/"},"author":{"name":"admpu17wp","@id":"https:\/\/experienciadevida.com.ar\/portalurbano\/#\/schema\/person\/02dd326b1c4b056e9cc972486934a3a7"},"headline":"Carbap pide &#8220;una se\u00f1al del Presidente&#8221; para calmar el enojo de los productores","datePublished":"2020-02-15T21:50:18+00:00","dateModified":"2020-02-15T21:50:18+00:00","mainEntityOfPage":{"@id":"https:\/\/experienciadevida.com.ar\/portalurbano\/carbap-pide-una-senal-del-presidente-para-calmar-el-enojo-de-los-productores\/"},"wordCount":280,"commentCount":0,"publisher":{"@id":"https:\/\/experienciadevida.com.ar\/portalurbano\/#organization"},"articleSection":["Naci\u00f3n"],"inLanguage":"es","potentialAction":[{"@type":"CommentAction","name":"Comment","target":["https:\/\/experienciadevida.com.ar\/portalurbano\/carbap-pide-una-senal-del-presidente-para-calmar-el-enojo-de-los-productores\/#respond"]}]},{"@type":"WebPage","@id":"https:\/\/experienciadevida.com.ar\/portalurbano\/carbap-pide-una-senal-del-presidente-para-calmar-el-enojo-de-los-productores\/","url":"https:\/\/experienciadevida.com.ar\/portalurbano\/carbap-pide-una-senal-del-presidente-para-calmar-el-enojo-de-los-productores\/","name":"Carbap pide \"una se\u00f1al del Presidente\" para calmar el enojo de los productores -","isPartOf":{"@id":"https:\/\/experienciadevida.com.ar\/portalurbano\/#website"},"datePublished":"2020-02-15T21:50:18+00:00","dateModified":"2020-02-15T21:50:18+00:00","breadcrumb":{"@id":"https:\/\/experienciadevida.com.ar\/portalurbano\/carbap-pide-una-senal-del-presidente-para-calmar-el-enojo-de-los-productores\/#breadcrumb"},"inLanguage":"es","potentialAction":[{"@type":"ReadAction","target":["https:\/\/experienciadevida.com.ar\/portalurbano\/carbap-pide-una-senal-del-presidente-para-calmar-el-enojo-de-los-productores\/"]}]},{"@type":"BreadcrumbList","@id":"https:\/\/experienciadevida.com.ar\/portalurbano\/carbap-pide-una-senal-del-presidente-para-calmar-el-enojo-de-los-productores\/#breadcrumb","itemListElement":[{"@type":"ListItem","position":1,"name":"Portada","item":"https:\/\/experienciadevida.com.ar\/portalurbano\/"},{"@type":"ListItem","position":2,"name":"Carbap pide \u00abuna se\u00f1al del Presidente\u00bb para calmar el enojo de los productores"}]},{"@type":"WebSite","@id":"https:\/\/experienciadevida.com.ar\/portalurbano\/#website","url":"https:\/\/experienciadevida.com.ar\/portalurbano\/","name":"","description":"","publisher":{"@id":"https:\/\/experienciadevida.com.ar\/portalurbano\/#organization"},"potentialAction":[{"@type":"SearchAction","target":{"@type":"EntryPoint","urlTemplate":"https:\/\/experienciadevida.com.ar\/portalurbano\/?s={search_term_string}"},"query-input":"required name=search_term_string"}],"inLanguage":"es"},{"@type":"Organization","@id":"https:\/\/experienciadevida.com.ar\/portalurbano\/#organization","name":"Portal Urbano","url":"https:\/\/experienciadevida.com.ar\/portalurbano\/","logo":{"@type":"ImageObject","inLanguage":"es","@id":"https:\/\/experienciadevida.com.ar\/portalurbano\/#\/schema\/logo\/image\/","url":"https:\/\/experienciadevida.com.ar\/portalurbano\/wp-content\/uploads\/2019\/09\/Logo-Original.png","contentUrl":"https:\/\/experienciadevida.com.ar\/portalurbano\/wp-content\/uploads\/2019\/09\/Logo-Original.png","width":2236,"height":1216,"caption":"Portal Urbano"},"image":{"@id":"https:\/\/experienciadevida.com.ar\/portalurbano\/#\/schema\/logo\/image\/"},"sameAs":["https:\/\/www.facebook.com\/Portal-Urbano-171542830093757\/","https:\/\/twitter.com\/portalurbanook","https:\/\/www.instagram.com\/_portalurbano\/","https:\/\/www.youtube.com\/channel\/UCXhagIfszH8KxFiOok79zbA?view_as=subscriber"]},{"@type":"Person","@id":"https:\/\/experienciadevida.com.ar\/portalurbano\/#\/schema\/person\/02dd326b1c4b056e9cc972486934a3a7","name":"admpu17wp","image":{"@type":"ImageObject","inLanguage":"es","@id":"https:\/\/experienciadevida.com.ar\/portalurbano\/#\/schema\/person\/image\/","url":"https:\/\/secure.gravatar.com\/avatar\/830d4c57adaae6630765e449a6908047?s=96&d=mm&r=g","contentUrl":"https:\/\/secure.gravatar.com\/avatar\/830d4c57adaae6630765e449a6908047?s=96&d=mm&r=g","caption":"admpu17wp"}}]}},"featured_image_urls":{"full":["https:\/\/experienciadevida.com.ar\/portalurbano\/wp-content\/uploads\/2020\/02\/lvp.5e47f8088c99b1581774856-e1581803351235.jpeg",800,600,false],"thumbnail":["https:\/\/experienciadevida.com.ar\/portalurbano\/wp-content\/uploads\/2020\/02\/lvp.5e47f8088c99b1581774856-150x150.jpeg",150,150,true],"medium":["https:\/\/experienciadevida.com.ar\/portalurbano\/wp-content\/uploads\/2020\/02\/lvp.5e47f8088c99b1581774856-300x225.jpeg",300,225,true],"medium_large":["https:\/\/experienciadevida.com.ar\/portalurbano\/wp-content\/uploads\/2020\/02\/lvp.5e47f8088c99b1581774856-768x576.jpeg",640,480,true],"large":["https:\/\/experienciadevida.com.ar\/portalurbano\/wp-content\/uploads\/2020\/02\/lvp.5e47f8088c99b1581774856-1024x768.jpeg",640,480,true],"ug_big":["https:\/\/experienciadevida.com.ar\/portalurbano\/wp-content\/uploads\/2020\/02\/lvp.5e47f8088c99b1581774856-768x576.jpeg",768,576,true],"1536x1536":["https:\/\/experienciadevida.com.ar\/portalurbano\/wp-content\/uploads\/2020\/02\/lvp.5e47f8088c99b1581774856-e1581803351235.jpeg",800,600,false],"2048x2048":["https:\/\/experienciadevida.com.ar\/portalurbano\/wp-content\/uploads\/2020\/02\/lvp.5e47f8088c99b1581774856-e1581803351235.jpeg",800,600,false],"newsever-slider-full":["https:\/\/experienciadevida.com.ar\/portalurbano\/wp-content\/uploads\/2020\/02\/lvp.5e47f8088c99b1581774856-e1581803351235.jpeg",800,600,false],"newsever-featured":["https:\/\/experienciadevida.com.ar\/portalurbano\/wp-content\/uploads\/2020\/02\/lvp.5e47f8088c99b1581774856-e1581803351235.jpeg",800,600,false],"newsever-medium":["https:\/\/experienciadevida.com.ar\/portalurbano\/wp-content\/uploads\/2020\/02\/lvp.5e47f8088c99b1581774856-e1581803351235.jpeg",633,475,false],"web-stories-poster-portrait":["https:\/\/experienciadevida.com.ar\/portalurbano\/wp-content\/uploads\/2020\/02\/lvp.5e47f8088c99b1581774856-e1581803351235.jpeg",640,480,false],"web-stories-publisher-logo":["https:\/\/experienciadevida.com.ar\/portalurbano\/wp-content\/uploads\/2020\/02\/lvp.5e47f8088c99b1581774856-e1581803351235.jpeg",96,72,false],"web-stories-thumbnail":["https:\/\/experienciadevida.com.ar\/portalurbano\/wp-content\/uploads\/2020\/02\/lvp.5e47f8088c99b1581774856-e1581803351235.jpeg",150,113,false]},"author_info":{"display_name":"admpu17wp","author_link":"https:\/\/experienciadevida.com.ar\/portalurbano\/author\/admpu17wp\/"},"category_info":"<a href=\"https:\/\/experienciadevida.com.ar\/portalurbano\/category\/nacion\/\" rel=\"category tag\">Naci\u00f3n<\/a>","tag_info":"Naci\u00f3n","comment_count":"0","amp_enabled":true,"_links":{"self":[{"href":"https:\/\/experienciadevida.com.ar\/portalurbano\/wp-json\/wp\/v2\/posts\/101665"}],"collection":[{"href":"https:\/\/experienciadevida.com.ar\/portalurbano\/wp-json\/wp\/v2\/posts"}],"about":[{"href":"https:\/\/experienciadevida.com.ar\/portalurbano\/wp-json\/wp\/v2\/types\/post"}],"author":[{"embeddable":true,"href":"https:\/\/experienciadevida.com.ar\/portalurbano\/wp-json\/wp\/v2\/users\/1"}],"replies":[{"embeddable":true,"href":"https:\/\/experienciadevida.com.ar\/portalurbano\/wp-json\/wp\/v2\/comments?post=101665"}],"version-history":[{"count":2,"href":"https:\/\/experienciadevida.com.ar\/portalurbano\/wp-json\/wp\/v2\/posts\/101665\/revisions"}],"predecessor-version":[{"id":101668,"href":"https:\/\/experienciadevida.com.ar\/portalurbano\/wp-json\/wp\/v2\/posts\/101665\/revisions\/101668"}],"wp:featuredmedia":[{"embeddable":true,"href":"https:\/\/experienciadevida.com.ar\/portalurbano\/wp-json\/wp\/v2\/media\/101666"}],"wp:attachment":[{"href":"https:\/\/experienciadevida.com.ar\/portalurbano\/wp-json\/wp\/v2\/media?parent=101665"}],"wp:term":[{"taxonomy":"category","embeddable":true,"href":"https:\/\/experienciadevida.com.ar\/portalurbano\/wp-json\/wp\/v2\/categories?post=101665"},{"taxonomy":"post_tag","embeddable":true,"href":"https:\/\/experienciadevida.com.ar\/portalurbano\/wp-json\/wp\/v2\/tags?post=101665"}],"curies":[{"name":"wp","href":"https:\/\/api.w.org\/{rel}","templated":true}]}}