{"id":101661,"date":"2020-02-15T18:47:01","date_gmt":"2020-02-15T21:47:01","guid":{"rendered":"https:\/\/experienciadevida.com.ar\/portalurbano\/?p=101661"},"modified":"2020-02-15T18:47:01","modified_gmt":"2020-02-15T21:47:01","slug":"asi-quedan-las-jubilaciones-luego-del-aumento-anunciado-por-el-gobierno","status":"publish","type":"post","link":"https:\/\/experienciadevida.com.ar\/portalurbano\/asi-quedan-las-jubilaciones-luego-del-aumento-anunciado-por-el-gobierno\/","title":{"rendered":"As\u00ed quedan las jubilaciones luego del aumento anunciado por el Gobierno"},"content":{"rendered":"<h3>Se achat\u00f3 la pir\u00e1mide, tal como se esperaba. Aquellos que cobren de 20 mil pesos para arriba percibir\u00e1n menos que lo que hubiesen recibido con la ley suspendida<\/h3>\n<hr \/>\n<p>Los funcionarios de gobierno ven\u00edan dando se\u00f1ales, en algunos casos mediante declaraciones expl\u00edcitas, que la intenci\u00f3n oficial era achatar la pir\u00e1mide jubilatoria: es decir, que la diferencia entre el que m\u00e1s gana y el que menos percibe sea menor.<\/p>\n<p>Y el anuncio que hicieron ayer el presidente Alberto Fern\u00e1ndez y el titular del ANSES, Alejandro Vanoli, fue en esa direcci\u00f3n.<\/p>\n<p>El aumento que percibir\u00e1n los jubilados consta de un 2,3% m\u00e1s $1500 fijos para todos. Dado que la cifra variable es muy peque\u00f1a, el monto fijo tiene una incidencia porcentual mucho mayor cuanto menos cobra el jubilado: es por eso que aquellos que reciben la m\u00ednima ser\u00e1n los \u00fanicos que se beneficien por la suspensi\u00f3n de la movilidad jubilatoria que estaba estipulada por ley en un 11,56%.<\/p>\n<p>Aquellos jubilados que cobraban $14.068 pasar\u00e1n a percibir $15.891,60, lo que representa un incremento del 12,96%, es decir, un punto y medio porcentual por encima de lo que hubiesen cobrado si se respetaba el ajuste anterior. Sin embargo, aquellos que percib\u00edan un haber en torno a los 20 mil pesos ahora pasar\u00e1n a recibir $21.960, lo que equivale a una suba del 9,80%. Es decir, ya a partir de estas cifras la anulaci\u00f3n de la f\u00f3rmula pasa a tener un impacto negativo.<\/p>\n<p>En tanto, una persona cuya jubilaci\u00f3n era de 30 mil pesos tendr\u00e1 un aumento del 7,30% y pasar\u00e1 a cobrar $32,190.<\/p>\n<p>Los de $40 mil ahora recibir\u00e1n $42.420 (+6,05%). Quien cobraba $50 mil, por su parte, pasar\u00e1 a cobrar $52.650, es decir, un alza del 5,30%, que sabe a poco en comparaci\u00f3n con la inflaci\u00f3n.<\/p>\n<p>De esta forma, adem\u00e1s de achatar la pir\u00e1mide, el Gobierno consigue comenzar desindexar un poco el gasto y disminuir la inercia inflacionaria. AUH. La Asignaci\u00f3n Universal por Hijo tambi\u00e9n tendr\u00e1 un incremento del 13%, lo mismo que las asignaciones familiares. &#8220;Esto significa que el 86,8% de los beneficios del sistema de seguridad social recibir\u00e1n un incremento mayor en su haber que el que hubiesen percibido con la formula que fue derogada&#8221;, indic\u00f3 Alejandro Vanoli sobre los incrementos anunciados ayer.<\/p>\n<p>De esta forma el funcionario busca mostrar que m\u00e1s all\u00e1 de que muchos de los escalones jubilatorios se vieron perjudicados, la mayor parte de los beneficiarios est\u00e1n dentro del universo que va a ganar m\u00e1s que el 11,56% que dejaba la f\u00f3rmula del macrismo. Cabe mencionar que los jubilados de la m\u00ednima recibieron sumas fijas de 5000 pesos en enero y febrero y los de la AUH $2000.<\/p>\n<p>Fuente: Perfil<\/p>\n","protected":false},"excerpt":{"rendered":"<p>Se achat\u00f3 la pir\u00e1mide, tal como se esperaba. Aquellos que cobren de 20 mil pesos&#8230;<\/p>\n","protected":false},"author":1,"featured_media":0,"comment_status":"open","ping_status":"open","sticky":false,"template":"","format":"standard","meta":{"content-type":""},"categories":[39],"tags":[],"nelio_content":{"isAutoShareEnabled":false,"autoShareEndMode":"default","automationSources":{"useContentSentences":true,"useSocialTemplates":true,"useCustomSentences":false,"customSentences":[]},"followers":[1],"suggestedReferences":[],"includedReferences":[],"efiUrl":"","efiAlt":"","highlights":[]},"yoast_head":"<!-- This site is optimized with the Yoast SEO plugin v20.7 - https:\/\/yoast.com\/wordpress\/plugins\/seo\/ -->\n<title>As\u00ed quedan las jubilaciones luego del aumento anunciado por el Gobierno -<\/title>\n<meta name=\"robots\" content=\"index, follow, max-snippet:-1, max-image-preview:large, max-video-preview:-1\" \/>\n<link rel=\"canonical\" href=\"https:\/\/experienciadevida.com.ar\/portalurbano\/asi-quedan-las-jubilaciones-luego-del-aumento-anunciado-por-el-gobierno\/\" \/>\n<meta property=\"og:locale\" content=\"es_ES\" \/>\n<meta property=\"og:type\" content=\"article\" \/>\n<meta property=\"og:title\" content=\"As\u00ed quedan las jubilaciones luego del aumento anunciado por el Gobierno -\" \/>\n<meta property=\"og:description\" content=\"Se achat\u00f3 la pir\u00e1mide, tal como se esperaba. Aquellos que cobren de 20 mil pesos...\" \/>\n<meta property=\"og:url\" content=\"https:\/\/experienciadevida.com.ar\/portalurbano\/asi-quedan-las-jubilaciones-luego-del-aumento-anunciado-por-el-gobierno\/\" \/>\n<meta property=\"article:publisher\" content=\"https:\/\/www.facebook.com\/Portal-Urbano-171542830093757\/\" \/>\n<meta property=\"article:published_time\" content=\"2020-02-15T21:47:01+00:00\" \/>\n<meta property=\"og:image\" content=\"https:\/\/experienciadevida.com.ar\/portalurbano\/wp-content\/uploads\/2019\/12\/JUBILADOS-e1577032426961.jpg\" \/>\n\t<meta property=\"og:image:width\" content=\"765\" \/>\n\t<meta property=\"og:image:height\" content=\"480\" \/>\n\t<meta property=\"og:image:type\" content=\"image\/jpeg\" \/>\n<meta name=\"author\" content=\"admpu17wp\" \/>\n<meta name=\"twitter:card\" content=\"summary_large_image\" \/>\n<meta name=\"twitter:creator\" content=\"@portalurbanook\" \/>\n<meta name=\"twitter:site\" content=\"@portalurbanook\" \/>\n<meta name=\"twitter:label1\" content=\"Escrito por\" \/>\n\t<meta name=\"twitter:data1\" content=\"admpu17wp\" \/>\n\t<meta name=\"twitter:label2\" content=\"Tiempo de lectura\" \/>\n\t<meta name=\"twitter:data2\" content=\"2 minutos\" \/>\n<script type=\"application\/ld+json\" class=\"yoast-schema-graph\">{\"@context\":\"https:\/\/schema.org\",\"@graph\":[{\"@type\":\"Article\",\"@id\":\"https:\/\/experienciadevida.com.ar\/portalurbano\/asi-quedan-las-jubilaciones-luego-del-aumento-anunciado-por-el-gobierno\/#article\",\"isPartOf\":{\"@id\":\"https:\/\/experienciadevida.com.ar\/portalurbano\/asi-quedan-las-jubilaciones-luego-del-aumento-anunciado-por-el-gobierno\/\"},\"author\":{\"name\":\"admpu17wp\",\"@id\":\"https:\/\/experienciadevida.com.ar\/portalurbano\/#\/schema\/person\/02dd326b1c4b056e9cc972486934a3a7\"},\"headline\":\"As\u00ed quedan las jubilaciones luego del aumento anunciado por el Gobierno\",\"datePublished\":\"2020-02-15T21:47:01+00:00\",\"dateModified\":\"2020-02-15T21:47:01+00:00\",\"mainEntityOfPage\":{\"@id\":\"https:\/\/experienciadevida.com.ar\/portalurbano\/asi-quedan-las-jubilaciones-luego-del-aumento-anunciado-por-el-gobierno\/\"},\"wordCount\":463,\"commentCount\":0,\"publisher\":{\"@id\":\"https:\/\/experienciadevida.com.ar\/portalurbano\/#organization\"},\"articleSection\":[\"Naci\u00f3n\"],\"inLanguage\":\"es\",\"potentialAction\":[{\"@type\":\"CommentAction\",\"name\":\"Comment\",\"target\":[\"https:\/\/experienciadevida.com.ar\/portalurbano\/asi-quedan-las-jubilaciones-luego-del-aumento-anunciado-por-el-gobierno\/#respond\"]}]},{\"@type\":\"WebPage\",\"@id\":\"https:\/\/experienciadevida.com.ar\/portalurbano\/asi-quedan-las-jubilaciones-luego-del-aumento-anunciado-por-el-gobierno\/\",\"url\":\"https:\/\/experienciadevida.com.ar\/portalurbano\/asi-quedan-las-jubilaciones-luego-del-aumento-anunciado-por-el-gobierno\/\",\"name\":\"As\u00ed quedan las jubilaciones luego del aumento anunciado por el Gobierno -\",\"isPartOf\":{\"@id\":\"https:\/\/experienciadevida.com.ar\/portalurbano\/#website\"},\"datePublished\":\"2020-02-15T21:47:01+00:00\",\"dateModified\":\"2020-02-15T21:47:01+00:00\",\"breadcrumb\":{\"@id\":\"https:\/\/experienciadevida.com.ar\/portalurbano\/asi-quedan-las-jubilaciones-luego-del-aumento-anunciado-por-el-gobierno\/#breadcrumb\"},\"inLanguage\":\"es\",\"potentialAction\":[{\"@type\":\"ReadAction\",\"target\":[\"https:\/\/experienciadevida.com.ar\/portalurbano\/asi-quedan-las-jubilaciones-luego-del-aumento-anunciado-por-el-gobierno\/\"]}]},{\"@type\":\"BreadcrumbList\",\"@id\":\"https:\/\/experienciadevida.com.ar\/portalurbano\/asi-quedan-las-jubilaciones-luego-del-aumento-anunciado-por-el-gobierno\/#breadcrumb\",\"itemListElement\":[{\"@type\":\"ListItem\",\"position\":1,\"name\":\"Portada\",\"item\":\"https:\/\/experienciadevida.com.ar\/portalurbano\/\"},{\"@type\":\"ListItem\",\"position\":2,\"name\":\"As\u00ed quedan las jubilaciones luego del aumento anunciado por el Gobierno\"}]},{\"@type\":\"WebSite\",\"@id\":\"https:\/\/experienciadevida.com.ar\/portalurbano\/#website\",\"url\":\"https:\/\/experienciadevida.com.ar\/portalurbano\/\",\"name\":\"\",\"description\":\"\",\"publisher\":{\"@id\":\"https:\/\/experienciadevida.com.ar\/portalurbano\/#organization\"},\"potentialAction\":[{\"@type\":\"SearchAction\",\"target\":{\"@type\":\"EntryPoint\",\"urlTemplate\":\"https:\/\/experienciadevida.com.ar\/portalurbano\/?s={search_term_string}\"},\"query-input\":\"required name=search_term_string\"}],\"inLanguage\":\"es\"},{\"@type\":\"Organization\",\"@id\":\"https:\/\/experienciadevida.com.ar\/portalurbano\/#organization\",\"name\":\"Portal Urbano\",\"url\":\"https:\/\/experienciadevida.com.ar\/portalurbano\/\",\"logo\":{\"@type\":\"ImageObject\",\"inLanguage\":\"es\",\"@id\":\"https:\/\/experienciadevida.com.ar\/portalurbano\/#\/schema\/logo\/image\/\",\"url\":\"https:\/\/experienciadevida.com.ar\/portalurbano\/wp-content\/uploads\/2019\/09\/Logo-Original.png\",\"contentUrl\":\"https:\/\/experienciadevida.com.ar\/portalurbano\/wp-content\/uploads\/2019\/09\/Logo-Original.png\",\"width\":2236,\"height\":1216,\"caption\":\"Portal Urbano\"},\"image\":{\"@id\":\"https:\/\/experienciadevida.com.ar\/portalurbano\/#\/schema\/logo\/image\/\"},\"sameAs\":[\"https:\/\/www.facebook.com\/Portal-Urbano-171542830093757\/\",\"https:\/\/twitter.com\/portalurbanook\",\"https:\/\/www.instagram.com\/_portalurbano\/\",\"https:\/\/www.youtube.com\/channel\/UCXhagIfszH8KxFiOok79zbA?view_as=subscriber\"]},{\"@type\":\"Person\",\"@id\":\"https:\/\/experienciadevida.com.ar\/portalurbano\/#\/schema\/person\/02dd326b1c4b056e9cc972486934a3a7\",\"name\":\"admpu17wp\",\"image\":{\"@type\":\"ImageObject\",\"inLanguage\":\"es\",\"@id\":\"https:\/\/experienciadevida.com.ar\/portalurbano\/#\/schema\/person\/image\/\",\"url\":\"https:\/\/secure.gravatar.com\/avatar\/830d4c57adaae6630765e449a6908047?s=96&d=mm&r=g\",\"contentUrl\":\"https:\/\/secure.gravatar.com\/avatar\/830d4c57adaae6630765e449a6908047?s=96&d=mm&r=g\",\"caption\":\"admpu17wp\"}}]}<\/script>\n<!-- \/ Yoast SEO plugin. -->","yoast_head_json":{"title":"As\u00ed quedan las jubilaciones luego del aumento anunciado por el Gobierno -","robots":{"index":"index","follow":"follow","max-snippet":"max-snippet:-1","max-image-preview":"max-image-preview:large","max-video-preview":"max-video-preview:-1"},"canonical":"https:\/\/experienciadevida.com.ar\/portalurbano\/asi-quedan-las-jubilaciones-luego-del-aumento-anunciado-por-el-gobierno\/","og_locale":"es_ES","og_type":"article","og_title":"As\u00ed quedan las jubilaciones luego del aumento anunciado por el Gobierno -","og_description":"Se achat\u00f3 la pir\u00e1mide, tal como se esperaba. Aquellos que cobren de 20 mil pesos...","og_url":"https:\/\/experienciadevida.com.ar\/portalurbano\/asi-quedan-las-jubilaciones-luego-del-aumento-anunciado-por-el-gobierno\/","article_publisher":"https:\/\/www.facebook.com\/Portal-Urbano-171542830093757\/","article_published_time":"2020-02-15T21:47:01+00:00","og_image":[{"width":765,"height":480,"url":"https:\/\/experienciadevida.com.ar\/portalurbano\/wp-content\/uploads\/2019\/12\/JUBILADOS-e1577032426961.jpg","type":"image\/jpeg"}],"author":"admpu17wp","twitter_card":"summary_large_image","twitter_creator":"@portalurbanook","twitter_site":"@portalurbanook","twitter_misc":{"Escrito por":"admpu17wp","Tiempo de lectura":"2 minutos"},"schema":{"@context":"https:\/\/schema.org","@graph":[{"@type":"Article","@id":"https:\/\/experienciadevida.com.ar\/portalurbano\/asi-quedan-las-jubilaciones-luego-del-aumento-anunciado-por-el-gobierno\/#article","isPartOf":{"@id":"https:\/\/experienciadevida.com.ar\/portalurbano\/asi-quedan-las-jubilaciones-luego-del-aumento-anunciado-por-el-gobierno\/"},"author":{"name":"admpu17wp","@id":"https:\/\/experienciadevida.com.ar\/portalurbano\/#\/schema\/person\/02dd326b1c4b056e9cc972486934a3a7"},"headline":"As\u00ed quedan las jubilaciones luego del aumento anunciado por el Gobierno","datePublished":"2020-02-15T21:47:01+00:00","dateModified":"2020-02-15T21:47:01+00:00","mainEntityOfPage":{"@id":"https:\/\/experienciadevida.com.ar\/portalurbano\/asi-quedan-las-jubilaciones-luego-del-aumento-anunciado-por-el-gobierno\/"},"wordCount":463,"commentCount":0,"publisher":{"@id":"https:\/\/experienciadevida.com.ar\/portalurbano\/#organization"},"articleSection":["Naci\u00f3n"],"inLanguage":"es","potentialAction":[{"@type":"CommentAction","name":"Comment","target":["https:\/\/experienciadevida.com.ar\/portalurbano\/asi-quedan-las-jubilaciones-luego-del-aumento-anunciado-por-el-gobierno\/#respond"]}]},{"@type":"WebPage","@id":"https:\/\/experienciadevida.com.ar\/portalurbano\/asi-quedan-las-jubilaciones-luego-del-aumento-anunciado-por-el-gobierno\/","url":"https:\/\/experienciadevida.com.ar\/portalurbano\/asi-quedan-las-jubilaciones-luego-del-aumento-anunciado-por-el-gobierno\/","name":"As\u00ed quedan las jubilaciones luego del aumento anunciado por el Gobierno -","isPartOf":{"@id":"https:\/\/experienciadevida.com.ar\/portalurbano\/#website"},"datePublished":"2020-02-15T21:47:01+00:00","dateModified":"2020-02-15T21:47:01+00:00","breadcrumb":{"@id":"https:\/\/experienciadevida.com.ar\/portalurbano\/asi-quedan-las-jubilaciones-luego-del-aumento-anunciado-por-el-gobierno\/#breadcrumb"},"inLanguage":"es","potentialAction":[{"@type":"ReadAction","target":["https:\/\/experienciadevida.com.ar\/portalurbano\/asi-quedan-las-jubilaciones-luego-del-aumento-anunciado-por-el-gobierno\/"]}]},{"@type":"BreadcrumbList","@id":"https:\/\/experienciadevida.com.ar\/portalurbano\/asi-quedan-las-jubilaciones-luego-del-aumento-anunciado-por-el-gobierno\/#breadcrumb","itemListElement":[{"@type":"ListItem","position":1,"name":"Portada","item":"https:\/\/experienciadevida.com.ar\/portalurbano\/"},{"@type":"ListItem","position":2,"name":"As\u00ed quedan las jubilaciones luego del aumento anunciado por el Gobierno"}]},{"@type":"WebSite","@id":"https:\/\/experienciadevida.com.ar\/portalurbano\/#website","url":"https:\/\/experienciadevida.com.ar\/portalurbano\/","name":"","description":"","publisher":{"@id":"https:\/\/experienciadevida.com.ar\/portalurbano\/#organization"},"potentialAction":[{"@type":"SearchAction","target":{"@type":"EntryPoint","urlTemplate":"https:\/\/experienciadevida.com.ar\/portalurbano\/?s={search_term_string}"},"query-input":"required name=search_term_string"}],"inLanguage":"es"},{"@type":"Organization","@id":"https:\/\/experienciadevida.com.ar\/portalurbano\/#organization","name":"Portal Urbano","url":"https:\/\/experienciadevida.com.ar\/portalurbano\/","logo":{"@type":"ImageObject","inLanguage":"es","@id":"https:\/\/experienciadevida.com.ar\/portalurbano\/#\/schema\/logo\/image\/","url":"https:\/\/experienciadevida.com.ar\/portalurbano\/wp-content\/uploads\/2019\/09\/Logo-Original.png","contentUrl":"https:\/\/experienciadevida.com.ar\/portalurbano\/wp-content\/uploads\/2019\/09\/Logo-Original.png","width":2236,"height":1216,"caption":"Portal Urbano"},"image":{"@id":"https:\/\/experienciadevida.com.ar\/portalurbano\/#\/schema\/logo\/image\/"},"sameAs":["https:\/\/www.facebook.com\/Portal-Urbano-171542830093757\/","https:\/\/twitter.com\/portalurbanook","https:\/\/www.instagram.com\/_portalurbano\/","https:\/\/www.youtube.com\/channel\/UCXhagIfszH8KxFiOok79zbA?view_as=subscriber"]},{"@type":"Person","@id":"https:\/\/experienciadevida.com.ar\/portalurbano\/#\/schema\/person\/02dd326b1c4b056e9cc972486934a3a7","name":"admpu17wp","image":{"@type":"ImageObject","inLanguage":"es","@id":"https:\/\/experienciadevida.com.ar\/portalurbano\/#\/schema\/person\/image\/","url":"https:\/\/secure.gravatar.com\/avatar\/830d4c57adaae6630765e449a6908047?s=96&d=mm&r=g","contentUrl":"https:\/\/secure.gravatar.com\/avatar\/830d4c57adaae6630765e449a6908047?s=96&d=mm&r=g","caption":"admpu17wp"}}]}},"featured_image_urls":{"full":"","thumbnail":"","medium":"","medium_large":"","large":"","ug_big":"","1536x1536":"","2048x2048":"","newsever-slider-full":"","newsever-featured":"","newsever-medium":"","web-stories-poster-portrait":"","web-stories-publisher-logo":"","web-stories-thumbnail":""},"author_info":{"display_name":"admpu17wp","author_link":"https:\/\/experienciadevida.com.ar\/portalurbano\/author\/admpu17wp\/"},"category_info":"<a href=\"https:\/\/experienciadevida.com.ar\/portalurbano\/category\/nacion\/\" rel=\"category tag\">Naci\u00f3n<\/a>","tag_info":"Naci\u00f3n","comment_count":"0","amp_enabled":true,"_links":{"self":[{"href":"https:\/\/experienciadevida.com.ar\/portalurbano\/wp-json\/wp\/v2\/posts\/101661"}],"collection":[{"href":"https:\/\/experienciadevida.com.ar\/portalurbano\/wp-json\/wp\/v2\/posts"}],"about":[{"href":"https:\/\/experienciadevida.com.ar\/portalurbano\/wp-json\/wp\/v2\/types\/post"}],"author":[{"embeddable":true,"href":"https:\/\/experienciadevida.com.ar\/portalurbano\/wp-json\/wp\/v2\/users\/1"}],"replies":[{"embeddable":true,"href":"https:\/\/experienciadevida.com.ar\/portalurbano\/wp-json\/wp\/v2\/comments?post=101661"}],"version-history":[{"count":2,"href":"https:\/\/experienciadevida.com.ar\/portalurbano\/wp-json\/wp\/v2\/posts\/101661\/revisions"}],"predecessor-version":[{"id":101664,"href":"https:\/\/experienciadevida.com.ar\/portalurbano\/wp-json\/wp\/v2\/posts\/101661\/revisions\/101664"}],"wp:attachment":[{"href":"https:\/\/experienciadevida.com.ar\/portalurbano\/wp-json\/wp\/v2\/media?parent=101661"}],"wp:term":[{"taxonomy":"category","embeddable":true,"href":"https:\/\/experienciadevida.com.ar\/portalurbano\/wp-json\/wp\/v2\/categories?post=101661"},{"taxonomy":"post_tag","embeddable":true,"href":"https:\/\/experienciadevida.com.ar\/portalurbano\/wp-json\/wp\/v2\/tags?post=101661"}],"curies":[{"name":"wp","href":"https:\/\/api.w.org\/{rel}","templated":true}]}}