{"id":101482,"date":"2020-02-13T19:16:42","date_gmt":"2020-02-13T22:16:42","guid":{"rendered":"https:\/\/experienciadevida.com.ar\/portalurbano\/?p=101482"},"modified":"2020-02-13T19:17:30","modified_gmt":"2020-02-13T22:17:30","slug":"la-inflacion-de-enero-fue-del-23-es-la-mas-baja-desde-julio-2","status":"publish","type":"post","link":"https:\/\/experienciadevida.com.ar\/portalurbano\/la-inflacion-de-enero-fue-del-23-es-la-mas-baja-desde-julio-2\/","title":{"rendered":"La inflaci\u00f3n de enero fue del 2,3%: es la m\u00e1s baja desde julio"},"content":{"rendered":"<article id=\"article-post\" class=\"first\">\n<p class=\"interiorCopete\">Se transform\u00f3 en el \u00edndice m\u00e1s bajo desde julio del a\u00f1o pasado y acumula un 52,9% interanual, seg\u00fan inform\u00f3 el Indec.<\/p>\n<div class=\"separator-line\">El \u00cdndice de <strong>Precios al Consumidor<\/strong>\u00a0aument\u00f3 durante enero el 2,3% y se transform\u00f3 en el m\u00e1s bajo desde julio del a\u00f1o pasado, inform\u00f3 el Instituto Nacional de Estad\u00edstica y Censos (Indec).<\/div>\n<div class=\"cuerpo\" data-twitter-link=\"https:\/\/twitter.com\/intent\/tweet?url=https:\/\/www.diariopopular.com.ar\/\/c458666&amp;via=poopulardiario&amp;related=Diario Popular&amp;text=\">\n<div id=\"div-gpt-ad-nota-614798\" class=\"banner-90\" data-mapping=\"mapping9\" data-google-query-id=\"CKHxrdjGz-cCFQMGuQYdv-0KkA\">\n<div id=\"google_ads_iframe_\/7581181\/dp_universal_0__container__\"><\/div>\n<\/div>\n<\/div>\n<\/article>\n<article id=\"article-post\">\n<div class=\"cuerpo\" data-twitter-link=\"https:\/\/twitter.com\/intent\/tweet?url=https:\/\/www.diariopopular.com.ar\/\/c458666&amp;via=poopulardiario&amp;related=Diario Popular&amp;text=\">\n<p><span id=\"saysCMSEmphasis1wg3tuqpke1h\" class=\"saysCMSEmphasis\"><mark>De esta forma, la inflaci\u00f3n acumula un 52,9% interanual, seg\u00fan inform\u00f3 el Indec.<\/mark><\/span><\/p>\n<p><strong>Recreaci\u00f3n y cultura fue la divisi\u00f3n con mayor variaci\u00f3n mensual (5%)<\/strong>\u00a0en enero de 2020, seguida de Alimentos y bebidas (4,7%). Salud (-2%) y Equipamiento y mantenimiento del hogar (-1,3%), las que bajaron.<\/p>\n<p>Esta suba del 2,3% en enero super\u00f3 por apenas una d\u00e9cima al 2,2% de julio del a\u00f1o pasado, pero se ubic\u00f3 muy por debajo del 3,7% de diciembre, y del 3,5% que estimaban para el mes las consultoras privadas relevadas por el Banco Central.<\/p>\n<div id=\"embed90_wrap\" class=\"embed_cont type_freetext no-epigrafe no-copyright\">\n<div id=\"embed90_content\" class=\"embed_content\">\n<div id=\"embed90_embed\">\n<div class=\"SandboxRoot env-bp-350\" data-twitter-event-id=\"0\">\n<div id=\"twitter-widget-0\" class=\"EmbeddedTweet EmbeddedTweet--cta js-clickToOpenTarget\" lang=\"en\" data-click-to-open-target=\"https:\/\/twitter.com\/INDECArgentina\/status\/1228031288461930498\" data-iframe-title=\"Twitter Tweet\" data-scribe=\"page:tweet\" data-twitter-event-id=\"1\">\n<div class=\"EmbeddedTweet-tweetContainer\">\n<div class=\"EmbeddedTweet-tweet\">\n<blockquote class=\"Tweet h-entry js-tweetIdInfo subject expanded\" cite=\"https:\/\/twitter.com\/INDECArgentina\/status\/1228031288461930498\" data-tweet-id=\"1228031288461930498\" data-scribe=\"section:subject\">\n<div class=\"Tweet-body e-entry-content\" data-scribe=\"component:tweet\">\n<p class=\"Tweet-text e-entry-title\" dir=\"ltr\" lang=\"es\"><a class=\"MediaCard-mediaAsset NaturalImage\" href=\"https:\/\/twitter.com\/INDECArgentina\/status\/1228031288461930498\/photo\/1\"><img decoding=\"async\" class=\"NaturalImage-image\" title=\"View image on Twitter\" src=\"https:\/\/pbs.twimg.com\/media\/EQrX8bYWsAUMalW?format=jpg&amp;name=small\" alt=\"View image on Twitter\" width=\"1200\" height=\"891\" data-image=\"https:\/\/pbs.twimg.com\/media\/EQrX8bYWsAUMalW\" data-image-format=\"jpg\" \/><\/a><\/p>\n<div class=\"TweetInfo\">El uso de servicios p\u00fablicos registr\u00f3 en noviembre \u00faltimo una ca\u00edda del 1,7% contra igual per\u00edodo de 2018, inform\u00f3 ayer el INDEC.<\/div>\n<\/div>\n<\/blockquote>\n<\/div>\n<\/div>\n<\/div>\n<\/div>\n<\/div>\n<\/div>\n<\/div>\n<p>En t\u00e9rminos desestacionalizados, el indicador present\u00f3 una ca\u00edda de 0,2% en noviembre de 2019 respecto de octubre de ese mismo a\u00f1o.<\/p>\n<p>En noviembre respecto de igual mes del 2018, la demanda de energ\u00eda el\u00e9ctrica, gas y agua registr\u00f3 una suba de 2,6%; y la recolecci\u00f3n de residuos tuvo una contracci\u00f3n de 6,4%. Por su parte, se observa una ca\u00edda en el transporte de pasajeros de 0,6% y un aumento en el transporte de carga de 6,1%.<\/p>\n<\/div>\n<\/article>\n","protected":false},"excerpt":{"rendered":"<p>Se transform\u00f3 en el \u00edndice m\u00e1s bajo desde julio del a\u00f1o pasado y acumula un&#8230;<\/p>\n","protected":false},"author":1,"featured_media":-101482,"comment_status":"open","ping_status":"open","sticky":false,"template":"","format":"standard","meta":{"content-type":""},"categories":[30,39],"tags":[],"nelio_content":{"isAutoShareEnabled":false,"autoShareEndMode":"default","automationSources":{"useContentSentences":true,"useSocialTemplates":true,"useCustomSentences":false,"customSentences":[]},"followers":[1],"suggestedReferences":[],"includedReferences":[],"efiUrl":"","efiAlt":"","highlights":[]},"yoast_head":"<!-- This site is optimized with the Yoast SEO plugin v20.7 - https:\/\/yoast.com\/wordpress\/plugins\/seo\/ -->\n<title>La inflaci\u00f3n de enero fue del 2,3%: es la m\u00e1s baja desde julio -<\/title>\n<meta name=\"robots\" content=\"index, follow, max-snippet:-1, max-image-preview:large, max-video-preview:-1\" \/>\n<link rel=\"canonical\" href=\"https:\/\/experienciadevida.com.ar\/portalurbano\/la-inflacion-de-enero-fue-del-23-es-la-mas-baja-desde-julio-2\/\" \/>\n<meta property=\"og:locale\" content=\"es_ES\" \/>\n<meta property=\"og:type\" content=\"article\" \/>\n<meta property=\"og:title\" content=\"La inflaci\u00f3n de enero fue del 2,3%: es la m\u00e1s baja desde julio -\" \/>\n<meta property=\"og:description\" content=\"Se transform\u00f3 en el \u00edndice m\u00e1s bajo desde julio del a\u00f1o pasado y acumula un...\" \/>\n<meta property=\"og:url\" content=\"https:\/\/experienciadevida.com.ar\/portalurbano\/la-inflacion-de-enero-fue-del-23-es-la-mas-baja-desde-julio-2\/\" \/>\n<meta property=\"article:publisher\" content=\"https:\/\/www.facebook.com\/Portal-Urbano-171542830093757\/\" \/>\n<meta property=\"article:published_time\" content=\"2020-02-13T22:16:42+00:00\" \/>\n<meta property=\"article:modified_time\" content=\"2020-02-13T22:17:30+00:00\" \/>\n<meta property=\"og:image\" content=\"https:\/\/experienciadevida.com.ar\/portalurbano\/wp-content\/uploads\/2017\/10\/Seg\u00fan-el-INDEC-\u00bfcu\u00e1nto-aument\u00f3-las-canastas-de-consumo-e1560456713261.jpg\" \/>\n\t<meta property=\"og:image:width\" content=\"750\" \/>\n\t<meta property=\"og:image:height\" content=\"418\" \/>\n\t<meta property=\"og:image:type\" content=\"image\/jpeg\" \/>\n<meta name=\"author\" content=\"admpu17wp\" \/>\n<meta name=\"twitter:card\" content=\"summary_large_image\" \/>\n<meta name=\"twitter:creator\" content=\"@portalurbanook\" \/>\n<meta name=\"twitter:site\" content=\"@portalurbanook\" \/>\n<meta name=\"twitter:label1\" content=\"Escrito por\" \/>\n\t<meta name=\"twitter:data1\" content=\"admpu17wp\" \/>\n\t<meta name=\"twitter:label2\" content=\"Tiempo de lectura\" \/>\n\t<meta name=\"twitter:data2\" content=\"1 minuto\" \/>\n<script type=\"application\/ld+json\" class=\"yoast-schema-graph\">{\"@context\":\"https:\/\/schema.org\",\"@graph\":[{\"@type\":\"Article\",\"@id\":\"https:\/\/experienciadevida.com.ar\/portalurbano\/la-inflacion-de-enero-fue-del-23-es-la-mas-baja-desde-julio-2\/#article\",\"isPartOf\":{\"@id\":\"https:\/\/experienciadevida.com.ar\/portalurbano\/la-inflacion-de-enero-fue-del-23-es-la-mas-baja-desde-julio-2\/\"},\"author\":{\"name\":\"admpu17wp\",\"@id\":\"https:\/\/experienciadevida.com.ar\/portalurbano\/#\/schema\/person\/02dd326b1c4b056e9cc972486934a3a7\"},\"headline\":\"La inflaci\u00f3n de enero fue del 2,3%: es la m\u00e1s baja desde julio\",\"datePublished\":\"2020-02-13T22:16:42+00:00\",\"dateModified\":\"2020-02-13T22:17:30+00:00\",\"mainEntityOfPage\":{\"@id\":\"https:\/\/experienciadevida.com.ar\/portalurbano\/la-inflacion-de-enero-fue-del-23-es-la-mas-baja-desde-julio-2\/\"},\"wordCount\":260,\"commentCount\":0,\"publisher\":{\"@id\":\"https:\/\/experienciadevida.com.ar\/portalurbano\/#organization\"},\"articleSection\":[\"Econom\u00eda\",\"Naci\u00f3n\"],\"inLanguage\":\"es\",\"potentialAction\":[{\"@type\":\"CommentAction\",\"name\":\"Comment\",\"target\":[\"https:\/\/experienciadevida.com.ar\/portalurbano\/la-inflacion-de-enero-fue-del-23-es-la-mas-baja-desde-julio-2\/#respond\"]}]},{\"@type\":\"WebPage\",\"@id\":\"https:\/\/experienciadevida.com.ar\/portalurbano\/la-inflacion-de-enero-fue-del-23-es-la-mas-baja-desde-julio-2\/\",\"url\":\"https:\/\/experienciadevida.com.ar\/portalurbano\/la-inflacion-de-enero-fue-del-23-es-la-mas-baja-desde-julio-2\/\",\"name\":\"La inflaci\u00f3n de enero fue del 2,3%: es la m\u00e1s baja desde julio -\",\"isPartOf\":{\"@id\":\"https:\/\/experienciadevida.com.ar\/portalurbano\/#website\"},\"datePublished\":\"2020-02-13T22:16:42+00:00\",\"dateModified\":\"2020-02-13T22:17:30+00:00\",\"breadcrumb\":{\"@id\":\"https:\/\/experienciadevida.com.ar\/portalurbano\/la-inflacion-de-enero-fue-del-23-es-la-mas-baja-desde-julio-2\/#breadcrumb\"},\"inLanguage\":\"es\",\"potentialAction\":[{\"@type\":\"ReadAction\",\"target\":[\"https:\/\/experienciadevida.com.ar\/portalurbano\/la-inflacion-de-enero-fue-del-23-es-la-mas-baja-desde-julio-2\/\"]}]},{\"@type\":\"BreadcrumbList\",\"@id\":\"https:\/\/experienciadevida.com.ar\/portalurbano\/la-inflacion-de-enero-fue-del-23-es-la-mas-baja-desde-julio-2\/#breadcrumb\",\"itemListElement\":[{\"@type\":\"ListItem\",\"position\":1,\"name\":\"Portada\",\"item\":\"https:\/\/experienciadevida.com.ar\/portalurbano\/\"},{\"@type\":\"ListItem\",\"position\":2,\"name\":\"La inflaci\u00f3n de enero fue del 2,3%: es la m\u00e1s baja desde julio\"}]},{\"@type\":\"WebSite\",\"@id\":\"https:\/\/experienciadevida.com.ar\/portalurbano\/#website\",\"url\":\"https:\/\/experienciadevida.com.ar\/portalurbano\/\",\"name\":\"\",\"description\":\"\",\"publisher\":{\"@id\":\"https:\/\/experienciadevida.com.ar\/portalurbano\/#organization\"},\"potentialAction\":[{\"@type\":\"SearchAction\",\"target\":{\"@type\":\"EntryPoint\",\"urlTemplate\":\"https:\/\/experienciadevida.com.ar\/portalurbano\/?s={search_term_string}\"},\"query-input\":\"required name=search_term_string\"}],\"inLanguage\":\"es\"},{\"@type\":\"Organization\",\"@id\":\"https:\/\/experienciadevida.com.ar\/portalurbano\/#organization\",\"name\":\"Portal Urbano\",\"url\":\"https:\/\/experienciadevida.com.ar\/portalurbano\/\",\"logo\":{\"@type\":\"ImageObject\",\"inLanguage\":\"es\",\"@id\":\"https:\/\/experienciadevida.com.ar\/portalurbano\/#\/schema\/logo\/image\/\",\"url\":\"https:\/\/experienciadevida.com.ar\/portalurbano\/wp-content\/uploads\/2019\/09\/Logo-Original.png\",\"contentUrl\":\"https:\/\/experienciadevida.com.ar\/portalurbano\/wp-content\/uploads\/2019\/09\/Logo-Original.png\",\"width\":2236,\"height\":1216,\"caption\":\"Portal Urbano\"},\"image\":{\"@id\":\"https:\/\/experienciadevida.com.ar\/portalurbano\/#\/schema\/logo\/image\/\"},\"sameAs\":[\"https:\/\/www.facebook.com\/Portal-Urbano-171542830093757\/\",\"https:\/\/twitter.com\/portalurbanook\",\"https:\/\/www.instagram.com\/_portalurbano\/\",\"https:\/\/www.youtube.com\/channel\/UCXhagIfszH8KxFiOok79zbA?view_as=subscriber\"]},{\"@type\":\"Person\",\"@id\":\"https:\/\/experienciadevida.com.ar\/portalurbano\/#\/schema\/person\/02dd326b1c4b056e9cc972486934a3a7\",\"name\":\"admpu17wp\",\"image\":{\"@type\":\"ImageObject\",\"inLanguage\":\"es\",\"@id\":\"https:\/\/experienciadevida.com.ar\/portalurbano\/#\/schema\/person\/image\/\",\"url\":\"https:\/\/secure.gravatar.com\/avatar\/830d4c57adaae6630765e449a6908047?s=96&d=mm&r=g\",\"contentUrl\":\"https:\/\/secure.gravatar.com\/avatar\/830d4c57adaae6630765e449a6908047?s=96&d=mm&r=g\",\"caption\":\"admpu17wp\"}}]}<\/script>\n<!-- \/ Yoast SEO plugin. -->","yoast_head_json":{"title":"La inflaci\u00f3n de enero fue del 2,3%: es la m\u00e1s baja desde julio -","robots":{"index":"index","follow":"follow","max-snippet":"max-snippet:-1","max-image-preview":"max-image-preview:large","max-video-preview":"max-video-preview:-1"},"canonical":"https:\/\/experienciadevida.com.ar\/portalurbano\/la-inflacion-de-enero-fue-del-23-es-la-mas-baja-desde-julio-2\/","og_locale":"es_ES","og_type":"article","og_title":"La inflaci\u00f3n de enero fue del 2,3%: es la m\u00e1s baja desde julio -","og_description":"Se transform\u00f3 en el \u00edndice m\u00e1s bajo desde julio del a\u00f1o pasado y acumula un...","og_url":"https:\/\/experienciadevida.com.ar\/portalurbano\/la-inflacion-de-enero-fue-del-23-es-la-mas-baja-desde-julio-2\/","article_publisher":"https:\/\/www.facebook.com\/Portal-Urbano-171542830093757\/","article_published_time":"2020-02-13T22:16:42+00:00","article_modified_time":"2020-02-13T22:17:30+00:00","og_image":[{"width":750,"height":418,"url":"https:\/\/experienciadevida.com.ar\/portalurbano\/wp-content\/uploads\/2017\/10\/Seg\u00fan-el-INDEC-\u00bfcu\u00e1nto-aument\u00f3-las-canastas-de-consumo-e1560456713261.jpg","type":"image\/jpeg"}],"author":"admpu17wp","twitter_card":"summary_large_image","twitter_creator":"@portalurbanook","twitter_site":"@portalurbanook","twitter_misc":{"Escrito por":"admpu17wp","Tiempo de lectura":"1 minuto"},"schema":{"@context":"https:\/\/schema.org","@graph":[{"@type":"Article","@id":"https:\/\/experienciadevida.com.ar\/portalurbano\/la-inflacion-de-enero-fue-del-23-es-la-mas-baja-desde-julio-2\/#article","isPartOf":{"@id":"https:\/\/experienciadevida.com.ar\/portalurbano\/la-inflacion-de-enero-fue-del-23-es-la-mas-baja-desde-julio-2\/"},"author":{"name":"admpu17wp","@id":"https:\/\/experienciadevida.com.ar\/portalurbano\/#\/schema\/person\/02dd326b1c4b056e9cc972486934a3a7"},"headline":"La inflaci\u00f3n de enero fue del 2,3%: es la m\u00e1s baja desde julio","datePublished":"2020-02-13T22:16:42+00:00","dateModified":"2020-02-13T22:17:30+00:00","mainEntityOfPage":{"@id":"https:\/\/experienciadevida.com.ar\/portalurbano\/la-inflacion-de-enero-fue-del-23-es-la-mas-baja-desde-julio-2\/"},"wordCount":260,"commentCount":0,"publisher":{"@id":"https:\/\/experienciadevida.com.ar\/portalurbano\/#organization"},"articleSection":["Econom\u00eda","Naci\u00f3n"],"inLanguage":"es","potentialAction":[{"@type":"CommentAction","name":"Comment","target":["https:\/\/experienciadevida.com.ar\/portalurbano\/la-inflacion-de-enero-fue-del-23-es-la-mas-baja-desde-julio-2\/#respond"]}]},{"@type":"WebPage","@id":"https:\/\/experienciadevida.com.ar\/portalurbano\/la-inflacion-de-enero-fue-del-23-es-la-mas-baja-desde-julio-2\/","url":"https:\/\/experienciadevida.com.ar\/portalurbano\/la-inflacion-de-enero-fue-del-23-es-la-mas-baja-desde-julio-2\/","name":"La inflaci\u00f3n de enero fue del 2,3%: es la m\u00e1s baja desde julio -","isPartOf":{"@id":"https:\/\/experienciadevida.com.ar\/portalurbano\/#website"},"datePublished":"2020-02-13T22:16:42+00:00","dateModified":"2020-02-13T22:17:30+00:00","breadcrumb":{"@id":"https:\/\/experienciadevida.com.ar\/portalurbano\/la-inflacion-de-enero-fue-del-23-es-la-mas-baja-desde-julio-2\/#breadcrumb"},"inLanguage":"es","potentialAction":[{"@type":"ReadAction","target":["https:\/\/experienciadevida.com.ar\/portalurbano\/la-inflacion-de-enero-fue-del-23-es-la-mas-baja-desde-julio-2\/"]}]},{"@type":"BreadcrumbList","@id":"https:\/\/experienciadevida.com.ar\/portalurbano\/la-inflacion-de-enero-fue-del-23-es-la-mas-baja-desde-julio-2\/#breadcrumb","itemListElement":[{"@type":"ListItem","position":1,"name":"Portada","item":"https:\/\/experienciadevida.com.ar\/portalurbano\/"},{"@type":"ListItem","position":2,"name":"La inflaci\u00f3n de enero fue del 2,3%: es la m\u00e1s baja desde julio"}]},{"@type":"WebSite","@id":"https:\/\/experienciadevida.com.ar\/portalurbano\/#website","url":"https:\/\/experienciadevida.com.ar\/portalurbano\/","name":"","description":"","publisher":{"@id":"https:\/\/experienciadevida.com.ar\/portalurbano\/#organization"},"potentialAction":[{"@type":"SearchAction","target":{"@type":"EntryPoint","urlTemplate":"https:\/\/experienciadevida.com.ar\/portalurbano\/?s={search_term_string}"},"query-input":"required name=search_term_string"}],"inLanguage":"es"},{"@type":"Organization","@id":"https:\/\/experienciadevida.com.ar\/portalurbano\/#organization","name":"Portal Urbano","url":"https:\/\/experienciadevida.com.ar\/portalurbano\/","logo":{"@type":"ImageObject","inLanguage":"es","@id":"https:\/\/experienciadevida.com.ar\/portalurbano\/#\/schema\/logo\/image\/","url":"https:\/\/experienciadevida.com.ar\/portalurbano\/wp-content\/uploads\/2019\/09\/Logo-Original.png","contentUrl":"https:\/\/experienciadevida.com.ar\/portalurbano\/wp-content\/uploads\/2019\/09\/Logo-Original.png","width":2236,"height":1216,"caption":"Portal Urbano"},"image":{"@id":"https:\/\/experienciadevida.com.ar\/portalurbano\/#\/schema\/logo\/image\/"},"sameAs":["https:\/\/www.facebook.com\/Portal-Urbano-171542830093757\/","https:\/\/twitter.com\/portalurbanook","https:\/\/www.instagram.com\/_portalurbano\/","https:\/\/www.youtube.com\/channel\/UCXhagIfszH8KxFiOok79zbA?view_as=subscriber"]},{"@type":"Person","@id":"https:\/\/experienciadevida.com.ar\/portalurbano\/#\/schema\/person\/02dd326b1c4b056e9cc972486934a3a7","name":"admpu17wp","image":{"@type":"ImageObject","inLanguage":"es","@id":"https:\/\/experienciadevida.com.ar\/portalurbano\/#\/schema\/person\/image\/","url":"https:\/\/secure.gravatar.com\/avatar\/830d4c57adaae6630765e449a6908047?s=96&d=mm&r=g","contentUrl":"https:\/\/secure.gravatar.com\/avatar\/830d4c57adaae6630765e449a6908047?s=96&d=mm&r=g","caption":"admpu17wp"}}]}},"featured_image_urls":{"full":["https:\/\/pbs.twimg.com\/media\/EQrX8bYWsAUMalW?format=jpg&amp;name=small",1920,1080,false],"thumbnail":["https:\/\/pbs.twimg.com\/media\/EQrX8bYWsAUMalW?format=jpg&amp;name=small",150,150,true],"medium":["https:\/\/pbs.twimg.com\/media\/EQrX8bYWsAUMalW?format=jpg&amp;name=small",300,169,true],"medium_large":["https:\/\/pbs.twimg.com\/media\/EQrX8bYWsAUMalW?format=jpg&amp;name=small",640,360,true],"large":["https:\/\/pbs.twimg.com\/media\/EQrX8bYWsAUMalW?format=jpg&amp;name=small",640,360,true],"ug_big":["https:\/\/pbs.twimg.com\/media\/EQrX8bYWsAUMalW?format=jpg&amp;name=small",768,432,true],"1536x1536":["https:\/\/pbs.twimg.com\/media\/EQrX8bYWsAUMalW?format=jpg&amp;name=small",1536,864,true],"2048x2048":["https:\/\/pbs.twimg.com\/media\/EQrX8bYWsAUMalW?format=jpg&amp;name=small",1920,1080,false],"newsever-slider-full":["https:\/\/pbs.twimg.com\/media\/EQrX8bYWsAUMalW?format=jpg&amp;name=small",1280,845,true],"newsever-featured":["https:\/\/pbs.twimg.com\/media\/EQrX8bYWsAUMalW?format=jpg&amp;name=small",1024,576,true],"newsever-medium":["https:\/\/pbs.twimg.com\/media\/EQrX8bYWsAUMalW?format=jpg&amp;name=small",720,475,true],"web-stories-poster-portrait":["https:\/\/pbs.twimg.com\/media\/EQrX8bYWsAUMalW?format=jpg&amp;name=small",640,853,true],"web-stories-publisher-logo":["https:\/\/pbs.twimg.com\/media\/EQrX8bYWsAUMalW?format=jpg&amp;name=small",96,96,true],"web-stories-thumbnail":["https:\/\/pbs.twimg.com\/media\/EQrX8bYWsAUMalW?format=jpg&amp;name=small",150,84,true]},"author_info":{"display_name":"admpu17wp","author_link":"https:\/\/experienciadevida.com.ar\/portalurbano\/author\/admpu17wp\/"},"category_info":"<a href=\"https:\/\/experienciadevida.com.ar\/portalurbano\/category\/economia\/\" rel=\"category tag\">Econom\u00eda<\/a> <a href=\"https:\/\/experienciadevida.com.ar\/portalurbano\/category\/nacion\/\" rel=\"category tag\">Naci\u00f3n<\/a>","tag_info":"Naci\u00f3n","comment_count":"0","amp_enabled":true,"_links":{"self":[{"href":"https:\/\/experienciadevida.com.ar\/portalurbano\/wp-json\/wp\/v2\/posts\/101482"}],"collection":[{"href":"https:\/\/experienciadevida.com.ar\/portalurbano\/wp-json\/wp\/v2\/posts"}],"about":[{"href":"https:\/\/experienciadevida.com.ar\/portalurbano\/wp-json\/wp\/v2\/types\/post"}],"author":[{"embeddable":true,"href":"https:\/\/experienciadevida.com.ar\/portalurbano\/wp-json\/wp\/v2\/users\/1"}],"replies":[{"embeddable":true,"href":"https:\/\/experienciadevida.com.ar\/portalurbano\/wp-json\/wp\/v2\/comments?post=101482"}],"version-history":[{"count":3,"href":"https:\/\/experienciadevida.com.ar\/portalurbano\/wp-json\/wp\/v2\/posts\/101482\/revisions"}],"predecessor-version":[{"id":101489,"href":"https:\/\/experienciadevida.com.ar\/portalurbano\/wp-json\/wp\/v2\/posts\/101482\/revisions\/101489"}],"wp:featuredmedia":[{"embeddable":true,"href":"https:\/\/experienciadevida.com.ar\/portalurbano\/wp-json\/"}],"wp:attachment":[{"href":"https:\/\/experienciadevida.com.ar\/portalurbano\/wp-json\/wp\/v2\/media?parent=101482"}],"wp:term":[{"taxonomy":"category","embeddable":true,"href":"https:\/\/experienciadevida.com.ar\/portalurbano\/wp-json\/wp\/v2\/categories?post=101482"},{"taxonomy":"post_tag","embeddable":true,"href":"https:\/\/experienciadevida.com.ar\/portalurbano\/wp-json\/wp\/v2\/tags?post=101482"}],"curies":[{"name":"wp","href":"https:\/\/api.w.org\/{rel}","templated":true}]}}