{"id":101400,"date":"2020-02-12T17:54:13","date_gmt":"2020-02-12T20:54:13","guid":{"rendered":"https:\/\/experienciadevida.com.ar\/portalurbano\/?p=101400"},"modified":"2020-02-12T17:54:40","modified_gmt":"2020-02-12T20:54:40","slug":"haran-gestiones-para-reactivar-la-actividad-minera-a-partir-de-la-obra-publica","status":"publish","type":"post","link":"https:\/\/experienciadevida.com.ar\/portalurbano\/haran-gestiones-para-reactivar-la-actividad-minera-a-partir-de-la-obra-publica\/","title":{"rendered":"Har\u00e1n gestiones para reactivar la actividad minera a partir de la obra p\u00fablica"},"content":{"rendered":"<p>El Subsecretario de Miner\u00eda provincial Federico Aguilera, en compa\u00f1\u00eda del Diputado Cesar Valicenti, se reuni\u00f3 con el Subadministrador del ENOHSA, N\u00e9stor \u00c1lvarez, para delinear un proyecto de ampliaci\u00f3n de la red cloacal en el partido de Olavarr\u00eda y as\u00ed comenzar a reactivar la obra p\u00fablica en la regi\u00f3n, lo que a su vez permitir\u00e1 movilizar la\u00a0 producci\u00f3n de cemento y piedra.<\/p>\n<p>A d\u00edas de haber sido designado por el Ministro de Producci\u00f3n, Ciencia e Innovaci\u00f3n Tecnol\u00f3gica, el nuevo Subsecretario de Miner\u00eda, Federico Aguilera, comenz\u00f3 a realizar gestiones para reactivar la actividad minera en la provincia y espec\u00edficamente en el partido de Olavarr\u00eda.<\/p>\n<p>En esta oportunidad, y en el marco de una serie de encuentros con funcionarios nacionales, la reuni\u00f3n se llev\u00f3 adelante hoy en el ENOHSA, el ente nacional encargado de ejecutar obras h\u00eddricas de saneamiento, y quien los recibi\u00f3 fue su subadministrador, N\u00e9stor \u00c1lvarez.<\/p>\n<p>El objeto de la charla fue avanzar en un nuevo proyecto para la ejecuci\u00f3n de una obra cloacal que permita ampliar el servicio a cada vez m\u00e1s ciudadanos de Olavarr\u00eda. Si bien se vienen realizando este tipo de ampliaciones, recordemos que la conexi\u00f3n al sistema cloacal permite eliminar de las viviendas y comercios el foco de infecci\u00f3n que constituyen<br \/>\nlos pozos negros y c\u00e1maras s\u00e9pticas, por lo que avanzar en el saneamiento implica un beneficio al que todos deben acceder.<\/p>\n<p>Adem\u00e1s, y como autoridad a cargo de la Subsecretar\u00eda de Miner\u00eda de la provincia de Buenos Aires, la intenci\u00f3n de este tipo de encuentros es poder abrir espacios para la ejecuci\u00f3n de nueva obra p\u00fablica, ya que la misma requerir\u00e1 de una mayor demanda en la producci\u00f3n de cementos y piedras. El impulso dado a partir de nuevos proyectos de infraestructura lleva inevitablemente a la necesidad de un mayor consumo de \u00e1ridos y rocas, genera nuevos puestos de trabajo y moviliza los circuitos productivos del transporte y la industria en la zonas de referencia.<\/p>\n<p>Como polo minero por excelencia hay por realizar en Olavarr\u00eda much\u00edsimo trabajo coordinando y articulando entre los distintos sectores, con el objeto de que la actividad minera comience a vislumbrar un camino de desarrollo y crecimiento.<\/p>\n<p><img decoding=\"async\" class=\"alignnone wp-image-101402 size-full\" src=\"https:\/\/experienciadevida.com.ar\/portalurbano\/wp-content\/uploads\/2020\/02\/REUNI\u00d3N1.jpeg\" alt=\"\" width=\"765\" height=\"572\" srcset=\"https:\/\/experienciadevida.com.ar\/portalurbano\/wp-content\/uploads\/2020\/02\/REUNI\u00d3N1.jpeg 765w, https:\/\/experienciadevida.com.ar\/portalurbano\/wp-content\/uploads\/2020\/02\/REUNI\u00d3N1-300x224.jpeg 300w\" sizes=\"(max-width: 765px) 100vw, 765px\" \/><\/p>\n","protected":false},"excerpt":{"rendered":"<p>El Subsecretario de Miner\u00eda provincial Federico Aguilera, en compa\u00f1\u00eda del Diputado Cesar Valicenti, se reuni\u00f3&#8230;<\/p>\n","protected":false},"author":1,"featured_media":101401,"comment_status":"open","ping_status":"open","sticky":false,"template":"","format":"standard","meta":{"content-type":""},"categories":[51,43],"tags":[],"nelio_content":{"isAutoShareEnabled":false,"autoShareEndMode":"default","automationSources":{"useContentSentences":true,"useSocialTemplates":true,"useCustomSentences":false,"customSentences":[]},"followers":[1],"suggestedReferences":[],"includedReferences":[],"efiUrl":"","efiAlt":"","highlights":[]},"yoast_head":"<!-- This site is optimized with the Yoast SEO plugin v20.7 - https:\/\/yoast.com\/wordpress\/plugins\/seo\/ -->\n<title>Har\u00e1n gestiones para reactivar la actividad minera a partir de la obra p\u00fablica -<\/title>\n<meta name=\"robots\" content=\"index, follow, max-snippet:-1, max-image-preview:large, max-video-preview:-1\" \/>\n<link rel=\"canonical\" href=\"https:\/\/experienciadevida.com.ar\/portalurbano\/haran-gestiones-para-reactivar-la-actividad-minera-a-partir-de-la-obra-publica\/\" \/>\n<meta property=\"og:locale\" content=\"es_ES\" \/>\n<meta property=\"og:type\" content=\"article\" \/>\n<meta property=\"og:title\" content=\"Har\u00e1n gestiones para reactivar la actividad minera a partir de la obra p\u00fablica -\" \/>\n<meta property=\"og:description\" content=\"El Subsecretario de Miner\u00eda provincial Federico Aguilera, en compa\u00f1\u00eda del Diputado Cesar Valicenti, se reuni\u00f3...\" \/>\n<meta property=\"og:url\" content=\"https:\/\/experienciadevida.com.ar\/portalurbano\/haran-gestiones-para-reactivar-la-actividad-minera-a-partir-de-la-obra-publica\/\" \/>\n<meta property=\"article:publisher\" content=\"https:\/\/www.facebook.com\/Portal-Urbano-171542830093757\/\" \/>\n<meta property=\"article:published_time\" content=\"2020-02-12T20:54:13+00:00\" \/>\n<meta property=\"article:modified_time\" content=\"2020-02-12T20:54:40+00:00\" \/>\n<meta property=\"og:image\" content=\"https:\/\/experienciadevida.com.ar\/portalurbano\/wp-content\/uploads\/2020\/02\/REUNI\u00d3N.jpeg\" \/>\n\t<meta property=\"og:image:width\" content=\"765\" \/>\n\t<meta property=\"og:image:height\" content=\"642\" \/>\n\t<meta property=\"og:image:type\" content=\"image\/jpeg\" \/>\n<meta name=\"author\" content=\"admpu17wp\" \/>\n<meta name=\"twitter:card\" content=\"summary_large_image\" \/>\n<meta name=\"twitter:creator\" content=\"@portalurbanook\" \/>\n<meta name=\"twitter:site\" content=\"@portalurbanook\" \/>\n<meta name=\"twitter:label1\" content=\"Escrito por\" \/>\n\t<meta name=\"twitter:data1\" content=\"admpu17wp\" \/>\n\t<meta name=\"twitter:label2\" content=\"Tiempo de lectura\" \/>\n\t<meta name=\"twitter:data2\" content=\"2 minutos\" \/>\n<script type=\"application\/ld+json\" class=\"yoast-schema-graph\">{\"@context\":\"https:\/\/schema.org\",\"@graph\":[{\"@type\":\"Article\",\"@id\":\"https:\/\/experienciadevida.com.ar\/portalurbano\/haran-gestiones-para-reactivar-la-actividad-minera-a-partir-de-la-obra-publica\/#article\",\"isPartOf\":{\"@id\":\"https:\/\/experienciadevida.com.ar\/portalurbano\/haran-gestiones-para-reactivar-la-actividad-minera-a-partir-de-la-obra-publica\/\"},\"author\":{\"name\":\"admpu17wp\",\"@id\":\"https:\/\/experienciadevida.com.ar\/portalurbano\/#\/schema\/person\/02dd326b1c4b056e9cc972486934a3a7\"},\"headline\":\"Har\u00e1n gestiones para reactivar la actividad minera a partir de la obra p\u00fablica\",\"datePublished\":\"2020-02-12T20:54:13+00:00\",\"dateModified\":\"2020-02-12T20:54:40+00:00\",\"mainEntityOfPage\":{\"@id\":\"https:\/\/experienciadevida.com.ar\/portalurbano\/haran-gestiones-para-reactivar-la-actividad-minera-a-partir-de-la-obra-publica\/\"},\"wordCount\":404,\"commentCount\":0,\"publisher\":{\"@id\":\"https:\/\/experienciadevida.com.ar\/portalurbano\/#organization\"},\"articleSection\":[\"Destacadas\",\"Pol\u00edtica\"],\"inLanguage\":\"es\",\"potentialAction\":[{\"@type\":\"CommentAction\",\"name\":\"Comment\",\"target\":[\"https:\/\/experienciadevida.com.ar\/portalurbano\/haran-gestiones-para-reactivar-la-actividad-minera-a-partir-de-la-obra-publica\/#respond\"]}]},{\"@type\":\"WebPage\",\"@id\":\"https:\/\/experienciadevida.com.ar\/portalurbano\/haran-gestiones-para-reactivar-la-actividad-minera-a-partir-de-la-obra-publica\/\",\"url\":\"https:\/\/experienciadevida.com.ar\/portalurbano\/haran-gestiones-para-reactivar-la-actividad-minera-a-partir-de-la-obra-publica\/\",\"name\":\"Har\u00e1n gestiones para reactivar la actividad minera a partir de la obra p\u00fablica -\",\"isPartOf\":{\"@id\":\"https:\/\/experienciadevida.com.ar\/portalurbano\/#website\"},\"datePublished\":\"2020-02-12T20:54:13+00:00\",\"dateModified\":\"2020-02-12T20:54:40+00:00\",\"breadcrumb\":{\"@id\":\"https:\/\/experienciadevida.com.ar\/portalurbano\/haran-gestiones-para-reactivar-la-actividad-minera-a-partir-de-la-obra-publica\/#breadcrumb\"},\"inLanguage\":\"es\",\"potentialAction\":[{\"@type\":\"ReadAction\",\"target\":[\"https:\/\/experienciadevida.com.ar\/portalurbano\/haran-gestiones-para-reactivar-la-actividad-minera-a-partir-de-la-obra-publica\/\"]}]},{\"@type\":\"BreadcrumbList\",\"@id\":\"https:\/\/experienciadevida.com.ar\/portalurbano\/haran-gestiones-para-reactivar-la-actividad-minera-a-partir-de-la-obra-publica\/#breadcrumb\",\"itemListElement\":[{\"@type\":\"ListItem\",\"position\":1,\"name\":\"Portada\",\"item\":\"https:\/\/experienciadevida.com.ar\/portalurbano\/\"},{\"@type\":\"ListItem\",\"position\":2,\"name\":\"Har\u00e1n gestiones para reactivar la actividad minera a partir de la obra p\u00fablica\"}]},{\"@type\":\"WebSite\",\"@id\":\"https:\/\/experienciadevida.com.ar\/portalurbano\/#website\",\"url\":\"https:\/\/experienciadevida.com.ar\/portalurbano\/\",\"name\":\"\",\"description\":\"\",\"publisher\":{\"@id\":\"https:\/\/experienciadevida.com.ar\/portalurbano\/#organization\"},\"potentialAction\":[{\"@type\":\"SearchAction\",\"target\":{\"@type\":\"EntryPoint\",\"urlTemplate\":\"https:\/\/experienciadevida.com.ar\/portalurbano\/?s={search_term_string}\"},\"query-input\":\"required name=search_term_string\"}],\"inLanguage\":\"es\"},{\"@type\":\"Organization\",\"@id\":\"https:\/\/experienciadevida.com.ar\/portalurbano\/#organization\",\"name\":\"Portal Urbano\",\"url\":\"https:\/\/experienciadevida.com.ar\/portalurbano\/\",\"logo\":{\"@type\":\"ImageObject\",\"inLanguage\":\"es\",\"@id\":\"https:\/\/experienciadevida.com.ar\/portalurbano\/#\/schema\/logo\/image\/\",\"url\":\"https:\/\/experienciadevida.com.ar\/portalurbano\/wp-content\/uploads\/2019\/09\/Logo-Original.png\",\"contentUrl\":\"https:\/\/experienciadevida.com.ar\/portalurbano\/wp-content\/uploads\/2019\/09\/Logo-Original.png\",\"width\":2236,\"height\":1216,\"caption\":\"Portal Urbano\"},\"image\":{\"@id\":\"https:\/\/experienciadevida.com.ar\/portalurbano\/#\/schema\/logo\/image\/\"},\"sameAs\":[\"https:\/\/www.facebook.com\/Portal-Urbano-171542830093757\/\",\"https:\/\/twitter.com\/portalurbanook\",\"https:\/\/www.instagram.com\/_portalurbano\/\",\"https:\/\/www.youtube.com\/channel\/UCXhagIfszH8KxFiOok79zbA?view_as=subscriber\"]},{\"@type\":\"Person\",\"@id\":\"https:\/\/experienciadevida.com.ar\/portalurbano\/#\/schema\/person\/02dd326b1c4b056e9cc972486934a3a7\",\"name\":\"admpu17wp\",\"image\":{\"@type\":\"ImageObject\",\"inLanguage\":\"es\",\"@id\":\"https:\/\/experienciadevida.com.ar\/portalurbano\/#\/schema\/person\/image\/\",\"url\":\"https:\/\/secure.gravatar.com\/avatar\/830d4c57adaae6630765e449a6908047?s=96&d=mm&r=g\",\"contentUrl\":\"https:\/\/secure.gravatar.com\/avatar\/830d4c57adaae6630765e449a6908047?s=96&d=mm&r=g\",\"caption\":\"admpu17wp\"}}]}<\/script>\n<!-- \/ Yoast SEO plugin. -->","yoast_head_json":{"title":"Har\u00e1n gestiones para reactivar la actividad minera a partir de la obra p\u00fablica -","robots":{"index":"index","follow":"follow","max-snippet":"max-snippet:-1","max-image-preview":"max-image-preview:large","max-video-preview":"max-video-preview:-1"},"canonical":"https:\/\/experienciadevida.com.ar\/portalurbano\/haran-gestiones-para-reactivar-la-actividad-minera-a-partir-de-la-obra-publica\/","og_locale":"es_ES","og_type":"article","og_title":"Har\u00e1n gestiones para reactivar la actividad minera a partir de la obra p\u00fablica -","og_description":"El Subsecretario de Miner\u00eda provincial Federico Aguilera, en compa\u00f1\u00eda del Diputado Cesar Valicenti, se reuni\u00f3...","og_url":"https:\/\/experienciadevida.com.ar\/portalurbano\/haran-gestiones-para-reactivar-la-actividad-minera-a-partir-de-la-obra-publica\/","article_publisher":"https:\/\/www.facebook.com\/Portal-Urbano-171542830093757\/","article_published_time":"2020-02-12T20:54:13+00:00","article_modified_time":"2020-02-12T20:54:40+00:00","og_image":[{"width":765,"height":642,"url":"https:\/\/experienciadevida.com.ar\/portalurbano\/wp-content\/uploads\/2020\/02\/REUNI\u00d3N.jpeg","type":"image\/jpeg"}],"author":"admpu17wp","twitter_card":"summary_large_image","twitter_creator":"@portalurbanook","twitter_site":"@portalurbanook","twitter_misc":{"Escrito por":"admpu17wp","Tiempo de lectura":"2 minutos"},"schema":{"@context":"https:\/\/schema.org","@graph":[{"@type":"Article","@id":"https:\/\/experienciadevida.com.ar\/portalurbano\/haran-gestiones-para-reactivar-la-actividad-minera-a-partir-de-la-obra-publica\/#article","isPartOf":{"@id":"https:\/\/experienciadevida.com.ar\/portalurbano\/haran-gestiones-para-reactivar-la-actividad-minera-a-partir-de-la-obra-publica\/"},"author":{"name":"admpu17wp","@id":"https:\/\/experienciadevida.com.ar\/portalurbano\/#\/schema\/person\/02dd326b1c4b056e9cc972486934a3a7"},"headline":"Har\u00e1n gestiones para reactivar la actividad minera a partir de la obra p\u00fablica","datePublished":"2020-02-12T20:54:13+00:00","dateModified":"2020-02-12T20:54:40+00:00","mainEntityOfPage":{"@id":"https:\/\/experienciadevida.com.ar\/portalurbano\/haran-gestiones-para-reactivar-la-actividad-minera-a-partir-de-la-obra-publica\/"},"wordCount":404,"commentCount":0,"publisher":{"@id":"https:\/\/experienciadevida.com.ar\/portalurbano\/#organization"},"articleSection":["Destacadas","Pol\u00edtica"],"inLanguage":"es","potentialAction":[{"@type":"CommentAction","name":"Comment","target":["https:\/\/experienciadevida.com.ar\/portalurbano\/haran-gestiones-para-reactivar-la-actividad-minera-a-partir-de-la-obra-publica\/#respond"]}]},{"@type":"WebPage","@id":"https:\/\/experienciadevida.com.ar\/portalurbano\/haran-gestiones-para-reactivar-la-actividad-minera-a-partir-de-la-obra-publica\/","url":"https:\/\/experienciadevida.com.ar\/portalurbano\/haran-gestiones-para-reactivar-la-actividad-minera-a-partir-de-la-obra-publica\/","name":"Har\u00e1n gestiones para reactivar la actividad minera a partir de la obra p\u00fablica -","isPartOf":{"@id":"https:\/\/experienciadevida.com.ar\/portalurbano\/#website"},"datePublished":"2020-02-12T20:54:13+00:00","dateModified":"2020-02-12T20:54:40+00:00","breadcrumb":{"@id":"https:\/\/experienciadevida.com.ar\/portalurbano\/haran-gestiones-para-reactivar-la-actividad-minera-a-partir-de-la-obra-publica\/#breadcrumb"},"inLanguage":"es","potentialAction":[{"@type":"ReadAction","target":["https:\/\/experienciadevida.com.ar\/portalurbano\/haran-gestiones-para-reactivar-la-actividad-minera-a-partir-de-la-obra-publica\/"]}]},{"@type":"BreadcrumbList","@id":"https:\/\/experienciadevida.com.ar\/portalurbano\/haran-gestiones-para-reactivar-la-actividad-minera-a-partir-de-la-obra-publica\/#breadcrumb","itemListElement":[{"@type":"ListItem","position":1,"name":"Portada","item":"https:\/\/experienciadevida.com.ar\/portalurbano\/"},{"@type":"ListItem","position":2,"name":"Har\u00e1n gestiones para reactivar la actividad minera a partir de la obra p\u00fablica"}]},{"@type":"WebSite","@id":"https:\/\/experienciadevida.com.ar\/portalurbano\/#website","url":"https:\/\/experienciadevida.com.ar\/portalurbano\/","name":"","description":"","publisher":{"@id":"https:\/\/experienciadevida.com.ar\/portalurbano\/#organization"},"potentialAction":[{"@type":"SearchAction","target":{"@type":"EntryPoint","urlTemplate":"https:\/\/experienciadevida.com.ar\/portalurbano\/?s={search_term_string}"},"query-input":"required name=search_term_string"}],"inLanguage":"es"},{"@type":"Organization","@id":"https:\/\/experienciadevida.com.ar\/portalurbano\/#organization","name":"Portal Urbano","url":"https:\/\/experienciadevida.com.ar\/portalurbano\/","logo":{"@type":"ImageObject","inLanguage":"es","@id":"https:\/\/experienciadevida.com.ar\/portalurbano\/#\/schema\/logo\/image\/","url":"https:\/\/experienciadevida.com.ar\/portalurbano\/wp-content\/uploads\/2019\/09\/Logo-Original.png","contentUrl":"https:\/\/experienciadevida.com.ar\/portalurbano\/wp-content\/uploads\/2019\/09\/Logo-Original.png","width":2236,"height":1216,"caption":"Portal Urbano"},"image":{"@id":"https:\/\/experienciadevida.com.ar\/portalurbano\/#\/schema\/logo\/image\/"},"sameAs":["https:\/\/www.facebook.com\/Portal-Urbano-171542830093757\/","https:\/\/twitter.com\/portalurbanook","https:\/\/www.instagram.com\/_portalurbano\/","https:\/\/www.youtube.com\/channel\/UCXhagIfszH8KxFiOok79zbA?view_as=subscriber"]},{"@type":"Person","@id":"https:\/\/experienciadevida.com.ar\/portalurbano\/#\/schema\/person\/02dd326b1c4b056e9cc972486934a3a7","name":"admpu17wp","image":{"@type":"ImageObject","inLanguage":"es","@id":"https:\/\/experienciadevida.com.ar\/portalurbano\/#\/schema\/person\/image\/","url":"https:\/\/secure.gravatar.com\/avatar\/830d4c57adaae6630765e449a6908047?s=96&d=mm&r=g","contentUrl":"https:\/\/secure.gravatar.com\/avatar\/830d4c57adaae6630765e449a6908047?s=96&d=mm&r=g","caption":"admpu17wp"}}]}},"featured_image_urls":{"full":["https:\/\/experienciadevida.com.ar\/portalurbano\/wp-content\/uploads\/2020\/02\/REUNI\u00d3N.jpeg",765,642,false],"thumbnail":["https:\/\/experienciadevida.com.ar\/portalurbano\/wp-content\/uploads\/2020\/02\/REUNI\u00d3N-150x150.jpeg",150,150,true],"medium":["https:\/\/experienciadevida.com.ar\/portalurbano\/wp-content\/uploads\/2020\/02\/REUNI\u00d3N-300x252.jpeg",300,252,true],"medium_large":["https:\/\/experienciadevida.com.ar\/portalurbano\/wp-content\/uploads\/2020\/02\/REUNI\u00d3N.jpeg",640,537,false],"large":["https:\/\/experienciadevida.com.ar\/portalurbano\/wp-content\/uploads\/2020\/02\/REUNI\u00d3N.jpeg",640,537,false],"ug_big":["https:\/\/experienciadevida.com.ar\/portalurbano\/wp-content\/uploads\/2020\/02\/REUNI\u00d3N.jpeg",765,642,false],"1536x1536":["https:\/\/experienciadevida.com.ar\/portalurbano\/wp-content\/uploads\/2020\/02\/REUNI\u00d3N.jpeg",765,642,false],"2048x2048":["https:\/\/experienciadevida.com.ar\/portalurbano\/wp-content\/uploads\/2020\/02\/REUNI\u00d3N.jpeg",765,642,false],"newsever-slider-full":["https:\/\/experienciadevida.com.ar\/portalurbano\/wp-content\/uploads\/2020\/02\/REUNI\u00d3N.jpeg",765,642,false],"newsever-featured":["https:\/\/experienciadevida.com.ar\/portalurbano\/wp-content\/uploads\/2020\/02\/REUNI\u00d3N.jpeg",765,642,false],"newsever-medium":["https:\/\/experienciadevida.com.ar\/portalurbano\/wp-content\/uploads\/2020\/02\/REUNI\u00d3N.jpeg",566,475,false],"web-stories-poster-portrait":["https:\/\/experienciadevida.com.ar\/portalurbano\/wp-content\/uploads\/2020\/02\/REUNI\u00d3N.jpeg",640,537,false],"web-stories-publisher-logo":["https:\/\/experienciadevida.com.ar\/portalurbano\/wp-content\/uploads\/2020\/02\/REUNI\u00d3N.jpeg",96,81,false],"web-stories-thumbnail":["https:\/\/experienciadevida.com.ar\/portalurbano\/wp-content\/uploads\/2020\/02\/REUNI\u00d3N.jpeg",150,126,false]},"author_info":{"display_name":"admpu17wp","author_link":"https:\/\/experienciadevida.com.ar\/portalurbano\/author\/admpu17wp\/"},"category_info":"<a href=\"https:\/\/experienciadevida.com.ar\/portalurbano\/category\/destacadas\/\" rel=\"category tag\">Destacadas<\/a> <a href=\"https:\/\/experienciadevida.com.ar\/portalurbano\/category\/politica\/\" rel=\"category tag\">Pol\u00edtica<\/a>","tag_info":"Pol\u00edtica","comment_count":"0","amp_enabled":true,"_links":{"self":[{"href":"https:\/\/experienciadevida.com.ar\/portalurbano\/wp-json\/wp\/v2\/posts\/101400"}],"collection":[{"href":"https:\/\/experienciadevida.com.ar\/portalurbano\/wp-json\/wp\/v2\/posts"}],"about":[{"href":"https:\/\/experienciadevida.com.ar\/portalurbano\/wp-json\/wp\/v2\/types\/post"}],"author":[{"embeddable":true,"href":"https:\/\/experienciadevida.com.ar\/portalurbano\/wp-json\/wp\/v2\/users\/1"}],"replies":[{"embeddable":true,"href":"https:\/\/experienciadevida.com.ar\/portalurbano\/wp-json\/wp\/v2\/comments?post=101400"}],"version-history":[{"count":1,"href":"https:\/\/experienciadevida.com.ar\/portalurbano\/wp-json\/wp\/v2\/posts\/101400\/revisions"}],"predecessor-version":[{"id":101403,"href":"https:\/\/experienciadevida.com.ar\/portalurbano\/wp-json\/wp\/v2\/posts\/101400\/revisions\/101403"}],"wp:featuredmedia":[{"embeddable":true,"href":"https:\/\/experienciadevida.com.ar\/portalurbano\/wp-json\/wp\/v2\/media\/101401"}],"wp:attachment":[{"href":"https:\/\/experienciadevida.com.ar\/portalurbano\/wp-json\/wp\/v2\/media?parent=101400"}],"wp:term":[{"taxonomy":"category","embeddable":true,"href":"https:\/\/experienciadevida.com.ar\/portalurbano\/wp-json\/wp\/v2\/categories?post=101400"},{"taxonomy":"post_tag","embeddable":true,"href":"https:\/\/experienciadevida.com.ar\/portalurbano\/wp-json\/wp\/v2\/tags?post=101400"}],"curies":[{"name":"wp","href":"https:\/\/api.w.org\/{rel}","templated":true}]}}