{"id":101323,"date":"2020-02-11T21:00:02","date_gmt":"2020-02-12T00:00:02","guid":{"rendered":"https:\/\/experienciadevida.com.ar\/portalurbano\/?p=101323"},"modified":"2020-02-11T21:00:19","modified_gmt":"2020-02-12T00:00:19","slug":"la-defensoria-fue-a-la-justicia-contra-las-automotrices-por-los-planes-de-ahorro","status":"publish","type":"post","link":"https:\/\/experienciadevida.com.ar\/portalurbano\/la-defensoria-fue-a-la-justicia-contra-las-automotrices-por-los-planes-de-ahorro\/","title":{"rendered":"La defensor\u00eda fue a la justicia contra las automotrices por los planes de ahorro"},"content":{"rendered":"<p>La Defensor\u00eda hizo una presentaci\u00f3n judicial contra FIAT, al basarse en el reclamo de un usuario afectado por un plan de ahorro para la adquisici\u00f3n de un 0 KM, y apunt\u00f3 contra el \u201cobrar malicioso\u201d de las automotrices y por afectar los derechos de los consumidores.<\/p>\n<p>Se trata de una acci\u00f3n de defensa del consumidor prevista en el art\u00edculo 23 del C\u00f3digo Provincial de Implementaci\u00f3n de los Derecho de los Consumidores y Usuarios, que el organismo que conduce Guido Lorenzino present\u00f3 de contra FCA S.A. De Ahorro para Fines Determinados, la empresa con la que FIAT administra sus planes de ahorro.<\/p>\n<p>De esta forma, la Defensor\u00eda denunci\u00f3 el obrar malicioso de las empresas automotrices y administradoras de los planes de ahorro que, lejos de facilitar el acceso igualitario a un autom\u00f3vil (como pretende la legislaci\u00f3n que rige la materia), utilizan el sistema en su propio beneficio, fijando unilateralmente el precio y perjudicando a los consumidores, que no pueden abandonar el plan sin perder lo ahorrado ni seguir pagando sin ser perjudicados econ\u00f3micamente.<\/p>\n<p>Adem\u00e1s, el organismo busca que se declare la nulidad de las cl\u00e1usulas abusivas, y que la Justicia readec\u00fae el contrato con fijaci\u00f3n equitativa de montos, ordenando la devoluci\u00f3n del dinero indebidamente percibido. A su vez, solicit\u00f3 la imposici\u00f3n de una multa civil ejemplar para que los grupos empresarios dejen de seguir replicando las maniobras abusivas de este tipo.<\/p>\n<p>La acci\u00f3n de la Defensor\u00eda se bas\u00f3 en el reclamo de un denunciante de La Plata, quien apunt\u00f3 contra FIAT por los aumentos irrazonables de las cuotas de su plan de ahorro, que se incrementaron m\u00e1s del 400% en cuatro a\u00f1os, sobre un valor del autom\u00f3vil que subi\u00f3 en ese mismo periodo un 480%, porcentajes muy por encima del alza de la inflaci\u00f3n o del d\u00f3lar.<\/p>\n<p>\u201cSi bien partimos de un caso puntual, estas situaciones se repiten en casi todos los usuarios afectados por los planes de ahorro. Las automotrices aumentaron desproporcionadamente los valores a su antojo, no brindan informaci\u00f3n a los usuarios y pusieron en jaque a muchas familias que se esfuerzan mes a mes para cumplir el sue\u00f1o de comprar un 0 KM\u201d, indic\u00f3 Lorenzino.<\/p>\n","protected":false},"excerpt":{"rendered":"<p>La Defensor\u00eda hizo una presentaci\u00f3n judicial contra FIAT, al basarse en el reclamo de un&#8230;<\/p>\n","protected":false},"author":1,"featured_media":100884,"comment_status":"open","ping_status":"open","sticky":false,"template":"","format":"standard","meta":{"content-type":""},"categories":[39],"tags":[],"nelio_content":{"isAutoShareEnabled":false,"autoShareEndMode":"default","automationSources":{"useContentSentences":true,"useSocialTemplates":true,"useCustomSentences":false,"customSentences":[]},"followers":[1],"suggestedReferences":[],"includedReferences":[],"efiUrl":"","efiAlt":"","highlights":[]},"yoast_head":"<!-- This site is optimized with the Yoast SEO plugin v20.7 - https:\/\/yoast.com\/wordpress\/plugins\/seo\/ -->\n<title>La defensor\u00eda fue a la justicia contra las automotrices por los planes de ahorro -<\/title>\n<meta name=\"robots\" content=\"index, follow, max-snippet:-1, max-image-preview:large, max-video-preview:-1\" \/>\n<link rel=\"canonical\" href=\"https:\/\/experienciadevida.com.ar\/portalurbano\/la-defensoria-fue-a-la-justicia-contra-las-automotrices-por-los-planes-de-ahorro\/\" \/>\n<meta property=\"og:locale\" content=\"es_ES\" \/>\n<meta property=\"og:type\" content=\"article\" \/>\n<meta property=\"og:title\" content=\"La defensor\u00eda fue a la justicia contra las automotrices por los planes de ahorro -\" \/>\n<meta property=\"og:description\" content=\"La Defensor\u00eda hizo una presentaci\u00f3n judicial contra FIAT, al basarse en el reclamo de un...\" \/>\n<meta property=\"og:url\" content=\"https:\/\/experienciadevida.com.ar\/portalurbano\/la-defensoria-fue-a-la-justicia-contra-las-automotrices-por-los-planes-de-ahorro\/\" \/>\n<meta property=\"article:publisher\" content=\"https:\/\/www.facebook.com\/Portal-Urbano-171542830093757\/\" \/>\n<meta property=\"article:published_time\" content=\"2020-02-12T00:00:02+00:00\" \/>\n<meta property=\"article:modified_time\" content=\"2020-02-12T00:00:19+00:00\" \/>\n<meta property=\"og:image\" content=\"https:\/\/experienciadevida.com.ar\/portalurbano\/wp-content\/uploads\/2020\/02\/DEFENSORDELPUEBLO.png\" \/>\n\t<meta property=\"og:image:width\" content=\"746\" \/>\n\t<meta property=\"og:image:height\" content=\"434\" \/>\n\t<meta property=\"og:image:type\" content=\"image\/png\" \/>\n<meta name=\"author\" content=\"admpu17wp\" \/>\n<meta name=\"twitter:card\" content=\"summary_large_image\" \/>\n<meta name=\"twitter:creator\" content=\"@portalurbanook\" \/>\n<meta name=\"twitter:site\" content=\"@portalurbanook\" \/>\n<meta name=\"twitter:label1\" content=\"Escrito por\" \/>\n\t<meta name=\"twitter:data1\" content=\"admpu17wp\" \/>\n\t<meta name=\"twitter:label2\" content=\"Tiempo de lectura\" \/>\n\t<meta name=\"twitter:data2\" content=\"2 minutos\" \/>\n<script type=\"application\/ld+json\" class=\"yoast-schema-graph\">{\"@context\":\"https:\/\/schema.org\",\"@graph\":[{\"@type\":\"Article\",\"@id\":\"https:\/\/experienciadevida.com.ar\/portalurbano\/la-defensoria-fue-a-la-justicia-contra-las-automotrices-por-los-planes-de-ahorro\/#article\",\"isPartOf\":{\"@id\":\"https:\/\/experienciadevida.com.ar\/portalurbano\/la-defensoria-fue-a-la-justicia-contra-las-automotrices-por-los-planes-de-ahorro\/\"},\"author\":{\"name\":\"admpu17wp\",\"@id\":\"https:\/\/experienciadevida.com.ar\/portalurbano\/#\/schema\/person\/02dd326b1c4b056e9cc972486934a3a7\"},\"headline\":\"La defensor\u00eda fue a la justicia contra las automotrices por los planes de ahorro\",\"datePublished\":\"2020-02-12T00:00:02+00:00\",\"dateModified\":\"2020-02-12T00:00:19+00:00\",\"mainEntityOfPage\":{\"@id\":\"https:\/\/experienciadevida.com.ar\/portalurbano\/la-defensoria-fue-a-la-justicia-contra-las-automotrices-por-los-planes-de-ahorro\/\"},\"wordCount\":394,\"commentCount\":0,\"publisher\":{\"@id\":\"https:\/\/experienciadevida.com.ar\/portalurbano\/#organization\"},\"articleSection\":[\"Naci\u00f3n\"],\"inLanguage\":\"es\",\"potentialAction\":[{\"@type\":\"CommentAction\",\"name\":\"Comment\",\"target\":[\"https:\/\/experienciadevida.com.ar\/portalurbano\/la-defensoria-fue-a-la-justicia-contra-las-automotrices-por-los-planes-de-ahorro\/#respond\"]}]},{\"@type\":\"WebPage\",\"@id\":\"https:\/\/experienciadevida.com.ar\/portalurbano\/la-defensoria-fue-a-la-justicia-contra-las-automotrices-por-los-planes-de-ahorro\/\",\"url\":\"https:\/\/experienciadevida.com.ar\/portalurbano\/la-defensoria-fue-a-la-justicia-contra-las-automotrices-por-los-planes-de-ahorro\/\",\"name\":\"La defensor\u00eda fue a la justicia contra las automotrices por los planes de ahorro -\",\"isPartOf\":{\"@id\":\"https:\/\/experienciadevida.com.ar\/portalurbano\/#website\"},\"datePublished\":\"2020-02-12T00:00:02+00:00\",\"dateModified\":\"2020-02-12T00:00:19+00:00\",\"breadcrumb\":{\"@id\":\"https:\/\/experienciadevida.com.ar\/portalurbano\/la-defensoria-fue-a-la-justicia-contra-las-automotrices-por-los-planes-de-ahorro\/#breadcrumb\"},\"inLanguage\":\"es\",\"potentialAction\":[{\"@type\":\"ReadAction\",\"target\":[\"https:\/\/experienciadevida.com.ar\/portalurbano\/la-defensoria-fue-a-la-justicia-contra-las-automotrices-por-los-planes-de-ahorro\/\"]}]},{\"@type\":\"BreadcrumbList\",\"@id\":\"https:\/\/experienciadevida.com.ar\/portalurbano\/la-defensoria-fue-a-la-justicia-contra-las-automotrices-por-los-planes-de-ahorro\/#breadcrumb\",\"itemListElement\":[{\"@type\":\"ListItem\",\"position\":1,\"name\":\"Portada\",\"item\":\"https:\/\/experienciadevida.com.ar\/portalurbano\/\"},{\"@type\":\"ListItem\",\"position\":2,\"name\":\"La defensor\u00eda fue a la justicia contra las automotrices por los planes de ahorro\"}]},{\"@type\":\"WebSite\",\"@id\":\"https:\/\/experienciadevida.com.ar\/portalurbano\/#website\",\"url\":\"https:\/\/experienciadevida.com.ar\/portalurbano\/\",\"name\":\"\",\"description\":\"\",\"publisher\":{\"@id\":\"https:\/\/experienciadevida.com.ar\/portalurbano\/#organization\"},\"potentialAction\":[{\"@type\":\"SearchAction\",\"target\":{\"@type\":\"EntryPoint\",\"urlTemplate\":\"https:\/\/experienciadevida.com.ar\/portalurbano\/?s={search_term_string}\"},\"query-input\":\"required name=search_term_string\"}],\"inLanguage\":\"es\"},{\"@type\":\"Organization\",\"@id\":\"https:\/\/experienciadevida.com.ar\/portalurbano\/#organization\",\"name\":\"Portal Urbano\",\"url\":\"https:\/\/experienciadevida.com.ar\/portalurbano\/\",\"logo\":{\"@type\":\"ImageObject\",\"inLanguage\":\"es\",\"@id\":\"https:\/\/experienciadevida.com.ar\/portalurbano\/#\/schema\/logo\/image\/\",\"url\":\"https:\/\/experienciadevida.com.ar\/portalurbano\/wp-content\/uploads\/2019\/09\/Logo-Original.png\",\"contentUrl\":\"https:\/\/experienciadevida.com.ar\/portalurbano\/wp-content\/uploads\/2019\/09\/Logo-Original.png\",\"width\":2236,\"height\":1216,\"caption\":\"Portal Urbano\"},\"image\":{\"@id\":\"https:\/\/experienciadevida.com.ar\/portalurbano\/#\/schema\/logo\/image\/\"},\"sameAs\":[\"https:\/\/www.facebook.com\/Portal-Urbano-171542830093757\/\",\"https:\/\/twitter.com\/portalurbanook\",\"https:\/\/www.instagram.com\/_portalurbano\/\",\"https:\/\/www.youtube.com\/channel\/UCXhagIfszH8KxFiOok79zbA?view_as=subscriber\"]},{\"@type\":\"Person\",\"@id\":\"https:\/\/experienciadevida.com.ar\/portalurbano\/#\/schema\/person\/02dd326b1c4b056e9cc972486934a3a7\",\"name\":\"admpu17wp\",\"image\":{\"@type\":\"ImageObject\",\"inLanguage\":\"es\",\"@id\":\"https:\/\/experienciadevida.com.ar\/portalurbano\/#\/schema\/person\/image\/\",\"url\":\"https:\/\/secure.gravatar.com\/avatar\/830d4c57adaae6630765e449a6908047?s=96&d=mm&r=g\",\"contentUrl\":\"https:\/\/secure.gravatar.com\/avatar\/830d4c57adaae6630765e449a6908047?s=96&d=mm&r=g\",\"caption\":\"admpu17wp\"}}]}<\/script>\n<!-- \/ Yoast SEO plugin. -->","yoast_head_json":{"title":"La defensor\u00eda fue a la justicia contra las automotrices por los planes de ahorro -","robots":{"index":"index","follow":"follow","max-snippet":"max-snippet:-1","max-image-preview":"max-image-preview:large","max-video-preview":"max-video-preview:-1"},"canonical":"https:\/\/experienciadevida.com.ar\/portalurbano\/la-defensoria-fue-a-la-justicia-contra-las-automotrices-por-los-planes-de-ahorro\/","og_locale":"es_ES","og_type":"article","og_title":"La defensor\u00eda fue a la justicia contra las automotrices por los planes de ahorro -","og_description":"La Defensor\u00eda hizo una presentaci\u00f3n judicial contra FIAT, al basarse en el reclamo de un...","og_url":"https:\/\/experienciadevida.com.ar\/portalurbano\/la-defensoria-fue-a-la-justicia-contra-las-automotrices-por-los-planes-de-ahorro\/","article_publisher":"https:\/\/www.facebook.com\/Portal-Urbano-171542830093757\/","article_published_time":"2020-02-12T00:00:02+00:00","article_modified_time":"2020-02-12T00:00:19+00:00","og_image":[{"width":746,"height":434,"url":"https:\/\/experienciadevida.com.ar\/portalurbano\/wp-content\/uploads\/2020\/02\/DEFENSORDELPUEBLO.png","type":"image\/png"}],"author":"admpu17wp","twitter_card":"summary_large_image","twitter_creator":"@portalurbanook","twitter_site":"@portalurbanook","twitter_misc":{"Escrito por":"admpu17wp","Tiempo de lectura":"2 minutos"},"schema":{"@context":"https:\/\/schema.org","@graph":[{"@type":"Article","@id":"https:\/\/experienciadevida.com.ar\/portalurbano\/la-defensoria-fue-a-la-justicia-contra-las-automotrices-por-los-planes-de-ahorro\/#article","isPartOf":{"@id":"https:\/\/experienciadevida.com.ar\/portalurbano\/la-defensoria-fue-a-la-justicia-contra-las-automotrices-por-los-planes-de-ahorro\/"},"author":{"name":"admpu17wp","@id":"https:\/\/experienciadevida.com.ar\/portalurbano\/#\/schema\/person\/02dd326b1c4b056e9cc972486934a3a7"},"headline":"La defensor\u00eda fue a la justicia contra las automotrices por los planes de ahorro","datePublished":"2020-02-12T00:00:02+00:00","dateModified":"2020-02-12T00:00:19+00:00","mainEntityOfPage":{"@id":"https:\/\/experienciadevida.com.ar\/portalurbano\/la-defensoria-fue-a-la-justicia-contra-las-automotrices-por-los-planes-de-ahorro\/"},"wordCount":394,"commentCount":0,"publisher":{"@id":"https:\/\/experienciadevida.com.ar\/portalurbano\/#organization"},"articleSection":["Naci\u00f3n"],"inLanguage":"es","potentialAction":[{"@type":"CommentAction","name":"Comment","target":["https:\/\/experienciadevida.com.ar\/portalurbano\/la-defensoria-fue-a-la-justicia-contra-las-automotrices-por-los-planes-de-ahorro\/#respond"]}]},{"@type":"WebPage","@id":"https:\/\/experienciadevida.com.ar\/portalurbano\/la-defensoria-fue-a-la-justicia-contra-las-automotrices-por-los-planes-de-ahorro\/","url":"https:\/\/experienciadevida.com.ar\/portalurbano\/la-defensoria-fue-a-la-justicia-contra-las-automotrices-por-los-planes-de-ahorro\/","name":"La defensor\u00eda fue a la justicia contra las automotrices por los planes de ahorro -","isPartOf":{"@id":"https:\/\/experienciadevida.com.ar\/portalurbano\/#website"},"datePublished":"2020-02-12T00:00:02+00:00","dateModified":"2020-02-12T00:00:19+00:00","breadcrumb":{"@id":"https:\/\/experienciadevida.com.ar\/portalurbano\/la-defensoria-fue-a-la-justicia-contra-las-automotrices-por-los-planes-de-ahorro\/#breadcrumb"},"inLanguage":"es","potentialAction":[{"@type":"ReadAction","target":["https:\/\/experienciadevida.com.ar\/portalurbano\/la-defensoria-fue-a-la-justicia-contra-las-automotrices-por-los-planes-de-ahorro\/"]}]},{"@type":"BreadcrumbList","@id":"https:\/\/experienciadevida.com.ar\/portalurbano\/la-defensoria-fue-a-la-justicia-contra-las-automotrices-por-los-planes-de-ahorro\/#breadcrumb","itemListElement":[{"@type":"ListItem","position":1,"name":"Portada","item":"https:\/\/experienciadevida.com.ar\/portalurbano\/"},{"@type":"ListItem","position":2,"name":"La defensor\u00eda fue a la justicia contra las automotrices por los planes de ahorro"}]},{"@type":"WebSite","@id":"https:\/\/experienciadevida.com.ar\/portalurbano\/#website","url":"https:\/\/experienciadevida.com.ar\/portalurbano\/","name":"","description":"","publisher":{"@id":"https:\/\/experienciadevida.com.ar\/portalurbano\/#organization"},"potentialAction":[{"@type":"SearchAction","target":{"@type":"EntryPoint","urlTemplate":"https:\/\/experienciadevida.com.ar\/portalurbano\/?s={search_term_string}"},"query-input":"required name=search_term_string"}],"inLanguage":"es"},{"@type":"Organization","@id":"https:\/\/experienciadevida.com.ar\/portalurbano\/#organization","name":"Portal Urbano","url":"https:\/\/experienciadevida.com.ar\/portalurbano\/","logo":{"@type":"ImageObject","inLanguage":"es","@id":"https:\/\/experienciadevida.com.ar\/portalurbano\/#\/schema\/logo\/image\/","url":"https:\/\/experienciadevida.com.ar\/portalurbano\/wp-content\/uploads\/2019\/09\/Logo-Original.png","contentUrl":"https:\/\/experienciadevida.com.ar\/portalurbano\/wp-content\/uploads\/2019\/09\/Logo-Original.png","width":2236,"height":1216,"caption":"Portal Urbano"},"image":{"@id":"https:\/\/experienciadevida.com.ar\/portalurbano\/#\/schema\/logo\/image\/"},"sameAs":["https:\/\/www.facebook.com\/Portal-Urbano-171542830093757\/","https:\/\/twitter.com\/portalurbanook","https:\/\/www.instagram.com\/_portalurbano\/","https:\/\/www.youtube.com\/channel\/UCXhagIfszH8KxFiOok79zbA?view_as=subscriber"]},{"@type":"Person","@id":"https:\/\/experienciadevida.com.ar\/portalurbano\/#\/schema\/person\/02dd326b1c4b056e9cc972486934a3a7","name":"admpu17wp","image":{"@type":"ImageObject","inLanguage":"es","@id":"https:\/\/experienciadevida.com.ar\/portalurbano\/#\/schema\/person\/image\/","url":"https:\/\/secure.gravatar.com\/avatar\/830d4c57adaae6630765e449a6908047?s=96&d=mm&r=g","contentUrl":"https:\/\/secure.gravatar.com\/avatar\/830d4c57adaae6630765e449a6908047?s=96&d=mm&r=g","caption":"admpu17wp"}}]}},"featured_image_urls":{"full":["https:\/\/experienciadevida.com.ar\/portalurbano\/wp-content\/uploads\/2020\/02\/DEFENSORDELPUEBLO.png",746,434,false],"thumbnail":["https:\/\/experienciadevida.com.ar\/portalurbano\/wp-content\/uploads\/2020\/02\/DEFENSORDELPUEBLO-150x150.png",150,150,true],"medium":["https:\/\/experienciadevida.com.ar\/portalurbano\/wp-content\/uploads\/2020\/02\/DEFENSORDELPUEBLO-300x175.png",300,175,true],"medium_large":["https:\/\/experienciadevida.com.ar\/portalurbano\/wp-content\/uploads\/2020\/02\/DEFENSORDELPUEBLO.png",640,372,false],"large":["https:\/\/experienciadevida.com.ar\/portalurbano\/wp-content\/uploads\/2020\/02\/DEFENSORDELPUEBLO.png",640,372,false],"ug_big":["https:\/\/experienciadevida.com.ar\/portalurbano\/wp-content\/uploads\/2020\/02\/DEFENSORDELPUEBLO.png",746,434,false],"1536x1536":["https:\/\/experienciadevida.com.ar\/portalurbano\/wp-content\/uploads\/2020\/02\/DEFENSORDELPUEBLO.png",746,434,false],"2048x2048":["https:\/\/experienciadevida.com.ar\/portalurbano\/wp-content\/uploads\/2020\/02\/DEFENSORDELPUEBLO.png",746,434,false],"newsever-slider-full":["https:\/\/experienciadevida.com.ar\/portalurbano\/wp-content\/uploads\/2020\/02\/DEFENSORDELPUEBLO.png",746,434,false],"newsever-featured":["https:\/\/experienciadevida.com.ar\/portalurbano\/wp-content\/uploads\/2020\/02\/DEFENSORDELPUEBLO.png",746,434,false],"newsever-medium":["https:\/\/experienciadevida.com.ar\/portalurbano\/wp-content\/uploads\/2020\/02\/DEFENSORDELPUEBLO.png",720,419,false],"web-stories-poster-portrait":["https:\/\/experienciadevida.com.ar\/portalurbano\/wp-content\/uploads\/2020\/02\/DEFENSORDELPUEBLO.png",640,372,false],"web-stories-publisher-logo":["https:\/\/experienciadevida.com.ar\/portalurbano\/wp-content\/uploads\/2020\/02\/DEFENSORDELPUEBLO.png",96,56,false],"web-stories-thumbnail":["https:\/\/experienciadevida.com.ar\/portalurbano\/wp-content\/uploads\/2020\/02\/DEFENSORDELPUEBLO.png",150,87,false]},"author_info":{"display_name":"admpu17wp","author_link":"https:\/\/experienciadevida.com.ar\/portalurbano\/author\/admpu17wp\/"},"category_info":"<a href=\"https:\/\/experienciadevida.com.ar\/portalurbano\/category\/nacion\/\" rel=\"category tag\">Naci\u00f3n<\/a>","tag_info":"Naci\u00f3n","comment_count":"0","amp_enabled":true,"_links":{"self":[{"href":"https:\/\/experienciadevida.com.ar\/portalurbano\/wp-json\/wp\/v2\/posts\/101323"}],"collection":[{"href":"https:\/\/experienciadevida.com.ar\/portalurbano\/wp-json\/wp\/v2\/posts"}],"about":[{"href":"https:\/\/experienciadevida.com.ar\/portalurbano\/wp-json\/wp\/v2\/types\/post"}],"author":[{"embeddable":true,"href":"https:\/\/experienciadevida.com.ar\/portalurbano\/wp-json\/wp\/v2\/users\/1"}],"replies":[{"embeddable":true,"href":"https:\/\/experienciadevida.com.ar\/portalurbano\/wp-json\/wp\/v2\/comments?post=101323"}],"version-history":[{"count":2,"href":"https:\/\/experienciadevida.com.ar\/portalurbano\/wp-json\/wp\/v2\/posts\/101323\/revisions"}],"predecessor-version":[{"id":101325,"href":"https:\/\/experienciadevida.com.ar\/portalurbano\/wp-json\/wp\/v2\/posts\/101323\/revisions\/101325"}],"wp:featuredmedia":[{"embeddable":true,"href":"https:\/\/experienciadevida.com.ar\/portalurbano\/wp-json\/wp\/v2\/media\/100884"}],"wp:attachment":[{"href":"https:\/\/experienciadevida.com.ar\/portalurbano\/wp-json\/wp\/v2\/media?parent=101323"}],"wp:term":[{"taxonomy":"category","embeddable":true,"href":"https:\/\/experienciadevida.com.ar\/portalurbano\/wp-json\/wp\/v2\/categories?post=101323"},{"taxonomy":"post_tag","embeddable":true,"href":"https:\/\/experienciadevida.com.ar\/portalurbano\/wp-json\/wp\/v2\/tags?post=101323"}],"curies":[{"name":"wp","href":"https:\/\/api.w.org\/{rel}","templated":true}]}}