{"id":101204,"date":"2020-02-10T10:27:28","date_gmt":"2020-02-10T13:27:28","guid":{"rendered":"https:\/\/experienciadevida.com.ar\/portalurbano\/?p=101204"},"modified":"2020-02-10T10:27:49","modified_gmt":"2020-02-10T13:27:49","slug":"continua-internado-el-argentino-con-coronavirus","status":"publish","type":"post","link":"https:\/\/experienciadevida.com.ar\/portalurbano\/continua-internado-el-argentino-con-coronavirus\/","title":{"rendered":"Contin\u00faa internado el argentino con coronavirus"},"content":{"rendered":"<p class=\"interiorCopete\">En el crucero, en el que permanecen siete ciudadanos argentinos, hay tres nuevos casos, elev\u00e1ndose a 64 el n\u00famero de personas contagiadas. Ya son 811 los muertos por la enfermedad.<\/p>\n<p>El ciudadano Argentino contagiado por Coronavirus sigue internado en un hospital japon\u00e9s, luego de abandonar el viernes pasado el crucero amarrado y en cuarentena frente al puerto de\u00a0Yokohama<strong>,<\/strong>\u00a0en el que se detectaron 3 nuevos casos positivos m\u00e1s de una enfermedad que en China ya provoc\u00f3 811 muertos.<\/p>\n<p>El argentino contagiado por coronavirus en el crucero\u00a0Diamond Princess\u00a0en el puerto de\u00a0Yokohama\u00a0sigue internado en un hospital de Jap\u00f3n, seg\u00fan confirmaron voceros del Ministerio de salud de la Naci\u00f3n y se encuentra bien.<\/p>\n<p>El propio ministro\u00a0Gin\u00e9s Gonz\u00e1lez\u00a0Garc\u00eda inform\u00f3 que al ciudadano argentino &#8220;se lo est\u00e1 tratando muy bien&#8221; y cont\u00f3 que se trata de un adulto mayor.<\/p>\n<p>En las \u00faltimas horas en el crucero, en el que permanecen 7 Argentinos se sumaron tres personas m\u00e1s con coronavirus, llegando\u00a0 a 64 el n\u00famero de infectados.<\/p>\n<p>Adem\u00e1s, las autoridades japonesas informaron que hasta ahora se le realizaron pruebas a 279 personas dentro del crucero, que seguir\u00e1 en cuarentena al menos hasta el 19 de febrero.<\/p>\n<p>En tanto, las autoridades sanitarias chinas informaron que en la provincia de Hubei se produjeron 83 nuevos fallecidos por el coronavirus, con lo que el n\u00famero de muertos ascendi\u00f3 a 811.<\/p>\n<p>El coronavirus lleg\u00f3 a 27 pa\u00edses. En este momento hay 31. 198 personas con coronavirus, de ese n\u00famero, 6.188 se encuentran en grave estado de salud.<\/p>\n<p>De esta manera la cifra de v\u00edctimas supera a la epidemia del S\u00edndrome Respiratorio Agudo Severo (SARS), que dej\u00f3 casi 650 personas muertas en China continental y Hong Kong en 2002-2003.<\/p>\n<p>La comisi\u00f3n de salud de\u00a0Hubei\u00a0tambi\u00e9n confirm\u00f3 otros 3.400 casos nuevos en la provincia central, donde surgi\u00f3 el brote en diciembre, con lo cual el total de contagios asciende a m\u00e1s de 34.500.<\/p>\n<p>La muerte del m\u00e9dico que alert\u00f3 del nuevo coronavirus sacudi\u00f3 a la opini\u00f3n p\u00fablica china y oblig\u00f3 a las autoridades a reaccionar, mientras que laOrganizaci\u00f3n Mundial de la Salud\u00a0(OMS) advert\u00eda de la escasez de material contra la epidemia.<\/p>\n<p>El oftalm\u00f3logoLi Wenliang, de 34 a\u00f1os y que trabajaba en Wuhan, alert\u00f3 a finales de diciembre sobre la aparici\u00f3n del virus en esa ciudad, por lo que fue sancionado y su muerte, a causa de la infecci\u00f3n, provoc\u00f3 duros comentarios en las redes sociales.<\/p>\n<p>Actualmente, unos 56 millones de ciudadanos est\u00e1n virtualmente retenidos en sus domicilios y en el resto del mundo se han confirmado m\u00e1s de 300 casos de contagio en unos 30 pa\u00edses y territorios, dos de ellos mortales en Hong Kong y Filipinas.<\/p>\n<p>Los s\u00edntomas del nuevo\u00a0coronavirus<strong>,<\/strong>\u00a0denominado 2019-nCoV, son en muchos casos parecidos a los de un simple resfr\u00edo, pero pueden venir acompa\u00f1ados de fiebre y fatiga, tos seca y disnea (dificultad para respirar).<\/p>\n","protected":false},"excerpt":{"rendered":"<p>En el crucero, en el que permanecen siete ciudadanos argentinos, hay tres nuevos casos, elev\u00e1ndose&#8230;<\/p>\n","protected":false},"author":1,"featured_media":100873,"comment_status":"open","ping_status":"open","sticky":false,"template":"","format":"standard","meta":{"content-type":""},"categories":[39],"tags":[],"nelio_content":{"isAutoShareEnabled":false,"autoShareEndMode":"default","automationSources":{"useContentSentences":true,"useSocialTemplates":true,"useCustomSentences":false,"customSentences":[]},"followers":[1],"suggestedReferences":[],"includedReferences":[],"efiUrl":"","efiAlt":"","highlights":[]},"yoast_head":"<!-- This site is optimized with the Yoast SEO plugin v20.7 - https:\/\/yoast.com\/wordpress\/plugins\/seo\/ -->\n<title>Contin\u00faa internado el argentino con coronavirus -<\/title>\n<meta name=\"robots\" content=\"index, follow, max-snippet:-1, max-image-preview:large, max-video-preview:-1\" \/>\n<link rel=\"canonical\" href=\"https:\/\/experienciadevida.com.ar\/portalurbano\/continua-internado-el-argentino-con-coronavirus\/\" \/>\n<meta property=\"og:locale\" content=\"es_ES\" \/>\n<meta property=\"og:type\" content=\"article\" \/>\n<meta property=\"og:title\" content=\"Contin\u00faa internado el argentino con coronavirus -\" \/>\n<meta property=\"og:description\" content=\"En el crucero, en el que permanecen siete ciudadanos argentinos, hay tres nuevos casos, elev\u00e1ndose...\" \/>\n<meta property=\"og:url\" content=\"https:\/\/experienciadevida.com.ar\/portalurbano\/continua-internado-el-argentino-con-coronavirus\/\" \/>\n<meta property=\"article:publisher\" content=\"https:\/\/www.facebook.com\/Portal-Urbano-171542830093757\/\" \/>\n<meta property=\"article:published_time\" content=\"2020-02-10T13:27:28+00:00\" \/>\n<meta property=\"article:modified_time\" content=\"2020-02-10T13:27:49+00:00\" \/>\n<meta property=\"og:image\" content=\"https:\/\/experienciadevida.com.ar\/portalurbano\/wp-content\/uploads\/2020\/02\/BARCOJAP\u00d3N.png\" \/>\n\t<meta property=\"og:image:width\" content=\"680\" \/>\n\t<meta property=\"og:image:height\" content=\"380\" \/>\n\t<meta property=\"og:image:type\" content=\"image\/png\" \/>\n<meta name=\"author\" content=\"admpu17wp\" \/>\n<meta name=\"twitter:card\" content=\"summary_large_image\" \/>\n<meta name=\"twitter:creator\" content=\"@portalurbanook\" \/>\n<meta name=\"twitter:site\" content=\"@portalurbanook\" \/>\n<meta name=\"twitter:label1\" content=\"Escrito por\" \/>\n\t<meta name=\"twitter:data1\" content=\"admpu17wp\" \/>\n\t<meta name=\"twitter:label2\" content=\"Tiempo de lectura\" \/>\n\t<meta name=\"twitter:data2\" content=\"2 minutos\" \/>\n<script type=\"application\/ld+json\" class=\"yoast-schema-graph\">{\"@context\":\"https:\/\/schema.org\",\"@graph\":[{\"@type\":\"Article\",\"@id\":\"https:\/\/experienciadevida.com.ar\/portalurbano\/continua-internado-el-argentino-con-coronavirus\/#article\",\"isPartOf\":{\"@id\":\"https:\/\/experienciadevida.com.ar\/portalurbano\/continua-internado-el-argentino-con-coronavirus\/\"},\"author\":{\"name\":\"admpu17wp\",\"@id\":\"https:\/\/experienciadevida.com.ar\/portalurbano\/#\/schema\/person\/02dd326b1c4b056e9cc972486934a3a7\"},\"headline\":\"Contin\u00faa internado el argentino con coronavirus\",\"datePublished\":\"2020-02-10T13:27:28+00:00\",\"dateModified\":\"2020-02-10T13:27:49+00:00\",\"mainEntityOfPage\":{\"@id\":\"https:\/\/experienciadevida.com.ar\/portalurbano\/continua-internado-el-argentino-con-coronavirus\/\"},\"wordCount\":499,\"commentCount\":0,\"publisher\":{\"@id\":\"https:\/\/experienciadevida.com.ar\/portalurbano\/#organization\"},\"articleSection\":[\"Naci\u00f3n\"],\"inLanguage\":\"es\",\"potentialAction\":[{\"@type\":\"CommentAction\",\"name\":\"Comment\",\"target\":[\"https:\/\/experienciadevida.com.ar\/portalurbano\/continua-internado-el-argentino-con-coronavirus\/#respond\"]}]},{\"@type\":\"WebPage\",\"@id\":\"https:\/\/experienciadevida.com.ar\/portalurbano\/continua-internado-el-argentino-con-coronavirus\/\",\"url\":\"https:\/\/experienciadevida.com.ar\/portalurbano\/continua-internado-el-argentino-con-coronavirus\/\",\"name\":\"Contin\u00faa internado el argentino con coronavirus -\",\"isPartOf\":{\"@id\":\"https:\/\/experienciadevida.com.ar\/portalurbano\/#website\"},\"datePublished\":\"2020-02-10T13:27:28+00:00\",\"dateModified\":\"2020-02-10T13:27:49+00:00\",\"breadcrumb\":{\"@id\":\"https:\/\/experienciadevida.com.ar\/portalurbano\/continua-internado-el-argentino-con-coronavirus\/#breadcrumb\"},\"inLanguage\":\"es\",\"potentialAction\":[{\"@type\":\"ReadAction\",\"target\":[\"https:\/\/experienciadevida.com.ar\/portalurbano\/continua-internado-el-argentino-con-coronavirus\/\"]}]},{\"@type\":\"BreadcrumbList\",\"@id\":\"https:\/\/experienciadevida.com.ar\/portalurbano\/continua-internado-el-argentino-con-coronavirus\/#breadcrumb\",\"itemListElement\":[{\"@type\":\"ListItem\",\"position\":1,\"name\":\"Portada\",\"item\":\"https:\/\/experienciadevida.com.ar\/portalurbano\/\"},{\"@type\":\"ListItem\",\"position\":2,\"name\":\"Contin\u00faa internado el argentino con coronavirus\"}]},{\"@type\":\"WebSite\",\"@id\":\"https:\/\/experienciadevida.com.ar\/portalurbano\/#website\",\"url\":\"https:\/\/experienciadevida.com.ar\/portalurbano\/\",\"name\":\"\",\"description\":\"\",\"publisher\":{\"@id\":\"https:\/\/experienciadevida.com.ar\/portalurbano\/#organization\"},\"potentialAction\":[{\"@type\":\"SearchAction\",\"target\":{\"@type\":\"EntryPoint\",\"urlTemplate\":\"https:\/\/experienciadevida.com.ar\/portalurbano\/?s={search_term_string}\"},\"query-input\":\"required name=search_term_string\"}],\"inLanguage\":\"es\"},{\"@type\":\"Organization\",\"@id\":\"https:\/\/experienciadevida.com.ar\/portalurbano\/#organization\",\"name\":\"Portal Urbano\",\"url\":\"https:\/\/experienciadevida.com.ar\/portalurbano\/\",\"logo\":{\"@type\":\"ImageObject\",\"inLanguage\":\"es\",\"@id\":\"https:\/\/experienciadevida.com.ar\/portalurbano\/#\/schema\/logo\/image\/\",\"url\":\"https:\/\/experienciadevida.com.ar\/portalurbano\/wp-content\/uploads\/2019\/09\/Logo-Original.png\",\"contentUrl\":\"https:\/\/experienciadevida.com.ar\/portalurbano\/wp-content\/uploads\/2019\/09\/Logo-Original.png\",\"width\":2236,\"height\":1216,\"caption\":\"Portal Urbano\"},\"image\":{\"@id\":\"https:\/\/experienciadevida.com.ar\/portalurbano\/#\/schema\/logo\/image\/\"},\"sameAs\":[\"https:\/\/www.facebook.com\/Portal-Urbano-171542830093757\/\",\"https:\/\/twitter.com\/portalurbanook\",\"https:\/\/www.instagram.com\/_portalurbano\/\",\"https:\/\/www.youtube.com\/channel\/UCXhagIfszH8KxFiOok79zbA?view_as=subscriber\"]},{\"@type\":\"Person\",\"@id\":\"https:\/\/experienciadevida.com.ar\/portalurbano\/#\/schema\/person\/02dd326b1c4b056e9cc972486934a3a7\",\"name\":\"admpu17wp\",\"image\":{\"@type\":\"ImageObject\",\"inLanguage\":\"es\",\"@id\":\"https:\/\/experienciadevida.com.ar\/portalurbano\/#\/schema\/person\/image\/\",\"url\":\"https:\/\/secure.gravatar.com\/avatar\/830d4c57adaae6630765e449a6908047?s=96&d=mm&r=g\",\"contentUrl\":\"https:\/\/secure.gravatar.com\/avatar\/830d4c57adaae6630765e449a6908047?s=96&d=mm&r=g\",\"caption\":\"admpu17wp\"}}]}<\/script>\n<!-- \/ Yoast SEO plugin. -->","yoast_head_json":{"title":"Contin\u00faa internado el argentino con coronavirus -","robots":{"index":"index","follow":"follow","max-snippet":"max-snippet:-1","max-image-preview":"max-image-preview:large","max-video-preview":"max-video-preview:-1"},"canonical":"https:\/\/experienciadevida.com.ar\/portalurbano\/continua-internado-el-argentino-con-coronavirus\/","og_locale":"es_ES","og_type":"article","og_title":"Contin\u00faa internado el argentino con coronavirus -","og_description":"En el crucero, en el que permanecen siete ciudadanos argentinos, hay tres nuevos casos, elev\u00e1ndose...","og_url":"https:\/\/experienciadevida.com.ar\/portalurbano\/continua-internado-el-argentino-con-coronavirus\/","article_publisher":"https:\/\/www.facebook.com\/Portal-Urbano-171542830093757\/","article_published_time":"2020-02-10T13:27:28+00:00","article_modified_time":"2020-02-10T13:27:49+00:00","og_image":[{"width":680,"height":380,"url":"https:\/\/experienciadevida.com.ar\/portalurbano\/wp-content\/uploads\/2020\/02\/BARCOJAP\u00d3N.png","type":"image\/png"}],"author":"admpu17wp","twitter_card":"summary_large_image","twitter_creator":"@portalurbanook","twitter_site":"@portalurbanook","twitter_misc":{"Escrito por":"admpu17wp","Tiempo de lectura":"2 minutos"},"schema":{"@context":"https:\/\/schema.org","@graph":[{"@type":"Article","@id":"https:\/\/experienciadevida.com.ar\/portalurbano\/continua-internado-el-argentino-con-coronavirus\/#article","isPartOf":{"@id":"https:\/\/experienciadevida.com.ar\/portalurbano\/continua-internado-el-argentino-con-coronavirus\/"},"author":{"name":"admpu17wp","@id":"https:\/\/experienciadevida.com.ar\/portalurbano\/#\/schema\/person\/02dd326b1c4b056e9cc972486934a3a7"},"headline":"Contin\u00faa internado el argentino con coronavirus","datePublished":"2020-02-10T13:27:28+00:00","dateModified":"2020-02-10T13:27:49+00:00","mainEntityOfPage":{"@id":"https:\/\/experienciadevida.com.ar\/portalurbano\/continua-internado-el-argentino-con-coronavirus\/"},"wordCount":499,"commentCount":0,"publisher":{"@id":"https:\/\/experienciadevida.com.ar\/portalurbano\/#organization"},"articleSection":["Naci\u00f3n"],"inLanguage":"es","potentialAction":[{"@type":"CommentAction","name":"Comment","target":["https:\/\/experienciadevida.com.ar\/portalurbano\/continua-internado-el-argentino-con-coronavirus\/#respond"]}]},{"@type":"WebPage","@id":"https:\/\/experienciadevida.com.ar\/portalurbano\/continua-internado-el-argentino-con-coronavirus\/","url":"https:\/\/experienciadevida.com.ar\/portalurbano\/continua-internado-el-argentino-con-coronavirus\/","name":"Contin\u00faa internado el argentino con coronavirus -","isPartOf":{"@id":"https:\/\/experienciadevida.com.ar\/portalurbano\/#website"},"datePublished":"2020-02-10T13:27:28+00:00","dateModified":"2020-02-10T13:27:49+00:00","breadcrumb":{"@id":"https:\/\/experienciadevida.com.ar\/portalurbano\/continua-internado-el-argentino-con-coronavirus\/#breadcrumb"},"inLanguage":"es","potentialAction":[{"@type":"ReadAction","target":["https:\/\/experienciadevida.com.ar\/portalurbano\/continua-internado-el-argentino-con-coronavirus\/"]}]},{"@type":"BreadcrumbList","@id":"https:\/\/experienciadevida.com.ar\/portalurbano\/continua-internado-el-argentino-con-coronavirus\/#breadcrumb","itemListElement":[{"@type":"ListItem","position":1,"name":"Portada","item":"https:\/\/experienciadevida.com.ar\/portalurbano\/"},{"@type":"ListItem","position":2,"name":"Contin\u00faa internado el argentino con coronavirus"}]},{"@type":"WebSite","@id":"https:\/\/experienciadevida.com.ar\/portalurbano\/#website","url":"https:\/\/experienciadevida.com.ar\/portalurbano\/","name":"","description":"","publisher":{"@id":"https:\/\/experienciadevida.com.ar\/portalurbano\/#organization"},"potentialAction":[{"@type":"SearchAction","target":{"@type":"EntryPoint","urlTemplate":"https:\/\/experienciadevida.com.ar\/portalurbano\/?s={search_term_string}"},"query-input":"required name=search_term_string"}],"inLanguage":"es"},{"@type":"Organization","@id":"https:\/\/experienciadevida.com.ar\/portalurbano\/#organization","name":"Portal Urbano","url":"https:\/\/experienciadevida.com.ar\/portalurbano\/","logo":{"@type":"ImageObject","inLanguage":"es","@id":"https:\/\/experienciadevida.com.ar\/portalurbano\/#\/schema\/logo\/image\/","url":"https:\/\/experienciadevida.com.ar\/portalurbano\/wp-content\/uploads\/2019\/09\/Logo-Original.png","contentUrl":"https:\/\/experienciadevida.com.ar\/portalurbano\/wp-content\/uploads\/2019\/09\/Logo-Original.png","width":2236,"height":1216,"caption":"Portal Urbano"},"image":{"@id":"https:\/\/experienciadevida.com.ar\/portalurbano\/#\/schema\/logo\/image\/"},"sameAs":["https:\/\/www.facebook.com\/Portal-Urbano-171542830093757\/","https:\/\/twitter.com\/portalurbanook","https:\/\/www.instagram.com\/_portalurbano\/","https:\/\/www.youtube.com\/channel\/UCXhagIfszH8KxFiOok79zbA?view_as=subscriber"]},{"@type":"Person","@id":"https:\/\/experienciadevida.com.ar\/portalurbano\/#\/schema\/person\/02dd326b1c4b056e9cc972486934a3a7","name":"admpu17wp","image":{"@type":"ImageObject","inLanguage":"es","@id":"https:\/\/experienciadevida.com.ar\/portalurbano\/#\/schema\/person\/image\/","url":"https:\/\/secure.gravatar.com\/avatar\/830d4c57adaae6630765e449a6908047?s=96&d=mm&r=g","contentUrl":"https:\/\/secure.gravatar.com\/avatar\/830d4c57adaae6630765e449a6908047?s=96&d=mm&r=g","caption":"admpu17wp"}}]}},"featured_image_urls":{"full":["https:\/\/experienciadevida.com.ar\/portalurbano\/wp-content\/uploads\/2020\/02\/BARCOJAP\u00d3N.png",680,380,false],"thumbnail":["https:\/\/experienciadevida.com.ar\/portalurbano\/wp-content\/uploads\/2020\/02\/BARCOJAP\u00d3N-150x150.png",150,150,true],"medium":["https:\/\/experienciadevida.com.ar\/portalurbano\/wp-content\/uploads\/2020\/02\/BARCOJAP\u00d3N-300x168.png",300,168,true],"medium_large":["https:\/\/experienciadevida.com.ar\/portalurbano\/wp-content\/uploads\/2020\/02\/BARCOJAP\u00d3N.png",640,358,false],"large":["https:\/\/experienciadevida.com.ar\/portalurbano\/wp-content\/uploads\/2020\/02\/BARCOJAP\u00d3N.png",640,358,false],"ug_big":["https:\/\/experienciadevida.com.ar\/portalurbano\/wp-content\/uploads\/2020\/02\/BARCOJAP\u00d3N.png",680,380,false],"1536x1536":["https:\/\/experienciadevida.com.ar\/portalurbano\/wp-content\/uploads\/2020\/02\/BARCOJAP\u00d3N.png",680,380,false],"2048x2048":["https:\/\/experienciadevida.com.ar\/portalurbano\/wp-content\/uploads\/2020\/02\/BARCOJAP\u00d3N.png",680,380,false],"newsever-slider-full":["https:\/\/experienciadevida.com.ar\/portalurbano\/wp-content\/uploads\/2020\/02\/BARCOJAP\u00d3N.png",680,380,false],"newsever-featured":["https:\/\/experienciadevida.com.ar\/portalurbano\/wp-content\/uploads\/2020\/02\/BARCOJAP\u00d3N.png",680,380,false],"newsever-medium":["https:\/\/experienciadevida.com.ar\/portalurbano\/wp-content\/uploads\/2020\/02\/BARCOJAP\u00d3N.png",680,380,false],"web-stories-poster-portrait":["https:\/\/experienciadevida.com.ar\/portalurbano\/wp-content\/uploads\/2020\/02\/BARCOJAP\u00d3N.png",640,358,false],"web-stories-publisher-logo":["https:\/\/experienciadevida.com.ar\/portalurbano\/wp-content\/uploads\/2020\/02\/BARCOJAP\u00d3N.png",96,54,false],"web-stories-thumbnail":["https:\/\/experienciadevida.com.ar\/portalurbano\/wp-content\/uploads\/2020\/02\/BARCOJAP\u00d3N.png",150,84,false]},"author_info":{"display_name":"admpu17wp","author_link":"https:\/\/experienciadevida.com.ar\/portalurbano\/author\/admpu17wp\/"},"category_info":"<a href=\"https:\/\/experienciadevida.com.ar\/portalurbano\/category\/nacion\/\" rel=\"category tag\">Naci\u00f3n<\/a>","tag_info":"Naci\u00f3n","comment_count":"0","amp_enabled":true,"_links":{"self":[{"href":"https:\/\/experienciadevida.com.ar\/portalurbano\/wp-json\/wp\/v2\/posts\/101204"}],"collection":[{"href":"https:\/\/experienciadevida.com.ar\/portalurbano\/wp-json\/wp\/v2\/posts"}],"about":[{"href":"https:\/\/experienciadevida.com.ar\/portalurbano\/wp-json\/wp\/v2\/types\/post"}],"author":[{"embeddable":true,"href":"https:\/\/experienciadevida.com.ar\/portalurbano\/wp-json\/wp\/v2\/users\/1"}],"replies":[{"embeddable":true,"href":"https:\/\/experienciadevida.com.ar\/portalurbano\/wp-json\/wp\/v2\/comments?post=101204"}],"version-history":[{"count":1,"href":"https:\/\/experienciadevida.com.ar\/portalurbano\/wp-json\/wp\/v2\/posts\/101204\/revisions"}],"predecessor-version":[{"id":101205,"href":"https:\/\/experienciadevida.com.ar\/portalurbano\/wp-json\/wp\/v2\/posts\/101204\/revisions\/101205"}],"wp:featuredmedia":[{"embeddable":true,"href":"https:\/\/experienciadevida.com.ar\/portalurbano\/wp-json\/wp\/v2\/media\/100873"}],"wp:attachment":[{"href":"https:\/\/experienciadevida.com.ar\/portalurbano\/wp-json\/wp\/v2\/media?parent=101204"}],"wp:term":[{"taxonomy":"category","embeddable":true,"href":"https:\/\/experienciadevida.com.ar\/portalurbano\/wp-json\/wp\/v2\/categories?post=101204"},{"taxonomy":"post_tag","embeddable":true,"href":"https:\/\/experienciadevida.com.ar\/portalurbano\/wp-json\/wp\/v2\/tags?post=101204"}],"curies":[{"name":"wp","href":"https:\/\/api.w.org\/{rel}","templated":true}]}}