{"id":101144,"date":"2020-02-09T13:22:41","date_gmt":"2020-02-09T16:22:41","guid":{"rendered":"https:\/\/experienciadevida.com.ar\/portalurbano\/?p=101144"},"modified":"2020-02-09T13:22:41","modified_gmt":"2020-02-09T16:22:41","slug":"paritarias-el-ministerio-de-trabajo-determino-cual-sera-la-suma-fija-trimestral","status":"publish","type":"post","link":"https:\/\/experienciadevida.com.ar\/portalurbano\/paritarias-el-ministerio-de-trabajo-determino-cual-sera-la-suma-fija-trimestral\/","title":{"rendered":"Paritarias: El ministerio de Trabajo determin\u00f3 cu\u00e1l ser\u00e1 la suma fija trimestral"},"content":{"rendered":"<p>Con la inflaci\u00f3n en alza, el Gobierno defendi\u00f3 la pol\u00edtica salarial de imponer sumas fijas a cuenta de paritarias para los trabajadores del sector privado<\/p>\n<p>El Gobierno inform\u00f3 ayer cu\u00e1l ser\u00e1 su pol\u00edtica salarial para los pr\u00f3ximos meses. La propuesta de imponer sumas fijas a cuenta de las paritarias con un informe en el que asegura que los $4000 otorgados en enero y febrero representan una suba salarial promedio de 9,4 por ciento para los trabajadores registrados del sector privado.<\/p>\n<p>La proyecci\u00f3n surge a partir de las variaciones salariales pactadas en los convenios colectivos y de acuerdo a los \u00edndices del Sistema Integrado Previsional Argentino (SIPA) y a un estudio del Observatorio de Empleo y Din\u00e1mica Empresarial para el Ministerio de Trabajo.<\/p>\n<p>El ministro de Trabajo, Claudio Moroni, sostuvo que el Gobierno intent\u00f3 \u00abponer un piso a las paritarias de 2020\u00bb con el aumento de salarios para trabajadores del sector privado, al advertir que el objetivo es \u00abrecuperar la p\u00e9rdida\u00bb de ingresos y \u00abfijar un incremento sostenido del poder adquisitivo\u00bb del sueldo.<\/p>\n<p>En diciembre, a trav\u00e9s de un decreto, el Gobierno dispuso un aumento de $3000 en enero y otro de $1000 en febrero para los trabajadores en relaci\u00f3n de dependencia del sector privado, salvo aquellos que est\u00e9n bajo el r\u00e9gimen de trabajo agrario.<\/p>\n<p>Esos $4000 implican, seg\u00fan el informe que divulg\u00f3 la cartera laboral, un incremento salarial de 9,4% por el primer trimestre. Para los salarios m\u00e1s bajos, el aumento promedio ser\u00eda de un 16%. La semana que viene se conocer\u00e1 el \u00edndice oficial de inflaci\u00f3n, que, seg\u00fan consultoras y especialistas, podr\u00eda estar por encima del 3 por ciento.<\/p>\n<figure class=\"wp-block-image\"><img decoding=\"async\" class=\"wp-image-136550\" src=\"https:\/\/www.economis.com.ar\/wp-content\/uploads\/2020\/02\/claudio-moroni-trabajo-1024x682.jpg\" sizes=\"(max-width: 1024px) 100vw, 1024px\" srcset=\"https:\/\/www.economis.com.ar\/wp-content\/uploads\/2020\/02\/claudio-moroni-trabajo-1024x682.jpg 1024w, https:\/\/www.economis.com.ar\/wp-content\/uploads\/2020\/02\/claudio-moroni-trabajo-300x200.jpg 300w, https:\/\/www.economis.com.ar\/wp-content\/uploads\/2020\/02\/claudio-moroni-trabajo-768x512.jpg 768w, https:\/\/www.economis.com.ar\/wp-content\/uploads\/2020\/02\/claudio-moroni-trabajo-83x55.jpg 83w, https:\/\/www.economis.com.ar\/wp-content\/uploads\/2020\/02\/claudio-moroni-trabajo-650x433.jpg 650w, https:\/\/www.economis.com.ar\/wp-content\/uploads\/2020\/02\/claudio-moroni-trabajo.jpg 1033w\" alt=\"\" \/><\/figure>\n<p>El ministro de Trabajo, Claudio Moroni, reconoci\u00f3 que el objetivo de las sumas fijas es apuntalar los salarios m\u00e1s bajos. Todos los aumentos por decreto, como los de enero y febrero, ser\u00e1n a cuenta de las paritarias del sector.<\/p>\n<p>\u00abPara el 30 por ciento de las y los trabajadores que perciben las remuneraciones m\u00e1s bajas del empleo registrado, el incremento salarial alcanzar\u00e1 al 16,2 por ciento (en promedio para el primer trimestre). Esto implica que la medida logra m\u00e1s que triplicar el aumento que estaba definido en las paritarias para los primeros tres meses del a\u00f1o (4,8 por ciento)\u00bb, sostiene el trabajo que se elabor\u00f3 en base a los valores salariales declarados en el Sistema Integrado Previsional Argentino (SIPA). Por otro lado, la evoluci\u00f3n de los sueldos hasta el primer trimestre de 2020 fue proyectada teniendo en cuenta la variaci\u00f3n de los salarios conformados de los 25 Convenios Colectivos de Trabajo de mayor cobertura en cantidad de asalariados.<\/p>\n<p>De acuerdo a estos datos, hay un 20,2 por ciento de los trabajadores que con esta suma consiguen compensar la capacidad de compra perdida durante 2019. Incluso que una amplia mayor\u00eda de los trabajadores que se encuentran comprendidos en el primer decil (los salarios m\u00e1s bajos) recuperar lo que les hizo perder la inflaci\u00f3n desde fines de 2018. Como es de imaginar, el aumento de suma fija gener\u00f3 un mayor impacto en los sectores m\u00e1s deprimidos de la escala salarial. As\u00ed, benefici\u00f3 m\u00e1s a las mujeres (un 22 por ciento de\u00a0 las mujeres consiguen compensar la inflaci\u00f3n con la medida), los j\u00f3venes (34,1 por ciento de los j\u00f3venes mantienen su poder adquisitivo) y a los asalariados radicados en las provincias del NEA y del NOA.<\/p>\n<p>\u00abComo en los \u00faltimos tres a\u00f1os los salarios nominales crecieron mucho menos que los precios, la implementaci\u00f3n de la suma fija, apenas alcanzar\u00eda a moderar la fuerte contracci\u00f3n del costo laboral real. En efecto, se estima que, entre el primer trimestre de 2016 y el mismo trimestre de 2020, la reducci\u00f3n del costo laboral real sin la aplicaci\u00f3n de la suma fija llegar\u00eda al 24,9 por ciento, mientras que si se incluye la suma fija, la reducci\u00f3n ser\u00eda del 21,3 por ciento\u00bb, analiza el informe.<\/p>\n<p>La Asociaci\u00f3n Bancaria, el gremio que re\u00fane a los trabajadores del sector, aplaz\u00f3 su acuerdo salarial anual a cambio de una suma fija que va de 4500 a 10.500 pesos, seg\u00fan la categor\u00eda.<\/p>\n<p>El sindicato bancario, que suele abrir la temporada de paritarias, evit\u00f3 de esta manera trazar un porcentaje de referencia que sirva de caso testigo para el resto de las negociaciones, seg\u00fan La Naci\u00f3n.<\/p>\n<p>El mi\u00e9rcoles pasado, sin embargo, el sindicato de los camioneros, que encabeza Hugo Moyano, logr\u00f3 un aumento de 26,5% por el semestre diciembre-junio. De esta manera, el gremio se desmarc\u00f3 de los planes del Gobierno, que pretende aumentos de sumas fijas a los porcentuales al menos hasta despu\u00e9s de renegociar la deuda con el Fondo Monetario Internacional.<\/p>\n","protected":false},"excerpt":{"rendered":"<p>Con la inflaci\u00f3n en alza, el Gobierno defendi\u00f3 la pol\u00edtica salarial de imponer sumas fijas&#8230;<\/p>\n","protected":false},"author":1,"featured_media":101147,"comment_status":"open","ping_status":"open","sticky":false,"template":"","format":"standard","meta":{"content-type":""},"categories":[39],"tags":[],"nelio_content":{"isAutoShareEnabled":false,"autoShareEndMode":"default","automationSources":{"useContentSentences":true,"useSocialTemplates":true,"useCustomSentences":false,"customSentences":[]},"followers":[1],"suggestedReferences":[],"includedReferences":[],"efiUrl":"","efiAlt":"","highlights":[]},"yoast_head":"<!-- This site is optimized with the Yoast SEO plugin v20.7 - https:\/\/yoast.com\/wordpress\/plugins\/seo\/ -->\n<title>Paritarias: El ministerio de Trabajo determin\u00f3 cu\u00e1l ser\u00e1 la suma fija trimestral -<\/title>\n<meta name=\"robots\" content=\"index, follow, max-snippet:-1, max-image-preview:large, max-video-preview:-1\" \/>\n<link rel=\"canonical\" href=\"https:\/\/experienciadevida.com.ar\/portalurbano\/paritarias-el-ministerio-de-trabajo-determino-cual-sera-la-suma-fija-trimestral\/\" \/>\n<meta property=\"og:locale\" content=\"es_ES\" \/>\n<meta property=\"og:type\" content=\"article\" \/>\n<meta property=\"og:title\" content=\"Paritarias: El ministerio de Trabajo determin\u00f3 cu\u00e1l ser\u00e1 la suma fija trimestral -\" \/>\n<meta property=\"og:description\" content=\"Con la inflaci\u00f3n en alza, el Gobierno defendi\u00f3 la pol\u00edtica salarial de imponer sumas fijas...\" \/>\n<meta property=\"og:url\" content=\"https:\/\/experienciadevida.com.ar\/portalurbano\/paritarias-el-ministerio-de-trabajo-determino-cual-sera-la-suma-fija-trimestral\/\" \/>\n<meta property=\"article:publisher\" content=\"https:\/\/www.facebook.com\/Portal-Urbano-171542830093757\/\" \/>\n<meta property=\"article:published_time\" content=\"2020-02-09T16:22:41+00:00\" \/>\n<meta property=\"og:image\" content=\"https:\/\/experienciadevida.com.ar\/portalurbano\/wp-content\/uploads\/2020\/02\/490396-e1581265301216.jpg\" \/>\n\t<meta property=\"og:image:width\" content=\"800\" \/>\n\t<meta property=\"og:image:height\" content=\"450\" \/>\n\t<meta property=\"og:image:type\" content=\"image\/jpeg\" \/>\n<meta name=\"author\" content=\"admpu17wp\" \/>\n<meta name=\"twitter:card\" content=\"summary_large_image\" \/>\n<meta name=\"twitter:creator\" content=\"@portalurbanook\" \/>\n<meta name=\"twitter:site\" content=\"@portalurbanook\" \/>\n<meta name=\"twitter:label1\" content=\"Escrito por\" \/>\n\t<meta name=\"twitter:data1\" content=\"admpu17wp\" \/>\n\t<meta name=\"twitter:label2\" content=\"Tiempo de lectura\" \/>\n\t<meta name=\"twitter:data2\" content=\"4 minutos\" \/>\n<script type=\"application\/ld+json\" class=\"yoast-schema-graph\">{\"@context\":\"https:\/\/schema.org\",\"@graph\":[{\"@type\":\"Article\",\"@id\":\"https:\/\/experienciadevida.com.ar\/portalurbano\/paritarias-el-ministerio-de-trabajo-determino-cual-sera-la-suma-fija-trimestral\/#article\",\"isPartOf\":{\"@id\":\"https:\/\/experienciadevida.com.ar\/portalurbano\/paritarias-el-ministerio-de-trabajo-determino-cual-sera-la-suma-fija-trimestral\/\"},\"author\":{\"name\":\"admpu17wp\",\"@id\":\"https:\/\/experienciadevida.com.ar\/portalurbano\/#\/schema\/person\/02dd326b1c4b056e9cc972486934a3a7\"},\"headline\":\"Paritarias: El ministerio de Trabajo determin\u00f3 cu\u00e1l ser\u00e1 la suma fija trimestral\",\"datePublished\":\"2020-02-09T16:22:41+00:00\",\"dateModified\":\"2020-02-09T16:22:41+00:00\",\"mainEntityOfPage\":{\"@id\":\"https:\/\/experienciadevida.com.ar\/portalurbano\/paritarias-el-ministerio-de-trabajo-determino-cual-sera-la-suma-fija-trimestral\/\"},\"wordCount\":798,\"commentCount\":0,\"publisher\":{\"@id\":\"https:\/\/experienciadevida.com.ar\/portalurbano\/#organization\"},\"articleSection\":[\"Naci\u00f3n\"],\"inLanguage\":\"es\",\"potentialAction\":[{\"@type\":\"CommentAction\",\"name\":\"Comment\",\"target\":[\"https:\/\/experienciadevida.com.ar\/portalurbano\/paritarias-el-ministerio-de-trabajo-determino-cual-sera-la-suma-fija-trimestral\/#respond\"]}]},{\"@type\":\"WebPage\",\"@id\":\"https:\/\/experienciadevida.com.ar\/portalurbano\/paritarias-el-ministerio-de-trabajo-determino-cual-sera-la-suma-fija-trimestral\/\",\"url\":\"https:\/\/experienciadevida.com.ar\/portalurbano\/paritarias-el-ministerio-de-trabajo-determino-cual-sera-la-suma-fija-trimestral\/\",\"name\":\"Paritarias: El ministerio de Trabajo determin\u00f3 cu\u00e1l ser\u00e1 la suma fija trimestral -\",\"isPartOf\":{\"@id\":\"https:\/\/experienciadevida.com.ar\/portalurbano\/#website\"},\"datePublished\":\"2020-02-09T16:22:41+00:00\",\"dateModified\":\"2020-02-09T16:22:41+00:00\",\"breadcrumb\":{\"@id\":\"https:\/\/experienciadevida.com.ar\/portalurbano\/paritarias-el-ministerio-de-trabajo-determino-cual-sera-la-suma-fija-trimestral\/#breadcrumb\"},\"inLanguage\":\"es\",\"potentialAction\":[{\"@type\":\"ReadAction\",\"target\":[\"https:\/\/experienciadevida.com.ar\/portalurbano\/paritarias-el-ministerio-de-trabajo-determino-cual-sera-la-suma-fija-trimestral\/\"]}]},{\"@type\":\"BreadcrumbList\",\"@id\":\"https:\/\/experienciadevida.com.ar\/portalurbano\/paritarias-el-ministerio-de-trabajo-determino-cual-sera-la-suma-fija-trimestral\/#breadcrumb\",\"itemListElement\":[{\"@type\":\"ListItem\",\"position\":1,\"name\":\"Portada\",\"item\":\"https:\/\/experienciadevida.com.ar\/portalurbano\/\"},{\"@type\":\"ListItem\",\"position\":2,\"name\":\"Paritarias: El ministerio de Trabajo determin\u00f3 cu\u00e1l ser\u00e1 la suma fija trimestral\"}]},{\"@type\":\"WebSite\",\"@id\":\"https:\/\/experienciadevida.com.ar\/portalurbano\/#website\",\"url\":\"https:\/\/experienciadevida.com.ar\/portalurbano\/\",\"name\":\"\",\"description\":\"\",\"publisher\":{\"@id\":\"https:\/\/experienciadevida.com.ar\/portalurbano\/#organization\"},\"potentialAction\":[{\"@type\":\"SearchAction\",\"target\":{\"@type\":\"EntryPoint\",\"urlTemplate\":\"https:\/\/experienciadevida.com.ar\/portalurbano\/?s={search_term_string}\"},\"query-input\":\"required name=search_term_string\"}],\"inLanguage\":\"es\"},{\"@type\":\"Organization\",\"@id\":\"https:\/\/experienciadevida.com.ar\/portalurbano\/#organization\",\"name\":\"Portal Urbano\",\"url\":\"https:\/\/experienciadevida.com.ar\/portalurbano\/\",\"logo\":{\"@type\":\"ImageObject\",\"inLanguage\":\"es\",\"@id\":\"https:\/\/experienciadevida.com.ar\/portalurbano\/#\/schema\/logo\/image\/\",\"url\":\"https:\/\/experienciadevida.com.ar\/portalurbano\/wp-content\/uploads\/2019\/09\/Logo-Original.png\",\"contentUrl\":\"https:\/\/experienciadevida.com.ar\/portalurbano\/wp-content\/uploads\/2019\/09\/Logo-Original.png\",\"width\":2236,\"height\":1216,\"caption\":\"Portal Urbano\"},\"image\":{\"@id\":\"https:\/\/experienciadevida.com.ar\/portalurbano\/#\/schema\/logo\/image\/\"},\"sameAs\":[\"https:\/\/www.facebook.com\/Portal-Urbano-171542830093757\/\",\"https:\/\/twitter.com\/portalurbanook\",\"https:\/\/www.instagram.com\/_portalurbano\/\",\"https:\/\/www.youtube.com\/channel\/UCXhagIfszH8KxFiOok79zbA?view_as=subscriber\"]},{\"@type\":\"Person\",\"@id\":\"https:\/\/experienciadevida.com.ar\/portalurbano\/#\/schema\/person\/02dd326b1c4b056e9cc972486934a3a7\",\"name\":\"admpu17wp\",\"image\":{\"@type\":\"ImageObject\",\"inLanguage\":\"es\",\"@id\":\"https:\/\/experienciadevida.com.ar\/portalurbano\/#\/schema\/person\/image\/\",\"url\":\"https:\/\/secure.gravatar.com\/avatar\/830d4c57adaae6630765e449a6908047?s=96&d=mm&r=g\",\"contentUrl\":\"https:\/\/secure.gravatar.com\/avatar\/830d4c57adaae6630765e449a6908047?s=96&d=mm&r=g\",\"caption\":\"admpu17wp\"}}]}<\/script>\n<!-- \/ Yoast SEO plugin. -->","yoast_head_json":{"title":"Paritarias: El ministerio de Trabajo determin\u00f3 cu\u00e1l ser\u00e1 la suma fija trimestral -","robots":{"index":"index","follow":"follow","max-snippet":"max-snippet:-1","max-image-preview":"max-image-preview:large","max-video-preview":"max-video-preview:-1"},"canonical":"https:\/\/experienciadevida.com.ar\/portalurbano\/paritarias-el-ministerio-de-trabajo-determino-cual-sera-la-suma-fija-trimestral\/","og_locale":"es_ES","og_type":"article","og_title":"Paritarias: El ministerio de Trabajo determin\u00f3 cu\u00e1l ser\u00e1 la suma fija trimestral -","og_description":"Con la inflaci\u00f3n en alza, el Gobierno defendi\u00f3 la pol\u00edtica salarial de imponer sumas fijas...","og_url":"https:\/\/experienciadevida.com.ar\/portalurbano\/paritarias-el-ministerio-de-trabajo-determino-cual-sera-la-suma-fija-trimestral\/","article_publisher":"https:\/\/www.facebook.com\/Portal-Urbano-171542830093757\/","article_published_time":"2020-02-09T16:22:41+00:00","og_image":[{"width":800,"height":450,"url":"https:\/\/experienciadevida.com.ar\/portalurbano\/wp-content\/uploads\/2020\/02\/490396-e1581265301216.jpg","type":"image\/jpeg"}],"author":"admpu17wp","twitter_card":"summary_large_image","twitter_creator":"@portalurbanook","twitter_site":"@portalurbanook","twitter_misc":{"Escrito por":"admpu17wp","Tiempo de lectura":"4 minutos"},"schema":{"@context":"https:\/\/schema.org","@graph":[{"@type":"Article","@id":"https:\/\/experienciadevida.com.ar\/portalurbano\/paritarias-el-ministerio-de-trabajo-determino-cual-sera-la-suma-fija-trimestral\/#article","isPartOf":{"@id":"https:\/\/experienciadevida.com.ar\/portalurbano\/paritarias-el-ministerio-de-trabajo-determino-cual-sera-la-suma-fija-trimestral\/"},"author":{"name":"admpu17wp","@id":"https:\/\/experienciadevida.com.ar\/portalurbano\/#\/schema\/person\/02dd326b1c4b056e9cc972486934a3a7"},"headline":"Paritarias: El ministerio de Trabajo determin\u00f3 cu\u00e1l ser\u00e1 la suma fija trimestral","datePublished":"2020-02-09T16:22:41+00:00","dateModified":"2020-02-09T16:22:41+00:00","mainEntityOfPage":{"@id":"https:\/\/experienciadevida.com.ar\/portalurbano\/paritarias-el-ministerio-de-trabajo-determino-cual-sera-la-suma-fija-trimestral\/"},"wordCount":798,"commentCount":0,"publisher":{"@id":"https:\/\/experienciadevida.com.ar\/portalurbano\/#organization"},"articleSection":["Naci\u00f3n"],"inLanguage":"es","potentialAction":[{"@type":"CommentAction","name":"Comment","target":["https:\/\/experienciadevida.com.ar\/portalurbano\/paritarias-el-ministerio-de-trabajo-determino-cual-sera-la-suma-fija-trimestral\/#respond"]}]},{"@type":"WebPage","@id":"https:\/\/experienciadevida.com.ar\/portalurbano\/paritarias-el-ministerio-de-trabajo-determino-cual-sera-la-suma-fija-trimestral\/","url":"https:\/\/experienciadevida.com.ar\/portalurbano\/paritarias-el-ministerio-de-trabajo-determino-cual-sera-la-suma-fija-trimestral\/","name":"Paritarias: El ministerio de Trabajo determin\u00f3 cu\u00e1l ser\u00e1 la suma fija trimestral -","isPartOf":{"@id":"https:\/\/experienciadevida.com.ar\/portalurbano\/#website"},"datePublished":"2020-02-09T16:22:41+00:00","dateModified":"2020-02-09T16:22:41+00:00","breadcrumb":{"@id":"https:\/\/experienciadevida.com.ar\/portalurbano\/paritarias-el-ministerio-de-trabajo-determino-cual-sera-la-suma-fija-trimestral\/#breadcrumb"},"inLanguage":"es","potentialAction":[{"@type":"ReadAction","target":["https:\/\/experienciadevida.com.ar\/portalurbano\/paritarias-el-ministerio-de-trabajo-determino-cual-sera-la-suma-fija-trimestral\/"]}]},{"@type":"BreadcrumbList","@id":"https:\/\/experienciadevida.com.ar\/portalurbano\/paritarias-el-ministerio-de-trabajo-determino-cual-sera-la-suma-fija-trimestral\/#breadcrumb","itemListElement":[{"@type":"ListItem","position":1,"name":"Portada","item":"https:\/\/experienciadevida.com.ar\/portalurbano\/"},{"@type":"ListItem","position":2,"name":"Paritarias: El ministerio de Trabajo determin\u00f3 cu\u00e1l ser\u00e1 la suma fija trimestral"}]},{"@type":"WebSite","@id":"https:\/\/experienciadevida.com.ar\/portalurbano\/#website","url":"https:\/\/experienciadevida.com.ar\/portalurbano\/","name":"","description":"","publisher":{"@id":"https:\/\/experienciadevida.com.ar\/portalurbano\/#organization"},"potentialAction":[{"@type":"SearchAction","target":{"@type":"EntryPoint","urlTemplate":"https:\/\/experienciadevida.com.ar\/portalurbano\/?s={search_term_string}"},"query-input":"required name=search_term_string"}],"inLanguage":"es"},{"@type":"Organization","@id":"https:\/\/experienciadevida.com.ar\/portalurbano\/#organization","name":"Portal Urbano","url":"https:\/\/experienciadevida.com.ar\/portalurbano\/","logo":{"@type":"ImageObject","inLanguage":"es","@id":"https:\/\/experienciadevida.com.ar\/portalurbano\/#\/schema\/logo\/image\/","url":"https:\/\/experienciadevida.com.ar\/portalurbano\/wp-content\/uploads\/2019\/09\/Logo-Original.png","contentUrl":"https:\/\/experienciadevida.com.ar\/portalurbano\/wp-content\/uploads\/2019\/09\/Logo-Original.png","width":2236,"height":1216,"caption":"Portal Urbano"},"image":{"@id":"https:\/\/experienciadevida.com.ar\/portalurbano\/#\/schema\/logo\/image\/"},"sameAs":["https:\/\/www.facebook.com\/Portal-Urbano-171542830093757\/","https:\/\/twitter.com\/portalurbanook","https:\/\/www.instagram.com\/_portalurbano\/","https:\/\/www.youtube.com\/channel\/UCXhagIfszH8KxFiOok79zbA?view_as=subscriber"]},{"@type":"Person","@id":"https:\/\/experienciadevida.com.ar\/portalurbano\/#\/schema\/person\/02dd326b1c4b056e9cc972486934a3a7","name":"admpu17wp","image":{"@type":"ImageObject","inLanguage":"es","@id":"https:\/\/experienciadevida.com.ar\/portalurbano\/#\/schema\/person\/image\/","url":"https:\/\/secure.gravatar.com\/avatar\/830d4c57adaae6630765e449a6908047?s=96&d=mm&r=g","contentUrl":"https:\/\/secure.gravatar.com\/avatar\/830d4c57adaae6630765e449a6908047?s=96&d=mm&r=g","caption":"admpu17wp"}}]}},"featured_image_urls":{"full":["https:\/\/experienciadevida.com.ar\/portalurbano\/wp-content\/uploads\/2020\/02\/490396-e1581265301216.jpg",800,450,false],"thumbnail":["https:\/\/experienciadevida.com.ar\/portalurbano\/wp-content\/uploads\/2020\/02\/490396-150x150.jpg",150,150,true],"medium":["https:\/\/experienciadevida.com.ar\/portalurbano\/wp-content\/uploads\/2020\/02\/490396-300x169.jpg",300,169,true],"medium_large":["https:\/\/experienciadevida.com.ar\/portalurbano\/wp-content\/uploads\/2020\/02\/490396-768x432.jpg",640,360,true],"large":["https:\/\/experienciadevida.com.ar\/portalurbano\/wp-content\/uploads\/2020\/02\/490396-1024x576.jpg",640,360,true],"ug_big":["https:\/\/experienciadevida.com.ar\/portalurbano\/wp-content\/uploads\/2020\/02\/490396-768x432.jpg",768,432,true],"1536x1536":["https:\/\/experienciadevida.com.ar\/portalurbano\/wp-content\/uploads\/2020\/02\/490396-e1581265301216.jpg",800,450,false],"2048x2048":["https:\/\/experienciadevida.com.ar\/portalurbano\/wp-content\/uploads\/2020\/02\/490396-e1581265301216.jpg",800,450,false],"newsever-slider-full":["https:\/\/experienciadevida.com.ar\/portalurbano\/wp-content\/uploads\/2020\/02\/490396-e1581265301216.jpg",800,450,false],"newsever-featured":["https:\/\/experienciadevida.com.ar\/portalurbano\/wp-content\/uploads\/2020\/02\/490396-e1581265301216.jpg",800,450,false],"newsever-medium":["https:\/\/experienciadevida.com.ar\/portalurbano\/wp-content\/uploads\/2020\/02\/490396-e1581265301216.jpg",720,405,false],"web-stories-poster-portrait":["https:\/\/experienciadevida.com.ar\/portalurbano\/wp-content\/uploads\/2020\/02\/490396-e1581265301216.jpg",640,360,false],"web-stories-publisher-logo":["https:\/\/experienciadevida.com.ar\/portalurbano\/wp-content\/uploads\/2020\/02\/490396-e1581265301216.jpg",96,54,false],"web-stories-thumbnail":["https:\/\/experienciadevida.com.ar\/portalurbano\/wp-content\/uploads\/2020\/02\/490396-e1581265301216.jpg",150,84,false]},"author_info":{"display_name":"admpu17wp","author_link":"https:\/\/experienciadevida.com.ar\/portalurbano\/author\/admpu17wp\/"},"category_info":"<a href=\"https:\/\/experienciadevida.com.ar\/portalurbano\/category\/nacion\/\" rel=\"category tag\">Naci\u00f3n<\/a>","tag_info":"Naci\u00f3n","comment_count":"0","amp_enabled":true,"_links":{"self":[{"href":"https:\/\/experienciadevida.com.ar\/portalurbano\/wp-json\/wp\/v2\/posts\/101144"}],"collection":[{"href":"https:\/\/experienciadevida.com.ar\/portalurbano\/wp-json\/wp\/v2\/posts"}],"about":[{"href":"https:\/\/experienciadevida.com.ar\/portalurbano\/wp-json\/wp\/v2\/types\/post"}],"author":[{"embeddable":true,"href":"https:\/\/experienciadevida.com.ar\/portalurbano\/wp-json\/wp\/v2\/users\/1"}],"replies":[{"embeddable":true,"href":"https:\/\/experienciadevida.com.ar\/portalurbano\/wp-json\/wp\/v2\/comments?post=101144"}],"version-history":[{"count":2,"href":"https:\/\/experienciadevida.com.ar\/portalurbano\/wp-json\/wp\/v2\/posts\/101144\/revisions"}],"predecessor-version":[{"id":101149,"href":"https:\/\/experienciadevida.com.ar\/portalurbano\/wp-json\/wp\/v2\/posts\/101144\/revisions\/101149"}],"wp:featuredmedia":[{"embeddable":true,"href":"https:\/\/experienciadevida.com.ar\/portalurbano\/wp-json\/wp\/v2\/media\/101147"}],"wp:attachment":[{"href":"https:\/\/experienciadevida.com.ar\/portalurbano\/wp-json\/wp\/v2\/media?parent=101144"}],"wp:term":[{"taxonomy":"category","embeddable":true,"href":"https:\/\/experienciadevida.com.ar\/portalurbano\/wp-json\/wp\/v2\/categories?post=101144"},{"taxonomy":"post_tag","embeddable":true,"href":"https:\/\/experienciadevida.com.ar\/portalurbano\/wp-json\/wp\/v2\/tags?post=101144"}],"curies":[{"name":"wp","href":"https:\/\/api.w.org\/{rel}","templated":true}]}}