{"id":100954,"date":"2020-02-07T11:12:40","date_gmt":"2020-02-07T14:12:40","guid":{"rendered":"https:\/\/experienciadevida.com.ar\/portalurbano\/?p=100954"},"modified":"2020-02-07T11:13:09","modified_gmt":"2020-02-07T14:13:09","slug":"coronavirus-el-argentino-infectado-fue-trasladado-a-un-hospital-de-japon","status":"publish","type":"post","link":"https:\/\/experienciadevida.com.ar\/portalurbano\/coronavirus-el-argentino-infectado-fue-trasladado-a-un-hospital-de-japon\/","title":{"rendered":"Coronavirus: el Argentino infectado fue trasladado a un Hospital de Jap\u00f3n"},"content":{"rendered":"<p class=\"interiorCopete\">As\u00ed lo confirm\u00f3 la secretaria de Acceso a la Salud de la Naci\u00f3n, Carla Vizzoti. El afectado viajaba a bordo del crucero Diamond Princess que zarp\u00f3 de Yokohama el 20 de enero.<\/p>\n<p>El\u00a0ciudadano argentino que fue afectado por el coronavirus el crucero\u00a0Diamond Princess<strong>,\u00a0<\/strong>y que se encontraba\u00a0en cuarentena en el puerto de Yokohama\u00a0fue trasladado a un hospital de\u00a0Jap\u00f3n, seg\u00fan confirm\u00f3 la secretaria de Acceso a la Salud de la Naci\u00f3n,\u00a0Carla Vizzoti\u00a0en declaraciones radiales.<\/p>\n<p>Sin precisar datos sobre el estado de salud del paciente,\u00a0Vizzoti\u00a0manifest\u00f3: <em>&#8220;Nos lleg\u00f3 esta madrugada que el argentino dio positivo en el coronavirus. Estamos probando muchas personas en ese crucero, el argentino\u00a0fue derivado a un hospital en Jap\u00f3n&#8221;.<\/em><\/p>\n<p>El crucero\u00a0Diamond Princess\u00a0zarp\u00f3 de\u00a0Yokohama\u00a0el 20 de enero pasado y pas\u00f3 por los puertos de\u00a0Kagoshima y Okinawa, y por uno de Hong Kong, donde subi\u00f3 el\u00a0pasajero infectado que contagi\u00f3 a los dem\u00e1s.<\/p>\n<p>El n\u00famero de contagiados lleg\u00f3 a 61, sum\u00e1ndose en las ultimas 24 horas 21 japoneses, 8 estadounidenses, 5 australianos, 5 canadienses, un argentino y un brit\u00e1nico.<\/p>\n<p>La empresa que administra los viajes del crucero inform\u00f3 que\u00a0al menos hasta el 19 de febrero los pasajeros no pueden bajar de la embarcaci\u00f3n\u00a0y que tienen restricciones de las salidas de los camarotes, todos con ba\u00f1o privado.<\/p>\n<p>Vizzoti detall\u00f3: <em>&#8220;Lo que est\u00e1n haciendo en Jap\u00f3n es que todas las personas est\u00e1n en cuarentena. Ahora todos est\u00e1n en sus camarotes y las personas que se van confirmando con coronavirus se hospitalizan para su aislamiento y tratamiento &#8220;.<\/em><\/p>\n<p>Y aislado: que &#8220;<em>el contacto en el crucero es m\u00e1s estrecho&#8221;, por lo que &#8220;la posibilidad de transmisi\u00f3n es m\u00e1s alta de lo habitual&#8221;.<\/em> &#8220;<em>La cuarentena hist\u00f3rica de China es muy importante para atrasar la salida del virus.\u00a0El 99 por ciento de los casos est\u00e1n ah\u00ed, la mayor\u00eda de personas en Wuhan\u00a0y su hijo muy poquitos que se adquirieron de persona a persona &#8220;<\/em>, afectaron a la funci\u00f3n.<\/p>\n<div id=\"div-gpt-ad-nota-425719\" class=\"banner-90\" data-mapping=\"mapping9\" data-google-query-id=\"CNDB9OLOv-cCFVgGuQYdirAKaQ\">\n<article id=\"article-post\">\n<div class=\"cuerpo\" data-twitter-link=\"https:\/\/twitter.com\/intent\/tweet?url=https:\/\/www.diariopopular.com.ar\/\/c457593&amp;via=poopulardiario&amp;related=Diario Popular&amp;text=\">\n<p>Hasta ahora, existen\u00a0636 muertes por el coronavirus confirmadas, con m\u00e1s de 31 mil infectados. Tambi\u00e9n se inform\u00f3 que se est\u00e1 haciendo un seguimiento a 3.140.000 pacientes, quienes tuvieron contacto con alguno de los infectados.<\/p>\n<\/div>\n<\/article>\n<div class=\"object-important-people\"><\/div>\n<\/div>\n","protected":false},"excerpt":{"rendered":"<p>As\u00ed lo confirm\u00f3 la secretaria de Acceso a la Salud de la Naci\u00f3n, Carla Vizzoti&#8230;.<\/p>\n","protected":false},"author":1,"featured_media":100873,"comment_status":"open","ping_status":"open","sticky":false,"template":"","format":"standard","meta":{"content-type":""},"categories":[39],"tags":[],"nelio_content":{"isAutoShareEnabled":false,"autoShareEndMode":"default","automationSources":{"useContentSentences":true,"useSocialTemplates":true,"useCustomSentences":false,"customSentences":[]},"followers":[1],"suggestedReferences":[],"includedReferences":[],"efiUrl":"","efiAlt":"","highlights":[]},"yoast_head":"<!-- This site is optimized with the Yoast SEO plugin v20.7 - https:\/\/yoast.com\/wordpress\/plugins\/seo\/ -->\n<title>Coronavirus: el Argentino infectado fue trasladado a un Hospital de Jap\u00f3n -<\/title>\n<meta name=\"robots\" content=\"index, follow, max-snippet:-1, max-image-preview:large, max-video-preview:-1\" \/>\n<link rel=\"canonical\" href=\"https:\/\/experienciadevida.com.ar\/portalurbano\/coronavirus-el-argentino-infectado-fue-trasladado-a-un-hospital-de-japon\/\" \/>\n<meta property=\"og:locale\" content=\"es_ES\" \/>\n<meta property=\"og:type\" content=\"article\" \/>\n<meta property=\"og:title\" content=\"Coronavirus: el Argentino infectado fue trasladado a un Hospital de Jap\u00f3n -\" \/>\n<meta property=\"og:description\" content=\"As\u00ed lo confirm\u00f3 la secretaria de Acceso a la Salud de la Naci\u00f3n, Carla Vizzoti....\" \/>\n<meta property=\"og:url\" content=\"https:\/\/experienciadevida.com.ar\/portalurbano\/coronavirus-el-argentino-infectado-fue-trasladado-a-un-hospital-de-japon\/\" \/>\n<meta property=\"article:publisher\" content=\"https:\/\/www.facebook.com\/Portal-Urbano-171542830093757\/\" \/>\n<meta property=\"article:published_time\" content=\"2020-02-07T14:12:40+00:00\" \/>\n<meta property=\"article:modified_time\" content=\"2020-02-07T14:13:09+00:00\" \/>\n<meta property=\"og:image\" content=\"https:\/\/experienciadevida.com.ar\/portalurbano\/wp-content\/uploads\/2020\/02\/BARCOJAP\u00d3N.png\" \/>\n\t<meta property=\"og:image:width\" content=\"680\" \/>\n\t<meta property=\"og:image:height\" content=\"380\" \/>\n\t<meta property=\"og:image:type\" content=\"image\/png\" \/>\n<meta name=\"author\" content=\"admpu17wp\" \/>\n<meta name=\"twitter:card\" content=\"summary_large_image\" \/>\n<meta name=\"twitter:creator\" content=\"@portalurbanook\" \/>\n<meta name=\"twitter:site\" content=\"@portalurbanook\" \/>\n<meta name=\"twitter:label1\" content=\"Escrito por\" \/>\n\t<meta name=\"twitter:data1\" content=\"admpu17wp\" \/>\n\t<meta name=\"twitter:label2\" content=\"Tiempo de lectura\" \/>\n\t<meta name=\"twitter:data2\" content=\"2 minutos\" \/>\n<script type=\"application\/ld+json\" class=\"yoast-schema-graph\">{\"@context\":\"https:\/\/schema.org\",\"@graph\":[{\"@type\":\"Article\",\"@id\":\"https:\/\/experienciadevida.com.ar\/portalurbano\/coronavirus-el-argentino-infectado-fue-trasladado-a-un-hospital-de-japon\/#article\",\"isPartOf\":{\"@id\":\"https:\/\/experienciadevida.com.ar\/portalurbano\/coronavirus-el-argentino-infectado-fue-trasladado-a-un-hospital-de-japon\/\"},\"author\":{\"name\":\"admpu17wp\",\"@id\":\"https:\/\/experienciadevida.com.ar\/portalurbano\/#\/schema\/person\/02dd326b1c4b056e9cc972486934a3a7\"},\"headline\":\"Coronavirus: el Argentino infectado fue trasladado a un Hospital de Jap\u00f3n\",\"datePublished\":\"2020-02-07T14:12:40+00:00\",\"dateModified\":\"2020-02-07T14:13:09+00:00\",\"mainEntityOfPage\":{\"@id\":\"https:\/\/experienciadevida.com.ar\/portalurbano\/coronavirus-el-argentino-infectado-fue-trasladado-a-un-hospital-de-japon\/\"},\"wordCount\":387,\"commentCount\":0,\"publisher\":{\"@id\":\"https:\/\/experienciadevida.com.ar\/portalurbano\/#organization\"},\"articleSection\":[\"Naci\u00f3n\"],\"inLanguage\":\"es\",\"potentialAction\":[{\"@type\":\"CommentAction\",\"name\":\"Comment\",\"target\":[\"https:\/\/experienciadevida.com.ar\/portalurbano\/coronavirus-el-argentino-infectado-fue-trasladado-a-un-hospital-de-japon\/#respond\"]}]},{\"@type\":\"WebPage\",\"@id\":\"https:\/\/experienciadevida.com.ar\/portalurbano\/coronavirus-el-argentino-infectado-fue-trasladado-a-un-hospital-de-japon\/\",\"url\":\"https:\/\/experienciadevida.com.ar\/portalurbano\/coronavirus-el-argentino-infectado-fue-trasladado-a-un-hospital-de-japon\/\",\"name\":\"Coronavirus: el Argentino infectado fue trasladado a un Hospital de Jap\u00f3n -\",\"isPartOf\":{\"@id\":\"https:\/\/experienciadevida.com.ar\/portalurbano\/#website\"},\"datePublished\":\"2020-02-07T14:12:40+00:00\",\"dateModified\":\"2020-02-07T14:13:09+00:00\",\"breadcrumb\":{\"@id\":\"https:\/\/experienciadevida.com.ar\/portalurbano\/coronavirus-el-argentino-infectado-fue-trasladado-a-un-hospital-de-japon\/#breadcrumb\"},\"inLanguage\":\"es\",\"potentialAction\":[{\"@type\":\"ReadAction\",\"target\":[\"https:\/\/experienciadevida.com.ar\/portalurbano\/coronavirus-el-argentino-infectado-fue-trasladado-a-un-hospital-de-japon\/\"]}]},{\"@type\":\"BreadcrumbList\",\"@id\":\"https:\/\/experienciadevida.com.ar\/portalurbano\/coronavirus-el-argentino-infectado-fue-trasladado-a-un-hospital-de-japon\/#breadcrumb\",\"itemListElement\":[{\"@type\":\"ListItem\",\"position\":1,\"name\":\"Portada\",\"item\":\"https:\/\/experienciadevida.com.ar\/portalurbano\/\"},{\"@type\":\"ListItem\",\"position\":2,\"name\":\"Coronavirus: el Argentino infectado fue trasladado a un Hospital de Jap\u00f3n\"}]},{\"@type\":\"WebSite\",\"@id\":\"https:\/\/experienciadevida.com.ar\/portalurbano\/#website\",\"url\":\"https:\/\/experienciadevida.com.ar\/portalurbano\/\",\"name\":\"\",\"description\":\"\",\"publisher\":{\"@id\":\"https:\/\/experienciadevida.com.ar\/portalurbano\/#organization\"},\"potentialAction\":[{\"@type\":\"SearchAction\",\"target\":{\"@type\":\"EntryPoint\",\"urlTemplate\":\"https:\/\/experienciadevida.com.ar\/portalurbano\/?s={search_term_string}\"},\"query-input\":\"required name=search_term_string\"}],\"inLanguage\":\"es\"},{\"@type\":\"Organization\",\"@id\":\"https:\/\/experienciadevida.com.ar\/portalurbano\/#organization\",\"name\":\"Portal Urbano\",\"url\":\"https:\/\/experienciadevida.com.ar\/portalurbano\/\",\"logo\":{\"@type\":\"ImageObject\",\"inLanguage\":\"es\",\"@id\":\"https:\/\/experienciadevida.com.ar\/portalurbano\/#\/schema\/logo\/image\/\",\"url\":\"https:\/\/experienciadevida.com.ar\/portalurbano\/wp-content\/uploads\/2019\/09\/Logo-Original.png\",\"contentUrl\":\"https:\/\/experienciadevida.com.ar\/portalurbano\/wp-content\/uploads\/2019\/09\/Logo-Original.png\",\"width\":2236,\"height\":1216,\"caption\":\"Portal Urbano\"},\"image\":{\"@id\":\"https:\/\/experienciadevida.com.ar\/portalurbano\/#\/schema\/logo\/image\/\"},\"sameAs\":[\"https:\/\/www.facebook.com\/Portal-Urbano-171542830093757\/\",\"https:\/\/twitter.com\/portalurbanook\",\"https:\/\/www.instagram.com\/_portalurbano\/\",\"https:\/\/www.youtube.com\/channel\/UCXhagIfszH8KxFiOok79zbA?view_as=subscriber\"]},{\"@type\":\"Person\",\"@id\":\"https:\/\/experienciadevida.com.ar\/portalurbano\/#\/schema\/person\/02dd326b1c4b056e9cc972486934a3a7\",\"name\":\"admpu17wp\",\"image\":{\"@type\":\"ImageObject\",\"inLanguage\":\"es\",\"@id\":\"https:\/\/experienciadevida.com.ar\/portalurbano\/#\/schema\/person\/image\/\",\"url\":\"https:\/\/secure.gravatar.com\/avatar\/830d4c57adaae6630765e449a6908047?s=96&d=mm&r=g\",\"contentUrl\":\"https:\/\/secure.gravatar.com\/avatar\/830d4c57adaae6630765e449a6908047?s=96&d=mm&r=g\",\"caption\":\"admpu17wp\"}}]}<\/script>\n<!-- \/ Yoast SEO plugin. -->","yoast_head_json":{"title":"Coronavirus: el Argentino infectado fue trasladado a un Hospital de Jap\u00f3n -","robots":{"index":"index","follow":"follow","max-snippet":"max-snippet:-1","max-image-preview":"max-image-preview:large","max-video-preview":"max-video-preview:-1"},"canonical":"https:\/\/experienciadevida.com.ar\/portalurbano\/coronavirus-el-argentino-infectado-fue-trasladado-a-un-hospital-de-japon\/","og_locale":"es_ES","og_type":"article","og_title":"Coronavirus: el Argentino infectado fue trasladado a un Hospital de Jap\u00f3n -","og_description":"As\u00ed lo confirm\u00f3 la secretaria de Acceso a la Salud de la Naci\u00f3n, Carla Vizzoti....","og_url":"https:\/\/experienciadevida.com.ar\/portalurbano\/coronavirus-el-argentino-infectado-fue-trasladado-a-un-hospital-de-japon\/","article_publisher":"https:\/\/www.facebook.com\/Portal-Urbano-171542830093757\/","article_published_time":"2020-02-07T14:12:40+00:00","article_modified_time":"2020-02-07T14:13:09+00:00","og_image":[{"width":680,"height":380,"url":"https:\/\/experienciadevida.com.ar\/portalurbano\/wp-content\/uploads\/2020\/02\/BARCOJAP\u00d3N.png","type":"image\/png"}],"author":"admpu17wp","twitter_card":"summary_large_image","twitter_creator":"@portalurbanook","twitter_site":"@portalurbanook","twitter_misc":{"Escrito por":"admpu17wp","Tiempo de lectura":"2 minutos"},"schema":{"@context":"https:\/\/schema.org","@graph":[{"@type":"Article","@id":"https:\/\/experienciadevida.com.ar\/portalurbano\/coronavirus-el-argentino-infectado-fue-trasladado-a-un-hospital-de-japon\/#article","isPartOf":{"@id":"https:\/\/experienciadevida.com.ar\/portalurbano\/coronavirus-el-argentino-infectado-fue-trasladado-a-un-hospital-de-japon\/"},"author":{"name":"admpu17wp","@id":"https:\/\/experienciadevida.com.ar\/portalurbano\/#\/schema\/person\/02dd326b1c4b056e9cc972486934a3a7"},"headline":"Coronavirus: el Argentino infectado fue trasladado a un Hospital de Jap\u00f3n","datePublished":"2020-02-07T14:12:40+00:00","dateModified":"2020-02-07T14:13:09+00:00","mainEntityOfPage":{"@id":"https:\/\/experienciadevida.com.ar\/portalurbano\/coronavirus-el-argentino-infectado-fue-trasladado-a-un-hospital-de-japon\/"},"wordCount":387,"commentCount":0,"publisher":{"@id":"https:\/\/experienciadevida.com.ar\/portalurbano\/#organization"},"articleSection":["Naci\u00f3n"],"inLanguage":"es","potentialAction":[{"@type":"CommentAction","name":"Comment","target":["https:\/\/experienciadevida.com.ar\/portalurbano\/coronavirus-el-argentino-infectado-fue-trasladado-a-un-hospital-de-japon\/#respond"]}]},{"@type":"WebPage","@id":"https:\/\/experienciadevida.com.ar\/portalurbano\/coronavirus-el-argentino-infectado-fue-trasladado-a-un-hospital-de-japon\/","url":"https:\/\/experienciadevida.com.ar\/portalurbano\/coronavirus-el-argentino-infectado-fue-trasladado-a-un-hospital-de-japon\/","name":"Coronavirus: el Argentino infectado fue trasladado a un Hospital de Jap\u00f3n -","isPartOf":{"@id":"https:\/\/experienciadevida.com.ar\/portalurbano\/#website"},"datePublished":"2020-02-07T14:12:40+00:00","dateModified":"2020-02-07T14:13:09+00:00","breadcrumb":{"@id":"https:\/\/experienciadevida.com.ar\/portalurbano\/coronavirus-el-argentino-infectado-fue-trasladado-a-un-hospital-de-japon\/#breadcrumb"},"inLanguage":"es","potentialAction":[{"@type":"ReadAction","target":["https:\/\/experienciadevida.com.ar\/portalurbano\/coronavirus-el-argentino-infectado-fue-trasladado-a-un-hospital-de-japon\/"]}]},{"@type":"BreadcrumbList","@id":"https:\/\/experienciadevida.com.ar\/portalurbano\/coronavirus-el-argentino-infectado-fue-trasladado-a-un-hospital-de-japon\/#breadcrumb","itemListElement":[{"@type":"ListItem","position":1,"name":"Portada","item":"https:\/\/experienciadevida.com.ar\/portalurbano\/"},{"@type":"ListItem","position":2,"name":"Coronavirus: el Argentino infectado fue trasladado a un Hospital de Jap\u00f3n"}]},{"@type":"WebSite","@id":"https:\/\/experienciadevida.com.ar\/portalurbano\/#website","url":"https:\/\/experienciadevida.com.ar\/portalurbano\/","name":"","description":"","publisher":{"@id":"https:\/\/experienciadevida.com.ar\/portalurbano\/#organization"},"potentialAction":[{"@type":"SearchAction","target":{"@type":"EntryPoint","urlTemplate":"https:\/\/experienciadevida.com.ar\/portalurbano\/?s={search_term_string}"},"query-input":"required name=search_term_string"}],"inLanguage":"es"},{"@type":"Organization","@id":"https:\/\/experienciadevida.com.ar\/portalurbano\/#organization","name":"Portal Urbano","url":"https:\/\/experienciadevida.com.ar\/portalurbano\/","logo":{"@type":"ImageObject","inLanguage":"es","@id":"https:\/\/experienciadevida.com.ar\/portalurbano\/#\/schema\/logo\/image\/","url":"https:\/\/experienciadevida.com.ar\/portalurbano\/wp-content\/uploads\/2019\/09\/Logo-Original.png","contentUrl":"https:\/\/experienciadevida.com.ar\/portalurbano\/wp-content\/uploads\/2019\/09\/Logo-Original.png","width":2236,"height":1216,"caption":"Portal Urbano"},"image":{"@id":"https:\/\/experienciadevida.com.ar\/portalurbano\/#\/schema\/logo\/image\/"},"sameAs":["https:\/\/www.facebook.com\/Portal-Urbano-171542830093757\/","https:\/\/twitter.com\/portalurbanook","https:\/\/www.instagram.com\/_portalurbano\/","https:\/\/www.youtube.com\/channel\/UCXhagIfszH8KxFiOok79zbA?view_as=subscriber"]},{"@type":"Person","@id":"https:\/\/experienciadevida.com.ar\/portalurbano\/#\/schema\/person\/02dd326b1c4b056e9cc972486934a3a7","name":"admpu17wp","image":{"@type":"ImageObject","inLanguage":"es","@id":"https:\/\/experienciadevida.com.ar\/portalurbano\/#\/schema\/person\/image\/","url":"https:\/\/secure.gravatar.com\/avatar\/830d4c57adaae6630765e449a6908047?s=96&d=mm&r=g","contentUrl":"https:\/\/secure.gravatar.com\/avatar\/830d4c57adaae6630765e449a6908047?s=96&d=mm&r=g","caption":"admpu17wp"}}]}},"featured_image_urls":{"full":["https:\/\/experienciadevida.com.ar\/portalurbano\/wp-content\/uploads\/2020\/02\/BARCOJAP\u00d3N.png",680,380,false],"thumbnail":["https:\/\/experienciadevida.com.ar\/portalurbano\/wp-content\/uploads\/2020\/02\/BARCOJAP\u00d3N-150x150.png",150,150,true],"medium":["https:\/\/experienciadevida.com.ar\/portalurbano\/wp-content\/uploads\/2020\/02\/BARCOJAP\u00d3N-300x168.png",300,168,true],"medium_large":["https:\/\/experienciadevida.com.ar\/portalurbano\/wp-content\/uploads\/2020\/02\/BARCOJAP\u00d3N.png",640,358,false],"large":["https:\/\/experienciadevida.com.ar\/portalurbano\/wp-content\/uploads\/2020\/02\/BARCOJAP\u00d3N.png",640,358,false],"ug_big":["https:\/\/experienciadevida.com.ar\/portalurbano\/wp-content\/uploads\/2020\/02\/BARCOJAP\u00d3N.png",680,380,false],"1536x1536":["https:\/\/experienciadevida.com.ar\/portalurbano\/wp-content\/uploads\/2020\/02\/BARCOJAP\u00d3N.png",680,380,false],"2048x2048":["https:\/\/experienciadevida.com.ar\/portalurbano\/wp-content\/uploads\/2020\/02\/BARCOJAP\u00d3N.png",680,380,false],"newsever-slider-full":["https:\/\/experienciadevida.com.ar\/portalurbano\/wp-content\/uploads\/2020\/02\/BARCOJAP\u00d3N.png",680,380,false],"newsever-featured":["https:\/\/experienciadevida.com.ar\/portalurbano\/wp-content\/uploads\/2020\/02\/BARCOJAP\u00d3N.png",680,380,false],"newsever-medium":["https:\/\/experienciadevida.com.ar\/portalurbano\/wp-content\/uploads\/2020\/02\/BARCOJAP\u00d3N.png",680,380,false],"web-stories-poster-portrait":["https:\/\/experienciadevida.com.ar\/portalurbano\/wp-content\/uploads\/2020\/02\/BARCOJAP\u00d3N.png",640,358,false],"web-stories-publisher-logo":["https:\/\/experienciadevida.com.ar\/portalurbano\/wp-content\/uploads\/2020\/02\/BARCOJAP\u00d3N.png",96,54,false],"web-stories-thumbnail":["https:\/\/experienciadevida.com.ar\/portalurbano\/wp-content\/uploads\/2020\/02\/BARCOJAP\u00d3N.png",150,84,false]},"author_info":{"display_name":"admpu17wp","author_link":"https:\/\/experienciadevida.com.ar\/portalurbano\/author\/admpu17wp\/"},"category_info":"<a href=\"https:\/\/experienciadevida.com.ar\/portalurbano\/category\/nacion\/\" rel=\"category tag\">Naci\u00f3n<\/a>","tag_info":"Naci\u00f3n","comment_count":"0","amp_enabled":true,"_links":{"self":[{"href":"https:\/\/experienciadevida.com.ar\/portalurbano\/wp-json\/wp\/v2\/posts\/100954"}],"collection":[{"href":"https:\/\/experienciadevida.com.ar\/portalurbano\/wp-json\/wp\/v2\/posts"}],"about":[{"href":"https:\/\/experienciadevida.com.ar\/portalurbano\/wp-json\/wp\/v2\/types\/post"}],"author":[{"embeddable":true,"href":"https:\/\/experienciadevida.com.ar\/portalurbano\/wp-json\/wp\/v2\/users\/1"}],"replies":[{"embeddable":true,"href":"https:\/\/experienciadevida.com.ar\/portalurbano\/wp-json\/wp\/v2\/comments?post=100954"}],"version-history":[{"count":1,"href":"https:\/\/experienciadevida.com.ar\/portalurbano\/wp-json\/wp\/v2\/posts\/100954\/revisions"}],"predecessor-version":[{"id":100955,"href":"https:\/\/experienciadevida.com.ar\/portalurbano\/wp-json\/wp\/v2\/posts\/100954\/revisions\/100955"}],"wp:featuredmedia":[{"embeddable":true,"href":"https:\/\/experienciadevida.com.ar\/portalurbano\/wp-json\/wp\/v2\/media\/100873"}],"wp:attachment":[{"href":"https:\/\/experienciadevida.com.ar\/portalurbano\/wp-json\/wp\/v2\/media?parent=100954"}],"wp:term":[{"taxonomy":"category","embeddable":true,"href":"https:\/\/experienciadevida.com.ar\/portalurbano\/wp-json\/wp\/v2\/categories?post=100954"},{"taxonomy":"post_tag","embeddable":true,"href":"https:\/\/experienciadevida.com.ar\/portalurbano\/wp-json\/wp\/v2\/tags?post=100954"}],"curies":[{"name":"wp","href":"https:\/\/api.w.org\/{rel}","templated":true}]}}