{"id":100882,"date":"2020-02-06T15:01:55","date_gmt":"2020-02-06T18:01:55","guid":{"rendered":"https:\/\/experienciadevida.com.ar\/portalurbano\/?p=100882"},"modified":"2020-02-06T15:02:58","modified_gmt":"2020-02-06T18:02:58","slug":"la-defensoria-del-pueblo-de-la-nacion-se-reunio-con-monica-astorga-y-victoria-ocampo","status":"publish","type":"post","link":"https:\/\/experienciadevida.com.ar\/portalurbano\/la-defensoria-del-pueblo-de-la-nacion-se-reunio-con-monica-astorga-y-victoria-ocampo\/","title":{"rendered":"La defensor\u00eda del pueblo de la Naci\u00f3n se reuni\u00f3 con M\u00f3nica Astorga y Victoria Ocampo"},"content":{"rendered":"<p>El Subsecretario General a cargo del Defensor del Pueblo de la Naci\u00f3n, Dr. Juan Jos\u00e9 B\u00f6ckel se reuni\u00f3, con el objetivo de iniciar acciones en conjunto, con la Hermana M\u00f3nica Astorga Cremona, creadora de la Casa de Contenci\u00f3n y Acompa\u00f1amiento para Mujeres Trans &#8220;Santa Teresita del Ni\u00f1o Jes\u00fas&#8221;, y con Victoria Ocampo, representante de la Asociaci\u00f3n de Travestis Transexuales y Transg\u00e9neros de Argentina (A.T.T.T.A) y Coordinadora del Consultorio Amigable de Chivilcoy, Provincia de Buenos Aires.<\/p>\n<p>La Defensor\u00eda, en su car\u00e1cter de Instituci\u00f3n Nacional de Derechos Humanos, y en virtud de la Ley 26.743 de Identidad de G\u00e9nero, que propicia entre otras cuestiones la protecci\u00f3n integral de la comunidad trans de Argentina, reconoci\u00f3 la importante labor de ambas y de las organizaciones que llevan adelante.<\/p>\n<p>Durante la reuni\u00f3n, se declar\u00f3 de inter\u00e9s sanitario e interdisciplinario al Consultorio Amigable que cre\u00f3 y coordina ATTTA en Chivilcoy, especialmente dedicado a la atenci\u00f3n, contenci\u00f3n, asesoramiento legal y m\u00e9dico, para la comunidad trans.<\/p>\n<div id=\"horde-contentwrapper\">\n<div id=\"horde-content\">\n<div id=\"horde-page\">\n<div id=\"dimpmain\">\n<div id=\"dimpmain_folder\">\n<div id=\"msgSplitPane\">\n<div id=\"previewPane\">\n<div id=\"previewMsg\">\n<div id=\"messageBody\" class=\"messageBody allowTextSelection\">\n<div class=\"mimePartBase\">\n<div class=\"mimePartData\">\n<div class=\"fixed leftAlign\">Por otro lado, destacando el trabajo que lleva a cabo la Hermana M\u00f3nica Astorga en la Casa de Contenci\u00f3n y Acompa\u00f1amiento para Mujeres Trans\u00a0 &#8220;Santa Teresita del Ni\u00f1o Jes\u00fas&#8221;, la Defensor\u00eda puso a disposici\u00f3n todas las herramientas de ayuda posibles a trav\u00e9s de las diferentes \u00e1reas de trabajo de la instituci\u00f3n, en pos de lograr los objetivos anhelados por su creadora y el Defensor del Pueblo de la Naci\u00f3n. La Casa de Contenci\u00f3n, trabaja denodadamente en la lucha contra la prostituci\u00f3n, trata y flagelos que aquejan a la comunidad\u00a0 trans.<\/div>\n<\/div>\n<\/div>\n<\/div>\n<\/div>\n<\/div>\n<\/div>\n<\/div>\n<div><\/div>\n<\/div>\n<\/div>\n<\/div>\n<\/div>\n<div id=\"horde-sidebar\">\n<div class=\"horde-new\"><\/div>\n<\/div>\n","protected":false},"excerpt":{"rendered":"<p>El Subsecretario General a cargo del Defensor del Pueblo de la Naci\u00f3n, Dr. Juan Jos\u00e9&#8230;<\/p>\n","protected":false},"author":1,"featured_media":100884,"comment_status":"open","ping_status":"open","sticky":false,"template":"","format":"standard","meta":{"content-type":""},"categories":[39],"tags":[],"nelio_content":{"isAutoShareEnabled":false,"autoShareEndMode":"default","automationSources":{"useContentSentences":true,"useSocialTemplates":true,"useCustomSentences":false,"customSentences":[]},"followers":[1],"suggestedReferences":[],"includedReferences":[],"efiUrl":"","efiAlt":"","highlights":[]},"yoast_head":"<!-- This site is optimized with the Yoast SEO plugin v20.7 - https:\/\/yoast.com\/wordpress\/plugins\/seo\/ -->\n<title>La defensor\u00eda del pueblo de la Naci\u00f3n se reuni\u00f3 con M\u00f3nica Astorga y Victoria Ocampo -<\/title>\n<meta name=\"robots\" content=\"index, follow, max-snippet:-1, max-image-preview:large, max-video-preview:-1\" \/>\n<link rel=\"canonical\" href=\"https:\/\/experienciadevida.com.ar\/portalurbano\/la-defensoria-del-pueblo-de-la-nacion-se-reunio-con-monica-astorga-y-victoria-ocampo\/\" \/>\n<meta property=\"og:locale\" content=\"es_ES\" \/>\n<meta property=\"og:type\" content=\"article\" \/>\n<meta property=\"og:title\" content=\"La defensor\u00eda del pueblo de la Naci\u00f3n se reuni\u00f3 con M\u00f3nica Astorga y Victoria Ocampo -\" \/>\n<meta property=\"og:description\" content=\"El Subsecretario General a cargo del Defensor del Pueblo de la Naci\u00f3n, Dr. Juan Jos\u00e9...\" \/>\n<meta property=\"og:url\" content=\"https:\/\/experienciadevida.com.ar\/portalurbano\/la-defensoria-del-pueblo-de-la-nacion-se-reunio-con-monica-astorga-y-victoria-ocampo\/\" \/>\n<meta property=\"article:publisher\" content=\"https:\/\/www.facebook.com\/Portal-Urbano-171542830093757\/\" \/>\n<meta property=\"article:published_time\" content=\"2020-02-06T18:01:55+00:00\" \/>\n<meta property=\"article:modified_time\" content=\"2020-02-06T18:02:58+00:00\" \/>\n<meta property=\"og:image\" content=\"https:\/\/experienciadevida.com.ar\/portalurbano\/wp-content\/uploads\/2020\/02\/DEFENSORDELPUEBLO.png\" \/>\n\t<meta property=\"og:image:width\" content=\"746\" \/>\n\t<meta property=\"og:image:height\" content=\"434\" \/>\n\t<meta property=\"og:image:type\" content=\"image\/png\" \/>\n<meta name=\"author\" content=\"admpu17wp\" \/>\n<meta name=\"twitter:card\" content=\"summary_large_image\" \/>\n<meta name=\"twitter:creator\" content=\"@portalurbanook\" \/>\n<meta name=\"twitter:site\" content=\"@portalurbanook\" \/>\n<meta name=\"twitter:label1\" content=\"Escrito por\" \/>\n\t<meta name=\"twitter:data1\" content=\"admpu17wp\" \/>\n\t<meta name=\"twitter:label2\" content=\"Tiempo de lectura\" \/>\n\t<meta name=\"twitter:data2\" content=\"1 minuto\" \/>\n<script type=\"application\/ld+json\" class=\"yoast-schema-graph\">{\"@context\":\"https:\/\/schema.org\",\"@graph\":[{\"@type\":\"Article\",\"@id\":\"https:\/\/experienciadevida.com.ar\/portalurbano\/la-defensoria-del-pueblo-de-la-nacion-se-reunio-con-monica-astorga-y-victoria-ocampo\/#article\",\"isPartOf\":{\"@id\":\"https:\/\/experienciadevida.com.ar\/portalurbano\/la-defensoria-del-pueblo-de-la-nacion-se-reunio-con-monica-astorga-y-victoria-ocampo\/\"},\"author\":{\"name\":\"admpu17wp\",\"@id\":\"https:\/\/experienciadevida.com.ar\/portalurbano\/#\/schema\/person\/02dd326b1c4b056e9cc972486934a3a7\"},\"headline\":\"La defensor\u00eda del pueblo de la Naci\u00f3n se reuni\u00f3 con M\u00f3nica Astorga y Victoria Ocampo\",\"datePublished\":\"2020-02-06T18:01:55+00:00\",\"dateModified\":\"2020-02-06T18:02:58+00:00\",\"mainEntityOfPage\":{\"@id\":\"https:\/\/experienciadevida.com.ar\/portalurbano\/la-defensoria-del-pueblo-de-la-nacion-se-reunio-con-monica-astorga-y-victoria-ocampo\/\"},\"wordCount\":300,\"commentCount\":0,\"publisher\":{\"@id\":\"https:\/\/experienciadevida.com.ar\/portalurbano\/#organization\"},\"articleSection\":[\"Naci\u00f3n\"],\"inLanguage\":\"es\",\"potentialAction\":[{\"@type\":\"CommentAction\",\"name\":\"Comment\",\"target\":[\"https:\/\/experienciadevida.com.ar\/portalurbano\/la-defensoria-del-pueblo-de-la-nacion-se-reunio-con-monica-astorga-y-victoria-ocampo\/#respond\"]}]},{\"@type\":\"WebPage\",\"@id\":\"https:\/\/experienciadevida.com.ar\/portalurbano\/la-defensoria-del-pueblo-de-la-nacion-se-reunio-con-monica-astorga-y-victoria-ocampo\/\",\"url\":\"https:\/\/experienciadevida.com.ar\/portalurbano\/la-defensoria-del-pueblo-de-la-nacion-se-reunio-con-monica-astorga-y-victoria-ocampo\/\",\"name\":\"La defensor\u00eda del pueblo de la Naci\u00f3n se reuni\u00f3 con M\u00f3nica Astorga y Victoria Ocampo -\",\"isPartOf\":{\"@id\":\"https:\/\/experienciadevida.com.ar\/portalurbano\/#website\"},\"datePublished\":\"2020-02-06T18:01:55+00:00\",\"dateModified\":\"2020-02-06T18:02:58+00:00\",\"breadcrumb\":{\"@id\":\"https:\/\/experienciadevida.com.ar\/portalurbano\/la-defensoria-del-pueblo-de-la-nacion-se-reunio-con-monica-astorga-y-victoria-ocampo\/#breadcrumb\"},\"inLanguage\":\"es\",\"potentialAction\":[{\"@type\":\"ReadAction\",\"target\":[\"https:\/\/experienciadevida.com.ar\/portalurbano\/la-defensoria-del-pueblo-de-la-nacion-se-reunio-con-monica-astorga-y-victoria-ocampo\/\"]}]},{\"@type\":\"BreadcrumbList\",\"@id\":\"https:\/\/experienciadevida.com.ar\/portalurbano\/la-defensoria-del-pueblo-de-la-nacion-se-reunio-con-monica-astorga-y-victoria-ocampo\/#breadcrumb\",\"itemListElement\":[{\"@type\":\"ListItem\",\"position\":1,\"name\":\"Portada\",\"item\":\"https:\/\/experienciadevida.com.ar\/portalurbano\/\"},{\"@type\":\"ListItem\",\"position\":2,\"name\":\"La defensor\u00eda del pueblo de la Naci\u00f3n se reuni\u00f3 con M\u00f3nica Astorga y Victoria Ocampo\"}]},{\"@type\":\"WebSite\",\"@id\":\"https:\/\/experienciadevida.com.ar\/portalurbano\/#website\",\"url\":\"https:\/\/experienciadevida.com.ar\/portalurbano\/\",\"name\":\"\",\"description\":\"\",\"publisher\":{\"@id\":\"https:\/\/experienciadevida.com.ar\/portalurbano\/#organization\"},\"potentialAction\":[{\"@type\":\"SearchAction\",\"target\":{\"@type\":\"EntryPoint\",\"urlTemplate\":\"https:\/\/experienciadevida.com.ar\/portalurbano\/?s={search_term_string}\"},\"query-input\":\"required name=search_term_string\"}],\"inLanguage\":\"es\"},{\"@type\":\"Organization\",\"@id\":\"https:\/\/experienciadevida.com.ar\/portalurbano\/#organization\",\"name\":\"Portal Urbano\",\"url\":\"https:\/\/experienciadevida.com.ar\/portalurbano\/\",\"logo\":{\"@type\":\"ImageObject\",\"inLanguage\":\"es\",\"@id\":\"https:\/\/experienciadevida.com.ar\/portalurbano\/#\/schema\/logo\/image\/\",\"url\":\"https:\/\/experienciadevida.com.ar\/portalurbano\/wp-content\/uploads\/2019\/09\/Logo-Original.png\",\"contentUrl\":\"https:\/\/experienciadevida.com.ar\/portalurbano\/wp-content\/uploads\/2019\/09\/Logo-Original.png\",\"width\":2236,\"height\":1216,\"caption\":\"Portal Urbano\"},\"image\":{\"@id\":\"https:\/\/experienciadevida.com.ar\/portalurbano\/#\/schema\/logo\/image\/\"},\"sameAs\":[\"https:\/\/www.facebook.com\/Portal-Urbano-171542830093757\/\",\"https:\/\/twitter.com\/portalurbanook\",\"https:\/\/www.instagram.com\/_portalurbano\/\",\"https:\/\/www.youtube.com\/channel\/UCXhagIfszH8KxFiOok79zbA?view_as=subscriber\"]},{\"@type\":\"Person\",\"@id\":\"https:\/\/experienciadevida.com.ar\/portalurbano\/#\/schema\/person\/02dd326b1c4b056e9cc972486934a3a7\",\"name\":\"admpu17wp\",\"image\":{\"@type\":\"ImageObject\",\"inLanguage\":\"es\",\"@id\":\"https:\/\/experienciadevida.com.ar\/portalurbano\/#\/schema\/person\/image\/\",\"url\":\"https:\/\/secure.gravatar.com\/avatar\/830d4c57adaae6630765e449a6908047?s=96&d=mm&r=g\",\"contentUrl\":\"https:\/\/secure.gravatar.com\/avatar\/830d4c57adaae6630765e449a6908047?s=96&d=mm&r=g\",\"caption\":\"admpu17wp\"}}]}<\/script>\n<!-- \/ Yoast SEO plugin. -->","yoast_head_json":{"title":"La defensor\u00eda del pueblo de la Naci\u00f3n se reuni\u00f3 con M\u00f3nica Astorga y Victoria Ocampo -","robots":{"index":"index","follow":"follow","max-snippet":"max-snippet:-1","max-image-preview":"max-image-preview:large","max-video-preview":"max-video-preview:-1"},"canonical":"https:\/\/experienciadevida.com.ar\/portalurbano\/la-defensoria-del-pueblo-de-la-nacion-se-reunio-con-monica-astorga-y-victoria-ocampo\/","og_locale":"es_ES","og_type":"article","og_title":"La defensor\u00eda del pueblo de la Naci\u00f3n se reuni\u00f3 con M\u00f3nica Astorga y Victoria Ocampo -","og_description":"El Subsecretario General a cargo del Defensor del Pueblo de la Naci\u00f3n, Dr. Juan Jos\u00e9...","og_url":"https:\/\/experienciadevida.com.ar\/portalurbano\/la-defensoria-del-pueblo-de-la-nacion-se-reunio-con-monica-astorga-y-victoria-ocampo\/","article_publisher":"https:\/\/www.facebook.com\/Portal-Urbano-171542830093757\/","article_published_time":"2020-02-06T18:01:55+00:00","article_modified_time":"2020-02-06T18:02:58+00:00","og_image":[{"width":746,"height":434,"url":"https:\/\/experienciadevida.com.ar\/portalurbano\/wp-content\/uploads\/2020\/02\/DEFENSORDELPUEBLO.png","type":"image\/png"}],"author":"admpu17wp","twitter_card":"summary_large_image","twitter_creator":"@portalurbanook","twitter_site":"@portalurbanook","twitter_misc":{"Escrito por":"admpu17wp","Tiempo de lectura":"1 minuto"},"schema":{"@context":"https:\/\/schema.org","@graph":[{"@type":"Article","@id":"https:\/\/experienciadevida.com.ar\/portalurbano\/la-defensoria-del-pueblo-de-la-nacion-se-reunio-con-monica-astorga-y-victoria-ocampo\/#article","isPartOf":{"@id":"https:\/\/experienciadevida.com.ar\/portalurbano\/la-defensoria-del-pueblo-de-la-nacion-se-reunio-con-monica-astorga-y-victoria-ocampo\/"},"author":{"name":"admpu17wp","@id":"https:\/\/experienciadevida.com.ar\/portalurbano\/#\/schema\/person\/02dd326b1c4b056e9cc972486934a3a7"},"headline":"La defensor\u00eda del pueblo de la Naci\u00f3n se reuni\u00f3 con M\u00f3nica Astorga y Victoria Ocampo","datePublished":"2020-02-06T18:01:55+00:00","dateModified":"2020-02-06T18:02:58+00:00","mainEntityOfPage":{"@id":"https:\/\/experienciadevida.com.ar\/portalurbano\/la-defensoria-del-pueblo-de-la-nacion-se-reunio-con-monica-astorga-y-victoria-ocampo\/"},"wordCount":300,"commentCount":0,"publisher":{"@id":"https:\/\/experienciadevida.com.ar\/portalurbano\/#organization"},"articleSection":["Naci\u00f3n"],"inLanguage":"es","potentialAction":[{"@type":"CommentAction","name":"Comment","target":["https:\/\/experienciadevida.com.ar\/portalurbano\/la-defensoria-del-pueblo-de-la-nacion-se-reunio-con-monica-astorga-y-victoria-ocampo\/#respond"]}]},{"@type":"WebPage","@id":"https:\/\/experienciadevida.com.ar\/portalurbano\/la-defensoria-del-pueblo-de-la-nacion-se-reunio-con-monica-astorga-y-victoria-ocampo\/","url":"https:\/\/experienciadevida.com.ar\/portalurbano\/la-defensoria-del-pueblo-de-la-nacion-se-reunio-con-monica-astorga-y-victoria-ocampo\/","name":"La defensor\u00eda del pueblo de la Naci\u00f3n se reuni\u00f3 con M\u00f3nica Astorga y Victoria Ocampo -","isPartOf":{"@id":"https:\/\/experienciadevida.com.ar\/portalurbano\/#website"},"datePublished":"2020-02-06T18:01:55+00:00","dateModified":"2020-02-06T18:02:58+00:00","breadcrumb":{"@id":"https:\/\/experienciadevida.com.ar\/portalurbano\/la-defensoria-del-pueblo-de-la-nacion-se-reunio-con-monica-astorga-y-victoria-ocampo\/#breadcrumb"},"inLanguage":"es","potentialAction":[{"@type":"ReadAction","target":["https:\/\/experienciadevida.com.ar\/portalurbano\/la-defensoria-del-pueblo-de-la-nacion-se-reunio-con-monica-astorga-y-victoria-ocampo\/"]}]},{"@type":"BreadcrumbList","@id":"https:\/\/experienciadevida.com.ar\/portalurbano\/la-defensoria-del-pueblo-de-la-nacion-se-reunio-con-monica-astorga-y-victoria-ocampo\/#breadcrumb","itemListElement":[{"@type":"ListItem","position":1,"name":"Portada","item":"https:\/\/experienciadevida.com.ar\/portalurbano\/"},{"@type":"ListItem","position":2,"name":"La defensor\u00eda del pueblo de la Naci\u00f3n se reuni\u00f3 con M\u00f3nica Astorga y Victoria Ocampo"}]},{"@type":"WebSite","@id":"https:\/\/experienciadevida.com.ar\/portalurbano\/#website","url":"https:\/\/experienciadevida.com.ar\/portalurbano\/","name":"","description":"","publisher":{"@id":"https:\/\/experienciadevida.com.ar\/portalurbano\/#organization"},"potentialAction":[{"@type":"SearchAction","target":{"@type":"EntryPoint","urlTemplate":"https:\/\/experienciadevida.com.ar\/portalurbano\/?s={search_term_string}"},"query-input":"required name=search_term_string"}],"inLanguage":"es"},{"@type":"Organization","@id":"https:\/\/experienciadevida.com.ar\/portalurbano\/#organization","name":"Portal Urbano","url":"https:\/\/experienciadevida.com.ar\/portalurbano\/","logo":{"@type":"ImageObject","inLanguage":"es","@id":"https:\/\/experienciadevida.com.ar\/portalurbano\/#\/schema\/logo\/image\/","url":"https:\/\/experienciadevida.com.ar\/portalurbano\/wp-content\/uploads\/2019\/09\/Logo-Original.png","contentUrl":"https:\/\/experienciadevida.com.ar\/portalurbano\/wp-content\/uploads\/2019\/09\/Logo-Original.png","width":2236,"height":1216,"caption":"Portal Urbano"},"image":{"@id":"https:\/\/experienciadevida.com.ar\/portalurbano\/#\/schema\/logo\/image\/"},"sameAs":["https:\/\/www.facebook.com\/Portal-Urbano-171542830093757\/","https:\/\/twitter.com\/portalurbanook","https:\/\/www.instagram.com\/_portalurbano\/","https:\/\/www.youtube.com\/channel\/UCXhagIfszH8KxFiOok79zbA?view_as=subscriber"]},{"@type":"Person","@id":"https:\/\/experienciadevida.com.ar\/portalurbano\/#\/schema\/person\/02dd326b1c4b056e9cc972486934a3a7","name":"admpu17wp","image":{"@type":"ImageObject","inLanguage":"es","@id":"https:\/\/experienciadevida.com.ar\/portalurbano\/#\/schema\/person\/image\/","url":"https:\/\/secure.gravatar.com\/avatar\/830d4c57adaae6630765e449a6908047?s=96&d=mm&r=g","contentUrl":"https:\/\/secure.gravatar.com\/avatar\/830d4c57adaae6630765e449a6908047?s=96&d=mm&r=g","caption":"admpu17wp"}}]}},"featured_image_urls":{"full":["https:\/\/experienciadevida.com.ar\/portalurbano\/wp-content\/uploads\/2020\/02\/DEFENSORDELPUEBLO.png",746,434,false],"thumbnail":["https:\/\/experienciadevida.com.ar\/portalurbano\/wp-content\/uploads\/2020\/02\/DEFENSORDELPUEBLO-150x150.png",150,150,true],"medium":["https:\/\/experienciadevida.com.ar\/portalurbano\/wp-content\/uploads\/2020\/02\/DEFENSORDELPUEBLO-300x175.png",300,175,true],"medium_large":["https:\/\/experienciadevida.com.ar\/portalurbano\/wp-content\/uploads\/2020\/02\/DEFENSORDELPUEBLO.png",640,372,false],"large":["https:\/\/experienciadevida.com.ar\/portalurbano\/wp-content\/uploads\/2020\/02\/DEFENSORDELPUEBLO.png",640,372,false],"ug_big":["https:\/\/experienciadevida.com.ar\/portalurbano\/wp-content\/uploads\/2020\/02\/DEFENSORDELPUEBLO.png",746,434,false],"1536x1536":["https:\/\/experienciadevida.com.ar\/portalurbano\/wp-content\/uploads\/2020\/02\/DEFENSORDELPUEBLO.png",746,434,false],"2048x2048":["https:\/\/experienciadevida.com.ar\/portalurbano\/wp-content\/uploads\/2020\/02\/DEFENSORDELPUEBLO.png",746,434,false],"newsever-slider-full":["https:\/\/experienciadevida.com.ar\/portalurbano\/wp-content\/uploads\/2020\/02\/DEFENSORDELPUEBLO.png",746,434,false],"newsever-featured":["https:\/\/experienciadevida.com.ar\/portalurbano\/wp-content\/uploads\/2020\/02\/DEFENSORDELPUEBLO.png",746,434,false],"newsever-medium":["https:\/\/experienciadevida.com.ar\/portalurbano\/wp-content\/uploads\/2020\/02\/DEFENSORDELPUEBLO.png",720,419,false],"web-stories-poster-portrait":["https:\/\/experienciadevida.com.ar\/portalurbano\/wp-content\/uploads\/2020\/02\/DEFENSORDELPUEBLO.png",640,372,false],"web-stories-publisher-logo":["https:\/\/experienciadevida.com.ar\/portalurbano\/wp-content\/uploads\/2020\/02\/DEFENSORDELPUEBLO.png",96,56,false],"web-stories-thumbnail":["https:\/\/experienciadevida.com.ar\/portalurbano\/wp-content\/uploads\/2020\/02\/DEFENSORDELPUEBLO.png",150,87,false]},"author_info":{"display_name":"admpu17wp","author_link":"https:\/\/experienciadevida.com.ar\/portalurbano\/author\/admpu17wp\/"},"category_info":"<a href=\"https:\/\/experienciadevida.com.ar\/portalurbano\/category\/nacion\/\" rel=\"category tag\">Naci\u00f3n<\/a>","tag_info":"Naci\u00f3n","comment_count":"0","amp_enabled":true,"_links":{"self":[{"href":"https:\/\/experienciadevida.com.ar\/portalurbano\/wp-json\/wp\/v2\/posts\/100882"}],"collection":[{"href":"https:\/\/experienciadevida.com.ar\/portalurbano\/wp-json\/wp\/v2\/posts"}],"about":[{"href":"https:\/\/experienciadevida.com.ar\/portalurbano\/wp-json\/wp\/v2\/types\/post"}],"author":[{"embeddable":true,"href":"https:\/\/experienciadevida.com.ar\/portalurbano\/wp-json\/wp\/v2\/users\/1"}],"replies":[{"embeddable":true,"href":"https:\/\/experienciadevida.com.ar\/portalurbano\/wp-json\/wp\/v2\/comments?post=100882"}],"version-history":[{"count":3,"href":"https:\/\/experienciadevida.com.ar\/portalurbano\/wp-json\/wp\/v2\/posts\/100882\/revisions"}],"predecessor-version":[{"id":100886,"href":"https:\/\/experienciadevida.com.ar\/portalurbano\/wp-json\/wp\/v2\/posts\/100882\/revisions\/100886"}],"wp:featuredmedia":[{"embeddable":true,"href":"https:\/\/experienciadevida.com.ar\/portalurbano\/wp-json\/wp\/v2\/media\/100884"}],"wp:attachment":[{"href":"https:\/\/experienciadevida.com.ar\/portalurbano\/wp-json\/wp\/v2\/media?parent=100882"}],"wp:term":[{"taxonomy":"category","embeddable":true,"href":"https:\/\/experienciadevida.com.ar\/portalurbano\/wp-json\/wp\/v2\/categories?post=100882"},{"taxonomy":"post_tag","embeddable":true,"href":"https:\/\/experienciadevida.com.ar\/portalurbano\/wp-json\/wp\/v2\/tags?post=100882"}],"curies":[{"name":"wp","href":"https:\/\/api.w.org\/{rel}","templated":true}]}}