{"id":100850,"date":"2020-02-06T10:27:53","date_gmt":"2020-02-06T13:27:53","guid":{"rendered":"https:\/\/experienciadevida.com.ar\/portalurbano\/?p=100850"},"modified":"2020-02-06T10:28:18","modified_gmt":"2020-02-06T13:28:18","slug":"tras-los-dichos-de-fernandez-la-iglesia-convoco-a-una-marcha-para-rechazar-el-aborto","status":"publish","type":"post","link":"https:\/\/experienciadevida.com.ar\/portalurbano\/tras-los-dichos-de-fernandez-la-iglesia-convoco-a-una-marcha-para-rechazar-el-aborto\/","title":{"rendered":"Tras los dichos de Fern\u00e1ndez, la Iglesia convoc\u00f3 a una marcha para rechazar el aborto"},"content":{"rendered":"<p class=\"interiorCopete\">La Conferencia Episcopal Argentina public\u00f3 la moci\u00f3n en las redes sociales bajo el lema &#8220;S\u00ed a las mujeres, S\u00ed a la vida&#8221;. Ser\u00e1 en Lujan en 8 de marzo.<\/p>\n<p>La Iglesia convoc\u00f3 a una movilizaci\u00f3n a Luj\u00e1n para el pr\u00f3ximo 8 de marzo para rechazar proyecto de ley sobre la interrupci\u00f3n voluntaria del embarazo, el cual ser\u00e1 enviado al Congreso Nacional por el presidente\u00a0Alberto Fern\u00e1ndez, de acuerdo a lo que \u00e9ste manifest\u00f3 durante su paso por Francia.<\/p>\n<div id=\"div-gpt-ad-nota-673443\" class=\"banner-90\" data-mapping=\"mapping9\" data-google-query-id=\"CLOGxYmDvecCFaIG1AodELQDfg\">La fecha, que ser\u00e1 en coincidencia con el d\u00eda internacional de la mujer, prev\u00e9 demostrar la fuerza de la entidad en las calles bajo el lema &#8220;s\u00ed a las mujeres, s\u00ed a la vida&#8221;.<\/div>\n<div data-mapping=\"mapping9\" data-google-query-id=\"CLOGxYmDvecCFaIG1AodELQDfg\"><\/div>\n<div data-mapping=\"mapping9\" data-google-query-id=\"CLOGxYmDvecCFaIG1AodELQDfg\">La Conferencia Episcopal Argentina (CEA) asegur\u00f3 el objetivo primordial de la manifestaci\u00f3n ser\u00e1 &#8220;pedir por la protecci\u00f3n de la vida humana desde la concepci\u00f3n hasta la muerte natural&#8221;.<\/div>\n<div data-mapping=\"mapping9\" data-google-query-id=\"CLOGxYmDvecCFaIG1AodELQDfg\"><\/div>\n<div data-mapping=\"mapping9\" data-google-query-id=\"CLOGxYmDvecCFaIG1AodELQDfg\">La misa en la Bas\u00edlica de Luj\u00e1n ser\u00e1 el domingo 8 de marzo a las 11:00 y se da en el marco del D\u00eda Internacional de la Mujer, fecha en la que la Ciudad de Buenos Aires tendr\u00e1 una marcha al Congreso para reclamar por el aborto legal, seguro y gratuito.<\/div>\n<div data-mapping=\"mapping9\" data-google-query-id=\"CLOGxYmDvecCFaIG1AodELQDfg\"><\/div>\n<div data-mapping=\"mapping9\" data-google-query-id=\"CLOGxYmDvecCFaIG1AodELQDfg\">La c\u00fapula de la Iglesia remarc\u00f3 que su convocatoria se da\u00a0&#8220;con motivo del anunciado tratamiento legislativo del proyecto de legalizaci\u00f3n del aborto&#8221;.<\/div>\n<div data-mapping=\"mapping9\" data-google-query-id=\"CLOGxYmDvecCFaIG1AodELQDfg\"><\/div>\n<div data-mapping=\"mapping9\" data-google-query-id=\"CLOGxYmDvecCFaIG1AodELQDfg\">\n<article id=\"article-post\">\n<div class=\"cuerpo\" data-twitter-link=\"https:\/\/twitter.com\/intent\/tweet?url=https:\/\/www.diariopopular.com.ar\/\/c457341&amp;via=poopulardiario&amp;related=Diario Popular&amp;text=\">\n<p>&#8220;Invitamos a todo el Pueblo de Dios y a todos los hombres y mujeres de buena voluntad a unirse en esta plegaria com\u00fan por la vida junto a la Virgen de Luj\u00e1n, Patrona del Pueblo Argentino&#8221;, sostiene el anuncio realizado por la CEA y que lleva la firma de la Comisi\u00f3n Directiva del organismo eclesi\u00e1stico, encabezado por su presidente, Oscar Ojea.<\/p>\n<\/div>\n<\/article>\n<div class=\"object-important-people\"><\/div>\n<\/div>\n","protected":false},"excerpt":{"rendered":"<p>La Conferencia Episcopal Argentina public\u00f3 la moci\u00f3n en las redes sociales bajo el lema &#8220;S\u00ed&#8230;<\/p>\n","protected":false},"author":1,"featured_media":100851,"comment_status":"open","ping_status":"open","sticky":false,"template":"","format":"standard","meta":{"content-type":""},"categories":[39],"tags":[],"nelio_content":{"isAutoShareEnabled":false,"autoShareEndMode":"default","automationSources":{"useContentSentences":true,"useSocialTemplates":true,"useCustomSentences":false,"customSentences":[]},"followers":[1],"suggestedReferences":[],"includedReferences":[],"efiUrl":"","efiAlt":"","highlights":[]},"yoast_head":"<!-- This site is optimized with the Yoast SEO plugin v20.7 - https:\/\/yoast.com\/wordpress\/plugins\/seo\/ -->\n<title>Tras los dichos de Fern\u00e1ndez, la Iglesia convoc\u00f3 a una marcha para rechazar el aborto -<\/title>\n<meta name=\"robots\" content=\"index, follow, max-snippet:-1, max-image-preview:large, max-video-preview:-1\" \/>\n<link rel=\"canonical\" href=\"https:\/\/experienciadevida.com.ar\/portalurbano\/tras-los-dichos-de-fernandez-la-iglesia-convoco-a-una-marcha-para-rechazar-el-aborto\/\" \/>\n<meta property=\"og:locale\" content=\"es_ES\" \/>\n<meta property=\"og:type\" content=\"article\" \/>\n<meta property=\"og:title\" content=\"Tras los dichos de Fern\u00e1ndez, la Iglesia convoc\u00f3 a una marcha para rechazar el aborto -\" \/>\n<meta property=\"og:description\" content=\"La Conferencia Episcopal Argentina public\u00f3 la moci\u00f3n en las redes sociales bajo el lema &#8220;S\u00ed...\" \/>\n<meta property=\"og:url\" content=\"https:\/\/experienciadevida.com.ar\/portalurbano\/tras-los-dichos-de-fernandez-la-iglesia-convoco-a-una-marcha-para-rechazar-el-aborto\/\" \/>\n<meta property=\"article:publisher\" content=\"https:\/\/www.facebook.com\/Portal-Urbano-171542830093757\/\" \/>\n<meta property=\"article:published_time\" content=\"2020-02-06T13:27:53+00:00\" \/>\n<meta property=\"article:modified_time\" content=\"2020-02-06T13:28:18+00:00\" \/>\n<meta property=\"og:image\" content=\"https:\/\/experienciadevida.com.ar\/portalurbano\/wp-content\/uploads\/2020\/02\/MARCHA.jpg\" \/>\n\t<meta property=\"og:image:width\" content=\"1140\" \/>\n\t<meta property=\"og:image:height\" content=\"759\" \/>\n\t<meta property=\"og:image:type\" content=\"image\/jpeg\" \/>\n<meta name=\"author\" content=\"admpu17wp\" \/>\n<meta name=\"twitter:card\" content=\"summary_large_image\" \/>\n<meta name=\"twitter:creator\" content=\"@portalurbanook\" \/>\n<meta name=\"twitter:site\" content=\"@portalurbanook\" \/>\n<meta name=\"twitter:label1\" content=\"Escrito por\" \/>\n\t<meta name=\"twitter:data1\" content=\"admpu17wp\" \/>\n\t<meta name=\"twitter:label2\" content=\"Tiempo de lectura\" \/>\n\t<meta name=\"twitter:data2\" content=\"1 minuto\" \/>\n<script type=\"application\/ld+json\" class=\"yoast-schema-graph\">{\"@context\":\"https:\/\/schema.org\",\"@graph\":[{\"@type\":\"Article\",\"@id\":\"https:\/\/experienciadevida.com.ar\/portalurbano\/tras-los-dichos-de-fernandez-la-iglesia-convoco-a-una-marcha-para-rechazar-el-aborto\/#article\",\"isPartOf\":{\"@id\":\"https:\/\/experienciadevida.com.ar\/portalurbano\/tras-los-dichos-de-fernandez-la-iglesia-convoco-a-una-marcha-para-rechazar-el-aborto\/\"},\"author\":{\"name\":\"admpu17wp\",\"@id\":\"https:\/\/experienciadevida.com.ar\/portalurbano\/#\/schema\/person\/02dd326b1c4b056e9cc972486934a3a7\"},\"headline\":\"Tras los dichos de Fern\u00e1ndez, la Iglesia convoc\u00f3 a una marcha para rechazar el aborto\",\"datePublished\":\"2020-02-06T13:27:53+00:00\",\"dateModified\":\"2020-02-06T13:28:18+00:00\",\"mainEntityOfPage\":{\"@id\":\"https:\/\/experienciadevida.com.ar\/portalurbano\/tras-los-dichos-de-fernandez-la-iglesia-convoco-a-una-marcha-para-rechazar-el-aborto\/\"},\"wordCount\":306,\"commentCount\":0,\"publisher\":{\"@id\":\"https:\/\/experienciadevida.com.ar\/portalurbano\/#organization\"},\"articleSection\":[\"Naci\u00f3n\"],\"inLanguage\":\"es\",\"potentialAction\":[{\"@type\":\"CommentAction\",\"name\":\"Comment\",\"target\":[\"https:\/\/experienciadevida.com.ar\/portalurbano\/tras-los-dichos-de-fernandez-la-iglesia-convoco-a-una-marcha-para-rechazar-el-aborto\/#respond\"]}]},{\"@type\":\"WebPage\",\"@id\":\"https:\/\/experienciadevida.com.ar\/portalurbano\/tras-los-dichos-de-fernandez-la-iglesia-convoco-a-una-marcha-para-rechazar-el-aborto\/\",\"url\":\"https:\/\/experienciadevida.com.ar\/portalurbano\/tras-los-dichos-de-fernandez-la-iglesia-convoco-a-una-marcha-para-rechazar-el-aborto\/\",\"name\":\"Tras los dichos de Fern\u00e1ndez, la Iglesia convoc\u00f3 a una marcha para rechazar el aborto -\",\"isPartOf\":{\"@id\":\"https:\/\/experienciadevida.com.ar\/portalurbano\/#website\"},\"datePublished\":\"2020-02-06T13:27:53+00:00\",\"dateModified\":\"2020-02-06T13:28:18+00:00\",\"breadcrumb\":{\"@id\":\"https:\/\/experienciadevida.com.ar\/portalurbano\/tras-los-dichos-de-fernandez-la-iglesia-convoco-a-una-marcha-para-rechazar-el-aborto\/#breadcrumb\"},\"inLanguage\":\"es\",\"potentialAction\":[{\"@type\":\"ReadAction\",\"target\":[\"https:\/\/experienciadevida.com.ar\/portalurbano\/tras-los-dichos-de-fernandez-la-iglesia-convoco-a-una-marcha-para-rechazar-el-aborto\/\"]}]},{\"@type\":\"BreadcrumbList\",\"@id\":\"https:\/\/experienciadevida.com.ar\/portalurbano\/tras-los-dichos-de-fernandez-la-iglesia-convoco-a-una-marcha-para-rechazar-el-aborto\/#breadcrumb\",\"itemListElement\":[{\"@type\":\"ListItem\",\"position\":1,\"name\":\"Portada\",\"item\":\"https:\/\/experienciadevida.com.ar\/portalurbano\/\"},{\"@type\":\"ListItem\",\"position\":2,\"name\":\"Tras los dichos de Fern\u00e1ndez, la Iglesia convoc\u00f3 a una marcha para rechazar el aborto\"}]},{\"@type\":\"WebSite\",\"@id\":\"https:\/\/experienciadevida.com.ar\/portalurbano\/#website\",\"url\":\"https:\/\/experienciadevida.com.ar\/portalurbano\/\",\"name\":\"\",\"description\":\"\",\"publisher\":{\"@id\":\"https:\/\/experienciadevida.com.ar\/portalurbano\/#organization\"},\"potentialAction\":[{\"@type\":\"SearchAction\",\"target\":{\"@type\":\"EntryPoint\",\"urlTemplate\":\"https:\/\/experienciadevida.com.ar\/portalurbano\/?s={search_term_string}\"},\"query-input\":\"required name=search_term_string\"}],\"inLanguage\":\"es\"},{\"@type\":\"Organization\",\"@id\":\"https:\/\/experienciadevida.com.ar\/portalurbano\/#organization\",\"name\":\"Portal Urbano\",\"url\":\"https:\/\/experienciadevida.com.ar\/portalurbano\/\",\"logo\":{\"@type\":\"ImageObject\",\"inLanguage\":\"es\",\"@id\":\"https:\/\/experienciadevida.com.ar\/portalurbano\/#\/schema\/logo\/image\/\",\"url\":\"https:\/\/experienciadevida.com.ar\/portalurbano\/wp-content\/uploads\/2019\/09\/Logo-Original.png\",\"contentUrl\":\"https:\/\/experienciadevida.com.ar\/portalurbano\/wp-content\/uploads\/2019\/09\/Logo-Original.png\",\"width\":2236,\"height\":1216,\"caption\":\"Portal Urbano\"},\"image\":{\"@id\":\"https:\/\/experienciadevida.com.ar\/portalurbano\/#\/schema\/logo\/image\/\"},\"sameAs\":[\"https:\/\/www.facebook.com\/Portal-Urbano-171542830093757\/\",\"https:\/\/twitter.com\/portalurbanook\",\"https:\/\/www.instagram.com\/_portalurbano\/\",\"https:\/\/www.youtube.com\/channel\/UCXhagIfszH8KxFiOok79zbA?view_as=subscriber\"]},{\"@type\":\"Person\",\"@id\":\"https:\/\/experienciadevida.com.ar\/portalurbano\/#\/schema\/person\/02dd326b1c4b056e9cc972486934a3a7\",\"name\":\"admpu17wp\",\"image\":{\"@type\":\"ImageObject\",\"inLanguage\":\"es\",\"@id\":\"https:\/\/experienciadevida.com.ar\/portalurbano\/#\/schema\/person\/image\/\",\"url\":\"https:\/\/secure.gravatar.com\/avatar\/830d4c57adaae6630765e449a6908047?s=96&d=mm&r=g\",\"contentUrl\":\"https:\/\/secure.gravatar.com\/avatar\/830d4c57adaae6630765e449a6908047?s=96&d=mm&r=g\",\"caption\":\"admpu17wp\"}}]}<\/script>\n<!-- \/ Yoast SEO plugin. -->","yoast_head_json":{"title":"Tras los dichos de Fern\u00e1ndez, la Iglesia convoc\u00f3 a una marcha para rechazar el aborto -","robots":{"index":"index","follow":"follow","max-snippet":"max-snippet:-1","max-image-preview":"max-image-preview:large","max-video-preview":"max-video-preview:-1"},"canonical":"https:\/\/experienciadevida.com.ar\/portalurbano\/tras-los-dichos-de-fernandez-la-iglesia-convoco-a-una-marcha-para-rechazar-el-aborto\/","og_locale":"es_ES","og_type":"article","og_title":"Tras los dichos de Fern\u00e1ndez, la Iglesia convoc\u00f3 a una marcha para rechazar el aborto -","og_description":"La Conferencia Episcopal Argentina public\u00f3 la moci\u00f3n en las redes sociales bajo el lema &#8220;S\u00ed...","og_url":"https:\/\/experienciadevida.com.ar\/portalurbano\/tras-los-dichos-de-fernandez-la-iglesia-convoco-a-una-marcha-para-rechazar-el-aborto\/","article_publisher":"https:\/\/www.facebook.com\/Portal-Urbano-171542830093757\/","article_published_time":"2020-02-06T13:27:53+00:00","article_modified_time":"2020-02-06T13:28:18+00:00","og_image":[{"width":1140,"height":759,"url":"https:\/\/experienciadevida.com.ar\/portalurbano\/wp-content\/uploads\/2020\/02\/MARCHA.jpg","type":"image\/jpeg"}],"author":"admpu17wp","twitter_card":"summary_large_image","twitter_creator":"@portalurbanook","twitter_site":"@portalurbanook","twitter_misc":{"Escrito por":"admpu17wp","Tiempo de lectura":"1 minuto"},"schema":{"@context":"https:\/\/schema.org","@graph":[{"@type":"Article","@id":"https:\/\/experienciadevida.com.ar\/portalurbano\/tras-los-dichos-de-fernandez-la-iglesia-convoco-a-una-marcha-para-rechazar-el-aborto\/#article","isPartOf":{"@id":"https:\/\/experienciadevida.com.ar\/portalurbano\/tras-los-dichos-de-fernandez-la-iglesia-convoco-a-una-marcha-para-rechazar-el-aborto\/"},"author":{"name":"admpu17wp","@id":"https:\/\/experienciadevida.com.ar\/portalurbano\/#\/schema\/person\/02dd326b1c4b056e9cc972486934a3a7"},"headline":"Tras los dichos de Fern\u00e1ndez, la Iglesia convoc\u00f3 a una marcha para rechazar el aborto","datePublished":"2020-02-06T13:27:53+00:00","dateModified":"2020-02-06T13:28:18+00:00","mainEntityOfPage":{"@id":"https:\/\/experienciadevida.com.ar\/portalurbano\/tras-los-dichos-de-fernandez-la-iglesia-convoco-a-una-marcha-para-rechazar-el-aborto\/"},"wordCount":306,"commentCount":0,"publisher":{"@id":"https:\/\/experienciadevida.com.ar\/portalurbano\/#organization"},"articleSection":["Naci\u00f3n"],"inLanguage":"es","potentialAction":[{"@type":"CommentAction","name":"Comment","target":["https:\/\/experienciadevida.com.ar\/portalurbano\/tras-los-dichos-de-fernandez-la-iglesia-convoco-a-una-marcha-para-rechazar-el-aborto\/#respond"]}]},{"@type":"WebPage","@id":"https:\/\/experienciadevida.com.ar\/portalurbano\/tras-los-dichos-de-fernandez-la-iglesia-convoco-a-una-marcha-para-rechazar-el-aborto\/","url":"https:\/\/experienciadevida.com.ar\/portalurbano\/tras-los-dichos-de-fernandez-la-iglesia-convoco-a-una-marcha-para-rechazar-el-aborto\/","name":"Tras los dichos de Fern\u00e1ndez, la Iglesia convoc\u00f3 a una marcha para rechazar el aborto -","isPartOf":{"@id":"https:\/\/experienciadevida.com.ar\/portalurbano\/#website"},"datePublished":"2020-02-06T13:27:53+00:00","dateModified":"2020-02-06T13:28:18+00:00","breadcrumb":{"@id":"https:\/\/experienciadevida.com.ar\/portalurbano\/tras-los-dichos-de-fernandez-la-iglesia-convoco-a-una-marcha-para-rechazar-el-aborto\/#breadcrumb"},"inLanguage":"es","potentialAction":[{"@type":"ReadAction","target":["https:\/\/experienciadevida.com.ar\/portalurbano\/tras-los-dichos-de-fernandez-la-iglesia-convoco-a-una-marcha-para-rechazar-el-aborto\/"]}]},{"@type":"BreadcrumbList","@id":"https:\/\/experienciadevida.com.ar\/portalurbano\/tras-los-dichos-de-fernandez-la-iglesia-convoco-a-una-marcha-para-rechazar-el-aborto\/#breadcrumb","itemListElement":[{"@type":"ListItem","position":1,"name":"Portada","item":"https:\/\/experienciadevida.com.ar\/portalurbano\/"},{"@type":"ListItem","position":2,"name":"Tras los dichos de Fern\u00e1ndez, la Iglesia convoc\u00f3 a una marcha para rechazar el aborto"}]},{"@type":"WebSite","@id":"https:\/\/experienciadevida.com.ar\/portalurbano\/#website","url":"https:\/\/experienciadevida.com.ar\/portalurbano\/","name":"","description":"","publisher":{"@id":"https:\/\/experienciadevida.com.ar\/portalurbano\/#organization"},"potentialAction":[{"@type":"SearchAction","target":{"@type":"EntryPoint","urlTemplate":"https:\/\/experienciadevida.com.ar\/portalurbano\/?s={search_term_string}"},"query-input":"required name=search_term_string"}],"inLanguage":"es"},{"@type":"Organization","@id":"https:\/\/experienciadevida.com.ar\/portalurbano\/#organization","name":"Portal Urbano","url":"https:\/\/experienciadevida.com.ar\/portalurbano\/","logo":{"@type":"ImageObject","inLanguage":"es","@id":"https:\/\/experienciadevida.com.ar\/portalurbano\/#\/schema\/logo\/image\/","url":"https:\/\/experienciadevida.com.ar\/portalurbano\/wp-content\/uploads\/2019\/09\/Logo-Original.png","contentUrl":"https:\/\/experienciadevida.com.ar\/portalurbano\/wp-content\/uploads\/2019\/09\/Logo-Original.png","width":2236,"height":1216,"caption":"Portal Urbano"},"image":{"@id":"https:\/\/experienciadevida.com.ar\/portalurbano\/#\/schema\/logo\/image\/"},"sameAs":["https:\/\/www.facebook.com\/Portal-Urbano-171542830093757\/","https:\/\/twitter.com\/portalurbanook","https:\/\/www.instagram.com\/_portalurbano\/","https:\/\/www.youtube.com\/channel\/UCXhagIfszH8KxFiOok79zbA?view_as=subscriber"]},{"@type":"Person","@id":"https:\/\/experienciadevida.com.ar\/portalurbano\/#\/schema\/person\/02dd326b1c4b056e9cc972486934a3a7","name":"admpu17wp","image":{"@type":"ImageObject","inLanguage":"es","@id":"https:\/\/experienciadevida.com.ar\/portalurbano\/#\/schema\/person\/image\/","url":"https:\/\/secure.gravatar.com\/avatar\/830d4c57adaae6630765e449a6908047?s=96&d=mm&r=g","contentUrl":"https:\/\/secure.gravatar.com\/avatar\/830d4c57adaae6630765e449a6908047?s=96&d=mm&r=g","caption":"admpu17wp"}}]}},"featured_image_urls":{"full":["https:\/\/experienciadevida.com.ar\/portalurbano\/wp-content\/uploads\/2020\/02\/MARCHA.jpg",1140,759,false],"thumbnail":["https:\/\/experienciadevida.com.ar\/portalurbano\/wp-content\/uploads\/2020\/02\/MARCHA-150x150.jpg",150,150,true],"medium":["https:\/\/experienciadevida.com.ar\/portalurbano\/wp-content\/uploads\/2020\/02\/MARCHA-300x200.jpg",300,200,true],"medium_large":["https:\/\/experienciadevida.com.ar\/portalurbano\/wp-content\/uploads\/2020\/02\/MARCHA-768x511.jpg",640,426,true],"large":["https:\/\/experienciadevida.com.ar\/portalurbano\/wp-content\/uploads\/2020\/02\/MARCHA-1024x682.jpg",640,426,true],"ug_big":["https:\/\/experienciadevida.com.ar\/portalurbano\/wp-content\/uploads\/2020\/02\/MARCHA-768x511.jpg",768,511,true],"1536x1536":["https:\/\/experienciadevida.com.ar\/portalurbano\/wp-content\/uploads\/2020\/02\/MARCHA.jpg",1140,759,false],"2048x2048":["https:\/\/experienciadevida.com.ar\/portalurbano\/wp-content\/uploads\/2020\/02\/MARCHA.jpg",1140,759,false],"newsever-slider-full":["https:\/\/experienciadevida.com.ar\/portalurbano\/wp-content\/uploads\/2020\/02\/MARCHA.jpg",1140,759,false],"newsever-featured":["https:\/\/experienciadevida.com.ar\/portalurbano\/wp-content\/uploads\/2020\/02\/MARCHA.jpg",1024,682,false],"newsever-medium":["https:\/\/experienciadevida.com.ar\/portalurbano\/wp-content\/uploads\/2020\/02\/MARCHA.jpg",713,475,false],"web-stories-poster-portrait":["https:\/\/experienciadevida.com.ar\/portalurbano\/wp-content\/uploads\/2020\/02\/MARCHA.jpg",640,426,false],"web-stories-publisher-logo":["https:\/\/experienciadevida.com.ar\/portalurbano\/wp-content\/uploads\/2020\/02\/MARCHA.jpg",96,64,false],"web-stories-thumbnail":["https:\/\/experienciadevida.com.ar\/portalurbano\/wp-content\/uploads\/2020\/02\/MARCHA.jpg",150,100,false]},"author_info":{"display_name":"admpu17wp","author_link":"https:\/\/experienciadevida.com.ar\/portalurbano\/author\/admpu17wp\/"},"category_info":"<a href=\"https:\/\/experienciadevida.com.ar\/portalurbano\/category\/nacion\/\" rel=\"category tag\">Naci\u00f3n<\/a>","tag_info":"Naci\u00f3n","comment_count":"0","amp_enabled":true,"_links":{"self":[{"href":"https:\/\/experienciadevida.com.ar\/portalurbano\/wp-json\/wp\/v2\/posts\/100850"}],"collection":[{"href":"https:\/\/experienciadevida.com.ar\/portalurbano\/wp-json\/wp\/v2\/posts"}],"about":[{"href":"https:\/\/experienciadevida.com.ar\/portalurbano\/wp-json\/wp\/v2\/types\/post"}],"author":[{"embeddable":true,"href":"https:\/\/experienciadevida.com.ar\/portalurbano\/wp-json\/wp\/v2\/users\/1"}],"replies":[{"embeddable":true,"href":"https:\/\/experienciadevida.com.ar\/portalurbano\/wp-json\/wp\/v2\/comments?post=100850"}],"version-history":[{"count":1,"href":"https:\/\/experienciadevida.com.ar\/portalurbano\/wp-json\/wp\/v2\/posts\/100850\/revisions"}],"predecessor-version":[{"id":100852,"href":"https:\/\/experienciadevida.com.ar\/portalurbano\/wp-json\/wp\/v2\/posts\/100850\/revisions\/100852"}],"wp:featuredmedia":[{"embeddable":true,"href":"https:\/\/experienciadevida.com.ar\/portalurbano\/wp-json\/wp\/v2\/media\/100851"}],"wp:attachment":[{"href":"https:\/\/experienciadevida.com.ar\/portalurbano\/wp-json\/wp\/v2\/media?parent=100850"}],"wp:term":[{"taxonomy":"category","embeddable":true,"href":"https:\/\/experienciadevida.com.ar\/portalurbano\/wp-json\/wp\/v2\/categories?post=100850"},{"taxonomy":"post_tag","embeddable":true,"href":"https:\/\/experienciadevida.com.ar\/portalurbano\/wp-json\/wp\/v2\/tags?post=100850"}],"curies":[{"name":"wp","href":"https:\/\/api.w.org\/{rel}","templated":true}]}}