{"id":100795,"date":"2020-02-05T11:46:51","date_gmt":"2020-02-05T14:46:51","guid":{"rendered":"https:\/\/experienciadevida.com.ar\/portalurbano\/?p=100795"},"modified":"2020-02-05T11:49:13","modified_gmt":"2020-02-05T14:49:13","slug":"alberto-fernandez-frente-a-empresarios-franceses-con-macri-vivimos-un-2001-por-goteo","status":"publish","type":"post","link":"https:\/\/experienciadevida.com.ar\/portalurbano\/alberto-fernandez-frente-a-empresarios-franceses-con-macri-vivimos-un-2001-por-goteo\/","title":{"rendered":"Alberto Fern\u00e1ndez frente a empresarios franceses: &#8220;Con Macri vivimos un 2001 por goteo&#8221;"},"content":{"rendered":"<p class=\"interiorCopete\">El primer mandatario mantuvo la primera de sus reuniones pautadas para hoy en el pa\u00eds galo, donde los empresarios locales le reclamaron una flexibilizaci\u00f3n de las restricciones cambiarias.<\/p>\n<p>Tal como lo marca su ajustada agenda de este mi\u00e9rcoles, el presidente\u00a0Alberto Fern\u00e1ndez\u00a0mantuvo una reuni\u00f3n en Par\u00eds con\u00a0ejecutivos de empresas francesas, que le reclamaron una flexibilizaci\u00f3n de las restricciones cambiarias, en referencia al impuesto que\u00a0suma un 30 por ciento\u00a0denominado \u201c<em>Para una Argentina Inclusiva y Solidaria\u201d<\/em>\u00a0(PAIS) a la compra de divisas extrajeras, y que afecta a las utilidades que las empresas galas giran desde aqu\u00ed.<\/p>\n<div id=\"div-gpt-ad-nota-790391\" class=\"banner-90\" data-mapping=\"mapping9\" data-google-query-id=\"CO7Rss7PuucCFUAFuQYdOVcMbQ\">\n<p>Asimismo, el mandatario no dud\u00f3 en criticar a su antecesor, Mauricio Macri, al asegurar que ante quienes aseguraron que la Argentina vivi\u00f3 &#8220;un 2001 por goteo&#8221; durante la gesti\u00f3n de Cambiemos.<\/p>\n<p>Fern\u00e1ndez encabez\u00f3 el encuentro\u00a0en la Embajada argentina en Par\u00eds\u00a0con representantes de\u00a0Air France, Boccard, Dassault, Eramet, Michelin, Lazard, Grupo Suez y Alstom, entre otros.<\/p>\n<p>En ese marco, el jefe de Estado critic\u00f3 la gesti\u00f3n econ\u00f3mica de Cambiemos y advirti\u00f3 que fue &#8220;en n\u00fameros, peor en que en la post-convertibilidad&#8221;.<\/p>\n<p>&#8220;Con Macri vivimos un 2001 por goteo&#8221;, asever\u00f3 Alberto Fern\u00e1ndez ante los hombres de negocios y acompa\u00f1ado por el canciller, Felipe Sol\u00e1.<\/p>\n<p>En ese marco, el Presidente tambi\u00e9n\u00a0recibi\u00f3 los planteos de los empresarios, quienes se quejaron de las complicaciones a la hora de girar utilidades desde la Argentina hacia sus casas matrices.<\/p>\n<p>Tambi\u00e9n estuvieron presentes el embajador argentino en Francia, Mario Ver\u00f3n Guerra; el secretario general de la Presidencia, Julio Vitobello; el diputado nacional Eduardo Vald\u00e9s; y el vocero, Juan Pablo Biondi.<\/p>\n<\/div>\n","protected":false},"excerpt":{"rendered":"<p>El primer mandatario mantuvo la primera de sus reuniones pautadas para hoy en el pa\u00eds&#8230;<\/p>\n","protected":false},"author":1,"featured_media":100796,"comment_status":"open","ping_status":"open","sticky":false,"template":"","format":"standard","meta":{"content-type":""},"categories":[39],"tags":[],"nelio_content":{"isAutoShareEnabled":false,"autoShareEndMode":"default","automationSources":{"useContentSentences":true,"useSocialTemplates":true,"useCustomSentences":false,"customSentences":[]},"followers":[1],"suggestedReferences":[],"includedReferences":[],"efiUrl":"","efiAlt":"","highlights":[]},"yoast_head":"<!-- This site is optimized with the Yoast SEO plugin v20.7 - https:\/\/yoast.com\/wordpress\/plugins\/seo\/ -->\n<title>Alberto Fern\u00e1ndez frente a empresarios franceses: &quot;Con Macri vivimos un 2001 por goteo&quot; -<\/title>\n<meta name=\"robots\" content=\"index, follow, max-snippet:-1, max-image-preview:large, max-video-preview:-1\" \/>\n<link rel=\"canonical\" href=\"https:\/\/experienciadevida.com.ar\/portalurbano\/alberto-fernandez-frente-a-empresarios-franceses-con-macri-vivimos-un-2001-por-goteo\/\" \/>\n<meta property=\"og:locale\" content=\"es_ES\" \/>\n<meta property=\"og:type\" content=\"article\" \/>\n<meta property=\"og:title\" content=\"Alberto Fern\u00e1ndez frente a empresarios franceses: &quot;Con Macri vivimos un 2001 por goteo&quot; -\" \/>\n<meta property=\"og:description\" content=\"El primer mandatario mantuvo la primera de sus reuniones pautadas para hoy en el pa\u00eds...\" \/>\n<meta property=\"og:url\" content=\"https:\/\/experienciadevida.com.ar\/portalurbano\/alberto-fernandez-frente-a-empresarios-franceses-con-macri-vivimos-un-2001-por-goteo\/\" \/>\n<meta property=\"article:publisher\" content=\"https:\/\/www.facebook.com\/Portal-Urbano-171542830093757\/\" \/>\n<meta property=\"article:published_time\" content=\"2020-02-05T14:46:51+00:00\" \/>\n<meta property=\"article:modified_time\" content=\"2020-02-05T14:49:13+00:00\" \/>\n<meta property=\"og:image\" content=\"https:\/\/experienciadevida.com.ar\/portalurbano\/wp-content\/uploads\/2020\/02\/FERNANDEZ-e1580913531908.jpg\" \/>\n\t<meta property=\"og:image:width\" content=\"765\" \/>\n\t<meta property=\"og:image:height\" content=\"509\" \/>\n\t<meta property=\"og:image:type\" content=\"image\/jpeg\" \/>\n<meta name=\"author\" content=\"admpu17wp\" \/>\n<meta name=\"twitter:card\" content=\"summary_large_image\" \/>\n<meta name=\"twitter:creator\" content=\"@portalurbanook\" \/>\n<meta name=\"twitter:site\" content=\"@portalurbanook\" \/>\n<meta name=\"twitter:label1\" content=\"Escrito por\" \/>\n\t<meta name=\"twitter:data1\" content=\"admpu17wp\" \/>\n\t<meta name=\"twitter:label2\" content=\"Tiempo de lectura\" \/>\n\t<meta name=\"twitter:data2\" content=\"1 minuto\" \/>\n<script type=\"application\/ld+json\" class=\"yoast-schema-graph\">{\"@context\":\"https:\/\/schema.org\",\"@graph\":[{\"@type\":\"Article\",\"@id\":\"https:\/\/experienciadevida.com.ar\/portalurbano\/alberto-fernandez-frente-a-empresarios-franceses-con-macri-vivimos-un-2001-por-goteo\/#article\",\"isPartOf\":{\"@id\":\"https:\/\/experienciadevida.com.ar\/portalurbano\/alberto-fernandez-frente-a-empresarios-franceses-con-macri-vivimos-un-2001-por-goteo\/\"},\"author\":{\"name\":\"admpu17wp\",\"@id\":\"https:\/\/experienciadevida.com.ar\/portalurbano\/#\/schema\/person\/02dd326b1c4b056e9cc972486934a3a7\"},\"headline\":\"Alberto Fern\u00e1ndez frente a empresarios franceses: &#8220;Con Macri vivimos un 2001 por goteo&#8221;\",\"datePublished\":\"2020-02-05T14:46:51+00:00\",\"dateModified\":\"2020-02-05T14:49:13+00:00\",\"mainEntityOfPage\":{\"@id\":\"https:\/\/experienciadevida.com.ar\/portalurbano\/alberto-fernandez-frente-a-empresarios-franceses-con-macri-vivimos-un-2001-por-goteo\/\"},\"wordCount\":292,\"commentCount\":0,\"publisher\":{\"@id\":\"https:\/\/experienciadevida.com.ar\/portalurbano\/#organization\"},\"articleSection\":[\"Naci\u00f3n\"],\"inLanguage\":\"es\",\"potentialAction\":[{\"@type\":\"CommentAction\",\"name\":\"Comment\",\"target\":[\"https:\/\/experienciadevida.com.ar\/portalurbano\/alberto-fernandez-frente-a-empresarios-franceses-con-macri-vivimos-un-2001-por-goteo\/#respond\"]}]},{\"@type\":\"WebPage\",\"@id\":\"https:\/\/experienciadevida.com.ar\/portalurbano\/alberto-fernandez-frente-a-empresarios-franceses-con-macri-vivimos-un-2001-por-goteo\/\",\"url\":\"https:\/\/experienciadevida.com.ar\/portalurbano\/alberto-fernandez-frente-a-empresarios-franceses-con-macri-vivimos-un-2001-por-goteo\/\",\"name\":\"Alberto Fern\u00e1ndez frente a empresarios franceses: \\\"Con Macri vivimos un 2001 por goteo\\\" -\",\"isPartOf\":{\"@id\":\"https:\/\/experienciadevida.com.ar\/portalurbano\/#website\"},\"datePublished\":\"2020-02-05T14:46:51+00:00\",\"dateModified\":\"2020-02-05T14:49:13+00:00\",\"breadcrumb\":{\"@id\":\"https:\/\/experienciadevida.com.ar\/portalurbano\/alberto-fernandez-frente-a-empresarios-franceses-con-macri-vivimos-un-2001-por-goteo\/#breadcrumb\"},\"inLanguage\":\"es\",\"potentialAction\":[{\"@type\":\"ReadAction\",\"target\":[\"https:\/\/experienciadevida.com.ar\/portalurbano\/alberto-fernandez-frente-a-empresarios-franceses-con-macri-vivimos-un-2001-por-goteo\/\"]}]},{\"@type\":\"BreadcrumbList\",\"@id\":\"https:\/\/experienciadevida.com.ar\/portalurbano\/alberto-fernandez-frente-a-empresarios-franceses-con-macri-vivimos-un-2001-por-goteo\/#breadcrumb\",\"itemListElement\":[{\"@type\":\"ListItem\",\"position\":1,\"name\":\"Portada\",\"item\":\"https:\/\/experienciadevida.com.ar\/portalurbano\/\"},{\"@type\":\"ListItem\",\"position\":2,\"name\":\"Alberto Fern\u00e1ndez frente a empresarios franceses: \u00abCon Macri vivimos un 2001 por goteo\u00bb\"}]},{\"@type\":\"WebSite\",\"@id\":\"https:\/\/experienciadevida.com.ar\/portalurbano\/#website\",\"url\":\"https:\/\/experienciadevida.com.ar\/portalurbano\/\",\"name\":\"\",\"description\":\"\",\"publisher\":{\"@id\":\"https:\/\/experienciadevida.com.ar\/portalurbano\/#organization\"},\"potentialAction\":[{\"@type\":\"SearchAction\",\"target\":{\"@type\":\"EntryPoint\",\"urlTemplate\":\"https:\/\/experienciadevida.com.ar\/portalurbano\/?s={search_term_string}\"},\"query-input\":\"required name=search_term_string\"}],\"inLanguage\":\"es\"},{\"@type\":\"Organization\",\"@id\":\"https:\/\/experienciadevida.com.ar\/portalurbano\/#organization\",\"name\":\"Portal Urbano\",\"url\":\"https:\/\/experienciadevida.com.ar\/portalurbano\/\",\"logo\":{\"@type\":\"ImageObject\",\"inLanguage\":\"es\",\"@id\":\"https:\/\/experienciadevida.com.ar\/portalurbano\/#\/schema\/logo\/image\/\",\"url\":\"https:\/\/experienciadevida.com.ar\/portalurbano\/wp-content\/uploads\/2019\/09\/Logo-Original.png\",\"contentUrl\":\"https:\/\/experienciadevida.com.ar\/portalurbano\/wp-content\/uploads\/2019\/09\/Logo-Original.png\",\"width\":2236,\"height\":1216,\"caption\":\"Portal Urbano\"},\"image\":{\"@id\":\"https:\/\/experienciadevida.com.ar\/portalurbano\/#\/schema\/logo\/image\/\"},\"sameAs\":[\"https:\/\/www.facebook.com\/Portal-Urbano-171542830093757\/\",\"https:\/\/twitter.com\/portalurbanook\",\"https:\/\/www.instagram.com\/_portalurbano\/\",\"https:\/\/www.youtube.com\/channel\/UCXhagIfszH8KxFiOok79zbA?view_as=subscriber\"]},{\"@type\":\"Person\",\"@id\":\"https:\/\/experienciadevida.com.ar\/portalurbano\/#\/schema\/person\/02dd326b1c4b056e9cc972486934a3a7\",\"name\":\"admpu17wp\",\"image\":{\"@type\":\"ImageObject\",\"inLanguage\":\"es\",\"@id\":\"https:\/\/experienciadevida.com.ar\/portalurbano\/#\/schema\/person\/image\/\",\"url\":\"https:\/\/secure.gravatar.com\/avatar\/830d4c57adaae6630765e449a6908047?s=96&d=mm&r=g\",\"contentUrl\":\"https:\/\/secure.gravatar.com\/avatar\/830d4c57adaae6630765e449a6908047?s=96&d=mm&r=g\",\"caption\":\"admpu17wp\"}}]}<\/script>\n<!-- \/ Yoast SEO plugin. -->","yoast_head_json":{"title":"Alberto Fern\u00e1ndez frente a empresarios franceses: \"Con Macri vivimos un 2001 por goteo\" -","robots":{"index":"index","follow":"follow","max-snippet":"max-snippet:-1","max-image-preview":"max-image-preview:large","max-video-preview":"max-video-preview:-1"},"canonical":"https:\/\/experienciadevida.com.ar\/portalurbano\/alberto-fernandez-frente-a-empresarios-franceses-con-macri-vivimos-un-2001-por-goteo\/","og_locale":"es_ES","og_type":"article","og_title":"Alberto Fern\u00e1ndez frente a empresarios franceses: \"Con Macri vivimos un 2001 por goteo\" -","og_description":"El primer mandatario mantuvo la primera de sus reuniones pautadas para hoy en el pa\u00eds...","og_url":"https:\/\/experienciadevida.com.ar\/portalurbano\/alberto-fernandez-frente-a-empresarios-franceses-con-macri-vivimos-un-2001-por-goteo\/","article_publisher":"https:\/\/www.facebook.com\/Portal-Urbano-171542830093757\/","article_published_time":"2020-02-05T14:46:51+00:00","article_modified_time":"2020-02-05T14:49:13+00:00","og_image":[{"width":765,"height":509,"url":"https:\/\/experienciadevida.com.ar\/portalurbano\/wp-content\/uploads\/2020\/02\/FERNANDEZ-e1580913531908.jpg","type":"image\/jpeg"}],"author":"admpu17wp","twitter_card":"summary_large_image","twitter_creator":"@portalurbanook","twitter_site":"@portalurbanook","twitter_misc":{"Escrito por":"admpu17wp","Tiempo de lectura":"1 minuto"},"schema":{"@context":"https:\/\/schema.org","@graph":[{"@type":"Article","@id":"https:\/\/experienciadevida.com.ar\/portalurbano\/alberto-fernandez-frente-a-empresarios-franceses-con-macri-vivimos-un-2001-por-goteo\/#article","isPartOf":{"@id":"https:\/\/experienciadevida.com.ar\/portalurbano\/alberto-fernandez-frente-a-empresarios-franceses-con-macri-vivimos-un-2001-por-goteo\/"},"author":{"name":"admpu17wp","@id":"https:\/\/experienciadevida.com.ar\/portalurbano\/#\/schema\/person\/02dd326b1c4b056e9cc972486934a3a7"},"headline":"Alberto Fern\u00e1ndez frente a empresarios franceses: &#8220;Con Macri vivimos un 2001 por goteo&#8221;","datePublished":"2020-02-05T14:46:51+00:00","dateModified":"2020-02-05T14:49:13+00:00","mainEntityOfPage":{"@id":"https:\/\/experienciadevida.com.ar\/portalurbano\/alberto-fernandez-frente-a-empresarios-franceses-con-macri-vivimos-un-2001-por-goteo\/"},"wordCount":292,"commentCount":0,"publisher":{"@id":"https:\/\/experienciadevida.com.ar\/portalurbano\/#organization"},"articleSection":["Naci\u00f3n"],"inLanguage":"es","potentialAction":[{"@type":"CommentAction","name":"Comment","target":["https:\/\/experienciadevida.com.ar\/portalurbano\/alberto-fernandez-frente-a-empresarios-franceses-con-macri-vivimos-un-2001-por-goteo\/#respond"]}]},{"@type":"WebPage","@id":"https:\/\/experienciadevida.com.ar\/portalurbano\/alberto-fernandez-frente-a-empresarios-franceses-con-macri-vivimos-un-2001-por-goteo\/","url":"https:\/\/experienciadevida.com.ar\/portalurbano\/alberto-fernandez-frente-a-empresarios-franceses-con-macri-vivimos-un-2001-por-goteo\/","name":"Alberto Fern\u00e1ndez frente a empresarios franceses: \"Con Macri vivimos un 2001 por goteo\" -","isPartOf":{"@id":"https:\/\/experienciadevida.com.ar\/portalurbano\/#website"},"datePublished":"2020-02-05T14:46:51+00:00","dateModified":"2020-02-05T14:49:13+00:00","breadcrumb":{"@id":"https:\/\/experienciadevida.com.ar\/portalurbano\/alberto-fernandez-frente-a-empresarios-franceses-con-macri-vivimos-un-2001-por-goteo\/#breadcrumb"},"inLanguage":"es","potentialAction":[{"@type":"ReadAction","target":["https:\/\/experienciadevida.com.ar\/portalurbano\/alberto-fernandez-frente-a-empresarios-franceses-con-macri-vivimos-un-2001-por-goteo\/"]}]},{"@type":"BreadcrumbList","@id":"https:\/\/experienciadevida.com.ar\/portalurbano\/alberto-fernandez-frente-a-empresarios-franceses-con-macri-vivimos-un-2001-por-goteo\/#breadcrumb","itemListElement":[{"@type":"ListItem","position":1,"name":"Portada","item":"https:\/\/experienciadevida.com.ar\/portalurbano\/"},{"@type":"ListItem","position":2,"name":"Alberto Fern\u00e1ndez frente a empresarios franceses: \u00abCon Macri vivimos un 2001 por goteo\u00bb"}]},{"@type":"WebSite","@id":"https:\/\/experienciadevida.com.ar\/portalurbano\/#website","url":"https:\/\/experienciadevida.com.ar\/portalurbano\/","name":"","description":"","publisher":{"@id":"https:\/\/experienciadevida.com.ar\/portalurbano\/#organization"},"potentialAction":[{"@type":"SearchAction","target":{"@type":"EntryPoint","urlTemplate":"https:\/\/experienciadevida.com.ar\/portalurbano\/?s={search_term_string}"},"query-input":"required name=search_term_string"}],"inLanguage":"es"},{"@type":"Organization","@id":"https:\/\/experienciadevida.com.ar\/portalurbano\/#organization","name":"Portal Urbano","url":"https:\/\/experienciadevida.com.ar\/portalurbano\/","logo":{"@type":"ImageObject","inLanguage":"es","@id":"https:\/\/experienciadevida.com.ar\/portalurbano\/#\/schema\/logo\/image\/","url":"https:\/\/experienciadevida.com.ar\/portalurbano\/wp-content\/uploads\/2019\/09\/Logo-Original.png","contentUrl":"https:\/\/experienciadevida.com.ar\/portalurbano\/wp-content\/uploads\/2019\/09\/Logo-Original.png","width":2236,"height":1216,"caption":"Portal Urbano"},"image":{"@id":"https:\/\/experienciadevida.com.ar\/portalurbano\/#\/schema\/logo\/image\/"},"sameAs":["https:\/\/www.facebook.com\/Portal-Urbano-171542830093757\/","https:\/\/twitter.com\/portalurbanook","https:\/\/www.instagram.com\/_portalurbano\/","https:\/\/www.youtube.com\/channel\/UCXhagIfszH8KxFiOok79zbA?view_as=subscriber"]},{"@type":"Person","@id":"https:\/\/experienciadevida.com.ar\/portalurbano\/#\/schema\/person\/02dd326b1c4b056e9cc972486934a3a7","name":"admpu17wp","image":{"@type":"ImageObject","inLanguage":"es","@id":"https:\/\/experienciadevida.com.ar\/portalurbano\/#\/schema\/person\/image\/","url":"https:\/\/secure.gravatar.com\/avatar\/830d4c57adaae6630765e449a6908047?s=96&d=mm&r=g","contentUrl":"https:\/\/secure.gravatar.com\/avatar\/830d4c57adaae6630765e449a6908047?s=96&d=mm&r=g","caption":"admpu17wp"}}]}},"featured_image_urls":{"full":["https:\/\/experienciadevida.com.ar\/portalurbano\/wp-content\/uploads\/2020\/02\/FERNANDEZ-e1580913531908.jpg",765,509,false],"thumbnail":["https:\/\/experienciadevida.com.ar\/portalurbano\/wp-content\/uploads\/2020\/02\/FERNANDEZ-150x150.jpg",150,150,true],"medium":["https:\/\/experienciadevida.com.ar\/portalurbano\/wp-content\/uploads\/2020\/02\/FERNANDEZ-300x199.jpg",300,199,true],"medium_large":["https:\/\/experienciadevida.com.ar\/portalurbano\/wp-content\/uploads\/2020\/02\/FERNANDEZ-768x511.jpg",640,426,true],"large":["https:\/\/experienciadevida.com.ar\/portalurbano\/wp-content\/uploads\/2020\/02\/FERNANDEZ-1024x681.jpg",640,426,true],"ug_big":["https:\/\/experienciadevida.com.ar\/portalurbano\/wp-content\/uploads\/2020\/02\/FERNANDEZ-768x511.jpg",768,511,true],"1536x1536":["https:\/\/experienciadevida.com.ar\/portalurbano\/wp-content\/uploads\/2020\/02\/FERNANDEZ-e1580913531908.jpg",765,509,false],"2048x2048":["https:\/\/experienciadevida.com.ar\/portalurbano\/wp-content\/uploads\/2020\/02\/FERNANDEZ-e1580913531908.jpg",765,509,false],"newsever-slider-full":["https:\/\/experienciadevida.com.ar\/portalurbano\/wp-content\/uploads\/2020\/02\/FERNANDEZ-e1580913531908.jpg",765,509,false],"newsever-featured":["https:\/\/experienciadevida.com.ar\/portalurbano\/wp-content\/uploads\/2020\/02\/FERNANDEZ-e1580913531908.jpg",765,509,false],"newsever-medium":["https:\/\/experienciadevida.com.ar\/portalurbano\/wp-content\/uploads\/2020\/02\/FERNANDEZ-e1580913531908.jpg",714,475,false],"web-stories-poster-portrait":["https:\/\/experienciadevida.com.ar\/portalurbano\/wp-content\/uploads\/2020\/02\/FERNANDEZ-e1580913531908.jpg",640,426,false],"web-stories-publisher-logo":["https:\/\/experienciadevida.com.ar\/portalurbano\/wp-content\/uploads\/2020\/02\/FERNANDEZ-e1580913531908.jpg",96,64,false],"web-stories-thumbnail":["https:\/\/experienciadevida.com.ar\/portalurbano\/wp-content\/uploads\/2020\/02\/FERNANDEZ-e1580913531908.jpg",150,100,false]},"author_info":{"display_name":"admpu17wp","author_link":"https:\/\/experienciadevida.com.ar\/portalurbano\/author\/admpu17wp\/"},"category_info":"<a href=\"https:\/\/experienciadevida.com.ar\/portalurbano\/category\/nacion\/\" rel=\"category tag\">Naci\u00f3n<\/a>","tag_info":"Naci\u00f3n","comment_count":"0","amp_enabled":true,"_links":{"self":[{"href":"https:\/\/experienciadevida.com.ar\/portalurbano\/wp-json\/wp\/v2\/posts\/100795"}],"collection":[{"href":"https:\/\/experienciadevida.com.ar\/portalurbano\/wp-json\/wp\/v2\/posts"}],"about":[{"href":"https:\/\/experienciadevida.com.ar\/portalurbano\/wp-json\/wp\/v2\/types\/post"}],"author":[{"embeddable":true,"href":"https:\/\/experienciadevida.com.ar\/portalurbano\/wp-json\/wp\/v2\/users\/1"}],"replies":[{"embeddable":true,"href":"https:\/\/experienciadevida.com.ar\/portalurbano\/wp-json\/wp\/v2\/comments?post=100795"}],"version-history":[{"count":1,"href":"https:\/\/experienciadevida.com.ar\/portalurbano\/wp-json\/wp\/v2\/posts\/100795\/revisions"}],"predecessor-version":[{"id":100797,"href":"https:\/\/experienciadevida.com.ar\/portalurbano\/wp-json\/wp\/v2\/posts\/100795\/revisions\/100797"}],"wp:featuredmedia":[{"embeddable":true,"href":"https:\/\/experienciadevida.com.ar\/portalurbano\/wp-json\/wp\/v2\/media\/100796"}],"wp:attachment":[{"href":"https:\/\/experienciadevida.com.ar\/portalurbano\/wp-json\/wp\/v2\/media?parent=100795"}],"wp:term":[{"taxonomy":"category","embeddable":true,"href":"https:\/\/experienciadevida.com.ar\/portalurbano\/wp-json\/wp\/v2\/categories?post=100795"},{"taxonomy":"post_tag","embeddable":true,"href":"https:\/\/experienciadevida.com.ar\/portalurbano\/wp-json\/wp\/v2\/tags?post=100795"}],"curies":[{"name":"wp","href":"https:\/\/api.w.org\/{rel}","templated":true}]}}