{"id":100699,"date":"2020-02-03T21:37:30","date_gmt":"2020-02-04T00:37:30","guid":{"rendered":"https:\/\/experienciadevida.com.ar\/portalurbano\/?p=100699"},"modified":"2020-02-03T21:37:48","modified_gmt":"2020-02-04T00:37:48","slug":"merkel-recibio-a-fernandez-y-ratifico-su-apoyo-en-las-negociaciones-con-el-fmi","status":"publish","type":"post","link":"https:\/\/experienciadevida.com.ar\/portalurbano\/merkel-recibio-a-fernandez-y-ratifico-su-apoyo-en-las-negociaciones-con-el-fmi\/","title":{"rendered":"Merkel recibi\u00f3 a Fern\u00e1ndez y ratific\u00f3 su apoyo en las negociaciones con el FMI"},"content":{"rendered":"<p class=\"interiorCopete\">Luego de la cita de hoy con la canciller de Alemania, el Presidente viajar\u00e1 ma\u00f1ana a Madrid para encontrarse con el presidente del gobierno de coalici\u00f3n progresista de Espa\u00f1a, Pedro S\u00e1nchez.<\/p>\n<p>El presidenteAlberto Fern\u00e1ndezse reuni\u00f3 este lunes en Berl\u00edn con la canciller alemana, \u00c1ngela Merkel, en el marco de las segunda etapa de su gira europea en busca de respaldo pol\u00edtico para la renegociaci\u00f3n de la deuda externa de Argentina con el FMI y acreedores privados.<\/p>\n<p>En el encuentro, Merkel sostuvo que su pa\u00eds sabe que &#8220;la Argentina no tiene una situaci\u00f3n econ\u00f3mica f\u00e1cil&#8221;, de cara a la renegociaci\u00f3n de la deuda con el FMI que el pa\u00eds debe afrontar. Merkel se pronunci\u00f3 as\u00ed durante una declaraci\u00f3n conjunta que brind\u00f3 con Alberto Fern\u00e1ndez en la sede de la canciller\u00eda alemana en Berl\u00edn, minutos antes de iniciar una cena con el presidente argentino.<\/p>\n<p>&#8220;Sabemos que la Argentina no se encuentra en una situaci\u00f3n econ\u00f3mica f\u00e1cil&#8221;, sostuvo la canciller, quien luego agreg\u00f3: &#8220;Vamos a ver c\u00f3mo ayudarlos&#8221;.<\/p>\n<p>Merkel tambi\u00e9n dijo que en la reuni\u00f3n con Fern\u00e1ndez hablaron de &#8220;posibles proyectos de inversiones entre Alemania y Argentina&#8221;, y al respecto remarc\u00f3 que &#8220;hay un inter\u00e9s muy grande de la industria alemana&#8221;.<\/p>\n<p>A su turno, Fern\u00e1ndez se\u00f1al\u00f3: &#8220;Alemania es un modelo que miramos muy de cerca, es el motor de la unidad de la Uni\u00f3n Europea, adem\u00e1s los argentinos tenemos v\u00ednculos estrechos con Europa&#8221;.<\/p>\n<p>Las gestiones del mandatario argentino ya dieron buenos frutos en El Vaticano, a partir de su encuentro privado con el papa Francisco, y en Roma, con las reuniones que mantuvocon su colega italiano, Sergio Matarella, y con el primer ministro de ese pa\u00eds, Giuseppe Conte.<\/p>\n<p>Luego de lacita de hoy con Merkel, Fern\u00e1ndez viajar\u00e1 ma\u00f1ana a Madrid\u00a0para encontrarse con el presidente del gobierno de coalici\u00f3n progresista de Espa\u00f1a,\u00a0Pedro S\u00e1nchez, y luego se desplazar\u00e1 a Par\u00eds para almorzar con el presidente de Francia,\u00a0Emmanuel Macron.<\/p>\n<div id=\"div-gpt-ad-nota-613661\" class=\"banner-90\" data-mapping=\"mapping9\" data-google-query-id=\"CLvhkLXStucCFc8GuQYdSNoEvQ\">\n<p>El encuentro entre Fern\u00e1ndez y Merkel tuvo lugar en la sede de la Canciller\u00eda Federal (Bundeskanzleramt, en alem\u00e1n), un moderno edificio de hormig\u00f3n y cristal situado a orillas del r\u00edo Spree, en uno de los per\u00edmetros del Tiergarten, el pulm\u00f3n verde de Berl\u00edn.<\/p>\n<p>De la reuni\u00f3n con el equipo de la canciller particip\u00f3 tambi\u00e9n el ministro de Econom\u00eda,\u00a0Mart\u00edn Guzm\u00e1n.<\/p>\n<p>El Presidente y su comitiva llegaron a Berl\u00edn a las 11.30 hora local (7.30 de Argentina) y se dirigieron al c\u00e9ntrico hotel Regent, donde se alojar\u00e1n hasta hoy por la noche.<\/p>\n<p>Poco despu\u00e9s la delegaci\u00f3n argentina sali\u00f3 a almorzar a un famoso restaurante de la ciudad, llamado\u00a0&#8220;Borchardt&#8221;\u00a0-frecuentado por Merkel y visitado por otros mandatarios como el ex presidente estadounidense Barack Obama- y utiliz\u00f3 la tarde de lluvia para preparar las reuniones de hoy.<\/p>\n<p>Merkel, de 65 a\u00f1os, est\u00e1 a cargo de la mayor econom\u00eda europea y encara la recta final de su cuarto mandato consecutivo -que culmina en 2021-, con su liderazgo debilitado internamente por la p\u00e9rdida de apoyo electoral pero ejerciendo a\u00fan una enorme influencia en la Uni\u00f3n Europea y a nivel mundial.<\/p>\n<p>Fern\u00e1ndez necesita el apoyo de la canciller alemana -o al menos que no se oponga- a sus planes de extender los vencimientos de la deuda de Argentina con el FMI.<\/p>\n<div id=\"div-gpt-ad-nota-231460\" class=\"banner-90\" data-mapping=\"mapping9\" data-google-query-id=\"CNvikLXStucCFc8GuQYdSNoEvQ\">\n<p>Antes de la gira europea del Presidente, el gobierno argentino public\u00f3 el\u00a0cronograma de negociaciones\u00a0y anunci\u00f3 que su oferta de reestructuraci\u00f3n para los acreedores privados estar\u00e1 lista para la segunda semana de marzo.<\/p>\n<\/div>\n<\/div>\n<div id=\"embed84_wrap\" class=\"embed_cont type_freetext no-epigrafe no-copyright\">\n<div id=\"embed84_content\" class=\"embed_content\">\n<p>Esa oferta ser\u00e1 para reestructurar t\u00edtulos emitidos bajo ley extranjera, que abarca un universo posible de alrededor de 140.000 millones de d\u00f3lares y que equivale al 44,9 por ciento del total de la deuda p\u00fablica.<\/p>\n<p>Alemania es el estado de la Uni\u00f3n Europea con m\u00e1s peso en el comit\u00e9 ejecutivo del FMI, donde Estados Unidos tiene mayor porcentaje de voto \u00a0(16,52 por ciento). El otro actor clave es Francia, cuyo presidente, Macron, gan\u00f3 espacio en los \u00faltimos meses al colocar a su candidata, la b\u00falgara Kristalina Georgieva, como directora del FMI.<\/p>\n<p>Merkel, quien est\u00e1 al frente de un gobierno de &#8220;gran coalici\u00f3n&#8221; formado por su partido, la\u00a0Uni\u00f3n Dem\u00f3crata Cristiana\u00a0(CDU), y el Partido Socialdem\u00f3crata (SPD), domin\u00f3 durante los \u00faltimos 15 a\u00f1os la pol\u00edtica europea, dejando como mayor legado sus recetas de austeridad, que impuso a sus socios durante la grave crisis del euro.<\/p>\n<p>En los \u00faltimos a\u00f1os Grecia, Espa\u00f1a e Italia aplicaron dr\u00e1sticos recortes promovidos por la canciller alemana, lo que llev\u00f3 a que sus econom\u00edas se estabilizaran pero tambi\u00e9n que se profundizara la desigualdad social.<\/p>\n<p>En este contexto, Guzm\u00e1n expondr\u00e1 ante Merkel cu\u00e1l es su plan para resolver el endeudamiento argentino sin asfixiar la econom\u00eda.<\/p>\n<p>El presidente Fern\u00e1ndez ya obtuvo la promesa de Roma de que sus directores en el FMI intervendr\u00e1n a favor en las negociaciones por la deuda externa argentina, en tanto que el Papa tambi\u00e9n se comprometi\u00f3 a &#8220;ayudar&#8221;, seg\u00fan trascendi\u00f3 tras la audiencia.<\/p>\n<div id=\"div-gpt-ad-nota-686052\" class=\"banner-90\" data-mapping=\"mapping9\" data-google-query-id=\"CP3jkLXStucCFc8GuQYdSNoEvQ\"><\/div>\n<\/div>\n<\/div>\n","protected":false},"excerpt":{"rendered":"<p>Luego de la cita de hoy con la canciller de Alemania, el Presidente viajar\u00e1 ma\u00f1ana&#8230;<\/p>\n","protected":false},"author":1,"featured_media":100700,"comment_status":"open","ping_status":"open","sticky":false,"template":"","format":"standard","meta":{"content-type":""},"categories":[39],"tags":[],"nelio_content":{"isAutoShareEnabled":false,"autoShareEndMode":"default","automationSources":{"useContentSentences":true,"useSocialTemplates":true,"useCustomSentences":false,"customSentences":[]},"followers":[1],"suggestedReferences":[],"includedReferences":[],"efiUrl":"","efiAlt":"","highlights":[]},"yoast_head":"<!-- This site is optimized with the Yoast SEO plugin v20.7 - https:\/\/yoast.com\/wordpress\/plugins\/seo\/ -->\n<title>Merkel recibi\u00f3 a Fern\u00e1ndez y ratific\u00f3 su apoyo en las negociaciones con el FMI -<\/title>\n<meta name=\"robots\" content=\"index, follow, max-snippet:-1, max-image-preview:large, max-video-preview:-1\" \/>\n<link rel=\"canonical\" href=\"https:\/\/experienciadevida.com.ar\/portalurbano\/merkel-recibio-a-fernandez-y-ratifico-su-apoyo-en-las-negociaciones-con-el-fmi\/\" \/>\n<meta property=\"og:locale\" content=\"es_ES\" \/>\n<meta property=\"og:type\" content=\"article\" \/>\n<meta property=\"og:title\" content=\"Merkel recibi\u00f3 a Fern\u00e1ndez y ratific\u00f3 su apoyo en las negociaciones con el FMI -\" \/>\n<meta property=\"og:description\" content=\"Luego de la cita de hoy con la canciller de Alemania, el Presidente viajar\u00e1 ma\u00f1ana...\" \/>\n<meta property=\"og:url\" content=\"https:\/\/experienciadevida.com.ar\/portalurbano\/merkel-recibio-a-fernandez-y-ratifico-su-apoyo-en-las-negociaciones-con-el-fmi\/\" \/>\n<meta property=\"article:publisher\" content=\"https:\/\/www.facebook.com\/Portal-Urbano-171542830093757\/\" \/>\n<meta property=\"article:published_time\" content=\"2020-02-04T00:37:30+00:00\" \/>\n<meta property=\"article:modified_time\" content=\"2020-02-04T00:37:48+00:00\" \/>\n<meta property=\"og:image\" content=\"https:\/\/experienciadevida.com.ar\/portalurbano\/wp-content\/uploads\/2020\/02\/FMI-1.jpg\" \/>\n\t<meta property=\"og:image:width\" content=\"1140\" \/>\n\t<meta property=\"og:image:height\" content=\"759\" \/>\n\t<meta property=\"og:image:type\" content=\"image\/jpeg\" \/>\n<meta name=\"author\" content=\"admpu17wp\" \/>\n<meta name=\"twitter:card\" content=\"summary_large_image\" \/>\n<meta name=\"twitter:creator\" content=\"@portalurbanook\" \/>\n<meta name=\"twitter:site\" content=\"@portalurbanook\" \/>\n<meta name=\"twitter:label1\" content=\"Escrito por\" \/>\n\t<meta name=\"twitter:data1\" content=\"admpu17wp\" \/>\n\t<meta name=\"twitter:label2\" content=\"Tiempo de lectura\" \/>\n\t<meta name=\"twitter:data2\" content=\"4 minutos\" \/>\n<script type=\"application\/ld+json\" class=\"yoast-schema-graph\">{\"@context\":\"https:\/\/schema.org\",\"@graph\":[{\"@type\":\"Article\",\"@id\":\"https:\/\/experienciadevida.com.ar\/portalurbano\/merkel-recibio-a-fernandez-y-ratifico-su-apoyo-en-las-negociaciones-con-el-fmi\/#article\",\"isPartOf\":{\"@id\":\"https:\/\/experienciadevida.com.ar\/portalurbano\/merkel-recibio-a-fernandez-y-ratifico-su-apoyo-en-las-negociaciones-con-el-fmi\/\"},\"author\":{\"name\":\"admpu17wp\",\"@id\":\"https:\/\/experienciadevida.com.ar\/portalurbano\/#\/schema\/person\/02dd326b1c4b056e9cc972486934a3a7\"},\"headline\":\"Merkel recibi\u00f3 a Fern\u00e1ndez y ratific\u00f3 su apoyo en las negociaciones con el FMI\",\"datePublished\":\"2020-02-04T00:37:30+00:00\",\"dateModified\":\"2020-02-04T00:37:48+00:00\",\"mainEntityOfPage\":{\"@id\":\"https:\/\/experienciadevida.com.ar\/portalurbano\/merkel-recibio-a-fernandez-y-ratifico-su-apoyo-en-las-negociaciones-con-el-fmi\/\"},\"wordCount\":900,\"commentCount\":0,\"publisher\":{\"@id\":\"https:\/\/experienciadevida.com.ar\/portalurbano\/#organization\"},\"articleSection\":[\"Naci\u00f3n\"],\"inLanguage\":\"es\",\"potentialAction\":[{\"@type\":\"CommentAction\",\"name\":\"Comment\",\"target\":[\"https:\/\/experienciadevida.com.ar\/portalurbano\/merkel-recibio-a-fernandez-y-ratifico-su-apoyo-en-las-negociaciones-con-el-fmi\/#respond\"]}]},{\"@type\":\"WebPage\",\"@id\":\"https:\/\/experienciadevida.com.ar\/portalurbano\/merkel-recibio-a-fernandez-y-ratifico-su-apoyo-en-las-negociaciones-con-el-fmi\/\",\"url\":\"https:\/\/experienciadevida.com.ar\/portalurbano\/merkel-recibio-a-fernandez-y-ratifico-su-apoyo-en-las-negociaciones-con-el-fmi\/\",\"name\":\"Merkel recibi\u00f3 a Fern\u00e1ndez y ratific\u00f3 su apoyo en las negociaciones con el FMI -\",\"isPartOf\":{\"@id\":\"https:\/\/experienciadevida.com.ar\/portalurbano\/#website\"},\"datePublished\":\"2020-02-04T00:37:30+00:00\",\"dateModified\":\"2020-02-04T00:37:48+00:00\",\"breadcrumb\":{\"@id\":\"https:\/\/experienciadevida.com.ar\/portalurbano\/merkel-recibio-a-fernandez-y-ratifico-su-apoyo-en-las-negociaciones-con-el-fmi\/#breadcrumb\"},\"inLanguage\":\"es\",\"potentialAction\":[{\"@type\":\"ReadAction\",\"target\":[\"https:\/\/experienciadevida.com.ar\/portalurbano\/merkel-recibio-a-fernandez-y-ratifico-su-apoyo-en-las-negociaciones-con-el-fmi\/\"]}]},{\"@type\":\"BreadcrumbList\",\"@id\":\"https:\/\/experienciadevida.com.ar\/portalurbano\/merkel-recibio-a-fernandez-y-ratifico-su-apoyo-en-las-negociaciones-con-el-fmi\/#breadcrumb\",\"itemListElement\":[{\"@type\":\"ListItem\",\"position\":1,\"name\":\"Portada\",\"item\":\"https:\/\/experienciadevida.com.ar\/portalurbano\/\"},{\"@type\":\"ListItem\",\"position\":2,\"name\":\"Merkel recibi\u00f3 a Fern\u00e1ndez y ratific\u00f3 su apoyo en las negociaciones con el FMI\"}]},{\"@type\":\"WebSite\",\"@id\":\"https:\/\/experienciadevida.com.ar\/portalurbano\/#website\",\"url\":\"https:\/\/experienciadevida.com.ar\/portalurbano\/\",\"name\":\"\",\"description\":\"\",\"publisher\":{\"@id\":\"https:\/\/experienciadevida.com.ar\/portalurbano\/#organization\"},\"potentialAction\":[{\"@type\":\"SearchAction\",\"target\":{\"@type\":\"EntryPoint\",\"urlTemplate\":\"https:\/\/experienciadevida.com.ar\/portalurbano\/?s={search_term_string}\"},\"query-input\":\"required name=search_term_string\"}],\"inLanguage\":\"es\"},{\"@type\":\"Organization\",\"@id\":\"https:\/\/experienciadevida.com.ar\/portalurbano\/#organization\",\"name\":\"Portal Urbano\",\"url\":\"https:\/\/experienciadevida.com.ar\/portalurbano\/\",\"logo\":{\"@type\":\"ImageObject\",\"inLanguage\":\"es\",\"@id\":\"https:\/\/experienciadevida.com.ar\/portalurbano\/#\/schema\/logo\/image\/\",\"url\":\"https:\/\/experienciadevida.com.ar\/portalurbano\/wp-content\/uploads\/2019\/09\/Logo-Original.png\",\"contentUrl\":\"https:\/\/experienciadevida.com.ar\/portalurbano\/wp-content\/uploads\/2019\/09\/Logo-Original.png\",\"width\":2236,\"height\":1216,\"caption\":\"Portal Urbano\"},\"image\":{\"@id\":\"https:\/\/experienciadevida.com.ar\/portalurbano\/#\/schema\/logo\/image\/\"},\"sameAs\":[\"https:\/\/www.facebook.com\/Portal-Urbano-171542830093757\/\",\"https:\/\/twitter.com\/portalurbanook\",\"https:\/\/www.instagram.com\/_portalurbano\/\",\"https:\/\/www.youtube.com\/channel\/UCXhagIfszH8KxFiOok79zbA?view_as=subscriber\"]},{\"@type\":\"Person\",\"@id\":\"https:\/\/experienciadevida.com.ar\/portalurbano\/#\/schema\/person\/02dd326b1c4b056e9cc972486934a3a7\",\"name\":\"admpu17wp\",\"image\":{\"@type\":\"ImageObject\",\"inLanguage\":\"es\",\"@id\":\"https:\/\/experienciadevida.com.ar\/portalurbano\/#\/schema\/person\/image\/\",\"url\":\"https:\/\/secure.gravatar.com\/avatar\/830d4c57adaae6630765e449a6908047?s=96&d=mm&r=g\",\"contentUrl\":\"https:\/\/secure.gravatar.com\/avatar\/830d4c57adaae6630765e449a6908047?s=96&d=mm&r=g\",\"caption\":\"admpu17wp\"}}]}<\/script>\n<!-- \/ Yoast SEO plugin. -->","yoast_head_json":{"title":"Merkel recibi\u00f3 a Fern\u00e1ndez y ratific\u00f3 su apoyo en las negociaciones con el FMI -","robots":{"index":"index","follow":"follow","max-snippet":"max-snippet:-1","max-image-preview":"max-image-preview:large","max-video-preview":"max-video-preview:-1"},"canonical":"https:\/\/experienciadevida.com.ar\/portalurbano\/merkel-recibio-a-fernandez-y-ratifico-su-apoyo-en-las-negociaciones-con-el-fmi\/","og_locale":"es_ES","og_type":"article","og_title":"Merkel recibi\u00f3 a Fern\u00e1ndez y ratific\u00f3 su apoyo en las negociaciones con el FMI -","og_description":"Luego de la cita de hoy con la canciller de Alemania, el Presidente viajar\u00e1 ma\u00f1ana...","og_url":"https:\/\/experienciadevida.com.ar\/portalurbano\/merkel-recibio-a-fernandez-y-ratifico-su-apoyo-en-las-negociaciones-con-el-fmi\/","article_publisher":"https:\/\/www.facebook.com\/Portal-Urbano-171542830093757\/","article_published_time":"2020-02-04T00:37:30+00:00","article_modified_time":"2020-02-04T00:37:48+00:00","og_image":[{"width":1140,"height":759,"url":"https:\/\/experienciadevida.com.ar\/portalurbano\/wp-content\/uploads\/2020\/02\/FMI-1.jpg","type":"image\/jpeg"}],"author":"admpu17wp","twitter_card":"summary_large_image","twitter_creator":"@portalurbanook","twitter_site":"@portalurbanook","twitter_misc":{"Escrito por":"admpu17wp","Tiempo de lectura":"4 minutos"},"schema":{"@context":"https:\/\/schema.org","@graph":[{"@type":"Article","@id":"https:\/\/experienciadevida.com.ar\/portalurbano\/merkel-recibio-a-fernandez-y-ratifico-su-apoyo-en-las-negociaciones-con-el-fmi\/#article","isPartOf":{"@id":"https:\/\/experienciadevida.com.ar\/portalurbano\/merkel-recibio-a-fernandez-y-ratifico-su-apoyo-en-las-negociaciones-con-el-fmi\/"},"author":{"name":"admpu17wp","@id":"https:\/\/experienciadevida.com.ar\/portalurbano\/#\/schema\/person\/02dd326b1c4b056e9cc972486934a3a7"},"headline":"Merkel recibi\u00f3 a Fern\u00e1ndez y ratific\u00f3 su apoyo en las negociaciones con el FMI","datePublished":"2020-02-04T00:37:30+00:00","dateModified":"2020-02-04T00:37:48+00:00","mainEntityOfPage":{"@id":"https:\/\/experienciadevida.com.ar\/portalurbano\/merkel-recibio-a-fernandez-y-ratifico-su-apoyo-en-las-negociaciones-con-el-fmi\/"},"wordCount":900,"commentCount":0,"publisher":{"@id":"https:\/\/experienciadevida.com.ar\/portalurbano\/#organization"},"articleSection":["Naci\u00f3n"],"inLanguage":"es","potentialAction":[{"@type":"CommentAction","name":"Comment","target":["https:\/\/experienciadevida.com.ar\/portalurbano\/merkel-recibio-a-fernandez-y-ratifico-su-apoyo-en-las-negociaciones-con-el-fmi\/#respond"]}]},{"@type":"WebPage","@id":"https:\/\/experienciadevida.com.ar\/portalurbano\/merkel-recibio-a-fernandez-y-ratifico-su-apoyo-en-las-negociaciones-con-el-fmi\/","url":"https:\/\/experienciadevida.com.ar\/portalurbano\/merkel-recibio-a-fernandez-y-ratifico-su-apoyo-en-las-negociaciones-con-el-fmi\/","name":"Merkel recibi\u00f3 a Fern\u00e1ndez y ratific\u00f3 su apoyo en las negociaciones con el FMI -","isPartOf":{"@id":"https:\/\/experienciadevida.com.ar\/portalurbano\/#website"},"datePublished":"2020-02-04T00:37:30+00:00","dateModified":"2020-02-04T00:37:48+00:00","breadcrumb":{"@id":"https:\/\/experienciadevida.com.ar\/portalurbano\/merkel-recibio-a-fernandez-y-ratifico-su-apoyo-en-las-negociaciones-con-el-fmi\/#breadcrumb"},"inLanguage":"es","potentialAction":[{"@type":"ReadAction","target":["https:\/\/experienciadevida.com.ar\/portalurbano\/merkel-recibio-a-fernandez-y-ratifico-su-apoyo-en-las-negociaciones-con-el-fmi\/"]}]},{"@type":"BreadcrumbList","@id":"https:\/\/experienciadevida.com.ar\/portalurbano\/merkel-recibio-a-fernandez-y-ratifico-su-apoyo-en-las-negociaciones-con-el-fmi\/#breadcrumb","itemListElement":[{"@type":"ListItem","position":1,"name":"Portada","item":"https:\/\/experienciadevida.com.ar\/portalurbano\/"},{"@type":"ListItem","position":2,"name":"Merkel recibi\u00f3 a Fern\u00e1ndez y ratific\u00f3 su apoyo en las negociaciones con el FMI"}]},{"@type":"WebSite","@id":"https:\/\/experienciadevida.com.ar\/portalurbano\/#website","url":"https:\/\/experienciadevida.com.ar\/portalurbano\/","name":"","description":"","publisher":{"@id":"https:\/\/experienciadevida.com.ar\/portalurbano\/#organization"},"potentialAction":[{"@type":"SearchAction","target":{"@type":"EntryPoint","urlTemplate":"https:\/\/experienciadevida.com.ar\/portalurbano\/?s={search_term_string}"},"query-input":"required name=search_term_string"}],"inLanguage":"es"},{"@type":"Organization","@id":"https:\/\/experienciadevida.com.ar\/portalurbano\/#organization","name":"Portal Urbano","url":"https:\/\/experienciadevida.com.ar\/portalurbano\/","logo":{"@type":"ImageObject","inLanguage":"es","@id":"https:\/\/experienciadevida.com.ar\/portalurbano\/#\/schema\/logo\/image\/","url":"https:\/\/experienciadevida.com.ar\/portalurbano\/wp-content\/uploads\/2019\/09\/Logo-Original.png","contentUrl":"https:\/\/experienciadevida.com.ar\/portalurbano\/wp-content\/uploads\/2019\/09\/Logo-Original.png","width":2236,"height":1216,"caption":"Portal Urbano"},"image":{"@id":"https:\/\/experienciadevida.com.ar\/portalurbano\/#\/schema\/logo\/image\/"},"sameAs":["https:\/\/www.facebook.com\/Portal-Urbano-171542830093757\/","https:\/\/twitter.com\/portalurbanook","https:\/\/www.instagram.com\/_portalurbano\/","https:\/\/www.youtube.com\/channel\/UCXhagIfszH8KxFiOok79zbA?view_as=subscriber"]},{"@type":"Person","@id":"https:\/\/experienciadevida.com.ar\/portalurbano\/#\/schema\/person\/02dd326b1c4b056e9cc972486934a3a7","name":"admpu17wp","image":{"@type":"ImageObject","inLanguage":"es","@id":"https:\/\/experienciadevida.com.ar\/portalurbano\/#\/schema\/person\/image\/","url":"https:\/\/secure.gravatar.com\/avatar\/830d4c57adaae6630765e449a6908047?s=96&d=mm&r=g","contentUrl":"https:\/\/secure.gravatar.com\/avatar\/830d4c57adaae6630765e449a6908047?s=96&d=mm&r=g","caption":"admpu17wp"}}]}},"featured_image_urls":{"full":["https:\/\/experienciadevida.com.ar\/portalurbano\/wp-content\/uploads\/2020\/02\/FMI-1.jpg",1140,759,false],"thumbnail":["https:\/\/experienciadevida.com.ar\/portalurbano\/wp-content\/uploads\/2020\/02\/FMI-1-150x150.jpg",150,150,true],"medium":["https:\/\/experienciadevida.com.ar\/portalurbano\/wp-content\/uploads\/2020\/02\/FMI-1-300x200.jpg",300,200,true],"medium_large":["https:\/\/experienciadevida.com.ar\/portalurbano\/wp-content\/uploads\/2020\/02\/FMI-1-768x511.jpg",640,426,true],"large":["https:\/\/experienciadevida.com.ar\/portalurbano\/wp-content\/uploads\/2020\/02\/FMI-1-1024x682.jpg",640,426,true],"ug_big":["https:\/\/experienciadevida.com.ar\/portalurbano\/wp-content\/uploads\/2020\/02\/FMI-1-768x511.jpg",768,511,true],"1536x1536":["https:\/\/experienciadevida.com.ar\/portalurbano\/wp-content\/uploads\/2020\/02\/FMI-1.jpg",1140,759,false],"2048x2048":["https:\/\/experienciadevida.com.ar\/portalurbano\/wp-content\/uploads\/2020\/02\/FMI-1.jpg",1140,759,false],"newsever-slider-full":["https:\/\/experienciadevida.com.ar\/portalurbano\/wp-content\/uploads\/2020\/02\/FMI-1.jpg",1140,759,false],"newsever-featured":["https:\/\/experienciadevida.com.ar\/portalurbano\/wp-content\/uploads\/2020\/02\/FMI-1.jpg",1024,682,false],"newsever-medium":["https:\/\/experienciadevida.com.ar\/portalurbano\/wp-content\/uploads\/2020\/02\/FMI-1.jpg",713,475,false],"web-stories-poster-portrait":["https:\/\/experienciadevida.com.ar\/portalurbano\/wp-content\/uploads\/2020\/02\/FMI-1.jpg",640,426,false],"web-stories-publisher-logo":["https:\/\/experienciadevida.com.ar\/portalurbano\/wp-content\/uploads\/2020\/02\/FMI-1.jpg",96,64,false],"web-stories-thumbnail":["https:\/\/experienciadevida.com.ar\/portalurbano\/wp-content\/uploads\/2020\/02\/FMI-1.jpg",150,100,false]},"author_info":{"display_name":"admpu17wp","author_link":"https:\/\/experienciadevida.com.ar\/portalurbano\/author\/admpu17wp\/"},"category_info":"<a href=\"https:\/\/experienciadevida.com.ar\/portalurbano\/category\/nacion\/\" rel=\"category tag\">Naci\u00f3n<\/a>","tag_info":"Naci\u00f3n","comment_count":"0","amp_enabled":true,"_links":{"self":[{"href":"https:\/\/experienciadevida.com.ar\/portalurbano\/wp-json\/wp\/v2\/posts\/100699"}],"collection":[{"href":"https:\/\/experienciadevida.com.ar\/portalurbano\/wp-json\/wp\/v2\/posts"}],"about":[{"href":"https:\/\/experienciadevida.com.ar\/portalurbano\/wp-json\/wp\/v2\/types\/post"}],"author":[{"embeddable":true,"href":"https:\/\/experienciadevida.com.ar\/portalurbano\/wp-json\/wp\/v2\/users\/1"}],"replies":[{"embeddable":true,"href":"https:\/\/experienciadevida.com.ar\/portalurbano\/wp-json\/wp\/v2\/comments?post=100699"}],"version-history":[{"count":1,"href":"https:\/\/experienciadevida.com.ar\/portalurbano\/wp-json\/wp\/v2\/posts\/100699\/revisions"}],"predecessor-version":[{"id":100701,"href":"https:\/\/experienciadevida.com.ar\/portalurbano\/wp-json\/wp\/v2\/posts\/100699\/revisions\/100701"}],"wp:featuredmedia":[{"embeddable":true,"href":"https:\/\/experienciadevida.com.ar\/portalurbano\/wp-json\/wp\/v2\/media\/100700"}],"wp:attachment":[{"href":"https:\/\/experienciadevida.com.ar\/portalurbano\/wp-json\/wp\/v2\/media?parent=100699"}],"wp:term":[{"taxonomy":"category","embeddable":true,"href":"https:\/\/experienciadevida.com.ar\/portalurbano\/wp-json\/wp\/v2\/categories?post=100699"},{"taxonomy":"post_tag","embeddable":true,"href":"https:\/\/experienciadevida.com.ar\/portalurbano\/wp-json\/wp\/v2\/tags?post=100699"}],"curies":[{"name":"wp","href":"https:\/\/api.w.org\/{rel}","templated":true}]}}