{"id":100453,"date":"2020-01-30T13:31:09","date_gmt":"2020-01-30T16:31:09","guid":{"rendered":"https:\/\/experienciadevida.com.ar\/portalurbano\/?p=100453"},"modified":"2020-01-30T13:31:27","modified_gmt":"2020-01-30T16:31:27","slug":"se-formalizo-el-acceso-a-pensiones-no-contributivas-a-personas-con-discapacidad","status":"publish","type":"post","link":"https:\/\/experienciadevida.com.ar\/portalurbano\/se-formalizo-el-acceso-a-pensiones-no-contributivas-a-personas-con-discapacidad\/","title":{"rendered":"Se formaliz\u00f3 el acceso a pensiones no contributivas a personas con discapacidad"},"content":{"rendered":"<p class=\"interiorCopete\">En el Bolel\u00edn Oficial se argument\u00f3 que diversos obst\u00e1culos exigen que sea m\u00e1s sencilla la obtenci\u00f3n del Certificado M\u00e9dico Oficial Digital.<\/p>\n<p>El gobierno nacional formaliz\u00f3 este jueves las\u00a0facilidades de acceso de pensiones no contributivas a personas con discapacidad, y, como consecuencia, anul\u00f3 resoluciones y disposiciones que hab\u00eda implementado la gesti\u00f3n de Mauricio Macri.<\/p>\n<p>La resoluci\u00f3n 8\/2020 de la Agencia Nacional de Discapacidad publicada en el Bolet\u00edn Oficial establece nuevas medidas para la\u00a0obtenci\u00f3n del Certificado M\u00e9dico Oficial Digital (CMO), requisito obligatorio para la obtenci\u00f3n de pensiones desde la implementaci\u00f3n de la resoluci\u00f3n 44\/2019 del gobierno de Mauricio Macri.<\/p>\n<p>Entre los considerandos publicados en la nueva resoluci\u00f3n se destaca que &#8220;el estado de necesidad manifiesta y la especial vulnerabilidad&#8221; de los beneficiarios &#8220;exigen urgentes medidas que optimicen la aplicaci\u00f3n de los recursos de la Agencia Nacional de Discapacidad y permitan restablecer las prestaciones esenciales&#8221;.<\/p>\n<p>En ese marco, se advierte adem\u00e1s que &#8220;el d\u00e9ficit en el sistema sanitario, la diversidad geogr\u00e1fica y los problemas en la conexi\u00f3n a internet, se erigen como los principales obst\u00e1culos para poder lograr la tramitaci\u00f3n del CMO Digital&#8221;.<\/p>\n<p>&#8220;El sistema inform\u00e1tico no es apto para la totalidad de las personas beneficiarias, ya sea porque no cuentan con recursos, conexi\u00f3n a internet, traslado para poder llegar a cumplir con este requisito, entre otros, situaci\u00f3n que se ve agravada por el desborde actual de los establecimientos sanitarios oficiales&#8221;, se a\u00f1ade.<\/p>\n<p>Por lo tanto, se instruye a &#8220;posibilitar la obtenci\u00f3n del Certificado M\u00e9dico Oficial (CMO) por otras v\u00edas que no sean exclusivamente las digitales&#8221;.<\/p>\n<p>Tambi\u00e9n &#8220;se garantizar\u00e1 el inicio del tr\u00e1mite correspondiente, a trav\u00e9s de las Unidades de Atenci\u00f3n Integral (UDAI) de la Administraci\u00f3n Nacional de la Seguridad Social (ANSES)&#8221;, agrega la nueva normativa.<\/p>\n<p>Indica tambi\u00e9n que se proceder\u00e1 a realizar un urgente relevamiento de los convenios de adhesi\u00f3n suscriptos con las provincias y la Ciudad Aut\u00f3noma de Buenos Aires, en el marco del Programa Federal de Salud Incluir Salud, vencidos el 31 de diciembre pasado.<\/p>\n<p>Esta decisi\u00f3n se tom\u00f3 a los efectos de prorrogarlos hasta el 29 de febrero pr\u00f3ximo, y adem\u00e1s, de dispone &#8220;evaluar la suscripci\u00f3n de nuevos acuerdos que contemplen la necesidad de un circuito administrativo que permita el contralor de laProvincias y de la Ciudad Aut\u00f3noma de Buenos Aires sobre las prestaciones&#8221;\u00a0y el &#8220;el pago directo&#8221; a los prestadores en todo el pa\u00eds.<\/p>\n<article id=\"article-post\">\n<div class=\"cuerpo\" data-twitter-link=\"https:\/\/twitter.com\/intent\/tweet?url=https:\/\/www.diariopopular.com.ar\/\/c455772&amp;via=poopulardiario&amp;related=Diario Popular&amp;text=\">\n<p>Adem\u00e1s, se deja sin efecto la resoluci\u00f3n N\u00b0 76 de fecha 27 de febrero de 2019 de la Agencia que establec\u00eda pautas para el otorgamiento de las pensiones basadas en la determinaci\u00f3n del estado socio-econ\u00f3mico y de vulnerabilidad de las peticiones.<\/p>\n<\/div>\n<\/article>\n<div class=\"object-important-people\"><\/div>\n<div id=\"div-gpt-ad-nota-825419\" class=\"banner-90\" data-mapping=\"mapping9\" data-google-query-id=\"CO2HpZneq-cCFY8GuQYdf3QLEQ\"><\/div>\n<div id=\"div-gpt-ad-nota-388077\" class=\"banner-90\" data-mapping=\"mapping9\" data-google-query-id=\"CJOMo5neq-cCFY8GuQYdf3QLEQ\"><\/div>\n","protected":false},"excerpt":{"rendered":"<p>En el Bolel\u00edn Oficial se argument\u00f3 que diversos obst\u00e1culos exigen que sea m\u00e1s sencilla la&#8230;<\/p>\n","protected":false},"author":1,"featured_media":100454,"comment_status":"open","ping_status":"open","sticky":false,"template":"","format":"standard","meta":{"content-type":""},"categories":[39],"tags":[],"nelio_content":{"isAutoShareEnabled":false,"autoShareEndMode":"default","automationSources":{"useContentSentences":true,"useSocialTemplates":true,"useCustomSentences":false,"customSentences":[]},"followers":[1],"suggestedReferences":[],"includedReferences":[],"efiUrl":"","efiAlt":"","highlights":[]},"yoast_head":"<!-- This site is optimized with the Yoast SEO plugin v20.7 - https:\/\/yoast.com\/wordpress\/plugins\/seo\/ -->\n<title>Se formaliz\u00f3 el acceso a pensiones no contributivas a personas con discapacidad -<\/title>\n<meta name=\"robots\" content=\"index, follow, max-snippet:-1, max-image-preview:large, max-video-preview:-1\" \/>\n<link rel=\"canonical\" href=\"https:\/\/experienciadevida.com.ar\/portalurbano\/se-formalizo-el-acceso-a-pensiones-no-contributivas-a-personas-con-discapacidad\/\" \/>\n<meta property=\"og:locale\" content=\"es_ES\" \/>\n<meta property=\"og:type\" content=\"article\" \/>\n<meta property=\"og:title\" content=\"Se formaliz\u00f3 el acceso a pensiones no contributivas a personas con discapacidad -\" \/>\n<meta property=\"og:description\" content=\"En el Bolel\u00edn Oficial se argument\u00f3 que diversos obst\u00e1culos exigen que sea m\u00e1s sencilla la...\" \/>\n<meta property=\"og:url\" content=\"https:\/\/experienciadevida.com.ar\/portalurbano\/se-formalizo-el-acceso-a-pensiones-no-contributivas-a-personas-con-discapacidad\/\" \/>\n<meta property=\"article:publisher\" content=\"https:\/\/www.facebook.com\/Portal-Urbano-171542830093757\/\" \/>\n<meta property=\"article:published_time\" content=\"2020-01-30T16:31:09+00:00\" \/>\n<meta property=\"article:modified_time\" content=\"2020-01-30T16:31:27+00:00\" \/>\n<meta property=\"og:image\" content=\"https:\/\/experienciadevida.com.ar\/portalurbano\/wp-content\/uploads\/2020\/01\/DISCAPACIDAD.jpg\" \/>\n\t<meta property=\"og:image:width\" content=\"1140\" \/>\n\t<meta property=\"og:image:height\" content=\"696\" \/>\n\t<meta property=\"og:image:type\" content=\"image\/jpeg\" \/>\n<meta name=\"author\" content=\"admpu17wp\" \/>\n<meta name=\"twitter:card\" content=\"summary_large_image\" \/>\n<meta name=\"twitter:creator\" content=\"@portalurbanook\" \/>\n<meta name=\"twitter:site\" content=\"@portalurbanook\" \/>\n<meta name=\"twitter:label1\" content=\"Escrito por\" \/>\n\t<meta name=\"twitter:data1\" content=\"admpu17wp\" \/>\n\t<meta name=\"twitter:label2\" content=\"Tiempo de lectura\" \/>\n\t<meta name=\"twitter:data2\" content=\"2 minutos\" \/>\n<script type=\"application\/ld+json\" class=\"yoast-schema-graph\">{\"@context\":\"https:\/\/schema.org\",\"@graph\":[{\"@type\":\"Article\",\"@id\":\"https:\/\/experienciadevida.com.ar\/portalurbano\/se-formalizo-el-acceso-a-pensiones-no-contributivas-a-personas-con-discapacidad\/#article\",\"isPartOf\":{\"@id\":\"https:\/\/experienciadevida.com.ar\/portalurbano\/se-formalizo-el-acceso-a-pensiones-no-contributivas-a-personas-con-discapacidad\/\"},\"author\":{\"name\":\"admpu17wp\",\"@id\":\"https:\/\/experienciadevida.com.ar\/portalurbano\/#\/schema\/person\/02dd326b1c4b056e9cc972486934a3a7\"},\"headline\":\"Se formaliz\u00f3 el acceso a pensiones no contributivas a personas con discapacidad\",\"datePublished\":\"2020-01-30T16:31:09+00:00\",\"dateModified\":\"2020-01-30T16:31:27+00:00\",\"mainEntityOfPage\":{\"@id\":\"https:\/\/experienciadevida.com.ar\/portalurbano\/se-formalizo-el-acceso-a-pensiones-no-contributivas-a-personas-con-discapacidad\/\"},\"wordCount\":483,\"commentCount\":0,\"publisher\":{\"@id\":\"https:\/\/experienciadevida.com.ar\/portalurbano\/#organization\"},\"articleSection\":[\"Naci\u00f3n\"],\"inLanguage\":\"es\",\"potentialAction\":[{\"@type\":\"CommentAction\",\"name\":\"Comment\",\"target\":[\"https:\/\/experienciadevida.com.ar\/portalurbano\/se-formalizo-el-acceso-a-pensiones-no-contributivas-a-personas-con-discapacidad\/#respond\"]}]},{\"@type\":\"WebPage\",\"@id\":\"https:\/\/experienciadevida.com.ar\/portalurbano\/se-formalizo-el-acceso-a-pensiones-no-contributivas-a-personas-con-discapacidad\/\",\"url\":\"https:\/\/experienciadevida.com.ar\/portalurbano\/se-formalizo-el-acceso-a-pensiones-no-contributivas-a-personas-con-discapacidad\/\",\"name\":\"Se formaliz\u00f3 el acceso a pensiones no contributivas a personas con discapacidad -\",\"isPartOf\":{\"@id\":\"https:\/\/experienciadevida.com.ar\/portalurbano\/#website\"},\"datePublished\":\"2020-01-30T16:31:09+00:00\",\"dateModified\":\"2020-01-30T16:31:27+00:00\",\"breadcrumb\":{\"@id\":\"https:\/\/experienciadevida.com.ar\/portalurbano\/se-formalizo-el-acceso-a-pensiones-no-contributivas-a-personas-con-discapacidad\/#breadcrumb\"},\"inLanguage\":\"es\",\"potentialAction\":[{\"@type\":\"ReadAction\",\"target\":[\"https:\/\/experienciadevida.com.ar\/portalurbano\/se-formalizo-el-acceso-a-pensiones-no-contributivas-a-personas-con-discapacidad\/\"]}]},{\"@type\":\"BreadcrumbList\",\"@id\":\"https:\/\/experienciadevida.com.ar\/portalurbano\/se-formalizo-el-acceso-a-pensiones-no-contributivas-a-personas-con-discapacidad\/#breadcrumb\",\"itemListElement\":[{\"@type\":\"ListItem\",\"position\":1,\"name\":\"Portada\",\"item\":\"https:\/\/experienciadevida.com.ar\/portalurbano\/\"},{\"@type\":\"ListItem\",\"position\":2,\"name\":\"Se formaliz\u00f3 el acceso a pensiones no contributivas a personas con discapacidad\"}]},{\"@type\":\"WebSite\",\"@id\":\"https:\/\/experienciadevida.com.ar\/portalurbano\/#website\",\"url\":\"https:\/\/experienciadevida.com.ar\/portalurbano\/\",\"name\":\"\",\"description\":\"\",\"publisher\":{\"@id\":\"https:\/\/experienciadevida.com.ar\/portalurbano\/#organization\"},\"potentialAction\":[{\"@type\":\"SearchAction\",\"target\":{\"@type\":\"EntryPoint\",\"urlTemplate\":\"https:\/\/experienciadevida.com.ar\/portalurbano\/?s={search_term_string}\"},\"query-input\":\"required name=search_term_string\"}],\"inLanguage\":\"es\"},{\"@type\":\"Organization\",\"@id\":\"https:\/\/experienciadevida.com.ar\/portalurbano\/#organization\",\"name\":\"Portal Urbano\",\"url\":\"https:\/\/experienciadevida.com.ar\/portalurbano\/\",\"logo\":{\"@type\":\"ImageObject\",\"inLanguage\":\"es\",\"@id\":\"https:\/\/experienciadevida.com.ar\/portalurbano\/#\/schema\/logo\/image\/\",\"url\":\"https:\/\/experienciadevida.com.ar\/portalurbano\/wp-content\/uploads\/2019\/09\/Logo-Original.png\",\"contentUrl\":\"https:\/\/experienciadevida.com.ar\/portalurbano\/wp-content\/uploads\/2019\/09\/Logo-Original.png\",\"width\":2236,\"height\":1216,\"caption\":\"Portal Urbano\"},\"image\":{\"@id\":\"https:\/\/experienciadevida.com.ar\/portalurbano\/#\/schema\/logo\/image\/\"},\"sameAs\":[\"https:\/\/www.facebook.com\/Portal-Urbano-171542830093757\/\",\"https:\/\/twitter.com\/portalurbanook\",\"https:\/\/www.instagram.com\/_portalurbano\/\",\"https:\/\/www.youtube.com\/channel\/UCXhagIfszH8KxFiOok79zbA?view_as=subscriber\"]},{\"@type\":\"Person\",\"@id\":\"https:\/\/experienciadevida.com.ar\/portalurbano\/#\/schema\/person\/02dd326b1c4b056e9cc972486934a3a7\",\"name\":\"admpu17wp\",\"image\":{\"@type\":\"ImageObject\",\"inLanguage\":\"es\",\"@id\":\"https:\/\/experienciadevida.com.ar\/portalurbano\/#\/schema\/person\/image\/\",\"url\":\"https:\/\/secure.gravatar.com\/avatar\/830d4c57adaae6630765e449a6908047?s=96&d=mm&r=g\",\"contentUrl\":\"https:\/\/secure.gravatar.com\/avatar\/830d4c57adaae6630765e449a6908047?s=96&d=mm&r=g\",\"caption\":\"admpu17wp\"}}]}<\/script>\n<!-- \/ Yoast SEO plugin. -->","yoast_head_json":{"title":"Se formaliz\u00f3 el acceso a pensiones no contributivas a personas con discapacidad -","robots":{"index":"index","follow":"follow","max-snippet":"max-snippet:-1","max-image-preview":"max-image-preview:large","max-video-preview":"max-video-preview:-1"},"canonical":"https:\/\/experienciadevida.com.ar\/portalurbano\/se-formalizo-el-acceso-a-pensiones-no-contributivas-a-personas-con-discapacidad\/","og_locale":"es_ES","og_type":"article","og_title":"Se formaliz\u00f3 el acceso a pensiones no contributivas a personas con discapacidad -","og_description":"En el Bolel\u00edn Oficial se argument\u00f3 que diversos obst\u00e1culos exigen que sea m\u00e1s sencilla la...","og_url":"https:\/\/experienciadevida.com.ar\/portalurbano\/se-formalizo-el-acceso-a-pensiones-no-contributivas-a-personas-con-discapacidad\/","article_publisher":"https:\/\/www.facebook.com\/Portal-Urbano-171542830093757\/","article_published_time":"2020-01-30T16:31:09+00:00","article_modified_time":"2020-01-30T16:31:27+00:00","og_image":[{"width":1140,"height":696,"url":"https:\/\/experienciadevida.com.ar\/portalurbano\/wp-content\/uploads\/2020\/01\/DISCAPACIDAD.jpg","type":"image\/jpeg"}],"author":"admpu17wp","twitter_card":"summary_large_image","twitter_creator":"@portalurbanook","twitter_site":"@portalurbanook","twitter_misc":{"Escrito por":"admpu17wp","Tiempo de lectura":"2 minutos"},"schema":{"@context":"https:\/\/schema.org","@graph":[{"@type":"Article","@id":"https:\/\/experienciadevida.com.ar\/portalurbano\/se-formalizo-el-acceso-a-pensiones-no-contributivas-a-personas-con-discapacidad\/#article","isPartOf":{"@id":"https:\/\/experienciadevida.com.ar\/portalurbano\/se-formalizo-el-acceso-a-pensiones-no-contributivas-a-personas-con-discapacidad\/"},"author":{"name":"admpu17wp","@id":"https:\/\/experienciadevida.com.ar\/portalurbano\/#\/schema\/person\/02dd326b1c4b056e9cc972486934a3a7"},"headline":"Se formaliz\u00f3 el acceso a pensiones no contributivas a personas con discapacidad","datePublished":"2020-01-30T16:31:09+00:00","dateModified":"2020-01-30T16:31:27+00:00","mainEntityOfPage":{"@id":"https:\/\/experienciadevida.com.ar\/portalurbano\/se-formalizo-el-acceso-a-pensiones-no-contributivas-a-personas-con-discapacidad\/"},"wordCount":483,"commentCount":0,"publisher":{"@id":"https:\/\/experienciadevida.com.ar\/portalurbano\/#organization"},"articleSection":["Naci\u00f3n"],"inLanguage":"es","potentialAction":[{"@type":"CommentAction","name":"Comment","target":["https:\/\/experienciadevida.com.ar\/portalurbano\/se-formalizo-el-acceso-a-pensiones-no-contributivas-a-personas-con-discapacidad\/#respond"]}]},{"@type":"WebPage","@id":"https:\/\/experienciadevida.com.ar\/portalurbano\/se-formalizo-el-acceso-a-pensiones-no-contributivas-a-personas-con-discapacidad\/","url":"https:\/\/experienciadevida.com.ar\/portalurbano\/se-formalizo-el-acceso-a-pensiones-no-contributivas-a-personas-con-discapacidad\/","name":"Se formaliz\u00f3 el acceso a pensiones no contributivas a personas con discapacidad -","isPartOf":{"@id":"https:\/\/experienciadevida.com.ar\/portalurbano\/#website"},"datePublished":"2020-01-30T16:31:09+00:00","dateModified":"2020-01-30T16:31:27+00:00","breadcrumb":{"@id":"https:\/\/experienciadevida.com.ar\/portalurbano\/se-formalizo-el-acceso-a-pensiones-no-contributivas-a-personas-con-discapacidad\/#breadcrumb"},"inLanguage":"es","potentialAction":[{"@type":"ReadAction","target":["https:\/\/experienciadevida.com.ar\/portalurbano\/se-formalizo-el-acceso-a-pensiones-no-contributivas-a-personas-con-discapacidad\/"]}]},{"@type":"BreadcrumbList","@id":"https:\/\/experienciadevida.com.ar\/portalurbano\/se-formalizo-el-acceso-a-pensiones-no-contributivas-a-personas-con-discapacidad\/#breadcrumb","itemListElement":[{"@type":"ListItem","position":1,"name":"Portada","item":"https:\/\/experienciadevida.com.ar\/portalurbano\/"},{"@type":"ListItem","position":2,"name":"Se formaliz\u00f3 el acceso a pensiones no contributivas a personas con discapacidad"}]},{"@type":"WebSite","@id":"https:\/\/experienciadevida.com.ar\/portalurbano\/#website","url":"https:\/\/experienciadevida.com.ar\/portalurbano\/","name":"","description":"","publisher":{"@id":"https:\/\/experienciadevida.com.ar\/portalurbano\/#organization"},"potentialAction":[{"@type":"SearchAction","target":{"@type":"EntryPoint","urlTemplate":"https:\/\/experienciadevida.com.ar\/portalurbano\/?s={search_term_string}"},"query-input":"required name=search_term_string"}],"inLanguage":"es"},{"@type":"Organization","@id":"https:\/\/experienciadevida.com.ar\/portalurbano\/#organization","name":"Portal Urbano","url":"https:\/\/experienciadevida.com.ar\/portalurbano\/","logo":{"@type":"ImageObject","inLanguage":"es","@id":"https:\/\/experienciadevida.com.ar\/portalurbano\/#\/schema\/logo\/image\/","url":"https:\/\/experienciadevida.com.ar\/portalurbano\/wp-content\/uploads\/2019\/09\/Logo-Original.png","contentUrl":"https:\/\/experienciadevida.com.ar\/portalurbano\/wp-content\/uploads\/2019\/09\/Logo-Original.png","width":2236,"height":1216,"caption":"Portal Urbano"},"image":{"@id":"https:\/\/experienciadevida.com.ar\/portalurbano\/#\/schema\/logo\/image\/"},"sameAs":["https:\/\/www.facebook.com\/Portal-Urbano-171542830093757\/","https:\/\/twitter.com\/portalurbanook","https:\/\/www.instagram.com\/_portalurbano\/","https:\/\/www.youtube.com\/channel\/UCXhagIfszH8KxFiOok79zbA?view_as=subscriber"]},{"@type":"Person","@id":"https:\/\/experienciadevida.com.ar\/portalurbano\/#\/schema\/person\/02dd326b1c4b056e9cc972486934a3a7","name":"admpu17wp","image":{"@type":"ImageObject","inLanguage":"es","@id":"https:\/\/experienciadevida.com.ar\/portalurbano\/#\/schema\/person\/image\/","url":"https:\/\/secure.gravatar.com\/avatar\/830d4c57adaae6630765e449a6908047?s=96&d=mm&r=g","contentUrl":"https:\/\/secure.gravatar.com\/avatar\/830d4c57adaae6630765e449a6908047?s=96&d=mm&r=g","caption":"admpu17wp"}}]}},"featured_image_urls":{"full":["https:\/\/experienciadevida.com.ar\/portalurbano\/wp-content\/uploads\/2020\/01\/DISCAPACIDAD.jpg",1140,696,false],"thumbnail":["https:\/\/experienciadevida.com.ar\/portalurbano\/wp-content\/uploads\/2020\/01\/DISCAPACIDAD-150x150.jpg",150,150,true],"medium":["https:\/\/experienciadevida.com.ar\/portalurbano\/wp-content\/uploads\/2020\/01\/DISCAPACIDAD-300x183.jpg",300,183,true],"medium_large":["https:\/\/experienciadevida.com.ar\/portalurbano\/wp-content\/uploads\/2020\/01\/DISCAPACIDAD-768x469.jpg",640,391,true],"large":["https:\/\/experienciadevida.com.ar\/portalurbano\/wp-content\/uploads\/2020\/01\/DISCAPACIDAD-1024x625.jpg",640,391,true],"ug_big":["https:\/\/experienciadevida.com.ar\/portalurbano\/wp-content\/uploads\/2020\/01\/DISCAPACIDAD-768x469.jpg",768,469,true],"1536x1536":["https:\/\/experienciadevida.com.ar\/portalurbano\/wp-content\/uploads\/2020\/01\/DISCAPACIDAD.jpg",1140,696,false],"2048x2048":["https:\/\/experienciadevida.com.ar\/portalurbano\/wp-content\/uploads\/2020\/01\/DISCAPACIDAD.jpg",1140,696,false],"newsever-slider-full":["https:\/\/experienciadevida.com.ar\/portalurbano\/wp-content\/uploads\/2020\/01\/DISCAPACIDAD.jpg",1140,696,false],"newsever-featured":["https:\/\/experienciadevida.com.ar\/portalurbano\/wp-content\/uploads\/2020\/01\/DISCAPACIDAD.jpg",1024,625,false],"newsever-medium":["https:\/\/experienciadevida.com.ar\/portalurbano\/wp-content\/uploads\/2020\/01\/DISCAPACIDAD.jpg",720,440,false],"web-stories-poster-portrait":["https:\/\/experienciadevida.com.ar\/portalurbano\/wp-content\/uploads\/2020\/01\/DISCAPACIDAD.jpg",640,391,false],"web-stories-publisher-logo":["https:\/\/experienciadevida.com.ar\/portalurbano\/wp-content\/uploads\/2020\/01\/DISCAPACIDAD.jpg",96,59,false],"web-stories-thumbnail":["https:\/\/experienciadevida.com.ar\/portalurbano\/wp-content\/uploads\/2020\/01\/DISCAPACIDAD.jpg",150,92,false]},"author_info":{"display_name":"admpu17wp","author_link":"https:\/\/experienciadevida.com.ar\/portalurbano\/author\/admpu17wp\/"},"category_info":"<a href=\"https:\/\/experienciadevida.com.ar\/portalurbano\/category\/nacion\/\" rel=\"category tag\">Naci\u00f3n<\/a>","tag_info":"Naci\u00f3n","comment_count":"0","amp_enabled":true,"_links":{"self":[{"href":"https:\/\/experienciadevida.com.ar\/portalurbano\/wp-json\/wp\/v2\/posts\/100453"}],"collection":[{"href":"https:\/\/experienciadevida.com.ar\/portalurbano\/wp-json\/wp\/v2\/posts"}],"about":[{"href":"https:\/\/experienciadevida.com.ar\/portalurbano\/wp-json\/wp\/v2\/types\/post"}],"author":[{"embeddable":true,"href":"https:\/\/experienciadevida.com.ar\/portalurbano\/wp-json\/wp\/v2\/users\/1"}],"replies":[{"embeddable":true,"href":"https:\/\/experienciadevida.com.ar\/portalurbano\/wp-json\/wp\/v2\/comments?post=100453"}],"version-history":[{"count":1,"href":"https:\/\/experienciadevida.com.ar\/portalurbano\/wp-json\/wp\/v2\/posts\/100453\/revisions"}],"predecessor-version":[{"id":100455,"href":"https:\/\/experienciadevida.com.ar\/portalurbano\/wp-json\/wp\/v2\/posts\/100453\/revisions\/100455"}],"wp:featuredmedia":[{"embeddable":true,"href":"https:\/\/experienciadevida.com.ar\/portalurbano\/wp-json\/wp\/v2\/media\/100454"}],"wp:attachment":[{"href":"https:\/\/experienciadevida.com.ar\/portalurbano\/wp-json\/wp\/v2\/media?parent=100453"}],"wp:term":[{"taxonomy":"category","embeddable":true,"href":"https:\/\/experienciadevida.com.ar\/portalurbano\/wp-json\/wp\/v2\/categories?post=100453"},{"taxonomy":"post_tag","embeddable":true,"href":"https:\/\/experienciadevida.com.ar\/portalurbano\/wp-json\/wp\/v2\/tags?post=100453"}],"curies":[{"name":"wp","href":"https:\/\/api.w.org\/{rel}","templated":true}]}}