{"id":100244,"date":"2020-01-28T14:35:37","date_gmt":"2020-01-28T17:35:37","guid":{"rendered":"https:\/\/experienciadevida.com.ar\/portalurbano\/?p=100244"},"modified":"2020-01-28T14:35:54","modified_gmt":"2020-01-28T17:35:54","slug":"mauricio-macri-fue-nombrado-presidente-ejecutivo-de-la-fundacion-fifa","status":"publish","type":"post","link":"https:\/\/experienciadevida.com.ar\/portalurbano\/mauricio-macri-fue-nombrado-presidente-ejecutivo-de-la-fundacion-fifa\/","title":{"rendered":"Mauricio Macri fue nombrado presidente ejecutivo de la Fundaci\u00f3n FIFA"},"content":{"rendered":"<p class=\"interiorCopete\">El ex presidente argentino fue elegido como nuevo l\u00edder de la Fundaci\u00f3n FIFA, un ente que se cre\u00f3 en 2018 con el fin de generar acciones ben\u00e9ficas.<\/p>\n<p>Mauricio Macri fue nombrado como Presidente ejecutivo de la fundaci\u00f3n FIFA, un organismo que se cre\u00f3 en 2018 para generar acciones ben\u00e9ficas alrededor del mundo.<\/p>\n<p>El ex mandatario de la Rep\u00fablica Argentina estar\u00e1 a cargo, entonces, de este ente que naci\u00f3 como una &#8220;<em>entidad independiente&#8221;<\/em> respaldada por la FIFA.<\/p>\n<p><em>&#8220;Es un grand\u00edsimo placer y todo un honor poder anunciar que Mauricio Macri asumir\u00e1 este cargo al frente de la Fundaci\u00f3n FIFA\u201d<\/em>, inform\u00f3 el presidente de la Federaci\u00f3n Internacional de F\u00fatbol Asociado (FIFA), el suizo Gianni Infantino.<\/p>\n<p>El mandam\u00e1s de la entidad destac\u00f3 que el ex jefe de Estado \u201c<em>tiene el perfil ideal para liderar este proyecto, que quiere poner el f\u00fatbol al servicio de la sociedad\u201d.<\/em><\/p>\n<article id=\"article-post\">\n<div class=\"cuerpo\" data-twitter-link=\"https:\/\/twitter.com\/intent\/tweet?url=https:\/\/www.diariopopular.com.ar\/\/c455242&amp;via=poopulardiario&amp;related=Diario Popular&amp;text=\">\n<p><em>\u201cA trav\u00e9s de su experiencia como l\u00edder de una gran naci\u00f3n conoce el rol central que tiene la educaci\u00f3n para el futuro de nuestras sociedades y, como dirigente de uno de los clubes de f\u00fatbol de mayor \u00e9xito, sabe la fuerza y la pasi\u00f3n \u00fanicas que genera nuestro deporte. Su experiencia y visi\u00f3n de futuro permitir\u00e1n, sin duda, que nuestra fundaci\u00f3n intensifique su labor y ampl\u00ede su \u00e1mbito de acci\u00f3n para contribuir a mejoras sociales en todo el mundo\u201d<\/em>, a\u00f1adi\u00f3 el helv\u00e9tico.<\/p>\n<h2><\/h2>\n<\/div>\n<\/article>\n<div class=\"banner bk-white\"><\/div>\n","protected":false},"excerpt":{"rendered":"<p>El ex presidente argentino fue elegido como nuevo l\u00edder de la Fundaci\u00f3n FIFA, un ente&#8230;<\/p>\n","protected":false},"author":1,"featured_media":100245,"comment_status":"open","ping_status":"open","sticky":false,"template":"","format":"standard","meta":{"content-type":""},"categories":[39],"tags":[],"nelio_content":{"isAutoShareEnabled":false,"autoShareEndMode":"default","automationSources":{"useContentSentences":true,"useSocialTemplates":true,"useCustomSentences":false,"customSentences":[]},"followers":[1],"suggestedReferences":[],"includedReferences":[],"efiUrl":"","efiAlt":"","highlights":[]},"yoast_head":"<!-- This site is optimized with the Yoast SEO plugin v20.7 - https:\/\/yoast.com\/wordpress\/plugins\/seo\/ -->\n<title>Mauricio Macri fue nombrado presidente ejecutivo de la Fundaci\u00f3n FIFA -<\/title>\n<meta name=\"robots\" content=\"index, follow, max-snippet:-1, max-image-preview:large, max-video-preview:-1\" \/>\n<link rel=\"canonical\" href=\"https:\/\/experienciadevida.com.ar\/portalurbano\/mauricio-macri-fue-nombrado-presidente-ejecutivo-de-la-fundacion-fifa\/\" \/>\n<meta property=\"og:locale\" content=\"es_ES\" \/>\n<meta property=\"og:type\" content=\"article\" \/>\n<meta property=\"og:title\" content=\"Mauricio Macri fue nombrado presidente ejecutivo de la Fundaci\u00f3n FIFA -\" \/>\n<meta property=\"og:description\" content=\"El ex presidente argentino fue elegido como nuevo l\u00edder de la Fundaci\u00f3n FIFA, un ente...\" \/>\n<meta property=\"og:url\" content=\"https:\/\/experienciadevida.com.ar\/portalurbano\/mauricio-macri-fue-nombrado-presidente-ejecutivo-de-la-fundacion-fifa\/\" \/>\n<meta property=\"article:publisher\" content=\"https:\/\/www.facebook.com\/Portal-Urbano-171542830093757\/\" \/>\n<meta property=\"article:published_time\" content=\"2020-01-28T17:35:37+00:00\" \/>\n<meta property=\"article:modified_time\" content=\"2020-01-28T17:35:54+00:00\" \/>\n<meta property=\"og:image\" content=\"https:\/\/experienciadevida.com.ar\/portalurbano\/wp-content\/uploads\/2020\/01\/MACRI.jpg\" \/>\n\t<meta property=\"og:image:width\" content=\"1140\" \/>\n\t<meta property=\"og:image:height\" content=\"1028\" \/>\n\t<meta property=\"og:image:type\" content=\"image\/jpeg\" \/>\n<meta name=\"author\" content=\"admpu17wp\" \/>\n<meta name=\"twitter:card\" content=\"summary_large_image\" \/>\n<meta name=\"twitter:creator\" content=\"@portalurbanook\" \/>\n<meta name=\"twitter:site\" content=\"@portalurbanook\" \/>\n<meta name=\"twitter:label1\" content=\"Escrito por\" \/>\n\t<meta name=\"twitter:data1\" content=\"admpu17wp\" \/>\n\t<meta name=\"twitter:label2\" content=\"Tiempo de lectura\" \/>\n\t<meta name=\"twitter:data2\" content=\"1 minuto\" \/>\n<script type=\"application\/ld+json\" class=\"yoast-schema-graph\">{\"@context\":\"https:\/\/schema.org\",\"@graph\":[{\"@type\":\"Article\",\"@id\":\"https:\/\/experienciadevida.com.ar\/portalurbano\/mauricio-macri-fue-nombrado-presidente-ejecutivo-de-la-fundacion-fifa\/#article\",\"isPartOf\":{\"@id\":\"https:\/\/experienciadevida.com.ar\/portalurbano\/mauricio-macri-fue-nombrado-presidente-ejecutivo-de-la-fundacion-fifa\/\"},\"author\":{\"name\":\"admpu17wp\",\"@id\":\"https:\/\/experienciadevida.com.ar\/portalurbano\/#\/schema\/person\/02dd326b1c4b056e9cc972486934a3a7\"},\"headline\":\"Mauricio Macri fue nombrado presidente ejecutivo de la Fundaci\u00f3n FIFA\",\"datePublished\":\"2020-01-28T17:35:37+00:00\",\"dateModified\":\"2020-01-28T17:35:54+00:00\",\"mainEntityOfPage\":{\"@id\":\"https:\/\/experienciadevida.com.ar\/portalurbano\/mauricio-macri-fue-nombrado-presidente-ejecutivo-de-la-fundacion-fifa\/\"},\"wordCount\":259,\"commentCount\":0,\"publisher\":{\"@id\":\"https:\/\/experienciadevida.com.ar\/portalurbano\/#organization\"},\"articleSection\":[\"Naci\u00f3n\"],\"inLanguage\":\"es\",\"potentialAction\":[{\"@type\":\"CommentAction\",\"name\":\"Comment\",\"target\":[\"https:\/\/experienciadevida.com.ar\/portalurbano\/mauricio-macri-fue-nombrado-presidente-ejecutivo-de-la-fundacion-fifa\/#respond\"]}]},{\"@type\":\"WebPage\",\"@id\":\"https:\/\/experienciadevida.com.ar\/portalurbano\/mauricio-macri-fue-nombrado-presidente-ejecutivo-de-la-fundacion-fifa\/\",\"url\":\"https:\/\/experienciadevida.com.ar\/portalurbano\/mauricio-macri-fue-nombrado-presidente-ejecutivo-de-la-fundacion-fifa\/\",\"name\":\"Mauricio Macri fue nombrado presidente ejecutivo de la Fundaci\u00f3n FIFA -\",\"isPartOf\":{\"@id\":\"https:\/\/experienciadevida.com.ar\/portalurbano\/#website\"},\"datePublished\":\"2020-01-28T17:35:37+00:00\",\"dateModified\":\"2020-01-28T17:35:54+00:00\",\"breadcrumb\":{\"@id\":\"https:\/\/experienciadevida.com.ar\/portalurbano\/mauricio-macri-fue-nombrado-presidente-ejecutivo-de-la-fundacion-fifa\/#breadcrumb\"},\"inLanguage\":\"es\",\"potentialAction\":[{\"@type\":\"ReadAction\",\"target\":[\"https:\/\/experienciadevida.com.ar\/portalurbano\/mauricio-macri-fue-nombrado-presidente-ejecutivo-de-la-fundacion-fifa\/\"]}]},{\"@type\":\"BreadcrumbList\",\"@id\":\"https:\/\/experienciadevida.com.ar\/portalurbano\/mauricio-macri-fue-nombrado-presidente-ejecutivo-de-la-fundacion-fifa\/#breadcrumb\",\"itemListElement\":[{\"@type\":\"ListItem\",\"position\":1,\"name\":\"Portada\",\"item\":\"https:\/\/experienciadevida.com.ar\/portalurbano\/\"},{\"@type\":\"ListItem\",\"position\":2,\"name\":\"Mauricio Macri fue nombrado presidente ejecutivo de la Fundaci\u00f3n FIFA\"}]},{\"@type\":\"WebSite\",\"@id\":\"https:\/\/experienciadevida.com.ar\/portalurbano\/#website\",\"url\":\"https:\/\/experienciadevida.com.ar\/portalurbano\/\",\"name\":\"\",\"description\":\"\",\"publisher\":{\"@id\":\"https:\/\/experienciadevida.com.ar\/portalurbano\/#organization\"},\"potentialAction\":[{\"@type\":\"SearchAction\",\"target\":{\"@type\":\"EntryPoint\",\"urlTemplate\":\"https:\/\/experienciadevida.com.ar\/portalurbano\/?s={search_term_string}\"},\"query-input\":\"required name=search_term_string\"}],\"inLanguage\":\"es\"},{\"@type\":\"Organization\",\"@id\":\"https:\/\/experienciadevida.com.ar\/portalurbano\/#organization\",\"name\":\"Portal Urbano\",\"url\":\"https:\/\/experienciadevida.com.ar\/portalurbano\/\",\"logo\":{\"@type\":\"ImageObject\",\"inLanguage\":\"es\",\"@id\":\"https:\/\/experienciadevida.com.ar\/portalurbano\/#\/schema\/logo\/image\/\",\"url\":\"https:\/\/experienciadevida.com.ar\/portalurbano\/wp-content\/uploads\/2019\/09\/Logo-Original.png\",\"contentUrl\":\"https:\/\/experienciadevida.com.ar\/portalurbano\/wp-content\/uploads\/2019\/09\/Logo-Original.png\",\"width\":2236,\"height\":1216,\"caption\":\"Portal Urbano\"},\"image\":{\"@id\":\"https:\/\/experienciadevida.com.ar\/portalurbano\/#\/schema\/logo\/image\/\"},\"sameAs\":[\"https:\/\/www.facebook.com\/Portal-Urbano-171542830093757\/\",\"https:\/\/twitter.com\/portalurbanook\",\"https:\/\/www.instagram.com\/_portalurbano\/\",\"https:\/\/www.youtube.com\/channel\/UCXhagIfszH8KxFiOok79zbA?view_as=subscriber\"]},{\"@type\":\"Person\",\"@id\":\"https:\/\/experienciadevida.com.ar\/portalurbano\/#\/schema\/person\/02dd326b1c4b056e9cc972486934a3a7\",\"name\":\"admpu17wp\",\"image\":{\"@type\":\"ImageObject\",\"inLanguage\":\"es\",\"@id\":\"https:\/\/experienciadevida.com.ar\/portalurbano\/#\/schema\/person\/image\/\",\"url\":\"https:\/\/secure.gravatar.com\/avatar\/830d4c57adaae6630765e449a6908047?s=96&d=mm&r=g\",\"contentUrl\":\"https:\/\/secure.gravatar.com\/avatar\/830d4c57adaae6630765e449a6908047?s=96&d=mm&r=g\",\"caption\":\"admpu17wp\"}}]}<\/script>\n<!-- \/ Yoast SEO plugin. -->","yoast_head_json":{"title":"Mauricio Macri fue nombrado presidente ejecutivo de la Fundaci\u00f3n FIFA -","robots":{"index":"index","follow":"follow","max-snippet":"max-snippet:-1","max-image-preview":"max-image-preview:large","max-video-preview":"max-video-preview:-1"},"canonical":"https:\/\/experienciadevida.com.ar\/portalurbano\/mauricio-macri-fue-nombrado-presidente-ejecutivo-de-la-fundacion-fifa\/","og_locale":"es_ES","og_type":"article","og_title":"Mauricio Macri fue nombrado presidente ejecutivo de la Fundaci\u00f3n FIFA -","og_description":"El ex presidente argentino fue elegido como nuevo l\u00edder de la Fundaci\u00f3n FIFA, un ente...","og_url":"https:\/\/experienciadevida.com.ar\/portalurbano\/mauricio-macri-fue-nombrado-presidente-ejecutivo-de-la-fundacion-fifa\/","article_publisher":"https:\/\/www.facebook.com\/Portal-Urbano-171542830093757\/","article_published_time":"2020-01-28T17:35:37+00:00","article_modified_time":"2020-01-28T17:35:54+00:00","og_image":[{"width":1140,"height":1028,"url":"https:\/\/experienciadevida.com.ar\/portalurbano\/wp-content\/uploads\/2020\/01\/MACRI.jpg","type":"image\/jpeg"}],"author":"admpu17wp","twitter_card":"summary_large_image","twitter_creator":"@portalurbanook","twitter_site":"@portalurbanook","twitter_misc":{"Escrito por":"admpu17wp","Tiempo de lectura":"1 minuto"},"schema":{"@context":"https:\/\/schema.org","@graph":[{"@type":"Article","@id":"https:\/\/experienciadevida.com.ar\/portalurbano\/mauricio-macri-fue-nombrado-presidente-ejecutivo-de-la-fundacion-fifa\/#article","isPartOf":{"@id":"https:\/\/experienciadevida.com.ar\/portalurbano\/mauricio-macri-fue-nombrado-presidente-ejecutivo-de-la-fundacion-fifa\/"},"author":{"name":"admpu17wp","@id":"https:\/\/experienciadevida.com.ar\/portalurbano\/#\/schema\/person\/02dd326b1c4b056e9cc972486934a3a7"},"headline":"Mauricio Macri fue nombrado presidente ejecutivo de la Fundaci\u00f3n FIFA","datePublished":"2020-01-28T17:35:37+00:00","dateModified":"2020-01-28T17:35:54+00:00","mainEntityOfPage":{"@id":"https:\/\/experienciadevida.com.ar\/portalurbano\/mauricio-macri-fue-nombrado-presidente-ejecutivo-de-la-fundacion-fifa\/"},"wordCount":259,"commentCount":0,"publisher":{"@id":"https:\/\/experienciadevida.com.ar\/portalurbano\/#organization"},"articleSection":["Naci\u00f3n"],"inLanguage":"es","potentialAction":[{"@type":"CommentAction","name":"Comment","target":["https:\/\/experienciadevida.com.ar\/portalurbano\/mauricio-macri-fue-nombrado-presidente-ejecutivo-de-la-fundacion-fifa\/#respond"]}]},{"@type":"WebPage","@id":"https:\/\/experienciadevida.com.ar\/portalurbano\/mauricio-macri-fue-nombrado-presidente-ejecutivo-de-la-fundacion-fifa\/","url":"https:\/\/experienciadevida.com.ar\/portalurbano\/mauricio-macri-fue-nombrado-presidente-ejecutivo-de-la-fundacion-fifa\/","name":"Mauricio Macri fue nombrado presidente ejecutivo de la Fundaci\u00f3n FIFA -","isPartOf":{"@id":"https:\/\/experienciadevida.com.ar\/portalurbano\/#website"},"datePublished":"2020-01-28T17:35:37+00:00","dateModified":"2020-01-28T17:35:54+00:00","breadcrumb":{"@id":"https:\/\/experienciadevida.com.ar\/portalurbano\/mauricio-macri-fue-nombrado-presidente-ejecutivo-de-la-fundacion-fifa\/#breadcrumb"},"inLanguage":"es","potentialAction":[{"@type":"ReadAction","target":["https:\/\/experienciadevida.com.ar\/portalurbano\/mauricio-macri-fue-nombrado-presidente-ejecutivo-de-la-fundacion-fifa\/"]}]},{"@type":"BreadcrumbList","@id":"https:\/\/experienciadevida.com.ar\/portalurbano\/mauricio-macri-fue-nombrado-presidente-ejecutivo-de-la-fundacion-fifa\/#breadcrumb","itemListElement":[{"@type":"ListItem","position":1,"name":"Portada","item":"https:\/\/experienciadevida.com.ar\/portalurbano\/"},{"@type":"ListItem","position":2,"name":"Mauricio Macri fue nombrado presidente ejecutivo de la Fundaci\u00f3n FIFA"}]},{"@type":"WebSite","@id":"https:\/\/experienciadevida.com.ar\/portalurbano\/#website","url":"https:\/\/experienciadevida.com.ar\/portalurbano\/","name":"","description":"","publisher":{"@id":"https:\/\/experienciadevida.com.ar\/portalurbano\/#organization"},"potentialAction":[{"@type":"SearchAction","target":{"@type":"EntryPoint","urlTemplate":"https:\/\/experienciadevida.com.ar\/portalurbano\/?s={search_term_string}"},"query-input":"required name=search_term_string"}],"inLanguage":"es"},{"@type":"Organization","@id":"https:\/\/experienciadevida.com.ar\/portalurbano\/#organization","name":"Portal Urbano","url":"https:\/\/experienciadevida.com.ar\/portalurbano\/","logo":{"@type":"ImageObject","inLanguage":"es","@id":"https:\/\/experienciadevida.com.ar\/portalurbano\/#\/schema\/logo\/image\/","url":"https:\/\/experienciadevida.com.ar\/portalurbano\/wp-content\/uploads\/2019\/09\/Logo-Original.png","contentUrl":"https:\/\/experienciadevida.com.ar\/portalurbano\/wp-content\/uploads\/2019\/09\/Logo-Original.png","width":2236,"height":1216,"caption":"Portal Urbano"},"image":{"@id":"https:\/\/experienciadevida.com.ar\/portalurbano\/#\/schema\/logo\/image\/"},"sameAs":["https:\/\/www.facebook.com\/Portal-Urbano-171542830093757\/","https:\/\/twitter.com\/portalurbanook","https:\/\/www.instagram.com\/_portalurbano\/","https:\/\/www.youtube.com\/channel\/UCXhagIfszH8KxFiOok79zbA?view_as=subscriber"]},{"@type":"Person","@id":"https:\/\/experienciadevida.com.ar\/portalurbano\/#\/schema\/person\/02dd326b1c4b056e9cc972486934a3a7","name":"admpu17wp","image":{"@type":"ImageObject","inLanguage":"es","@id":"https:\/\/experienciadevida.com.ar\/portalurbano\/#\/schema\/person\/image\/","url":"https:\/\/secure.gravatar.com\/avatar\/830d4c57adaae6630765e449a6908047?s=96&d=mm&r=g","contentUrl":"https:\/\/secure.gravatar.com\/avatar\/830d4c57adaae6630765e449a6908047?s=96&d=mm&r=g","caption":"admpu17wp"}}]}},"featured_image_urls":{"full":["https:\/\/experienciadevida.com.ar\/portalurbano\/wp-content\/uploads\/2020\/01\/MACRI.jpg",1140,1028,false],"thumbnail":["https:\/\/experienciadevida.com.ar\/portalurbano\/wp-content\/uploads\/2020\/01\/MACRI-150x150.jpg",150,150,true],"medium":["https:\/\/experienciadevida.com.ar\/portalurbano\/wp-content\/uploads\/2020\/01\/MACRI-300x271.jpg",300,271,true],"medium_large":["https:\/\/experienciadevida.com.ar\/portalurbano\/wp-content\/uploads\/2020\/01\/MACRI-768x693.jpg",640,578,true],"large":["https:\/\/experienciadevida.com.ar\/portalurbano\/wp-content\/uploads\/2020\/01\/MACRI-1024x923.jpg",640,577,true],"ug_big":["https:\/\/experienciadevida.com.ar\/portalurbano\/wp-content\/uploads\/2020\/01\/MACRI-768x693.jpg",768,693,true],"1536x1536":["https:\/\/experienciadevida.com.ar\/portalurbano\/wp-content\/uploads\/2020\/01\/MACRI.jpg",1140,1028,false],"2048x2048":["https:\/\/experienciadevida.com.ar\/portalurbano\/wp-content\/uploads\/2020\/01\/MACRI.jpg",1140,1028,false],"newsever-slider-full":["https:\/\/experienciadevida.com.ar\/portalurbano\/wp-content\/uploads\/2020\/01\/MACRI.jpg",937,845,false],"newsever-featured":["https:\/\/experienciadevida.com.ar\/portalurbano\/wp-content\/uploads\/2020\/01\/MACRI.jpg",1024,923,false],"newsever-medium":["https:\/\/experienciadevida.com.ar\/portalurbano\/wp-content\/uploads\/2020\/01\/MACRI.jpg",527,475,false],"web-stories-poster-portrait":["https:\/\/experienciadevida.com.ar\/portalurbano\/wp-content\/uploads\/2020\/01\/MACRI.jpg",640,577,false],"web-stories-publisher-logo":["https:\/\/experienciadevida.com.ar\/portalurbano\/wp-content\/uploads\/2020\/01\/MACRI.jpg",96,87,false],"web-stories-thumbnail":["https:\/\/experienciadevida.com.ar\/portalurbano\/wp-content\/uploads\/2020\/01\/MACRI.jpg",150,135,false]},"author_info":{"display_name":"admpu17wp","author_link":"https:\/\/experienciadevida.com.ar\/portalurbano\/author\/admpu17wp\/"},"category_info":"<a href=\"https:\/\/experienciadevida.com.ar\/portalurbano\/category\/nacion\/\" rel=\"category tag\">Naci\u00f3n<\/a>","tag_info":"Naci\u00f3n","comment_count":"0","amp_enabled":true,"_links":{"self":[{"href":"https:\/\/experienciadevida.com.ar\/portalurbano\/wp-json\/wp\/v2\/posts\/100244"}],"collection":[{"href":"https:\/\/experienciadevida.com.ar\/portalurbano\/wp-json\/wp\/v2\/posts"}],"about":[{"href":"https:\/\/experienciadevida.com.ar\/portalurbano\/wp-json\/wp\/v2\/types\/post"}],"author":[{"embeddable":true,"href":"https:\/\/experienciadevida.com.ar\/portalurbano\/wp-json\/wp\/v2\/users\/1"}],"replies":[{"embeddable":true,"href":"https:\/\/experienciadevida.com.ar\/portalurbano\/wp-json\/wp\/v2\/comments?post=100244"}],"version-history":[{"count":1,"href":"https:\/\/experienciadevida.com.ar\/portalurbano\/wp-json\/wp\/v2\/posts\/100244\/revisions"}],"predecessor-version":[{"id":100246,"href":"https:\/\/experienciadevida.com.ar\/portalurbano\/wp-json\/wp\/v2\/posts\/100244\/revisions\/100246"}],"wp:featuredmedia":[{"embeddable":true,"href":"https:\/\/experienciadevida.com.ar\/portalurbano\/wp-json\/wp\/v2\/media\/100245"}],"wp:attachment":[{"href":"https:\/\/experienciadevida.com.ar\/portalurbano\/wp-json\/wp\/v2\/media?parent=100244"}],"wp:term":[{"taxonomy":"category","embeddable":true,"href":"https:\/\/experienciadevida.com.ar\/portalurbano\/wp-json\/wp\/v2\/categories?post=100244"},{"taxonomy":"post_tag","embeddable":true,"href":"https:\/\/experienciadevida.com.ar\/portalurbano\/wp-json\/wp\/v2\/tags?post=100244"}],"curies":[{"name":"wp","href":"https:\/\/api.w.org\/{rel}","templated":true}]}}