{"id":100012,"date":"2020-01-24T13:48:41","date_gmt":"2020-01-24T16:48:41","guid":{"rendered":"https:\/\/experienciadevida.com.ar\/portalurbano\/?p=100012"},"modified":"2020-01-24T13:49:13","modified_gmt":"2020-01-24T16:49:13","slug":"fernandez-y-netanyahu-se-comprometieron-a-buscar-la-verdad-por-la-amia","status":"publish","type":"post","link":"https:\/\/experienciadevida.com.ar\/portalurbano\/fernandez-y-netanyahu-se-comprometieron-a-buscar-la-verdad-por-la-amia\/","title":{"rendered":"Fern\u00e1ndez y Netanyahu se comprometieron a buscar &#8220;la verdad&#8221; por la AMIA"},"content":{"rendered":"<p class=\"interiorCopete\">&#8220;<em>Nuestro compromiso por saber la verdad sobre lo que pas\u00f3 en la AMIA es absoluto&#8221;<\/em>, remarc\u00f3 el Presidente en su visita a Israel.<\/p>\n<p>Alberto Fern\u00e1ndez y el primer ministro de\u00a0 Israel, Benjamin Netanyahu, reforzaron este viernes el compromiso de ambos pa\u00edses con el esclarecimiento y la necesidad de <em>&#8220;saber la verdad<\/em>&#8221; del atentado a la sede de la AMIA ocurrido en 1994, y prometieron un mayor acercamiento entre ambos pa\u00edses para &#8220;<em>aprovechar las oportunidades&#8221;<\/em> de acuerdos en varios terrenos.<\/p>\n<p>Netanyahu\u00a0expres\u00f3 su &#8220;<em>felicitaci\u00f3n<\/em>&#8221; a\u00a0Fern\u00e1ndez\u00a0por haber mantenido a Hezbollah en la lista de organizaciones terroristas y por su &#8220;<em>lucha en pos de la verdad en el esclarecimiento&#8221;<\/em> de la voladura a la AMIA, y el mandatario argentino expres\u00f3 su &#8220;<em>compromiso inalterable<\/em>&#8221; con esa idea.<\/p>\n<p>&#8220;<em>Nuestro compromiso por saber la verdad sobre lo que pas\u00f3 en la AMIA es absoluto. Fue nuestro compromiso\u00a0 y es nuestro compromiso. Necesitamos saber que fue lo que pas\u00f3, por la memoria de todos los que murieron ah\u00ed y en la Embajada de Israel. Ese compromiso es inalterable&#8221;<\/em>, insisti\u00f3 Fern\u00e1ndez.<\/p>\n<p>El presidente argentino y\u00a0Netanyahu hicieron una breve declaraci\u00f3n ante la prensa, acompa\u00f1ados de sus respectivas esposas, Fabiola Y\u00e1\u00f1ez y Sara Netanyahu, y sin preguntas de los periodistas, antes de compartir un desayuno.<\/p>\n<p>&#8220;<em>S\u00e9 que es la primera visita, la primera de muchas. No tenemos dudas que podemos fortalecer la amistad y aprovechar las oportunidades que se nos abren en materia de ciencia, tecnolog\u00eda y otros \u00e1mbitos<\/em>&#8220;, resalt\u00f3 el l\u00edder israel\u00ed.<\/p>\n<p>Revel\u00f3 adem\u00e1s que existen avances para lograr vuelos m\u00e1s directos entre Argentina e Israel, y agradeci\u00f3 la actitud argentina de haber servido de refugio a muchos jud\u00edos que debieron huir del Holocausto.<\/p>\n<p>Las palabras del primer ministro israel\u00ed fueron interrumpidas por un fuerte chaparr\u00f3n, que hasta provoc\u00f3 alg\u00fan problema menor en el equipo de audio, y Netanyahu salv\u00f3 la situaci\u00f3n con una frase entre risas: &#8220;<em>es la voz de Dios&#8221;,<\/em> dijo.<\/p>\n<div id=\"div-gpt-ad-nota-760084\" class=\"banner-90\" data-mapping=\"mapping9\" data-google-query-id=\"CNLh457XnOcCFUMGuQYdbbsPDQ\">\n<p>Fern\u00e1ndez, a su turno, destac\u00f3 la &#8220;<em>importancia<\/em>&#8221; de la comunidad jud\u00eda en Argentina, volvi\u00f3 a recodar a las v\u00edctimas del Holocausto, &#8220;<em>esa tragedia que sufri\u00f3 el pueblo jud\u00edo pero doli\u00f3 a todos<\/em>&#8221; y mencion\u00f3 &#8220;<em>la propia tragedia de los argentinos, con una dictadura que se llev\u00f3 a 30 mil personas, con torturas, exilios y persecuciones&#8221;.<\/em><\/p>\n<p>&#8220;<em>Yo siempre remarco que cuando la v\u00edctima era un jud\u00edo, parec\u00eda m\u00e1s, porque nuestros genocidas fueron particularmente violentos con la comunidad jud\u00eda&#8221;,<\/em> relat\u00f3.<\/p>\n<p>En otro orden, inst\u00f3 a &#8220;<em>profundizar<\/em>&#8221; el acuerdo de libre comercio entre el Mercosur e Israel, juzg\u00f3 que &#8220;<em>hay mucho para trabajar&#8221;<\/em> entre ambos pa\u00edses y expres\u00f3 su deseo de que &#8220;<em>esto sea el comienzo&#8221;.<\/em><\/p>\n<p>Antes de compartir un desayuno, mientras en paralelo parte de la comitiva ten\u00eda otros encuentros con funcionarios locales, Fern\u00e1ndez y Netanyahu hablaron ante la prensa desde una tarima forrada en azul, con tres banderas de cada pa\u00eds, intercaladas, como fondo.<\/p>\n<p>Antes de verse con Netanyahu, Fern\u00e1ndez estuvo en la residencia oficial con su par local, Reuven Rivlin y conversaron un rato, en el marco de la serie de reuniones que el mandatario anfitri\u00f3n tuvo con otros varios jefes de Estado, entre ellos el ucraniano Volod\u00edmer Zelenski y la danesa Mette Frederiksen.<\/p>\n<p>Igual que en la charla con Netanyahu, con Rivlin tambi\u00e9n acompa\u00f1\u00f3 a Fern\u00e1ndez toda la comitiva, en una conversaci\u00f3n que se extendi\u00f3 alrededor de 40 minutos y en el que no se habl\u00f3 de la causa que investiga la muerte del fiscal Alberto Nisman, ocurrida en 2015, seg\u00fan contaron voceros de la delegaci\u00f3n argentina.<\/p>\n<p>Las fuentes contaron que Rivlin hasta brome\u00f3 con &#8220;<em>el deseo&#8221;<\/em> que tendr\u00eda su hijo de estar con el presidente<em> &#8220;del pa\u00eds que dio al mundo a Diego Maradona y a Lionel Messi&#8221;.<\/em><\/p>\n<div id=\"div-gpt-ad-nota-570744\" class=\"banner-90\" data-mapping=\"mapping9\" data-google-query-id=\"CPXM4Z7XnOcCFUMGuQYdbbsPDQ\">\n<p>Fern\u00e1ndez lleg\u00f3 el mi\u00e9rcoles \u00faltimo a Israel para participar junto a otros 40 l\u00edderes mundiales del Quinto Foro Internacional del Holocausto, que se realiz\u00f3 ayer.<\/p>\n<p>Tras participar de ese evento internacional, que cont\u00f3 con discursos del presidente ruso, Vladimir Putin; del franc\u00e9s Emmanuel Macron; y del vicepresidente estadounidense, Mike Pence, entre otros, Fern\u00e1ndez y parte de su comitiva estuvieron ayer en su hotel con el principal l\u00edder de la oposici\u00f3n israel\u00ed, Benny Gantz.<\/p>\n<\/div>\n<p>&nbsp;<\/p>\n<\/div>\n","protected":false},"excerpt":{"rendered":"<p>&#8220;Nuestro compromiso por saber la verdad sobre lo que pas\u00f3 en la AMIA es absoluto&#8221;,&#8230;<\/p>\n","protected":false},"author":1,"featured_media":100013,"comment_status":"open","ping_status":"open","sticky":false,"template":"","format":"standard","meta":{"content-type":""},"categories":[39],"tags":[],"nelio_content":{"isAutoShareEnabled":false,"autoShareEndMode":"default","automationSources":{"useContentSentences":true,"useSocialTemplates":true,"useCustomSentences":false,"customSentences":[]},"followers":[1],"suggestedReferences":[],"includedReferences":[],"efiUrl":"","efiAlt":"","highlights":[]},"yoast_head":"<!-- This site is optimized with the Yoast SEO plugin v20.7 - https:\/\/yoast.com\/wordpress\/plugins\/seo\/ -->\n<title>Fern\u00e1ndez y Netanyahu se comprometieron a buscar &quot;la verdad&quot; por la AMIA -<\/title>\n<meta name=\"robots\" content=\"index, follow, max-snippet:-1, max-image-preview:large, max-video-preview:-1\" \/>\n<link rel=\"canonical\" href=\"https:\/\/experienciadevida.com.ar\/portalurbano\/fernandez-y-netanyahu-se-comprometieron-a-buscar-la-verdad-por-la-amia\/\" \/>\n<meta property=\"og:locale\" content=\"es_ES\" \/>\n<meta property=\"og:type\" content=\"article\" \/>\n<meta property=\"og:title\" content=\"Fern\u00e1ndez y Netanyahu se comprometieron a buscar &quot;la verdad&quot; por la AMIA -\" \/>\n<meta property=\"og:description\" content=\"&#8220;Nuestro compromiso por saber la verdad sobre lo que pas\u00f3 en la AMIA es absoluto&#8221;,...\" \/>\n<meta property=\"og:url\" content=\"https:\/\/experienciadevida.com.ar\/portalurbano\/fernandez-y-netanyahu-se-comprometieron-a-buscar-la-verdad-por-la-amia\/\" \/>\n<meta property=\"article:publisher\" content=\"https:\/\/www.facebook.com\/Portal-Urbano-171542830093757\/\" \/>\n<meta property=\"article:published_time\" content=\"2020-01-24T16:48:41+00:00\" \/>\n<meta property=\"article:modified_time\" content=\"2020-01-24T16:49:13+00:00\" \/>\n<meta property=\"og:image\" content=\"https:\/\/experienciadevida.com.ar\/portalurbano\/wp-content\/uploads\/2020\/01\/AMIA-e1579884208273.jpg\" \/>\n\t<meta property=\"og:image:width\" content=\"765\" \/>\n\t<meta property=\"og:image:height\" content=\"509\" \/>\n\t<meta property=\"og:image:type\" content=\"image\/jpeg\" \/>\n<meta name=\"author\" content=\"admpu17wp\" \/>\n<meta name=\"twitter:card\" content=\"summary_large_image\" \/>\n<meta name=\"twitter:creator\" content=\"@portalurbanook\" \/>\n<meta name=\"twitter:site\" content=\"@portalurbanook\" \/>\n<meta name=\"twitter:label1\" content=\"Escrito por\" \/>\n\t<meta name=\"twitter:data1\" content=\"admpu17wp\" \/>\n\t<meta name=\"twitter:label2\" content=\"Tiempo de lectura\" \/>\n\t<meta name=\"twitter:data2\" content=\"4 minutos\" \/>\n<script type=\"application\/ld+json\" class=\"yoast-schema-graph\">{\"@context\":\"https:\/\/schema.org\",\"@graph\":[{\"@type\":\"Article\",\"@id\":\"https:\/\/experienciadevida.com.ar\/portalurbano\/fernandez-y-netanyahu-se-comprometieron-a-buscar-la-verdad-por-la-amia\/#article\",\"isPartOf\":{\"@id\":\"https:\/\/experienciadevida.com.ar\/portalurbano\/fernandez-y-netanyahu-se-comprometieron-a-buscar-la-verdad-por-la-amia\/\"},\"author\":{\"name\":\"admpu17wp\",\"@id\":\"https:\/\/experienciadevida.com.ar\/portalurbano\/#\/schema\/person\/02dd326b1c4b056e9cc972486934a3a7\"},\"headline\":\"Fern\u00e1ndez y Netanyahu se comprometieron a buscar &#8220;la verdad&#8221; por la AMIA\",\"datePublished\":\"2020-01-24T16:48:41+00:00\",\"dateModified\":\"2020-01-24T16:49:13+00:00\",\"mainEntityOfPage\":{\"@id\":\"https:\/\/experienciadevida.com.ar\/portalurbano\/fernandez-y-netanyahu-se-comprometieron-a-buscar-la-verdad-por-la-amia\/\"},\"wordCount\":736,\"commentCount\":0,\"publisher\":{\"@id\":\"https:\/\/experienciadevida.com.ar\/portalurbano\/#organization\"},\"articleSection\":[\"Naci\u00f3n\"],\"inLanguage\":\"es\",\"potentialAction\":[{\"@type\":\"CommentAction\",\"name\":\"Comment\",\"target\":[\"https:\/\/experienciadevida.com.ar\/portalurbano\/fernandez-y-netanyahu-se-comprometieron-a-buscar-la-verdad-por-la-amia\/#respond\"]}]},{\"@type\":\"WebPage\",\"@id\":\"https:\/\/experienciadevida.com.ar\/portalurbano\/fernandez-y-netanyahu-se-comprometieron-a-buscar-la-verdad-por-la-amia\/\",\"url\":\"https:\/\/experienciadevida.com.ar\/portalurbano\/fernandez-y-netanyahu-se-comprometieron-a-buscar-la-verdad-por-la-amia\/\",\"name\":\"Fern\u00e1ndez y Netanyahu se comprometieron a buscar \\\"la verdad\\\" por la AMIA -\",\"isPartOf\":{\"@id\":\"https:\/\/experienciadevida.com.ar\/portalurbano\/#website\"},\"datePublished\":\"2020-01-24T16:48:41+00:00\",\"dateModified\":\"2020-01-24T16:49:13+00:00\",\"breadcrumb\":{\"@id\":\"https:\/\/experienciadevida.com.ar\/portalurbano\/fernandez-y-netanyahu-se-comprometieron-a-buscar-la-verdad-por-la-amia\/#breadcrumb\"},\"inLanguage\":\"es\",\"potentialAction\":[{\"@type\":\"ReadAction\",\"target\":[\"https:\/\/experienciadevida.com.ar\/portalurbano\/fernandez-y-netanyahu-se-comprometieron-a-buscar-la-verdad-por-la-amia\/\"]}]},{\"@type\":\"BreadcrumbList\",\"@id\":\"https:\/\/experienciadevida.com.ar\/portalurbano\/fernandez-y-netanyahu-se-comprometieron-a-buscar-la-verdad-por-la-amia\/#breadcrumb\",\"itemListElement\":[{\"@type\":\"ListItem\",\"position\":1,\"name\":\"Portada\",\"item\":\"https:\/\/experienciadevida.com.ar\/portalurbano\/\"},{\"@type\":\"ListItem\",\"position\":2,\"name\":\"Fern\u00e1ndez y Netanyahu se comprometieron a buscar \u00abla verdad\u00bb por la AMIA\"}]},{\"@type\":\"WebSite\",\"@id\":\"https:\/\/experienciadevida.com.ar\/portalurbano\/#website\",\"url\":\"https:\/\/experienciadevida.com.ar\/portalurbano\/\",\"name\":\"\",\"description\":\"\",\"publisher\":{\"@id\":\"https:\/\/experienciadevida.com.ar\/portalurbano\/#organization\"},\"potentialAction\":[{\"@type\":\"SearchAction\",\"target\":{\"@type\":\"EntryPoint\",\"urlTemplate\":\"https:\/\/experienciadevida.com.ar\/portalurbano\/?s={search_term_string}\"},\"query-input\":\"required name=search_term_string\"}],\"inLanguage\":\"es\"},{\"@type\":\"Organization\",\"@id\":\"https:\/\/experienciadevida.com.ar\/portalurbano\/#organization\",\"name\":\"Portal Urbano\",\"url\":\"https:\/\/experienciadevida.com.ar\/portalurbano\/\",\"logo\":{\"@type\":\"ImageObject\",\"inLanguage\":\"es\",\"@id\":\"https:\/\/experienciadevida.com.ar\/portalurbano\/#\/schema\/logo\/image\/\",\"url\":\"https:\/\/experienciadevida.com.ar\/portalurbano\/wp-content\/uploads\/2019\/09\/Logo-Original.png\",\"contentUrl\":\"https:\/\/experienciadevida.com.ar\/portalurbano\/wp-content\/uploads\/2019\/09\/Logo-Original.png\",\"width\":2236,\"height\":1216,\"caption\":\"Portal Urbano\"},\"image\":{\"@id\":\"https:\/\/experienciadevida.com.ar\/portalurbano\/#\/schema\/logo\/image\/\"},\"sameAs\":[\"https:\/\/www.facebook.com\/Portal-Urbano-171542830093757\/\",\"https:\/\/twitter.com\/portalurbanook\",\"https:\/\/www.instagram.com\/_portalurbano\/\",\"https:\/\/www.youtube.com\/channel\/UCXhagIfszH8KxFiOok79zbA?view_as=subscriber\"]},{\"@type\":\"Person\",\"@id\":\"https:\/\/experienciadevida.com.ar\/portalurbano\/#\/schema\/person\/02dd326b1c4b056e9cc972486934a3a7\",\"name\":\"admpu17wp\",\"image\":{\"@type\":\"ImageObject\",\"inLanguage\":\"es\",\"@id\":\"https:\/\/experienciadevida.com.ar\/portalurbano\/#\/schema\/person\/image\/\",\"url\":\"https:\/\/secure.gravatar.com\/avatar\/830d4c57adaae6630765e449a6908047?s=96&d=mm&r=g\",\"contentUrl\":\"https:\/\/secure.gravatar.com\/avatar\/830d4c57adaae6630765e449a6908047?s=96&d=mm&r=g\",\"caption\":\"admpu17wp\"}}]}<\/script>\n<!-- \/ Yoast SEO plugin. -->","yoast_head_json":{"title":"Fern\u00e1ndez y Netanyahu se comprometieron a buscar \"la verdad\" por la AMIA -","robots":{"index":"index","follow":"follow","max-snippet":"max-snippet:-1","max-image-preview":"max-image-preview:large","max-video-preview":"max-video-preview:-1"},"canonical":"https:\/\/experienciadevida.com.ar\/portalurbano\/fernandez-y-netanyahu-se-comprometieron-a-buscar-la-verdad-por-la-amia\/","og_locale":"es_ES","og_type":"article","og_title":"Fern\u00e1ndez y Netanyahu se comprometieron a buscar \"la verdad\" por la AMIA -","og_description":"&#8220;Nuestro compromiso por saber la verdad sobre lo que pas\u00f3 en la AMIA es absoluto&#8221;,...","og_url":"https:\/\/experienciadevida.com.ar\/portalurbano\/fernandez-y-netanyahu-se-comprometieron-a-buscar-la-verdad-por-la-amia\/","article_publisher":"https:\/\/www.facebook.com\/Portal-Urbano-171542830093757\/","article_published_time":"2020-01-24T16:48:41+00:00","article_modified_time":"2020-01-24T16:49:13+00:00","og_image":[{"width":765,"height":509,"url":"https:\/\/experienciadevida.com.ar\/portalurbano\/wp-content\/uploads\/2020\/01\/AMIA-e1579884208273.jpg","type":"image\/jpeg"}],"author":"admpu17wp","twitter_card":"summary_large_image","twitter_creator":"@portalurbanook","twitter_site":"@portalurbanook","twitter_misc":{"Escrito por":"admpu17wp","Tiempo de lectura":"4 minutos"},"schema":{"@context":"https:\/\/schema.org","@graph":[{"@type":"Article","@id":"https:\/\/experienciadevida.com.ar\/portalurbano\/fernandez-y-netanyahu-se-comprometieron-a-buscar-la-verdad-por-la-amia\/#article","isPartOf":{"@id":"https:\/\/experienciadevida.com.ar\/portalurbano\/fernandez-y-netanyahu-se-comprometieron-a-buscar-la-verdad-por-la-amia\/"},"author":{"name":"admpu17wp","@id":"https:\/\/experienciadevida.com.ar\/portalurbano\/#\/schema\/person\/02dd326b1c4b056e9cc972486934a3a7"},"headline":"Fern\u00e1ndez y Netanyahu se comprometieron a buscar &#8220;la verdad&#8221; por la AMIA","datePublished":"2020-01-24T16:48:41+00:00","dateModified":"2020-01-24T16:49:13+00:00","mainEntityOfPage":{"@id":"https:\/\/experienciadevida.com.ar\/portalurbano\/fernandez-y-netanyahu-se-comprometieron-a-buscar-la-verdad-por-la-amia\/"},"wordCount":736,"commentCount":0,"publisher":{"@id":"https:\/\/experienciadevida.com.ar\/portalurbano\/#organization"},"articleSection":["Naci\u00f3n"],"inLanguage":"es","potentialAction":[{"@type":"CommentAction","name":"Comment","target":["https:\/\/experienciadevida.com.ar\/portalurbano\/fernandez-y-netanyahu-se-comprometieron-a-buscar-la-verdad-por-la-amia\/#respond"]}]},{"@type":"WebPage","@id":"https:\/\/experienciadevida.com.ar\/portalurbano\/fernandez-y-netanyahu-se-comprometieron-a-buscar-la-verdad-por-la-amia\/","url":"https:\/\/experienciadevida.com.ar\/portalurbano\/fernandez-y-netanyahu-se-comprometieron-a-buscar-la-verdad-por-la-amia\/","name":"Fern\u00e1ndez y Netanyahu se comprometieron a buscar \"la verdad\" por la AMIA -","isPartOf":{"@id":"https:\/\/experienciadevida.com.ar\/portalurbano\/#website"},"datePublished":"2020-01-24T16:48:41+00:00","dateModified":"2020-01-24T16:49:13+00:00","breadcrumb":{"@id":"https:\/\/experienciadevida.com.ar\/portalurbano\/fernandez-y-netanyahu-se-comprometieron-a-buscar-la-verdad-por-la-amia\/#breadcrumb"},"inLanguage":"es","potentialAction":[{"@type":"ReadAction","target":["https:\/\/experienciadevida.com.ar\/portalurbano\/fernandez-y-netanyahu-se-comprometieron-a-buscar-la-verdad-por-la-amia\/"]}]},{"@type":"BreadcrumbList","@id":"https:\/\/experienciadevida.com.ar\/portalurbano\/fernandez-y-netanyahu-se-comprometieron-a-buscar-la-verdad-por-la-amia\/#breadcrumb","itemListElement":[{"@type":"ListItem","position":1,"name":"Portada","item":"https:\/\/experienciadevida.com.ar\/portalurbano\/"},{"@type":"ListItem","position":2,"name":"Fern\u00e1ndez y Netanyahu se comprometieron a buscar \u00abla verdad\u00bb por la AMIA"}]},{"@type":"WebSite","@id":"https:\/\/experienciadevida.com.ar\/portalurbano\/#website","url":"https:\/\/experienciadevida.com.ar\/portalurbano\/","name":"","description":"","publisher":{"@id":"https:\/\/experienciadevida.com.ar\/portalurbano\/#organization"},"potentialAction":[{"@type":"SearchAction","target":{"@type":"EntryPoint","urlTemplate":"https:\/\/experienciadevida.com.ar\/portalurbano\/?s={search_term_string}"},"query-input":"required name=search_term_string"}],"inLanguage":"es"},{"@type":"Organization","@id":"https:\/\/experienciadevida.com.ar\/portalurbano\/#organization","name":"Portal Urbano","url":"https:\/\/experienciadevida.com.ar\/portalurbano\/","logo":{"@type":"ImageObject","inLanguage":"es","@id":"https:\/\/experienciadevida.com.ar\/portalurbano\/#\/schema\/logo\/image\/","url":"https:\/\/experienciadevida.com.ar\/portalurbano\/wp-content\/uploads\/2019\/09\/Logo-Original.png","contentUrl":"https:\/\/experienciadevida.com.ar\/portalurbano\/wp-content\/uploads\/2019\/09\/Logo-Original.png","width":2236,"height":1216,"caption":"Portal Urbano"},"image":{"@id":"https:\/\/experienciadevida.com.ar\/portalurbano\/#\/schema\/logo\/image\/"},"sameAs":["https:\/\/www.facebook.com\/Portal-Urbano-171542830093757\/","https:\/\/twitter.com\/portalurbanook","https:\/\/www.instagram.com\/_portalurbano\/","https:\/\/www.youtube.com\/channel\/UCXhagIfszH8KxFiOok79zbA?view_as=subscriber"]},{"@type":"Person","@id":"https:\/\/experienciadevida.com.ar\/portalurbano\/#\/schema\/person\/02dd326b1c4b056e9cc972486934a3a7","name":"admpu17wp","image":{"@type":"ImageObject","inLanguage":"es","@id":"https:\/\/experienciadevida.com.ar\/portalurbano\/#\/schema\/person\/image\/","url":"https:\/\/secure.gravatar.com\/avatar\/830d4c57adaae6630765e449a6908047?s=96&d=mm&r=g","contentUrl":"https:\/\/secure.gravatar.com\/avatar\/830d4c57adaae6630765e449a6908047?s=96&d=mm&r=g","caption":"admpu17wp"}}]}},"featured_image_urls":{"full":["https:\/\/experienciadevida.com.ar\/portalurbano\/wp-content\/uploads\/2020\/01\/AMIA-e1579884208273.jpg",765,509,false],"thumbnail":["https:\/\/experienciadevida.com.ar\/portalurbano\/wp-content\/uploads\/2020\/01\/AMIA-150x150.jpg",150,150,true],"medium":["https:\/\/experienciadevida.com.ar\/portalurbano\/wp-content\/uploads\/2020\/01\/AMIA-300x200.jpg",300,200,true],"medium_large":["https:\/\/experienciadevida.com.ar\/portalurbano\/wp-content\/uploads\/2020\/01\/AMIA-768x511.jpg",640,426,true],"large":["https:\/\/experienciadevida.com.ar\/portalurbano\/wp-content\/uploads\/2020\/01\/AMIA-1024x682.jpg",640,426,true],"ug_big":["https:\/\/experienciadevida.com.ar\/portalurbano\/wp-content\/uploads\/2020\/01\/AMIA-768x511.jpg",768,511,true],"1536x1536":["https:\/\/experienciadevida.com.ar\/portalurbano\/wp-content\/uploads\/2020\/01\/AMIA-e1579884208273.jpg",765,509,false],"2048x2048":["https:\/\/experienciadevida.com.ar\/portalurbano\/wp-content\/uploads\/2020\/01\/AMIA-e1579884208273.jpg",765,509,false],"newsever-slider-full":["https:\/\/experienciadevida.com.ar\/portalurbano\/wp-content\/uploads\/2020\/01\/AMIA-e1579884208273.jpg",765,509,false],"newsever-featured":["https:\/\/experienciadevida.com.ar\/portalurbano\/wp-content\/uploads\/2020\/01\/AMIA-e1579884208273.jpg",765,509,false],"newsever-medium":["https:\/\/experienciadevida.com.ar\/portalurbano\/wp-content\/uploads\/2020\/01\/AMIA-e1579884208273.jpg",714,475,false],"web-stories-poster-portrait":["https:\/\/experienciadevida.com.ar\/portalurbano\/wp-content\/uploads\/2020\/01\/AMIA-e1579884208273.jpg",640,426,false],"web-stories-publisher-logo":["https:\/\/experienciadevida.com.ar\/portalurbano\/wp-content\/uploads\/2020\/01\/AMIA-e1579884208273.jpg",96,64,false],"web-stories-thumbnail":["https:\/\/experienciadevida.com.ar\/portalurbano\/wp-content\/uploads\/2020\/01\/AMIA-e1579884208273.jpg",150,100,false]},"author_info":{"display_name":"admpu17wp","author_link":"https:\/\/experienciadevida.com.ar\/portalurbano\/author\/admpu17wp\/"},"category_info":"<a href=\"https:\/\/experienciadevida.com.ar\/portalurbano\/category\/nacion\/\" rel=\"category tag\">Naci\u00f3n<\/a>","tag_info":"Naci\u00f3n","comment_count":"0","amp_enabled":true,"_links":{"self":[{"href":"https:\/\/experienciadevida.com.ar\/portalurbano\/wp-json\/wp\/v2\/posts\/100012"}],"collection":[{"href":"https:\/\/experienciadevida.com.ar\/portalurbano\/wp-json\/wp\/v2\/posts"}],"about":[{"href":"https:\/\/experienciadevida.com.ar\/portalurbano\/wp-json\/wp\/v2\/types\/post"}],"author":[{"embeddable":true,"href":"https:\/\/experienciadevida.com.ar\/portalurbano\/wp-json\/wp\/v2\/users\/1"}],"replies":[{"embeddable":true,"href":"https:\/\/experienciadevida.com.ar\/portalurbano\/wp-json\/wp\/v2\/comments?post=100012"}],"version-history":[{"count":1,"href":"https:\/\/experienciadevida.com.ar\/portalurbano\/wp-json\/wp\/v2\/posts\/100012\/revisions"}],"predecessor-version":[{"id":100014,"href":"https:\/\/experienciadevida.com.ar\/portalurbano\/wp-json\/wp\/v2\/posts\/100012\/revisions\/100014"}],"wp:featuredmedia":[{"embeddable":true,"href":"https:\/\/experienciadevida.com.ar\/portalurbano\/wp-json\/wp\/v2\/media\/100013"}],"wp:attachment":[{"href":"https:\/\/experienciadevida.com.ar\/portalurbano\/wp-json\/wp\/v2\/media?parent=100012"}],"wp:term":[{"taxonomy":"category","embeddable":true,"href":"https:\/\/experienciadevida.com.ar\/portalurbano\/wp-json\/wp\/v2\/categories?post=100012"},{"taxonomy":"post_tag","embeddable":true,"href":"https:\/\/experienciadevida.com.ar\/portalurbano\/wp-json\/wp\/v2\/tags?post=100012"}],"curies":[{"name":"wp","href":"https:\/\/api.w.org\/{rel}","templated":true}]}}